{"id":2105,"date":"2022-09-29T20:58:01","date_gmt":"2022-09-29T19:58:01","guid":{"rendered":"https:\/\/universnews224.com\/?p=2105"},"modified":"2022-09-29T20:58:01","modified_gmt":"2022-09-29T19:58:01","slug":"guinee-les-religieux-du-pays-sensibilise-sur-les-questions-deducation-et-de-sante-des-enfants","status":"publish","type":"post","link":"https:\/\/universnews224.com\/index.php\/guinee-les-religieux-du-pays-sensibilise-sur-les-questions-deducation-et-de-sante-des-enfants\/","title":{"rendered":"Guin\u00e9e : les religieux du pays sensibilis\u00e9 sur les questions d&rsquo;\u00e9ducation et de sant\u00e9 des enfants."},"content":{"rendered":"<div dir=\"ltr\">\u00c0 quelques jours de la rentr\u00e9e scolaire du syst\u00e8me \u00e9ducatif guin\u00e9en, le Groupe des Religieux pour la Sante, le D\u00e9veloppement et la Paix de Guin\u00e9e (GRSDP) a initi\u00e9 ce jeudi 29 septembre 2022, \u00e0 Conakry une conf\u00e9rence d\u00e9bat entre les points focaux religieux des 33 pr\u00e9fectures et des 6 communes de la capitale d&rsquo;o\u00f9 la n\u00e9cessit\u00e9 est de d\u00e9finir le r\u00f4le sur et la responsabilit\u00e9 de chaque membre de famille vis-\u00e0-vis de l&rsquo;\u00e9ducation des enfants .<\/p>\n<p>C&rsquo;est pourquoi l&rsquo;association s&rsquo;est fix\u00e9e pour objectif d&rsquo;accompagner le gouvernement guin\u00e9en dans cette lutte noble de sensibilisation des parents en faveur de l&rsquo;\u00e9ducation et la sant\u00e9 maternelle et infantile de nos enfants.<\/p><\/div>\n<div dir=\"ltr\">\nHadja Mariama Sow pr\u00e9sidente de l&rsquo;association (GRSDP) d\u00e9cline les points suivants : \u00ab l&rsquo;objectif de notre rencontre ce matin est de rappeler \u00e0 chacun d&rsquo;entre nous la responsabilit\u00e9 qui nous ait r\u00e9server par rapport \u00e0 l&rsquo;\u00e9ducation de nos enfants, leur sant\u00e9 enfin de promouvoir la collaboration avec toutes les organisations nationales et internationales ayant les m\u00eames objectifs ; promouvoir la paix, la stabilit\u00e9 et toute action allant dans le sens du d\u00e9veloppement durable de notre pays mais aussi le r\u00f4le et la responsabilit\u00e9 parentale que nous avons tous le devoir d&rsquo;assumer la reconnaissance que la prosp\u00e9rit\u00e9 d&rsquo;une soci\u00e9t\u00e9 repose sur la qualit\u00e9 des individus qui la compose. \u00c9tant donner que la base de la moralit\u00e9 et du comportement que nous adoptons dans notre existence sont celles que nous avons g\u00e9n\u00e9ralement acquises durant les 1ere ann\u00e9e de notre vie: l&rsquo;\u00e9ducation des enfants est donc d&rsquo;une importance capitale \u00bb, dit-elle la pr\u00e9sidente.<br \/>\nSelon elle, l&rsquo;enfant n&rsquo;est donc qu&rsquo;un reflet, un miroir des parents, particuli\u00e8rement de la m\u00e8re de famille : \u00ab cela nous permet donc de saisir toutes l&rsquo;importance de la responsabilit\u00e9 qui \u00e9choit aux parents et les r\u00f4les qu&rsquo;ils ont \u00e0 faire vis-\u00e0-vis de leur enfant en vue de leurs prodiguer une \u00e9ducation tant effective qu&rsquo;intellectuelle. La Guin\u00e9e et ses enfants nous appartiennent usons donc tous les moyens que Dieu nous a donn\u00e9 et de toute nos capacit\u00e9s pour influencer toutes les positions de nos enfants afin de transformer tous ce qui est n\u00e9gatif en eux en une puissante force pour les orienter tous vers le d\u00e9veloppement socio-\u00e9conomique du pays \u00bb, a<\/div>\n<div dir=\"ltr\"><\/div>\n<div dir=\"ltr\"><a href=\"https:\/\/universnews224.com\/wp-content\/uploads\/2022\/09\/86653BC0-8F20-41EF-9647-968017B9C8E6.jpeg\"><img loading=\"lazy\" class=\"alignnone size-medium wp-image-2107\" src=\"https:\/\/universnews224.com\/wp-content\/uploads\/2022\/09\/86653BC0-8F20-41EF-9647-968017B9C8E6-300x169.jpeg\" alt=\"\" width=\"300\" height=\"169\" srcset=\"https:\/\/universnews224.com\/wp-content\/uploads\/2022\/09\/86653BC0-8F20-41EF-9647-968017B9C8E6-300x169.jpeg 300w, https:\/\/universnews224.com\/wp-content\/uploads\/2022\/09\/86653BC0-8F20-41EF-9647-968017B9C8E6-768x432.jpeg 768w, https:\/\/universnews224.com\/wp-content\/uploads\/2022\/09\/86653BC0-8F20-41EF-9647-968017B9C8E6-800x450.jpeg 800w, https:\/\/universnews224.com\/wp-content\/uploads\/2022\/09\/86653BC0-8F20-41EF-9647-968017B9C8E6.jpeg 1024w\" sizes=\"(max-width: 300px) 100vw, 300px\" \/><\/a>conclu Hadja Mariama Sow.<\/p>\n<\/div>\n<div dir=\"ltr\">Sana Sylla.<\/div>\n","protected":false},"excerpt":{"rendered":"<p>\u00c0 quelques jours de la rentr\u00e9e scolaire du syst\u00e8me \u00e9ducatif guin\u00e9en, le Groupe des Religieux<\/p>\n","protected":false},"author":2,"featured_media":2106,"comment_status":"closed","ping_status":"open","sticky":false,"template":"","format":"standard","meta":[],"categories":[3,5],"tags":[229],"yoast_head":"<!-- This site is optimized with the Yoast SEO plugin v19.13 - https:\/\/yoast.com\/wordpress\/plugins\/seo\/ -->\n<title>Guin\u00e9e : les religieux du pays sensibilis\u00e9 sur les questions d&#039;\u00e9ducation et de sant\u00e9 des enfants. - UNIVERSNEWS224<\/title>\n<meta name=\"robots\" content=\"index, follow, max-snippet:-1, max-image-preview:large, max-video-preview:-1\" \/>\n<link rel=\"canonical\" href=\"https:\/\/universnews224.com\/index.php\/guinee-les-religieux-du-pays-sensibilise-sur-les-questions-deducation-et-de-sante-des-enfants\/\" \/>\n<meta property=\"og:locale\" content=\"fr_FR\" \/>\n<meta property=\"og:type\" content=\"article\" \/>\n<meta property=\"og:title\" content=\"Guin\u00e9e : les religieux du pays sensibilis\u00e9 sur les questions d&#039;\u00e9ducation et de sant\u00e9 des enfants. - UNIVERSNEWS224\" \/>\n<meta property=\"og:description\" content=\"\u00c0 quelques jours de la rentr\u00e9e scolaire du syst\u00e8me \u00e9ducatif guin\u00e9en, le Groupe des Religieux\" \/>\n<meta property=\"og:url\" content=\"https:\/\/universnews224.com\/index.php\/guinee-les-religieux-du-pays-sensibilise-sur-les-questions-deducation-et-de-sante-des-enfants\/\" \/>\n<meta property=\"og:site_name\" content=\"UNIVERSNEWS224\" \/>\n<meta property=\"article:published_time\" content=\"2022-09-29T19:58:01+00:00\" \/>\n<meta property=\"og:image\" content=\"https:\/\/universnews224.com\/wp-content\/uploads\/2022\/09\/7BAE948F-F52B-496B-A622-AABB76390A9D.jpeg\" \/>\n\t<meta property=\"og:image:width\" content=\"1024\" \/>\n\t<meta property=\"og:image:height\" content=\"576\" \/>\n\t<meta property=\"og:image:type\" content=\"image\/jpeg\" \/>\n<meta name=\"author\" content=\"La R\u00e9daction\" \/>\n<meta name=\"twitter:label1\" content=\"\u00c9crit par\" \/>\n\t<meta name=\"twitter:data1\" content=\"La R\u00e9daction\" \/>\n\t<meta name=\"twitter:label2\" content=\"Dur\u00e9e de lecture estim\u00e9e\" \/>\n\t<meta name=\"twitter:data2\" content=\"3 minutes\" \/>\n<script type=\"application\/ld+json\" class=\"yoast-schema-graph\">{\"@context\":\"https:\/\/schema.org\",\"@graph\":[{\"@type\":\"Article\",\"@id\":\"https:\/\/universnews224.com\/index.php\/guinee-les-religieux-du-pays-sensibilise-sur-les-questions-deducation-et-de-sante-des-enfants\/#article\",\"isPartOf\":{\"@id\":\"https:\/\/universnews224.com\/index.php\/guinee-les-religieux-du-pays-sensibilise-sur-les-questions-deducation-et-de-sante-des-enfants\/\"},\"author\":{\"name\":\"La R\u00e9daction\",\"@id\":\"https:\/\/universnews224.com\/#\/schema\/person\/a4b7d4f94a4716df60456a491260485e\"},\"headline\":\"Guin\u00e9e : les religieux du pays sensibilis\u00e9 sur les questions d&rsquo;\u00e9ducation et de sant\u00e9 des enfants.\",\"datePublished\":\"2022-09-29T19:58:01+00:00\",\"dateModified\":\"2022-09-29T19:58:01+00:00\",\"mainEntityOfPage\":{\"@id\":\"https:\/\/universnews224.com\/index.php\/guinee-les-religieux-du-pays-sensibilise-sur-les-questions-deducation-et-de-sante-des-enfants\/\"},\"wordCount\":414,\"publisher\":{\"@id\":\"https:\/\/universnews224.com\/#organization\"},\"keywords\":[\"La une\"],\"articleSection\":[\"ACTU\",\"SOCI\u00c9T\u00c9\"],\"inLanguage\":\"fr-FR\"},{\"@type\":\"WebPage\",\"@id\":\"https:\/\/universnews224.com\/index.php\/guinee-les-religieux-du-pays-sensibilise-sur-les-questions-deducation-et-de-sante-des-enfants\/\",\"url\":\"https:\/\/universnews224.com\/index.php\/guinee-les-religieux-du-pays-sensibilise-sur-les-questions-deducation-et-de-sante-des-enfants\/\",\"name\":\"Guin\u00e9e : les religieux du pays sensibilis\u00e9 sur les questions d'\u00e9ducation et de sant\u00e9 des enfants. - UNIVERSNEWS224\",\"isPartOf\":{\"@id\":\"https:\/\/universnews224.com\/#website\"},\"datePublished\":\"2022-09-29T19:58:01+00:00\",\"dateModified\":\"2022-09-29T19:58:01+00:00\",\"inLanguage\":\"fr-FR\",\"potentialAction\":[{\"@type\":\"ReadAction\",\"target\":[\"https:\/\/universnews224.com\/index.php\/guinee-les-religieux-du-pays-sensibilise-sur-les-questions-deducation-et-de-sante-des-enfants\/\"]}]},{\"@type\":\"WebSite\",\"@id\":\"https:\/\/universnews224.com\/#website\",\"url\":\"https:\/\/universnews224.com\/\",\"name\":\"UNIVERSNEWS224\",\"description\":\"\",\"publisher\":{\"@id\":\"https:\/\/universnews224.com\/#organization\"},\"potentialAction\":[{\"@type\":\"SearchAction\",\"target\":{\"@type\":\"EntryPoint\",\"urlTemplate\":\"https:\/\/universnews224.com\/?s={search_term_string}\"},\"query-input\":\"required name=search_term_string\"}],\"inLanguage\":\"fr-FR\"},{\"@type\":\"Organization\",\"@id\":\"https:\/\/universnews224.com\/#organization\",\"name\":\"UNIVERSNEWS224\",\"url\":\"https:\/\/universnews224.com\/\",\"logo\":{\"@type\":\"ImageObject\",\"inLanguage\":\"fr-FR\",\"@id\":\"https:\/\/universnews224.com\/#\/schema\/logo\/image\/\",\"url\":\"https:\/\/universnews224.com\/wp-content\/uploads\/2022\/08\/cropped-cropped-logoban.jpg\",\"contentUrl\":\"https:\/\/universnews224.com\/wp-content\/uploads\/2022\/08\/cropped-cropped-logoban.jpg\",\"width\":1080,\"height\":138,\"caption\":\"UNIVERSNEWS224\"},\"image\":{\"@id\":\"https:\/\/universnews224.com\/#\/schema\/logo\/image\/\"}},{\"@type\":\"Person\",\"@id\":\"https:\/\/universnews224.com\/#\/schema\/person\/a4b7d4f94a4716df60456a491260485e\",\"name\":\"La R\u00e9daction\",\"image\":{\"@type\":\"ImageObject\",\"inLanguage\":\"fr-FR\",\"@id\":\"https:\/\/universnews224.com\/#\/schema\/person\/image\/\",\"url\":\"https:\/\/secure.gravatar.com\/avatar\/edb90acc7752b23e1b3307ad36c14f0d?s=96&d=mm&r=g\",\"contentUrl\":\"https:\/\/secure.gravatar.com\/avatar\/edb90acc7752b23e1b3307ad36c14f0d?s=96&d=mm&r=g\",\"caption\":\"La R\u00e9daction\"},\"sameAs\":[\"https:\/\/universnews224.com\"],\"url\":\"https:\/\/universnews224.com\/index.php\/author\/m-camara\/\"}]}<\/script>\n<!-- \/ Yoast SEO plugin. -->","yoast_head_json":{"title":"Guin\u00e9e : les religieux du pays sensibilis\u00e9 sur les questions d'\u00e9ducation et de sant\u00e9 des enfants. - UNIVERSNEWS224","robots":{"index":"index","follow":"follow","max-snippet":"max-snippet:-1","max-image-preview":"max-image-preview:large","max-video-preview":"max-video-preview:-1"},"canonical":"https:\/\/universnews224.com\/index.php\/guinee-les-religieux-du-pays-sensibilise-sur-les-questions-deducation-et-de-sante-des-enfants\/","og_locale":"fr_FR","og_type":"article","og_title":"Guin\u00e9e : les religieux du pays sensibilis\u00e9 sur les questions d'\u00e9ducation et de sant\u00e9 des enfants. - UNIVERSNEWS224","og_description":"\u00c0 quelques jours de la rentr\u00e9e scolaire du syst\u00e8me \u00e9ducatif guin\u00e9en, le Groupe des Religieux","og_url":"https:\/\/universnews224.com\/index.php\/guinee-les-religieux-du-pays-sensibilise-sur-les-questions-deducation-et-de-sante-des-enfants\/","og_site_name":"UNIVERSNEWS224","article_published_time":"2022-09-29T19:58:01+00:00","og_image":[{"width":1024,"height":576,"url":"https:\/\/universnews224.com\/wp-content\/uploads\/2022\/09\/7BAE948F-F52B-496B-A622-AABB76390A9D.jpeg","type":"image\/jpeg"}],"author":"La R\u00e9daction","twitter_misc":{"\u00c9crit par":"La R\u00e9daction","Dur\u00e9e de lecture estim\u00e9e":"3 minutes"},"schema":{"@context":"https:\/\/schema.org","@graph":[{"@type":"Article","@id":"https:\/\/universnews224.com\/index.php\/guinee-les-religieux-du-pays-sensibilise-sur-les-questions-deducation-et-de-sante-des-enfants\/#article","isPartOf":{"@id":"https:\/\/universnews224.com\/index.php\/guinee-les-religieux-du-pays-sensibilise-sur-les-questions-deducation-et-de-sante-des-enfants\/"},"author":{"name":"La R\u00e9daction","@id":"https:\/\/universnews224.com\/#\/schema\/person\/a4b7d4f94a4716df60456a491260485e"},"headline":"Guin\u00e9e : les religieux du pays sensibilis\u00e9 sur les questions d&rsquo;\u00e9ducation et de sant\u00e9 des enfants.","datePublished":"2022-09-29T19:58:01+00:00","dateModified":"2022-09-29T19:58:01+00:00","mainEntityOfPage":{"@id":"https:\/\/universnews224.com\/index.php\/guinee-les-religieux-du-pays-sensibilise-sur-les-questions-deducation-et-de-sante-des-enfants\/"},"wordCount":414,"publisher":{"@id":"https:\/\/universnews224.com\/#organization"},"keywords":["La une"],"articleSection":["ACTU","SOCI\u00c9T\u00c9"],"inLanguage":"fr-FR"},{"@type":"WebPage","@id":"https:\/\/universnews224.com\/index.php\/guinee-les-religieux-du-pays-sensibilise-sur-les-questions-deducation-et-de-sante-des-enfants\/","url":"https:\/\/universnews224.com\/index.php\/guinee-les-religieux-du-pays-sensibilise-sur-les-questions-deducation-et-de-sante-des-enfants\/","name":"Guin\u00e9e : les religieux du pays sensibilis\u00e9 sur les questions d'\u00e9ducation et de sant\u00e9 des enfants. - UNIVERSNEWS224","isPartOf":{"@id":"https:\/\/universnews224.com\/#website"},"datePublished":"2022-09-29T19:58:01+00:00","dateModified":"2022-09-29T19:58:01+00:00","inLanguage":"fr-FR","potentialAction":[{"@type":"ReadAction","target":["https:\/\/universnews224.com\/index.php\/guinee-les-religieux-du-pays-sensibilise-sur-les-questions-deducation-et-de-sante-des-enfants\/"]}]},{"@type":"WebSite","@id":"https:\/\/universnews224.com\/#website","url":"https:\/\/universnews224.com\/","name":"UNIVERSNEWS224","description":"","publisher":{"@id":"https:\/\/universnews224.com\/#organization"},"potentialAction":[{"@type":"SearchAction","target":{"@type":"EntryPoint","urlTemplate":"https:\/\/universnews224.com\/?s={search_term_string}"},"query-input":"required name=search_term_string"}],"inLanguage":"fr-FR"},{"@type":"Organization","@id":"https:\/\/universnews224.com\/#organization","name":"UNIVERSNEWS224","url":"https:\/\/universnews224.com\/","logo":{"@type":"ImageObject","inLanguage":"fr-FR","@id":"https:\/\/universnews224.com\/#\/schema\/logo\/image\/","url":"https:\/\/universnews224.com\/wp-content\/uploads\/2022\/08\/cropped-cropped-logoban.jpg","contentUrl":"https:\/\/universnews224.com\/wp-content\/uploads\/2022\/08\/cropped-cropped-logoban.jpg","width":1080,"height":138,"caption":"UNIVERSNEWS224"},"image":{"@id":"https:\/\/universnews224.com\/#\/schema\/logo\/image\/"}},{"@type":"Person","@id":"https:\/\/universnews224.com\/#\/schema\/person\/a4b7d4f94a4716df60456a491260485e","name":"La R\u00e9daction","image":{"@type":"ImageObject","inLanguage":"fr-FR","@id":"https:\/\/universnews224.com\/#\/schema\/person\/image\/","url":"https:\/\/secure.gravatar.com\/avatar\/edb90acc7752b23e1b3307ad36c14f0d?s=96&d=mm&r=g","contentUrl":"https:\/\/secure.gravatar.com\/avatar\/edb90acc7752b23e1b3307ad36c14f0d?s=96&d=mm&r=g","caption":"La R\u00e9daction"},"sameAs":["https:\/\/universnews224.com"],"url":"https:\/\/universnews224.com\/index.php\/author\/m-camara\/"}]}},"_links":{"self":[{"href":"https:\/\/universnews224.com\/index.php\/wp-json\/wp\/v2\/posts\/2105"}],"collection":[{"href":"https:\/\/universnews224.com\/index.php\/wp-json\/wp\/v2\/posts"}],"about":[{"href":"https:\/\/universnews224.com\/index.php\/wp-json\/wp\/v2\/types\/post"}],"author":[{"embeddable":true,"href":"https:\/\/universnews224.com\/index.php\/wp-json\/wp\/v2\/users\/2"}],"replies":[{"embeddable":true,"href":"https:\/\/universnews224.com\/index.php\/wp-json\/wp\/v2\/comments?post=2105"}],"version-history":[{"count":1,"href":"https:\/\/universnews224.com\/index.php\/wp-json\/wp\/v2\/posts\/2105\/revisions"}],"predecessor-version":[{"id":2108,"href":"https:\/\/universnews224.com\/index.php\/wp-json\/wp\/v2\/posts\/2105\/revisions\/2108"}],"wp:featuredmedia":[{"embeddable":true,"href":"https:\/\/universnews224.com\/index.php\/wp-json\/wp\/v2\/media\/2106"}],"wp:attachment":[{"href":"https:\/\/universnews224.com\/index.php\/wp-json\/wp\/v2\/media?parent=2105"}],"wp:term":[{"taxonomy":"category","embeddable":true,"href":"https:\/\/universnews224.com\/index.php\/wp-json\/wp\/v2\/categories?post=2105"},{"taxonomy":"post_tag","embeddable":true,"href":"https:\/\/universnews224.com\/index.php\/wp-json\/wp\/v2\/tags?post=2105"}],"curies":[{"name":"wp","href":"https:\/\/api.w.org\/{rel}","templated":true}]}}