{"id":2113,"date":"2022-10-01T00:54:09","date_gmt":"2022-09-30T23:54:09","guid":{"rendered":"https:\/\/universnews224.com\/?p=2113"},"modified":"2022-10-01T00:54:09","modified_gmt":"2022-09-30T23:54:09","slug":"forum-national-pour-la-paix-et-la-cohesion-sociale-dr-dansa-kourouma-rencontre-les-sages-et-la-jeunesse-des-quatre-coordinations-regionales","status":"publish","type":"post","link":"https:\/\/universnews224.com\/index.php\/forum-national-pour-la-paix-et-la-cohesion-sociale-dr-dansa-kourouma-rencontre-les-sages-et-la-jeunesse-des-quatre-coordinations-regionales\/","title":{"rendered":"Forum National pour la paix et la coh\u00e9sion sociale: Dr Dansa Kourouma rencontre les sages et la jeunesse des quatre coordinations r\u00e9gionales."},"content":{"rendered":"<p>Le pr\u00e9sident du Conseil National de la Transition, Dr Dansa Kourouma accompagn\u00e9s de ses proches collaborateurs a rencontr\u00e9 les sages et la jeunesse des (4)quatre r\u00e9gionales.<\/p>\n<p>Ces sages et jeunes sont venus, demander le soutien du pr\u00e9sident du CNT pour l\u2019organisation d\u2019un forum national pour la paix et la coh\u00e9sion sociale, le 15 au 16 octobre prochain.<br \/>\n<a href=\"https:\/\/universnews224.com\/wp-content\/uploads\/2022\/10\/867D5954-3843-4ACF-9984-17649999BF3E.jpeg\"><img loading=\"lazy\" class=\"alignnone size-medium wp-image-2114\" src=\"https:\/\/universnews224.com\/wp-content\/uploads\/2022\/10\/867D5954-3843-4ACF-9984-17649999BF3E-300x169.jpeg\" alt=\"\" width=\"300\" height=\"169\" srcset=\"https:\/\/universnews224.com\/wp-content\/uploads\/2022\/10\/867D5954-3843-4ACF-9984-17649999BF3E-300x169.jpeg 300w, https:\/\/universnews224.com\/wp-content\/uploads\/2022\/10\/867D5954-3843-4ACF-9984-17649999BF3E-1024x576.jpeg 1024w, https:\/\/universnews224.com\/wp-content\/uploads\/2022\/10\/867D5954-3843-4ACF-9984-17649999BF3E-768x432.jpeg 768w, https:\/\/universnews224.com\/wp-content\/uploads\/2022\/10\/867D5954-3843-4ACF-9984-17649999BF3E-800x450.jpeg 800w, https:\/\/universnews224.com\/wp-content\/uploads\/2022\/10\/867D5954-3843-4ACF-9984-17649999BF3E.jpeg 1080w\" sizes=\"(max-width: 300px) 100vw, 300px\" \/><\/a><\/p>\n<p>\u00abPar rapport \u00e0 l\u2019\u00e9volution sociale, politique et \u00e9conomique et apr\u00e8s une observation critique et raisonnable, nous, jeunesse des quatre coordinations r\u00e9gionales, souhaitons organiser un forum sur la paix et la coh\u00e9sion sociale. M le pr\u00e9sident, nous demandons humblement votre soutien pour que ce forum organis\u00e9 du 15 au 16 octobre 2022\u00bb a d\u00e9clar\u00e9 Kandet Yansan\u00e9, pr\u00e9sident du Comit\u00e9 d\u2019organisation du Forum.<\/p>\n<p>En r\u00e9ponse, le pr\u00e9sident du Conseil National de la Transition, Dr Dansa Kourouma a tout d\u2019abord remerci\u00e9 les sages et la jeunesse des quatre coordinations r\u00e9gionales pour cette initiative, avant de s\u2019engager \u00e0 accompagner ce projet.<br \/>\n<a href=\"https:\/\/universnews224.com\/wp-content\/uploads\/2022\/10\/910F427A-965F-4501-860F-B98A6E7B6BBF.jpeg\"><img loading=\"lazy\" class=\"alignnone size-medium wp-image-2115\" src=\"https:\/\/universnews224.com\/wp-content\/uploads\/2022\/10\/910F427A-965F-4501-860F-B98A6E7B6BBF-300x169.jpeg\" alt=\"\" width=\"300\" height=\"169\" srcset=\"https:\/\/universnews224.com\/wp-content\/uploads\/2022\/10\/910F427A-965F-4501-860F-B98A6E7B6BBF-300x169.jpeg 300w, https:\/\/universnews224.com\/wp-content\/uploads\/2022\/10\/910F427A-965F-4501-860F-B98A6E7B6BBF-1024x576.jpeg 1024w, https:\/\/universnews224.com\/wp-content\/uploads\/2022\/10\/910F427A-965F-4501-860F-B98A6E7B6BBF-768x432.jpeg 768w, https:\/\/universnews224.com\/wp-content\/uploads\/2022\/10\/910F427A-965F-4501-860F-B98A6E7B6BBF-800x450.jpeg 800w, https:\/\/universnews224.com\/wp-content\/uploads\/2022\/10\/910F427A-965F-4501-860F-B98A6E7B6BBF.jpeg 1080w\" sizes=\"(max-width: 300px) 100vw, 300px\" \/><\/a><\/p>\n<p>\u00abNous sommes l\u00e0 aujourd\u2019hui pour t\u00e9moigner notre \u00e0 accompagner cette initiative de la jeunesse des quatre coordinations r\u00e9gionales . Personnellement, j\u2019accorde beaucoup d\u2019importance \u00e0 ce forum. Vous avez, vous voir ensemble entrain de parler de la Guin\u00e9e est une bonne image pour le pays. Vous voir tous ensemble, surtout la jeunesse entrain de parler de la Guin\u00e9e dans le bon sens pour la paix,la s\u00e9curit\u00e9 et le d\u00e9veloppement de ce pays, vous parlez fraternellement et sinc\u00e8rement, c\u2019est d\u00e9j\u00e0 une b\u00e9n\u00e9diction pour le pays. Parce qu\u2019on ne peut rien construire dans la haine, on ne peut rien r\u00e9ussir dans la division. On ne peut obtenir que le d\u00e9sespoir dans la division, mais on peut pas obtenir le proc\u00e8s. Quand on est divis\u00e9, il n\u2019y pas d\u2019\u00e9panouissement possible. Donc, c\u2019est un signal que vous envoyez aux autorit\u00e9s, que vous envoyez aussi au peuple de Guin\u00e9e. Parce que le peuple est compos\u00e9 de ses r\u00e9gions l\u00e0. Donc, l\u2019union sacr\u00e9e des r\u00e9gions, de la jeunesse des r\u00e9gions, des sages des r\u00e9gions, c\u2019est union de la Guin\u00e9e tout simplement. Mais, \u00e7a ne se d\u00e9cr\u00e8te pas, il faut de la volont\u00e9 politique et de la conviction\u00bb a t-il martel\u00e9.<\/p>\n<p>Camara Mamadouba<br \/>\n611 46 04 10<\/p>\n","protected":false},"excerpt":{"rendered":"<p>Le pr\u00e9sident du Conseil National de la Transition, Dr Dansa Kourouma accompagn\u00e9s de ses proches<\/p>\n","protected":false},"author":2,"featured_media":2116,"comment_status":"closed","ping_status":"open","sticky":false,"template":"","format":"standard","meta":[],"categories":[3,5],"tags":[229],"yoast_head":"<!-- This site is optimized with the Yoast SEO plugin v19.13 - https:\/\/yoast.com\/wordpress\/plugins\/seo\/ -->\n<title>Forum National pour la paix et la coh\u00e9sion sociale: Dr Dansa Kourouma rencontre les sages et la jeunesse des quatre coordinations r\u00e9gionales. - UNIVERSNEWS224<\/title>\n<meta name=\"robots\" content=\"index, follow, max-snippet:-1, max-image-preview:large, max-video-preview:-1\" \/>\n<link rel=\"canonical\" href=\"https:\/\/universnews224.com\/index.php\/forum-national-pour-la-paix-et-la-cohesion-sociale-dr-dansa-kourouma-rencontre-les-sages-et-la-jeunesse-des-quatre-coordinations-regionales\/\" \/>\n<meta property=\"og:locale\" content=\"fr_FR\" \/>\n<meta property=\"og:type\" content=\"article\" \/>\n<meta property=\"og:title\" content=\"Forum National pour la paix et la coh\u00e9sion sociale: Dr Dansa Kourouma rencontre les sages et la jeunesse des quatre coordinations r\u00e9gionales. - UNIVERSNEWS224\" \/>\n<meta property=\"og:description\" content=\"Le pr\u00e9sident du Conseil National de la Transition, Dr Dansa Kourouma accompagn\u00e9s de ses proches\" \/>\n<meta property=\"og:url\" content=\"https:\/\/universnews224.com\/index.php\/forum-national-pour-la-paix-et-la-cohesion-sociale-dr-dansa-kourouma-rencontre-les-sages-et-la-jeunesse-des-quatre-coordinations-regionales\/\" \/>\n<meta property=\"og:site_name\" content=\"UNIVERSNEWS224\" \/>\n<meta property=\"article:published_time\" content=\"2022-09-30T23:54:09+00:00\" \/>\n<meta property=\"og:image\" content=\"https:\/\/universnews224.com\/wp-content\/uploads\/2022\/10\/B1949383-3D74-4BCE-B62F-535FCF627CC2.jpeg\" \/>\n\t<meta property=\"og:image:width\" content=\"1080\" \/>\n\t<meta property=\"og:image:height\" content=\"607\" \/>\n\t<meta property=\"og:image:type\" content=\"image\/jpeg\" \/>\n<meta name=\"author\" content=\"La R\u00e9daction\" \/>\n<meta name=\"twitter:label1\" content=\"\u00c9crit par\" \/>\n\t<meta name=\"twitter:data1\" content=\"La R\u00e9daction\" \/>\n\t<meta name=\"twitter:label2\" content=\"Dur\u00e9e de lecture estim\u00e9e\" \/>\n\t<meta name=\"twitter:data2\" content=\"3 minutes\" \/>\n<script type=\"application\/ld+json\" class=\"yoast-schema-graph\">{\"@context\":\"https:\/\/schema.org\",\"@graph\":[{\"@type\":\"Article\",\"@id\":\"https:\/\/universnews224.com\/index.php\/forum-national-pour-la-paix-et-la-cohesion-sociale-dr-dansa-kourouma-rencontre-les-sages-et-la-jeunesse-des-quatre-coordinations-regionales\/#article\",\"isPartOf\":{\"@id\":\"https:\/\/universnews224.com\/index.php\/forum-national-pour-la-paix-et-la-cohesion-sociale-dr-dansa-kourouma-rencontre-les-sages-et-la-jeunesse-des-quatre-coordinations-regionales\/\"},\"author\":{\"name\":\"La R\u00e9daction\",\"@id\":\"https:\/\/universnews224.com\/#\/schema\/person\/a4b7d4f94a4716df60456a491260485e\"},\"headline\":\"Forum National pour la paix et la coh\u00e9sion sociale: Dr Dansa Kourouma rencontre les sages et la jeunesse des quatre coordinations r\u00e9gionales.\",\"datePublished\":\"2022-09-30T23:54:09+00:00\",\"dateModified\":\"2022-09-30T23:54:09+00:00\",\"mainEntityOfPage\":{\"@id\":\"https:\/\/universnews224.com\/index.php\/forum-national-pour-la-paix-et-la-cohesion-sociale-dr-dansa-kourouma-rencontre-les-sages-et-la-jeunesse-des-quatre-coordinations-regionales\/\"},\"wordCount\":417,\"publisher\":{\"@id\":\"https:\/\/universnews224.com\/#organization\"},\"keywords\":[\"La une\"],\"articleSection\":[\"ACTU\",\"SOCI\u00c9T\u00c9\"],\"inLanguage\":\"fr-FR\"},{\"@type\":\"WebPage\",\"@id\":\"https:\/\/universnews224.com\/index.php\/forum-national-pour-la-paix-et-la-cohesion-sociale-dr-dansa-kourouma-rencontre-les-sages-et-la-jeunesse-des-quatre-coordinations-regionales\/\",\"url\":\"https:\/\/universnews224.com\/index.php\/forum-national-pour-la-paix-et-la-cohesion-sociale-dr-dansa-kourouma-rencontre-les-sages-et-la-jeunesse-des-quatre-coordinations-regionales\/\",\"name\":\"Forum National pour la paix et la coh\u00e9sion sociale: Dr Dansa Kourouma rencontre les sages et la jeunesse des quatre coordinations r\u00e9gionales. - UNIVERSNEWS224\",\"isPartOf\":{\"@id\":\"https:\/\/universnews224.com\/#website\"},\"datePublished\":\"2022-09-30T23:54:09+00:00\",\"dateModified\":\"2022-09-30T23:54:09+00:00\",\"inLanguage\":\"fr-FR\",\"potentialAction\":[{\"@type\":\"ReadAction\",\"target\":[\"https:\/\/universnews224.com\/index.php\/forum-national-pour-la-paix-et-la-cohesion-sociale-dr-dansa-kourouma-rencontre-les-sages-et-la-jeunesse-des-quatre-coordinations-regionales\/\"]}]},{\"@type\":\"WebSite\",\"@id\":\"https:\/\/universnews224.com\/#website\",\"url\":\"https:\/\/universnews224.com\/\",\"name\":\"UNIVERSNEWS224\",\"description\":\"\",\"publisher\":{\"@id\":\"https:\/\/universnews224.com\/#organization\"},\"potentialAction\":[{\"@type\":\"SearchAction\",\"target\":{\"@type\":\"EntryPoint\",\"urlTemplate\":\"https:\/\/universnews224.com\/?s={search_term_string}\"},\"query-input\":\"required name=search_term_string\"}],\"inLanguage\":\"fr-FR\"},{\"@type\":\"Organization\",\"@id\":\"https:\/\/universnews224.com\/#organization\",\"name\":\"UNIVERSNEWS224\",\"url\":\"https:\/\/universnews224.com\/\",\"logo\":{\"@type\":\"ImageObject\",\"inLanguage\":\"fr-FR\",\"@id\":\"https:\/\/universnews224.com\/#\/schema\/logo\/image\/\",\"url\":\"https:\/\/universnews224.com\/wp-content\/uploads\/2022\/08\/cropped-cropped-logoban.jpg\",\"contentUrl\":\"https:\/\/universnews224.com\/wp-content\/uploads\/2022\/08\/cropped-cropped-logoban.jpg\",\"width\":1080,\"height\":138,\"caption\":\"UNIVERSNEWS224\"},\"image\":{\"@id\":\"https:\/\/universnews224.com\/#\/schema\/logo\/image\/\"}},{\"@type\":\"Person\",\"@id\":\"https:\/\/universnews224.com\/#\/schema\/person\/a4b7d4f94a4716df60456a491260485e\",\"name\":\"La R\u00e9daction\",\"image\":{\"@type\":\"ImageObject\",\"inLanguage\":\"fr-FR\",\"@id\":\"https:\/\/universnews224.com\/#\/schema\/person\/image\/\",\"url\":\"https:\/\/secure.gravatar.com\/avatar\/edb90acc7752b23e1b3307ad36c14f0d?s=96&d=mm&r=g\",\"contentUrl\":\"https:\/\/secure.gravatar.com\/avatar\/edb90acc7752b23e1b3307ad36c14f0d?s=96&d=mm&r=g\",\"caption\":\"La R\u00e9daction\"},\"sameAs\":[\"https:\/\/universnews224.com\"],\"url\":\"https:\/\/universnews224.com\/index.php\/author\/m-camara\/\"}]}<\/script>\n<!-- \/ Yoast SEO plugin. -->","yoast_head_json":{"title":"Forum National pour la paix et la coh\u00e9sion sociale: Dr Dansa Kourouma rencontre les sages et la jeunesse des quatre coordinations r\u00e9gionales. - UNIVERSNEWS224","robots":{"index":"index","follow":"follow","max-snippet":"max-snippet:-1","max-image-preview":"max-image-preview:large","max-video-preview":"max-video-preview:-1"},"canonical":"https:\/\/universnews224.com\/index.php\/forum-national-pour-la-paix-et-la-cohesion-sociale-dr-dansa-kourouma-rencontre-les-sages-et-la-jeunesse-des-quatre-coordinations-regionales\/","og_locale":"fr_FR","og_type":"article","og_title":"Forum National pour la paix et la coh\u00e9sion sociale: Dr Dansa Kourouma rencontre les sages et la jeunesse des quatre coordinations r\u00e9gionales. - UNIVERSNEWS224","og_description":"Le pr\u00e9sident du Conseil National de la Transition, Dr Dansa Kourouma accompagn\u00e9s de ses proches","og_url":"https:\/\/universnews224.com\/index.php\/forum-national-pour-la-paix-et-la-cohesion-sociale-dr-dansa-kourouma-rencontre-les-sages-et-la-jeunesse-des-quatre-coordinations-regionales\/","og_site_name":"UNIVERSNEWS224","article_published_time":"2022-09-30T23:54:09+00:00","og_image":[{"width":1080,"height":607,"url":"https:\/\/universnews224.com\/wp-content\/uploads\/2022\/10\/B1949383-3D74-4BCE-B62F-535FCF627CC2.jpeg","type":"image\/jpeg"}],"author":"La R\u00e9daction","twitter_misc":{"\u00c9crit par":"La R\u00e9daction","Dur\u00e9e de lecture estim\u00e9e":"3 minutes"},"schema":{"@context":"https:\/\/schema.org","@graph":[{"@type":"Article","@id":"https:\/\/universnews224.com\/index.php\/forum-national-pour-la-paix-et-la-cohesion-sociale-dr-dansa-kourouma-rencontre-les-sages-et-la-jeunesse-des-quatre-coordinations-regionales\/#article","isPartOf":{"@id":"https:\/\/universnews224.com\/index.php\/forum-national-pour-la-paix-et-la-cohesion-sociale-dr-dansa-kourouma-rencontre-les-sages-et-la-jeunesse-des-quatre-coordinations-regionales\/"},"author":{"name":"La R\u00e9daction","@id":"https:\/\/universnews224.com\/#\/schema\/person\/a4b7d4f94a4716df60456a491260485e"},"headline":"Forum National pour la paix et la coh\u00e9sion sociale: Dr Dansa Kourouma rencontre les sages et la jeunesse des quatre coordinations r\u00e9gionales.","datePublished":"2022-09-30T23:54:09+00:00","dateModified":"2022-09-30T23:54:09+00:00","mainEntityOfPage":{"@id":"https:\/\/universnews224.com\/index.php\/forum-national-pour-la-paix-et-la-cohesion-sociale-dr-dansa-kourouma-rencontre-les-sages-et-la-jeunesse-des-quatre-coordinations-regionales\/"},"wordCount":417,"publisher":{"@id":"https:\/\/universnews224.com\/#organization"},"keywords":["La une"],"articleSection":["ACTU","SOCI\u00c9T\u00c9"],"inLanguage":"fr-FR"},{"@type":"WebPage","@id":"https:\/\/universnews224.com\/index.php\/forum-national-pour-la-paix-et-la-cohesion-sociale-dr-dansa-kourouma-rencontre-les-sages-et-la-jeunesse-des-quatre-coordinations-regionales\/","url":"https:\/\/universnews224.com\/index.php\/forum-national-pour-la-paix-et-la-cohesion-sociale-dr-dansa-kourouma-rencontre-les-sages-et-la-jeunesse-des-quatre-coordinations-regionales\/","name":"Forum National pour la paix et la coh\u00e9sion sociale: Dr Dansa Kourouma rencontre les sages et la jeunesse des quatre coordinations r\u00e9gionales. - UNIVERSNEWS224","isPartOf":{"@id":"https:\/\/universnews224.com\/#website"},"datePublished":"2022-09-30T23:54:09+00:00","dateModified":"2022-09-30T23:54:09+00:00","inLanguage":"fr-FR","potentialAction":[{"@type":"ReadAction","target":["https:\/\/universnews224.com\/index.php\/forum-national-pour-la-paix-et-la-cohesion-sociale-dr-dansa-kourouma-rencontre-les-sages-et-la-jeunesse-des-quatre-coordinations-regionales\/"]}]},{"@type":"WebSite","@id":"https:\/\/universnews224.com\/#website","url":"https:\/\/universnews224.com\/","name":"UNIVERSNEWS224","description":"","publisher":{"@id":"https:\/\/universnews224.com\/#organization"},"potentialAction":[{"@type":"SearchAction","target":{"@type":"EntryPoint","urlTemplate":"https:\/\/universnews224.com\/?s={search_term_string}"},"query-input":"required name=search_term_string"}],"inLanguage":"fr-FR"},{"@type":"Organization","@id":"https:\/\/universnews224.com\/#organization","name":"UNIVERSNEWS224","url":"https:\/\/universnews224.com\/","logo":{"@type":"ImageObject","inLanguage":"fr-FR","@id":"https:\/\/universnews224.com\/#\/schema\/logo\/image\/","url":"https:\/\/universnews224.com\/wp-content\/uploads\/2022\/08\/cropped-cropped-logoban.jpg","contentUrl":"https:\/\/universnews224.com\/wp-content\/uploads\/2022\/08\/cropped-cropped-logoban.jpg","width":1080,"height":138,"caption":"UNIVERSNEWS224"},"image":{"@id":"https:\/\/universnews224.com\/#\/schema\/logo\/image\/"}},{"@type":"Person","@id":"https:\/\/universnews224.com\/#\/schema\/person\/a4b7d4f94a4716df60456a491260485e","name":"La R\u00e9daction","image":{"@type":"ImageObject","inLanguage":"fr-FR","@id":"https:\/\/universnews224.com\/#\/schema\/person\/image\/","url":"https:\/\/secure.gravatar.com\/avatar\/edb90acc7752b23e1b3307ad36c14f0d?s=96&d=mm&r=g","contentUrl":"https:\/\/secure.gravatar.com\/avatar\/edb90acc7752b23e1b3307ad36c14f0d?s=96&d=mm&r=g","caption":"La R\u00e9daction"},"sameAs":["https:\/\/universnews224.com"],"url":"https:\/\/universnews224.com\/index.php\/author\/m-camara\/"}]}},"_links":{"self":[{"href":"https:\/\/universnews224.com\/index.php\/wp-json\/wp\/v2\/posts\/2113"}],"collection":[{"href":"https:\/\/universnews224.com\/index.php\/wp-json\/wp\/v2\/posts"}],"about":[{"href":"https:\/\/universnews224.com\/index.php\/wp-json\/wp\/v2\/types\/post"}],"author":[{"embeddable":true,"href":"https:\/\/universnews224.com\/index.php\/wp-json\/wp\/v2\/users\/2"}],"replies":[{"embeddable":true,"href":"https:\/\/universnews224.com\/index.php\/wp-json\/wp\/v2\/comments?post=2113"}],"version-history":[{"count":1,"href":"https:\/\/universnews224.com\/index.php\/wp-json\/wp\/v2\/posts\/2113\/revisions"}],"predecessor-version":[{"id":2117,"href":"https:\/\/universnews224.com\/index.php\/wp-json\/wp\/v2\/posts\/2113\/revisions\/2117"}],"wp:featuredmedia":[{"embeddable":true,"href":"https:\/\/universnews224.com\/index.php\/wp-json\/wp\/v2\/media\/2116"}],"wp:attachment":[{"href":"https:\/\/universnews224.com\/index.php\/wp-json\/wp\/v2\/media?parent=2113"}],"wp:term":[{"taxonomy":"category","embeddable":true,"href":"https:\/\/universnews224.com\/index.php\/wp-json\/wp\/v2\/categories?post=2113"},{"taxonomy":"post_tag","embeddable":true,"href":"https:\/\/universnews224.com\/index.php\/wp-json\/wp\/v2\/tags?post=2113"}],"curies":[{"name":"wp","href":"https:\/\/api.w.org\/{rel}","templated":true}]}}