{"id":2128,"date":"2022-10-02T21:44:18","date_gmt":"2022-10-02T20:44:18","guid":{"rendered":"https:\/\/universnews224.com\/?p=2128"},"modified":"2022-10-02T21:44:18","modified_gmt":"2022-10-02T20:44:18","slug":"fete-de-lindependance-de-la-guinee-colonel-mamady-doumbouya-depose-la-gerbe-de-fleur-a-la-place-des-martyrs","status":"publish","type":"post","link":"https:\/\/universnews224.com\/index.php\/fete-de-lindependance-de-la-guinee-colonel-mamady-doumbouya-depose-la-gerbe-de-fleur-a-la-place-des-martyrs\/","title":{"rendered":"F\u00eate de l&rsquo;ind\u00e9pendance de la Guin\u00e9e : Colonel Mamady Doumbouya d\u00e9pose la gerbe de fleur \u00e0 la place des martyrs"},"content":{"rendered":"<p>La Guin\u00e9e a c\u00e9l\u00e8br\u00e9 ce dimanche 02 octobre 2022, le 64\u00e8me anniversaire de son accession \u00e0 l\u2019ind\u00e9pendance. A Conakry, le pr\u00e9sident de la transition Colonel Mamady Doumbouya accompagn\u00e9 de son \u00e9pouse Lauriane, a d\u00e9pos\u00e9 une gerbe de fleur \u00e0 la place des martyrs, dans la commune de Kaloum.<\/p>\n<p><a href=\"https:\/\/universnews224.com\/wp-content\/uploads\/2022\/10\/651BA275-4A9F-43DC-88DF-D912CDC9A1BC.jpeg\"><img loading=\"lazy\" class=\"alignnone size-medium wp-image-2130\" src=\"https:\/\/universnews224.com\/wp-content\/uploads\/2022\/10\/651BA275-4A9F-43DC-88DF-D912CDC9A1BC-300x225.jpeg\" alt=\"\" width=\"300\" height=\"225\" srcset=\"https:\/\/universnews224.com\/wp-content\/uploads\/2022\/10\/651BA275-4A9F-43DC-88DF-D912CDC9A1BC-300x225.jpeg 300w, https:\/\/universnews224.com\/wp-content\/uploads\/2022\/10\/651BA275-4A9F-43DC-88DF-D912CDC9A1BC-1024x768.jpeg 1024w, https:\/\/universnews224.com\/wp-content\/uploads\/2022\/10\/651BA275-4A9F-43DC-88DF-D912CDC9A1BC-768x576.jpeg 768w, https:\/\/universnews224.com\/wp-content\/uploads\/2022\/10\/651BA275-4A9F-43DC-88DF-D912CDC9A1BC-720x540.jpeg 720w, https:\/\/universnews224.com\/wp-content\/uploads\/2022\/10\/651BA275-4A9F-43DC-88DF-D912CDC9A1BC.jpeg 1152w\" sizes=\"(max-width: 300px) 100vw, 300px\" \/><\/a><a href=\"https:\/\/universnews224.com\/wp-content\/uploads\/2022\/10\/651BA275-4A9F-43DC-88DF-D912CDC9A1BC.jpeg\"><img loading=\"lazy\" class=\"alignnone size-medium wp-image-2130\" src=\"https:\/\/universnews224.com\/wp-content\/uploads\/2022\/10\/651BA275-4A9F-43DC-88DF-D912CDC9A1BC-300x225.jpeg\" alt=\"\" width=\"300\" height=\"225\" srcset=\"https:\/\/universnews224.com\/wp-content\/uploads\/2022\/10\/651BA275-4A9F-43DC-88DF-D912CDC9A1BC-300x225.jpeg 300w, https:\/\/universnews224.com\/wp-content\/uploads\/2022\/10\/651BA275-4A9F-43DC-88DF-D912CDC9A1BC-1024x768.jpeg 1024w, https:\/\/universnews224.com\/wp-content\/uploads\/2022\/10\/651BA275-4A9F-43DC-88DF-D912CDC9A1BC-768x576.jpeg 768w, https:\/\/universnews224.com\/wp-content\/uploads\/2022\/10\/651BA275-4A9F-43DC-88DF-D912CDC9A1BC-720x540.jpeg 720w, https:\/\/universnews224.com\/wp-content\/uploads\/2022\/10\/651BA275-4A9F-43DC-88DF-D912CDC9A1BC.jpeg 1152w\" sizes=\"(max-width: 300px) 100vw, 300px\" \/><\/a><\/p>\n<p>Cette c\u00e9r\u00e9monie a connu la pr\u00e9sence du premier ministre chef du gouvernement, la gouverneure de la ville de Conakry, le conseiller \u00e0 la pr\u00e9sidence, le ministre secr\u00e9taire g\u00e9n\u00e9ral du gouvernement, le ministre secr\u00e9taire g\u00e9n\u00e9ral de la pr\u00e9sidence, le chef d&rsquo;\u00e9tat major des arm\u00e9es, et le haut commandant de la gendarmerie nationale.<\/p>\n<p>Apr\u00e8s avoir proc\u00e9d\u00e9 au d\u00e9p\u00f4t de la fleurs, le pr\u00e9sident de la transition colonel Mamady Doumbouya a une fois encore souhait\u00e9<br \/>\nbonne f\u00eate de l&rsquo;ind\u00e9pendance a tout les guin\u00e9ens d&rsquo;ici et d&rsquo;ailleurs :<\/p>\n<p>&nbsp;<\/p>\n<p><a href=\"https:\/\/universnews224.com\/wp-content\/uploads\/2022\/10\/651BA275-4A9F-43DC-88DF-D912CDC9A1BC.jpeg\"><img loading=\"lazy\" class=\"alignnone size-medium wp-image-2130\" src=\"https:\/\/universnews224.com\/wp-content\/uploads\/2022\/10\/651BA275-4A9F-43DC-88DF-D912CDC9A1BC-300x225.jpeg\" alt=\"\" width=\"300\" height=\"225\" srcset=\"https:\/\/universnews224.com\/wp-content\/uploads\/2022\/10\/651BA275-4A9F-43DC-88DF-D912CDC9A1BC-300x225.jpeg 300w, https:\/\/universnews224.com\/wp-content\/uploads\/2022\/10\/651BA275-4A9F-43DC-88DF-D912CDC9A1BC-1024x768.jpeg 1024w, https:\/\/universnews224.com\/wp-content\/uploads\/2022\/10\/651BA275-4A9F-43DC-88DF-D912CDC9A1BC-768x576.jpeg 768w, https:\/\/universnews224.com\/wp-content\/uploads\/2022\/10\/651BA275-4A9F-43DC-88DF-D912CDC9A1BC-720x540.jpeg 720w, https:\/\/universnews224.com\/wp-content\/uploads\/2022\/10\/651BA275-4A9F-43DC-88DF-D912CDC9A1BC.jpeg 1152w\" sizes=\"(max-width: 300px) 100vw, 300px\" \/><\/a> \u00ab mon mot \u00e0 dire est de souhaiter \u00a0bonne f\u00eate a tout les guin\u00e9ens ici et ailleurs. \u00a0Sant\u00e9, prosp\u00e9rit\u00e9, long\u00e9vit\u00e9 et beaucoup d&rsquo;\u00e9nergie pour nous permettre sinc\u00e8rement de traverser cette p\u00e9riode et avoir un avenir pour nos enfants. Bonne f\u00eate encore \u00bb, a lanc\u00e9 le pr\u00e9sident de la transition apr\u00e8s avoir d\u00e9pos\u00e9 la gerbe de fleurs \u00e0 la m\u00e9moire des martyrs<\/p>\n<p>Alass Sylla.<\/p>\n","protected":false},"excerpt":{"rendered":"<p>La Guin\u00e9e a c\u00e9l\u00e8br\u00e9 ce dimanche 02 octobre 2022, le 64\u00e8me anniversaire de son accession<\/p>\n","protected":false},"author":2,"featured_media":2129,"comment_status":"closed","ping_status":"open","sticky":false,"template":"","format":"standard","meta":[],"categories":[3,4],"tags":[229],"yoast_head":"<!-- This site is optimized with the Yoast SEO plugin v19.13 - https:\/\/yoast.com\/wordpress\/plugins\/seo\/ -->\n<title>F\u00eate de l&#039;ind\u00e9pendance de la Guin\u00e9e : Colonel Mamady Doumbouya d\u00e9pose la gerbe de fleur \u00e0 la place des martyrs - UNIVERSNEWS224<\/title>\n<meta name=\"robots\" content=\"index, follow, max-snippet:-1, max-image-preview:large, max-video-preview:-1\" \/>\n<link rel=\"canonical\" href=\"https:\/\/universnews224.com\/index.php\/fete-de-lindependance-de-la-guinee-colonel-mamady-doumbouya-depose-la-gerbe-de-fleur-a-la-place-des-martyrs\/\" \/>\n<meta property=\"og:locale\" content=\"fr_FR\" \/>\n<meta property=\"og:type\" content=\"article\" \/>\n<meta property=\"og:title\" content=\"F\u00eate de l&#039;ind\u00e9pendance de la Guin\u00e9e : Colonel Mamady Doumbouya d\u00e9pose la gerbe de fleur \u00e0 la place des martyrs - UNIVERSNEWS224\" \/>\n<meta property=\"og:description\" content=\"La Guin\u00e9e a c\u00e9l\u00e8br\u00e9 ce dimanche 02 octobre 2022, le 64\u00e8me anniversaire de son accession\" \/>\n<meta property=\"og:url\" content=\"https:\/\/universnews224.com\/index.php\/fete-de-lindependance-de-la-guinee-colonel-mamady-doumbouya-depose-la-gerbe-de-fleur-a-la-place-des-martyrs\/\" \/>\n<meta property=\"og:site_name\" content=\"UNIVERSNEWS224\" \/>\n<meta property=\"article:published_time\" content=\"2022-10-02T20:44:18+00:00\" \/>\n<meta property=\"og:image\" content=\"https:\/\/universnews224.com\/wp-content\/uploads\/2022\/10\/A2A2740C-4931-48E0-A4BA-61E9F1ECA5B9.jpeg\" \/>\n\t<meta property=\"og:image:width\" content=\"1152\" \/>\n\t<meta property=\"og:image:height\" content=\"864\" \/>\n\t<meta property=\"og:image:type\" content=\"image\/jpeg\" \/>\n<meta name=\"author\" content=\"La R\u00e9daction\" \/>\n<meta name=\"twitter:label1\" content=\"\u00c9crit par\" \/>\n\t<meta name=\"twitter:data1\" content=\"La R\u00e9daction\" \/>\n\t<meta name=\"twitter:label2\" content=\"Dur\u00e9e de lecture estim\u00e9e\" \/>\n\t<meta name=\"twitter:data2\" content=\"2 minutes\" \/>\n<script type=\"application\/ld+json\" class=\"yoast-schema-graph\">{\"@context\":\"https:\/\/schema.org\",\"@graph\":[{\"@type\":\"Article\",\"@id\":\"https:\/\/universnews224.com\/index.php\/fete-de-lindependance-de-la-guinee-colonel-mamady-doumbouya-depose-la-gerbe-de-fleur-a-la-place-des-martyrs\/#article\",\"isPartOf\":{\"@id\":\"https:\/\/universnews224.com\/index.php\/fete-de-lindependance-de-la-guinee-colonel-mamady-doumbouya-depose-la-gerbe-de-fleur-a-la-place-des-martyrs\/\"},\"author\":{\"name\":\"La R\u00e9daction\",\"@id\":\"https:\/\/universnews224.com\/#\/schema\/person\/a4b7d4f94a4716df60456a491260485e\"},\"headline\":\"F\u00eate de l&rsquo;ind\u00e9pendance de la Guin\u00e9e : Colonel Mamady Doumbouya d\u00e9pose la gerbe de fleur \u00e0 la place des martyrs\",\"datePublished\":\"2022-10-02T20:44:18+00:00\",\"dateModified\":\"2022-10-02T20:44:18+00:00\",\"mainEntityOfPage\":{\"@id\":\"https:\/\/universnews224.com\/index.php\/fete-de-lindependance-de-la-guinee-colonel-mamady-doumbouya-depose-la-gerbe-de-fleur-a-la-place-des-martyrs\/\"},\"wordCount\":248,\"publisher\":{\"@id\":\"https:\/\/universnews224.com\/#organization\"},\"keywords\":[\"La une\"],\"articleSection\":[\"ACTU\",\"POLITIQUE\"],\"inLanguage\":\"fr-FR\"},{\"@type\":\"WebPage\",\"@id\":\"https:\/\/universnews224.com\/index.php\/fete-de-lindependance-de-la-guinee-colonel-mamady-doumbouya-depose-la-gerbe-de-fleur-a-la-place-des-martyrs\/\",\"url\":\"https:\/\/universnews224.com\/index.php\/fete-de-lindependance-de-la-guinee-colonel-mamady-doumbouya-depose-la-gerbe-de-fleur-a-la-place-des-martyrs\/\",\"name\":\"F\u00eate de l'ind\u00e9pendance de la Guin\u00e9e : Colonel Mamady Doumbouya d\u00e9pose la gerbe de fleur \u00e0 la place des martyrs - UNIVERSNEWS224\",\"isPartOf\":{\"@id\":\"https:\/\/universnews224.com\/#website\"},\"datePublished\":\"2022-10-02T20:44:18+00:00\",\"dateModified\":\"2022-10-02T20:44:18+00:00\",\"inLanguage\":\"fr-FR\",\"potentialAction\":[{\"@type\":\"ReadAction\",\"target\":[\"https:\/\/universnews224.com\/index.php\/fete-de-lindependance-de-la-guinee-colonel-mamady-doumbouya-depose-la-gerbe-de-fleur-a-la-place-des-martyrs\/\"]}]},{\"@type\":\"WebSite\",\"@id\":\"https:\/\/universnews224.com\/#website\",\"url\":\"https:\/\/universnews224.com\/\",\"name\":\"UNIVERSNEWS224\",\"description\":\"\",\"publisher\":{\"@id\":\"https:\/\/universnews224.com\/#organization\"},\"potentialAction\":[{\"@type\":\"SearchAction\",\"target\":{\"@type\":\"EntryPoint\",\"urlTemplate\":\"https:\/\/universnews224.com\/?s={search_term_string}\"},\"query-input\":\"required name=search_term_string\"}],\"inLanguage\":\"fr-FR\"},{\"@type\":\"Organization\",\"@id\":\"https:\/\/universnews224.com\/#organization\",\"name\":\"UNIVERSNEWS224\",\"url\":\"https:\/\/universnews224.com\/\",\"logo\":{\"@type\":\"ImageObject\",\"inLanguage\":\"fr-FR\",\"@id\":\"https:\/\/universnews224.com\/#\/schema\/logo\/image\/\",\"url\":\"https:\/\/universnews224.com\/wp-content\/uploads\/2022\/08\/cropped-cropped-logoban.jpg\",\"contentUrl\":\"https:\/\/universnews224.com\/wp-content\/uploads\/2022\/08\/cropped-cropped-logoban.jpg\",\"width\":1080,\"height\":138,\"caption\":\"UNIVERSNEWS224\"},\"image\":{\"@id\":\"https:\/\/universnews224.com\/#\/schema\/logo\/image\/\"}},{\"@type\":\"Person\",\"@id\":\"https:\/\/universnews224.com\/#\/schema\/person\/a4b7d4f94a4716df60456a491260485e\",\"name\":\"La R\u00e9daction\",\"image\":{\"@type\":\"ImageObject\",\"inLanguage\":\"fr-FR\",\"@id\":\"https:\/\/universnews224.com\/#\/schema\/person\/image\/\",\"url\":\"https:\/\/secure.gravatar.com\/avatar\/edb90acc7752b23e1b3307ad36c14f0d?s=96&d=mm&r=g\",\"contentUrl\":\"https:\/\/secure.gravatar.com\/avatar\/edb90acc7752b23e1b3307ad36c14f0d?s=96&d=mm&r=g\",\"caption\":\"La R\u00e9daction\"},\"sameAs\":[\"https:\/\/universnews224.com\"],\"url\":\"https:\/\/universnews224.com\/index.php\/author\/m-camara\/\"}]}<\/script>\n<!-- \/ Yoast SEO plugin. -->","yoast_head_json":{"title":"F\u00eate de l'ind\u00e9pendance de la Guin\u00e9e : Colonel Mamady Doumbouya d\u00e9pose la gerbe de fleur \u00e0 la place des martyrs - UNIVERSNEWS224","robots":{"index":"index","follow":"follow","max-snippet":"max-snippet:-1","max-image-preview":"max-image-preview:large","max-video-preview":"max-video-preview:-1"},"canonical":"https:\/\/universnews224.com\/index.php\/fete-de-lindependance-de-la-guinee-colonel-mamady-doumbouya-depose-la-gerbe-de-fleur-a-la-place-des-martyrs\/","og_locale":"fr_FR","og_type":"article","og_title":"F\u00eate de l'ind\u00e9pendance de la Guin\u00e9e : Colonel Mamady Doumbouya d\u00e9pose la gerbe de fleur \u00e0 la place des martyrs - UNIVERSNEWS224","og_description":"La Guin\u00e9e a c\u00e9l\u00e8br\u00e9 ce dimanche 02 octobre 2022, le 64\u00e8me anniversaire de son accession","og_url":"https:\/\/universnews224.com\/index.php\/fete-de-lindependance-de-la-guinee-colonel-mamady-doumbouya-depose-la-gerbe-de-fleur-a-la-place-des-martyrs\/","og_site_name":"UNIVERSNEWS224","article_published_time":"2022-10-02T20:44:18+00:00","og_image":[{"width":1152,"height":864,"url":"https:\/\/universnews224.com\/wp-content\/uploads\/2022\/10\/A2A2740C-4931-48E0-A4BA-61E9F1ECA5B9.jpeg","type":"image\/jpeg"}],"author":"La R\u00e9daction","twitter_misc":{"\u00c9crit par":"La R\u00e9daction","Dur\u00e9e de lecture estim\u00e9e":"2 minutes"},"schema":{"@context":"https:\/\/schema.org","@graph":[{"@type":"Article","@id":"https:\/\/universnews224.com\/index.php\/fete-de-lindependance-de-la-guinee-colonel-mamady-doumbouya-depose-la-gerbe-de-fleur-a-la-place-des-martyrs\/#article","isPartOf":{"@id":"https:\/\/universnews224.com\/index.php\/fete-de-lindependance-de-la-guinee-colonel-mamady-doumbouya-depose-la-gerbe-de-fleur-a-la-place-des-martyrs\/"},"author":{"name":"La R\u00e9daction","@id":"https:\/\/universnews224.com\/#\/schema\/person\/a4b7d4f94a4716df60456a491260485e"},"headline":"F\u00eate de l&rsquo;ind\u00e9pendance de la Guin\u00e9e : Colonel Mamady Doumbouya d\u00e9pose la gerbe de fleur \u00e0 la place des martyrs","datePublished":"2022-10-02T20:44:18+00:00","dateModified":"2022-10-02T20:44:18+00:00","mainEntityOfPage":{"@id":"https:\/\/universnews224.com\/index.php\/fete-de-lindependance-de-la-guinee-colonel-mamady-doumbouya-depose-la-gerbe-de-fleur-a-la-place-des-martyrs\/"},"wordCount":248,"publisher":{"@id":"https:\/\/universnews224.com\/#organization"},"keywords":["La une"],"articleSection":["ACTU","POLITIQUE"],"inLanguage":"fr-FR"},{"@type":"WebPage","@id":"https:\/\/universnews224.com\/index.php\/fete-de-lindependance-de-la-guinee-colonel-mamady-doumbouya-depose-la-gerbe-de-fleur-a-la-place-des-martyrs\/","url":"https:\/\/universnews224.com\/index.php\/fete-de-lindependance-de-la-guinee-colonel-mamady-doumbouya-depose-la-gerbe-de-fleur-a-la-place-des-martyrs\/","name":"F\u00eate de l'ind\u00e9pendance de la Guin\u00e9e : Colonel Mamady Doumbouya d\u00e9pose la gerbe de fleur \u00e0 la place des martyrs - UNIVERSNEWS224","isPartOf":{"@id":"https:\/\/universnews224.com\/#website"},"datePublished":"2022-10-02T20:44:18+00:00","dateModified":"2022-10-02T20:44:18+00:00","inLanguage":"fr-FR","potentialAction":[{"@type":"ReadAction","target":["https:\/\/universnews224.com\/index.php\/fete-de-lindependance-de-la-guinee-colonel-mamady-doumbouya-depose-la-gerbe-de-fleur-a-la-place-des-martyrs\/"]}]},{"@type":"WebSite","@id":"https:\/\/universnews224.com\/#website","url":"https:\/\/universnews224.com\/","name":"UNIVERSNEWS224","description":"","publisher":{"@id":"https:\/\/universnews224.com\/#organization"},"potentialAction":[{"@type":"SearchAction","target":{"@type":"EntryPoint","urlTemplate":"https:\/\/universnews224.com\/?s={search_term_string}"},"query-input":"required name=search_term_string"}],"inLanguage":"fr-FR"},{"@type":"Organization","@id":"https:\/\/universnews224.com\/#organization","name":"UNIVERSNEWS224","url":"https:\/\/universnews224.com\/","logo":{"@type":"ImageObject","inLanguage":"fr-FR","@id":"https:\/\/universnews224.com\/#\/schema\/logo\/image\/","url":"https:\/\/universnews224.com\/wp-content\/uploads\/2022\/08\/cropped-cropped-logoban.jpg","contentUrl":"https:\/\/universnews224.com\/wp-content\/uploads\/2022\/08\/cropped-cropped-logoban.jpg","width":1080,"height":138,"caption":"UNIVERSNEWS224"},"image":{"@id":"https:\/\/universnews224.com\/#\/schema\/logo\/image\/"}},{"@type":"Person","@id":"https:\/\/universnews224.com\/#\/schema\/person\/a4b7d4f94a4716df60456a491260485e","name":"La R\u00e9daction","image":{"@type":"ImageObject","inLanguage":"fr-FR","@id":"https:\/\/universnews224.com\/#\/schema\/person\/image\/","url":"https:\/\/secure.gravatar.com\/avatar\/edb90acc7752b23e1b3307ad36c14f0d?s=96&d=mm&r=g","contentUrl":"https:\/\/secure.gravatar.com\/avatar\/edb90acc7752b23e1b3307ad36c14f0d?s=96&d=mm&r=g","caption":"La R\u00e9daction"},"sameAs":["https:\/\/universnews224.com"],"url":"https:\/\/universnews224.com\/index.php\/author\/m-camara\/"}]}},"_links":{"self":[{"href":"https:\/\/universnews224.com\/index.php\/wp-json\/wp\/v2\/posts\/2128"}],"collection":[{"href":"https:\/\/universnews224.com\/index.php\/wp-json\/wp\/v2\/posts"}],"about":[{"href":"https:\/\/universnews224.com\/index.php\/wp-json\/wp\/v2\/types\/post"}],"author":[{"embeddable":true,"href":"https:\/\/universnews224.com\/index.php\/wp-json\/wp\/v2\/users\/2"}],"replies":[{"embeddable":true,"href":"https:\/\/universnews224.com\/index.php\/wp-json\/wp\/v2\/comments?post=2128"}],"version-history":[{"count":1,"href":"https:\/\/universnews224.com\/index.php\/wp-json\/wp\/v2\/posts\/2128\/revisions"}],"predecessor-version":[{"id":2132,"href":"https:\/\/universnews224.com\/index.php\/wp-json\/wp\/v2\/posts\/2128\/revisions\/2132"}],"wp:featuredmedia":[{"embeddable":true,"href":"https:\/\/universnews224.com\/index.php\/wp-json\/wp\/v2\/media\/2129"}],"wp:attachment":[{"href":"https:\/\/universnews224.com\/index.php\/wp-json\/wp\/v2\/media?parent=2128"}],"wp:term":[{"taxonomy":"category","embeddable":true,"href":"https:\/\/universnews224.com\/index.php\/wp-json\/wp\/v2\/categories?post=2128"},{"taxonomy":"post_tag","embeddable":true,"href":"https:\/\/universnews224.com\/index.php\/wp-json\/wp\/v2\/tags?post=2128"}],"curies":[{"name":"wp","href":"https:\/\/api.w.org\/{rel}","templated":true}]}}