{"id":2133,"date":"2022-10-02T21:54:56","date_gmt":"2022-10-02T20:54:56","guid":{"rendered":"https:\/\/universnews224.com\/?p=2133"},"modified":"2022-10-02T21:54:56","modified_gmt":"2022-10-02T20:54:56","slug":"coup-detat-au-burkina-faso-paul-henri-damiba-demissionne-et-se-rend-au-togo","status":"publish","type":"post","link":"https:\/\/universnews224.com\/index.php\/coup-detat-au-burkina-faso-paul-henri-damiba-demissionne-et-se-rend-au-togo\/","title":{"rendered":"Coup d\u2019\u00c9tat au Burkina Faso: Paul-Henri Damiba d\u00e9missionne et se rend au Togo"},"content":{"rendered":"<p>Le chef\u00a0destitu\u00e9 de la junte Paul-Henri Damiba accepte\u00a0de d\u00e9missionner ce dimanche 2 octobre au Burkina Faso du poste de pr\u00e9sident. Le pays a toujours \u00e0 sa t\u00eate un nouvel homme fort, le capitaine Ibrahim Traor\u00e9. Son porte-parole s\u2019est exprim\u00e9 sur la situation dans le pays ce dimanche midi.<\/p>\n<p>Le lieutenant-colonel Damiba a d\u00e9missionn\u00e9 de ses fonctions de pr\u00e9sident. Destitu\u00e9 vendredi par un coup d\u2019\u00c9tat militaire, Paul-Henri Sandaogo Damiba a accept\u00e9 de signer sa lettre de d\u00e9mission. Annonce faite dans une d\u00e9claration commune des faiti\u00e8res des communaut\u00e9s religieuses et coutumi\u00e8res qui ont jou\u00e9 le r\u00f4le de m\u00e9diateurs entre les deux camps.<\/p>\n<p>Le lieutenant-Colonel Damiba a pos\u00e9 sept conditions \u00e0 sa d\u00e9mission : la poursuite des op\u00e9rations militaires sur le terrain, la garantie de la s\u00e9curit\u00e9 et de la non-poursuite des soldats qui s\u2019\u00e9taient engag\u00e9s \u00e0 ses c\u00f4t\u00e9s, la poursuite du renforcement de la coh\u00e9sion au sein des forces de s\u00e9curit\u00e9, la poursuite de la r\u00e9conciliation nationale, le respect des engagements pris avec la C\u00e9d\u00e9ao -en clair, le respect des \u00e9ch\u00e9ances devant mener \u00e0 un retour \u00e0 l\u2019ordre constitutionnel-, la poursuite de la r\u00e9forme de l\u2019\u00c9tat et, enfin la garantie de sa s\u00e9curit\u00e9 et de ses droits, ainsi que ceux de ses collaborateurs.<\/p>\n<div class=\"jeg_ad jeg_ad_article jnews_content_inline_ads \">\n<div class=\"ads-wrapper align-center \">\n<div class=\"ads_code\"><ins class=\"adsbygoogle\" data-ad-client=\"ca-pub-1870189416508001\" data-ad-slot=\"5141807392\" data-ad-format=\"auto\" data-full-width-responsive=\"true\"><\/ins>Ces conditions pos\u00e9es par le Lieutenant-Colonel Damiba ont \u00e9t\u00e9 accept\u00e9es par le nouveau chef du MPSR et leader des putschistes, le Capitaine Ibrahim Traor\u00e9. Qui poursuivait encore cet apr\u00e8s-midi ses discussions avec des officiers sup\u00e9rieurs de l\u2019arm\u00e9e, \u00e0 l\u2019\u00c9tat-major, pour la suite des \u00e9v\u00e8nements.<\/p>\n<p><strong>14h08\u00a0: La C\u00e9d\u00e9ao demande \u00ab<\/strong><strong><em>l\u2019arr\u00eat des violences et des pillages<\/em><\/strong><strong>\u00bb<\/strong><\/p>\n<p>Dans un communiqu\u00e9, la C\u00e9d\u00e9ao (la Communaut\u00e9 des \u00c9tats de l\u2019Afrique de l\u2019Ouest) condamne la \u00ab<em>prise du pouvoir par la force<\/em>\u00bb au Burkina Faso. Elle demande \u00ab<em>aux forces de D\u00e9fense et de S\u00e9curit\u00e9 d\u2019\u00e9viter l\u2019escalade et, en toutes circonstances, de prot\u00e9ger les civils<\/em>\u00bb. La C\u00e9d\u00e9ao demande \u00ab<em>l\u2019arr\u00eat des violences et des pillages, de tous genres, qui ne peuvent \u00eatre tol\u00e9r\u00e9s<\/em>\u00bb. Ce communiqu\u00e9 fait suite \u00e0 un autre communiqu\u00e9 publi\u00e9 le 30 septembre.<\/p>\n<div id=\"em-WBMZ212761-RFI-FR-20221002\" class=\"m-em-flash\">\n<div class=\"cmplz-placeholder-element twitter-tweet twitter-tweet-rendered cmplz-processed cmplz-placeholder-1 cmplz-blocked-content-container\" data-service=\"twitter\" data-category=\"marketing\" data-placeholder-image=\"https:\/\/mosaiqueguinee.com\/wp-content\/plugins\/complianz-gdpr\/assets\/images\/placeholders\/twitter-minimal.jpg\" data-placeholder_class_index=\"1\"><button class=\"cmplz-blocked-content-notice cmplz-accept-category cmplz-accept-marketing\" data-service=\"twitter\" data-category=\"marketing\" aria-label=\"twitter\">Cliquez pour accepter les cookies marketing et activer ce contenu<\/button><\/div>\n<\/div>\n<p><strong>13h45<\/strong><strong>: Dans les rues de Ouagadougou, des manifestations<\/strong><\/p>\n<p><a href=\"https:\/\/universnews224.com\/wp-content\/uploads\/2022\/10\/549CDC49-9503-43C3-9EE1-4267E0E4E668.jpeg\"><img loading=\"lazy\" class=\"size-medium wp-image-2134\" src=\"https:\/\/universnews224.com\/wp-content\/uploads\/2022\/10\/549CDC49-9503-43C3-9EE1-4267E0E4E668-300x200.jpeg\" alt=\"\" width=\"300\" height=\"200\" srcset=\"https:\/\/universnews224.com\/wp-content\/uploads\/2022\/10\/549CDC49-9503-43C3-9EE1-4267E0E4E668-300x200.jpeg 300w, https:\/\/universnews224.com\/wp-content\/uploads\/2022\/10\/549CDC49-9503-43C3-9EE1-4267E0E4E668-1024x683.jpeg 1024w, https:\/\/universnews224.com\/wp-content\/uploads\/2022\/10\/549CDC49-9503-43C3-9EE1-4267E0E4E668-768x512.jpeg 768w, https:\/\/universnews224.com\/wp-content\/uploads\/2022\/10\/549CDC49-9503-43C3-9EE1-4267E0E4E668.jpeg 1383w\" sizes=\"(max-width: 300px) 100vw, 300px\" \/><\/a><\/p>\n<figure id=\"attachment_2135\" aria-describedby=\"caption-attachment-2135\" style=\"width: 300px\" class=\"wp-caption alignnone\"><a href=\"https:\/\/universnews224.com\/wp-content\/uploads\/2022\/10\/08CA3D98-9839-492C-ACFE-4BECD0B01ECD.jpeg\"><img loading=\"lazy\" class=\"size-medium wp-image-2135\" src=\"https:\/\/universnews224.com\/wp-content\/uploads\/2022\/10\/08CA3D98-9839-492C-ACFE-4BECD0B01ECD-300x169.jpeg\" alt=\"\" width=\"300\" height=\"169\" srcset=\"https:\/\/universnews224.com\/wp-content\/uploads\/2022\/10\/08CA3D98-9839-492C-ACFE-4BECD0B01ECD-300x169.jpeg 300w, https:\/\/universnews224.com\/wp-content\/uploads\/2022\/10\/08CA3D98-9839-492C-ACFE-4BECD0B01ECD-768x432.jpeg 768w, https:\/\/universnews224.com\/wp-content\/uploads\/2022\/10\/08CA3D98-9839-492C-ACFE-4BECD0B01ECD-800x450.jpeg 800w, https:\/\/universnews224.com\/wp-content\/uploads\/2022\/10\/08CA3D98-9839-492C-ACFE-4BECD0B01ECD.jpeg 1024w\" sizes=\"(max-width: 300px) 100vw, 300px\" \/><\/a><figcaption id=\"caption-attachment-2135\" class=\"wp-caption-text\"><strong>12h24 :\u00a0le capitaine Traor\u00e9 assure que\u00a0\u00ab<em>les choses sont en train de rentrer\u00a0progressivement<\/em><em>dans l\u2019ordre<\/em>\u00bb<\/strong><br \/>Le nouvel homme fort du Burkina Faso,\u00a0le capitaine Ibrahim Traor\u00e9, assure que la\u00a0situation est sous contr\u00f4le et que \u00ab<em>les choses sont en train de rentrer progressivement dans l\u2019ordre<\/em>\u00bb. L\u2019annonce a \u00e9t\u00e9 faite sur les antennes de la t\u00e9l\u00e9vision publique, la RTB, il y a quelques instants.\u00a0Le communiqu\u00e9\u00a0a \u00e9t\u00e9 lu\u00a0par le capitaine Sorgho en pr\u00e9sence du capitaine Ibrahim Traor\u00e9, le nouvel homme fort du Burkina. Il a \u00e9galement appel\u00e9 les populations au calme et \u00e0 la retenue et se d\u00e9partir de tout acte de violence et de vandalisme, notamment contre l\u2019ambassade de France ou la base militaire fran\u00e7aise \u00e0 Kamboinsin.<br \/>\u00ab<em>Nous vous invitons donc \u00e0 vaquer librement \u00e0 vos occupations et \u00e0 vous d\u00e9partir de tout acte de violence et de vandalisme qui pourrait entacher les efforts consentis depuis la nuit du 30 septembre 2022, notamment ceux qui pourraient \u00eatre perp\u00e9tr\u00e9s contre l\u2019ambassade de la France ou la base militaire fran\u00e7aise sise \u00e0 Kamboinsin<\/em>\u00bb, a d\u00e9clar\u00e9\u00a0le capitaine Sorgho.<br \/>Plus t\u00f4t, le\u00a0capitaine<strong><a href=\"https:\/\/www.rfi.fr\/fr\/afrique\/20221001-apr%C3%A8s-le-coup-d-%C3%A9tat-le-capitaine-ibrahim-traor%C3%A9-nouvel-homme-fort-du-burkina-faso\" target=\"_self\" rel=\"noopener\">Ibrahim Traor\u00e9<\/a><\/strong>qui a men\u00e9 le putsch s\u2019\u00e9tait\u00a0rendu\u00a0\u00e0 la t\u00e9l\u00e9vision nationale, rapportait<em>notre correspondant \u00e0 Ouagadougou<\/em>,<strong><em>Sidi Yansan\u00e9<\/em><\/strong>. Le jeune grad\u00e9 s\u2019est rendu \u00e0 la RTB o\u00f9 sont post\u00e9s depuis vendredi des v\u00e9hicules et des blind\u00e9s de l\u2019arm\u00e9e. Il a \u00e9t\u00e9 acclam\u00e9 par des partisans rassembl\u00e9s en masse pour marquer leur soutien \u00e0 celui qu\u2019ils consid\u00e8rent d\u00e9sormais comme le nouvel homme fort du pays.<br \/>Ce matin, le\u00a0calme \u00e9tait encore pr\u00e9caire \u00e0 Ouagadougou. Des manifestants s\u2019en\u00a0sont\u00a0pris une nouvelle fois \u00e0 l\u2019ambassade de France qui se trouve\u00a0en\u00a0centre-ville. D\u2019apr\u00e8s l\u2019AFP, certains ont m\u00eame tent\u00e9 d\u2019escalader le mur d\u2019enceinte de la repr\u00e9sentation diplomatique, et ils ont finalement \u00e9t\u00e9 dispers\u00e9s et repouss\u00e9s. Un autre groupe a \u00e9galement pris pour cible le lyc\u00e9e fran\u00e7ais de Ouagadougou qui se trouve \u00e0 quelques p\u00e2t\u00e9s de maisons de l\u2019ambassade, et tout pr\u00e8s du grand march\u00e9 de la ville.<br \/><strong>10h00 : occupation des grands axes de la ville<\/strong><br \/>Des dizaines de personnes occupent certains axes de la ville pour marquer leur soutien aux forces du capitaine Ibrahim Traor\u00e9, le chef des nouveaux putschistes, on peut entendre aussi de temps en temps des vuvuzelas en soutien dans la ville. Avec la lev\u00e9e du couvre-feu et l\u2019appel aussi hier soir des militaires \u00e0 une veille patriotique, les manifestants se sont rassembl\u00e9s un peu partout dans la capitale durant une bonne partie de la soir\u00e9e, notamment au rond-point des Nations unies et autour de la base de l\u2019arm\u00e9e de l\u2019air. Ils ont \u00e9galement dress\u00e9 des barricades \u00e0 travers la ville en pr\u00e9vision d\u2019une \u00e9ventuelle riposte nocturne, un h\u00e9licopt\u00e8re survolait le ciel \u00e9galement pendant une bonne partie de la nuit.<br \/>Ibrahim Traor\u00e9\u00a0s\u2019est exprim\u00e9 dans les m\u00e9dias quand le pr\u00e9sident d\u00e9chu de la transition, le lieutenant-colonel<strong><a href=\"https:\/\/www.rfi.fr\/fr\/afrique\/20221001-burkina-faso-paul-henri-sandaogo-damiba-le-putschiste-%C3%A9cart%C3%A9-du-pouvoir-par-un-nouveau-coup-d-%C3%A9tat\" target=\"_self\" rel=\"noopener\">Paul-Henri Damiba<\/a><\/strong>, a lui communiqu\u00e9 sur Facebook. Reste que les propos du capitaine Traor\u00e9 entretiennent la confusion. M\u00eame s\u2019ils coupent court aux rumeurs d\u2019implication de la France. \u00ab<em>La France n\u2019a aucun int\u00e9r\u00eat \u00e0 interf\u00e9rer dans nos affaires<\/em>\u00bb, a-t-il d\u00e9clar\u00e9, hier,chez nos confr\u00e8res de France 24.<br \/>Les putschistes, r\u00e9unis derri\u00e8re le capitaine Ibrahim Traor\u00e9, accusent le pr\u00e9sident de la transition dans un communiqu\u00e9 lue \u00e0 la t\u00e9l\u00e9vision nationale. Selon eux, Paul-Henri Damiba pr\u00e9pare une contre-offensive. Dans le m\u00eame communiqu\u00e9, ils exposent leurs revendications. Notamment celle de la lutte contre le terrorisme dans le pays. Et du choix des \u00c9tats partenaires pour assurer leur s\u00e9curit\u00e9.<br \/><strong>RFI<\/strong><\/figcaption><\/figure>\n<p>&nbsp;<\/p>\n<\/div>\n<\/div>\n<\/div>\n","protected":false},"excerpt":{"rendered":"<p>Le chef\u00a0destitu\u00e9 de la junte Paul-Henri Damiba accepte\u00a0de d\u00e9missionner ce dimanche 2 octobre au Burkina<\/p>\n","protected":false},"author":2,"featured_media":2136,"comment_status":"closed","ping_status":"open","sticky":false,"template":"","format":"standard","meta":[],"categories":[3],"tags":[229],"yoast_head":"<!-- This site is optimized with the Yoast SEO plugin v19.13 - https:\/\/yoast.com\/wordpress\/plugins\/seo\/ -->\n<title>Coup d\u2019\u00c9tat au Burkina Faso: Paul-Henri Damiba d\u00e9missionne et se rend au Togo - UNIVERSNEWS224<\/title>\n<meta name=\"robots\" content=\"index, follow, max-snippet:-1, max-image-preview:large, max-video-preview:-1\" \/>\n<link rel=\"canonical\" href=\"https:\/\/universnews224.com\/index.php\/coup-detat-au-burkina-faso-paul-henri-damiba-demissionne-et-se-rend-au-togo\/\" \/>\n<meta property=\"og:locale\" content=\"fr_FR\" \/>\n<meta property=\"og:type\" content=\"article\" \/>\n<meta property=\"og:title\" content=\"Coup d\u2019\u00c9tat au Burkina Faso: Paul-Henri Damiba d\u00e9missionne et se rend au Togo - UNIVERSNEWS224\" \/>\n<meta property=\"og:description\" content=\"Le chef\u00a0destitu\u00e9 de la junte Paul-Henri Damiba accepte\u00a0de d\u00e9missionner ce dimanche 2 octobre au Burkina\" \/>\n<meta property=\"og:url\" content=\"https:\/\/universnews224.com\/index.php\/coup-detat-au-burkina-faso-paul-henri-damiba-demissionne-et-se-rend-au-togo\/\" \/>\n<meta property=\"og:site_name\" content=\"UNIVERSNEWS224\" \/>\n<meta property=\"article:published_time\" content=\"2022-10-02T20:54:56+00:00\" \/>\n<meta property=\"og:image\" content=\"https:\/\/universnews224.com\/wp-content\/uploads\/2022\/10\/DD4F7359-1ADD-4B85-B596-58B176A9DFAA.jpeg\" \/>\n\t<meta property=\"og:image:width\" content=\"700\" \/>\n\t<meta property=\"og:image:height\" content=\"288\" \/>\n\t<meta property=\"og:image:type\" content=\"image\/jpeg\" \/>\n<meta name=\"author\" content=\"La R\u00e9daction\" \/>\n<meta name=\"twitter:label1\" content=\"\u00c9crit par\" \/>\n\t<meta name=\"twitter:data1\" content=\"La R\u00e9daction\" \/>\n\t<meta name=\"twitter:label2\" content=\"Dur\u00e9e de lecture estim\u00e9e\" \/>\n\t<meta name=\"twitter:data2\" content=\"6 minutes\" \/>\n<script type=\"application\/ld+json\" class=\"yoast-schema-graph\">{\"@context\":\"https:\/\/schema.org\",\"@graph\":[{\"@type\":\"Article\",\"@id\":\"https:\/\/universnews224.com\/index.php\/coup-detat-au-burkina-faso-paul-henri-damiba-demissionne-et-se-rend-au-togo\/#article\",\"isPartOf\":{\"@id\":\"https:\/\/universnews224.com\/index.php\/coup-detat-au-burkina-faso-paul-henri-damiba-demissionne-et-se-rend-au-togo\/\"},\"author\":{\"name\":\"La R\u00e9daction\",\"@id\":\"https:\/\/universnews224.com\/#\/schema\/person\/a4b7d4f94a4716df60456a491260485e\"},\"headline\":\"Coup d\u2019\u00c9tat au Burkina Faso: Paul-Henri Damiba d\u00e9missionne et se rend au Togo\",\"datePublished\":\"2022-10-02T20:54:56+00:00\",\"dateModified\":\"2022-10-02T20:54:56+00:00\",\"mainEntityOfPage\":{\"@id\":\"https:\/\/universnews224.com\/index.php\/coup-detat-au-burkina-faso-paul-henri-damiba-demissionne-et-se-rend-au-togo\/\"},\"wordCount\":1053,\"publisher\":{\"@id\":\"https:\/\/universnews224.com\/#organization\"},\"keywords\":[\"La une\"],\"articleSection\":[\"ACTU\"],\"inLanguage\":\"fr-FR\"},{\"@type\":\"WebPage\",\"@id\":\"https:\/\/universnews224.com\/index.php\/coup-detat-au-burkina-faso-paul-henri-damiba-demissionne-et-se-rend-au-togo\/\",\"url\":\"https:\/\/universnews224.com\/index.php\/coup-detat-au-burkina-faso-paul-henri-damiba-demissionne-et-se-rend-au-togo\/\",\"name\":\"Coup d\u2019\u00c9tat au Burkina Faso: Paul-Henri Damiba d\u00e9missionne et se rend au Togo - UNIVERSNEWS224\",\"isPartOf\":{\"@id\":\"https:\/\/universnews224.com\/#website\"},\"datePublished\":\"2022-10-02T20:54:56+00:00\",\"dateModified\":\"2022-10-02T20:54:56+00:00\",\"inLanguage\":\"fr-FR\",\"potentialAction\":[{\"@type\":\"ReadAction\",\"target\":[\"https:\/\/universnews224.com\/index.php\/coup-detat-au-burkina-faso-paul-henri-damiba-demissionne-et-se-rend-au-togo\/\"]}]},{\"@type\":\"WebSite\",\"@id\":\"https:\/\/universnews224.com\/#website\",\"url\":\"https:\/\/universnews224.com\/\",\"name\":\"UNIVERSNEWS224\",\"description\":\"\",\"publisher\":{\"@id\":\"https:\/\/universnews224.com\/#organization\"},\"potentialAction\":[{\"@type\":\"SearchAction\",\"target\":{\"@type\":\"EntryPoint\",\"urlTemplate\":\"https:\/\/universnews224.com\/?s={search_term_string}\"},\"query-input\":\"required name=search_term_string\"}],\"inLanguage\":\"fr-FR\"},{\"@type\":\"Organization\",\"@id\":\"https:\/\/universnews224.com\/#organization\",\"name\":\"UNIVERSNEWS224\",\"url\":\"https:\/\/universnews224.com\/\",\"logo\":{\"@type\":\"ImageObject\",\"inLanguage\":\"fr-FR\",\"@id\":\"https:\/\/universnews224.com\/#\/schema\/logo\/image\/\",\"url\":\"https:\/\/universnews224.com\/wp-content\/uploads\/2022\/08\/cropped-cropped-logoban.jpg\",\"contentUrl\":\"https:\/\/universnews224.com\/wp-content\/uploads\/2022\/08\/cropped-cropped-logoban.jpg\",\"width\":1080,\"height\":138,\"caption\":\"UNIVERSNEWS224\"},\"image\":{\"@id\":\"https:\/\/universnews224.com\/#\/schema\/logo\/image\/\"}},{\"@type\":\"Person\",\"@id\":\"https:\/\/universnews224.com\/#\/schema\/person\/a4b7d4f94a4716df60456a491260485e\",\"name\":\"La R\u00e9daction\",\"image\":{\"@type\":\"ImageObject\",\"inLanguage\":\"fr-FR\",\"@id\":\"https:\/\/universnews224.com\/#\/schema\/person\/image\/\",\"url\":\"https:\/\/secure.gravatar.com\/avatar\/edb90acc7752b23e1b3307ad36c14f0d?s=96&d=mm&r=g\",\"contentUrl\":\"https:\/\/secure.gravatar.com\/avatar\/edb90acc7752b23e1b3307ad36c14f0d?s=96&d=mm&r=g\",\"caption\":\"La R\u00e9daction\"},\"sameAs\":[\"https:\/\/universnews224.com\"],\"url\":\"https:\/\/universnews224.com\/index.php\/author\/m-camara\/\"}]}<\/script>\n<!-- \/ Yoast SEO plugin. -->","yoast_head_json":{"title":"Coup d\u2019\u00c9tat au Burkina Faso: Paul-Henri Damiba d\u00e9missionne et se rend au Togo - UNIVERSNEWS224","robots":{"index":"index","follow":"follow","max-snippet":"max-snippet:-1","max-image-preview":"max-image-preview:large","max-video-preview":"max-video-preview:-1"},"canonical":"https:\/\/universnews224.com\/index.php\/coup-detat-au-burkina-faso-paul-henri-damiba-demissionne-et-se-rend-au-togo\/","og_locale":"fr_FR","og_type":"article","og_title":"Coup d\u2019\u00c9tat au Burkina Faso: Paul-Henri Damiba d\u00e9missionne et se rend au Togo - UNIVERSNEWS224","og_description":"Le chef\u00a0destitu\u00e9 de la junte Paul-Henri Damiba accepte\u00a0de d\u00e9missionner ce dimanche 2 octobre au Burkina","og_url":"https:\/\/universnews224.com\/index.php\/coup-detat-au-burkina-faso-paul-henri-damiba-demissionne-et-se-rend-au-togo\/","og_site_name":"UNIVERSNEWS224","article_published_time":"2022-10-02T20:54:56+00:00","og_image":[{"width":700,"height":288,"url":"https:\/\/universnews224.com\/wp-content\/uploads\/2022\/10\/DD4F7359-1ADD-4B85-B596-58B176A9DFAA.jpeg","type":"image\/jpeg"}],"author":"La R\u00e9daction","twitter_misc":{"\u00c9crit par":"La R\u00e9daction","Dur\u00e9e de lecture estim\u00e9e":"6 minutes"},"schema":{"@context":"https:\/\/schema.org","@graph":[{"@type":"Article","@id":"https:\/\/universnews224.com\/index.php\/coup-detat-au-burkina-faso-paul-henri-damiba-demissionne-et-se-rend-au-togo\/#article","isPartOf":{"@id":"https:\/\/universnews224.com\/index.php\/coup-detat-au-burkina-faso-paul-henri-damiba-demissionne-et-se-rend-au-togo\/"},"author":{"name":"La R\u00e9daction","@id":"https:\/\/universnews224.com\/#\/schema\/person\/a4b7d4f94a4716df60456a491260485e"},"headline":"Coup d\u2019\u00c9tat au Burkina Faso: Paul-Henri Damiba d\u00e9missionne et se rend au Togo","datePublished":"2022-10-02T20:54:56+00:00","dateModified":"2022-10-02T20:54:56+00:00","mainEntityOfPage":{"@id":"https:\/\/universnews224.com\/index.php\/coup-detat-au-burkina-faso-paul-henri-damiba-demissionne-et-se-rend-au-togo\/"},"wordCount":1053,"publisher":{"@id":"https:\/\/universnews224.com\/#organization"},"keywords":["La une"],"articleSection":["ACTU"],"inLanguage":"fr-FR"},{"@type":"WebPage","@id":"https:\/\/universnews224.com\/index.php\/coup-detat-au-burkina-faso-paul-henri-damiba-demissionne-et-se-rend-au-togo\/","url":"https:\/\/universnews224.com\/index.php\/coup-detat-au-burkina-faso-paul-henri-damiba-demissionne-et-se-rend-au-togo\/","name":"Coup d\u2019\u00c9tat au Burkina Faso: Paul-Henri Damiba d\u00e9missionne et se rend au Togo - UNIVERSNEWS224","isPartOf":{"@id":"https:\/\/universnews224.com\/#website"},"datePublished":"2022-10-02T20:54:56+00:00","dateModified":"2022-10-02T20:54:56+00:00","inLanguage":"fr-FR","potentialAction":[{"@type":"ReadAction","target":["https:\/\/universnews224.com\/index.php\/coup-detat-au-burkina-faso-paul-henri-damiba-demissionne-et-se-rend-au-togo\/"]}]},{"@type":"WebSite","@id":"https:\/\/universnews224.com\/#website","url":"https:\/\/universnews224.com\/","name":"UNIVERSNEWS224","description":"","publisher":{"@id":"https:\/\/universnews224.com\/#organization"},"potentialAction":[{"@type":"SearchAction","target":{"@type":"EntryPoint","urlTemplate":"https:\/\/universnews224.com\/?s={search_term_string}"},"query-input":"required name=search_term_string"}],"inLanguage":"fr-FR"},{"@type":"Organization","@id":"https:\/\/universnews224.com\/#organization","name":"UNIVERSNEWS224","url":"https:\/\/universnews224.com\/","logo":{"@type":"ImageObject","inLanguage":"fr-FR","@id":"https:\/\/universnews224.com\/#\/schema\/logo\/image\/","url":"https:\/\/universnews224.com\/wp-content\/uploads\/2022\/08\/cropped-cropped-logoban.jpg","contentUrl":"https:\/\/universnews224.com\/wp-content\/uploads\/2022\/08\/cropped-cropped-logoban.jpg","width":1080,"height":138,"caption":"UNIVERSNEWS224"},"image":{"@id":"https:\/\/universnews224.com\/#\/schema\/logo\/image\/"}},{"@type":"Person","@id":"https:\/\/universnews224.com\/#\/schema\/person\/a4b7d4f94a4716df60456a491260485e","name":"La R\u00e9daction","image":{"@type":"ImageObject","inLanguage":"fr-FR","@id":"https:\/\/universnews224.com\/#\/schema\/person\/image\/","url":"https:\/\/secure.gravatar.com\/avatar\/edb90acc7752b23e1b3307ad36c14f0d?s=96&d=mm&r=g","contentUrl":"https:\/\/secure.gravatar.com\/avatar\/edb90acc7752b23e1b3307ad36c14f0d?s=96&d=mm&r=g","caption":"La R\u00e9daction"},"sameAs":["https:\/\/universnews224.com"],"url":"https:\/\/universnews224.com\/index.php\/author\/m-camara\/"}]}},"_links":{"self":[{"href":"https:\/\/universnews224.com\/index.php\/wp-json\/wp\/v2\/posts\/2133"}],"collection":[{"href":"https:\/\/universnews224.com\/index.php\/wp-json\/wp\/v2\/posts"}],"about":[{"href":"https:\/\/universnews224.com\/index.php\/wp-json\/wp\/v2\/types\/post"}],"author":[{"embeddable":true,"href":"https:\/\/universnews224.com\/index.php\/wp-json\/wp\/v2\/users\/2"}],"replies":[{"embeddable":true,"href":"https:\/\/universnews224.com\/index.php\/wp-json\/wp\/v2\/comments?post=2133"}],"version-history":[{"count":1,"href":"https:\/\/universnews224.com\/index.php\/wp-json\/wp\/v2\/posts\/2133\/revisions"}],"predecessor-version":[{"id":2137,"href":"https:\/\/universnews224.com\/index.php\/wp-json\/wp\/v2\/posts\/2133\/revisions\/2137"}],"wp:featuredmedia":[{"embeddable":true,"href":"https:\/\/universnews224.com\/index.php\/wp-json\/wp\/v2\/media\/2136"}],"wp:attachment":[{"href":"https:\/\/universnews224.com\/index.php\/wp-json\/wp\/v2\/media?parent=2133"}],"wp:term":[{"taxonomy":"category","embeddable":true,"href":"https:\/\/universnews224.com\/index.php\/wp-json\/wp\/v2\/categories?post=2133"},{"taxonomy":"post_tag","embeddable":true,"href":"https:\/\/universnews224.com\/index.php\/wp-json\/wp\/v2\/tags?post=2133"}],"curies":[{"name":"wp","href":"https:\/\/api.w.org\/{rel}","templated":true}]}}