{"id":2142,"date":"2022-10-04T12:30:44","date_gmt":"2022-10-04T11:30:44","guid":{"rendered":"https:\/\/universnews224.com\/?p=2142"},"modified":"2022-10-04T12:30:44","modified_gmt":"2022-10-04T11:30:44","slug":"rentree-scolaire-2022-2023-reprise-timide-des-cours-a-conakry","status":"publish","type":"post","link":"https:\/\/universnews224.com\/index.php\/rentree-scolaire-2022-2023-reprise-timide-des-cours-a-conakry\/","title":{"rendered":"Rentr\u00e9e scolaire 2022-2023: reprise timide des cours \u00e0 Conakry."},"content":{"rendered":"<p>Comme annonc\u00e9es par les autorit\u00e9s \u00e9ducatives, les cours ont repris ce mardi, 04 octobre 2022 sur toute l\u2019\u00e9tendue du territoire national de la R\u00e9publique de Guin\u00e9e. \u00c0 Conakry, la capitale, on l\u2019assiste \u00e0 une timide reprise dans les \u00e9tablissements scolaires sillonn\u00e9s par l\u2019un de nos reporters.<\/p>\n<p>\u00c0 l\u2019\u00e9cole primaire de Col\u00e9ah Lans\u00e9boungni dans la commune de Matam, Mme Camara Saliou Dian Diallo Directrice nous a fait la situation de cette premi\u00e8re journ\u00e9e de la r\u00e9ouverture des classes.<br \/>\n<a href=\"https:\/\/universnews224.com\/wp-content\/uploads\/2022\/10\/3BBFF8A4-A083-4129-BE54-CFA31ACE732B.jpeg\"><img loading=\"lazy\" class=\"alignnone size-medium wp-image-2143\" src=\"https:\/\/universnews224.com\/wp-content\/uploads\/2022\/10\/3BBFF8A4-A083-4129-BE54-CFA31ACE732B-300x225.jpeg\" alt=\"\" width=\"300\" height=\"225\" srcset=\"https:\/\/universnews224.com\/wp-content\/uploads\/2022\/10\/3BBFF8A4-A083-4129-BE54-CFA31ACE732B-300x225.jpeg 300w, https:\/\/universnews224.com\/wp-content\/uploads\/2022\/10\/3BBFF8A4-A083-4129-BE54-CFA31ACE732B-1024x768.jpeg 1024w, https:\/\/universnews224.com\/wp-content\/uploads\/2022\/10\/3BBFF8A4-A083-4129-BE54-CFA31ACE732B-768x576.jpeg 768w, https:\/\/universnews224.com\/wp-content\/uploads\/2022\/10\/3BBFF8A4-A083-4129-BE54-CFA31ACE732B-720x540.jpeg 720w, https:\/\/universnews224.com\/wp-content\/uploads\/2022\/10\/3BBFF8A4-A083-4129-BE54-CFA31ACE732B.jpeg 1032w\" sizes=\"(max-width: 300px) 100vw, 300px\" \/><\/a><\/p>\n<p>\u00abComme vous constatez sur 27 enseignants programm\u00e9s, j\u2019ai 26 enseignants. Les \u00e9l\u00e8ves sont l\u00e0, pas en grand nombre, mais presque beaucoup ont r\u00e9pondu et d\u2019autres ne sont pas venus parce que nous connaissons la situation actuelle. Il y a de ces parents jusqu\u2019\u00e0 pr\u00e9sent ils n\u2019ont pas eu des fournitures pour leurs enfants\u00bb a t-elle indiqu\u00e9.<\/p>\n<p>M\u00eame constat au lyc\u00e9e et coll\u00e8ge de \u00a0Coyah:<\/p>\n<p><a href=\"https:\/\/universnews224.com\/wp-content\/uploads\/2022\/10\/346D2499-F782-41A2-A618-A434A020188A.jpeg\"><img loading=\"lazy\" class=\"alignnone size-medium wp-image-2144\" src=\"https:\/\/universnews224.com\/wp-content\/uploads\/2022\/10\/346D2499-F782-41A2-A618-A434A020188A-300x225.jpeg\" alt=\"\" width=\"300\" height=\"225\" srcset=\"https:\/\/universnews224.com\/wp-content\/uploads\/2022\/10\/346D2499-F782-41A2-A618-A434A020188A-300x225.jpeg 300w, https:\/\/universnews224.com\/wp-content\/uploads\/2022\/10\/346D2499-F782-41A2-A618-A434A020188A-1024x768.jpeg 1024w, https:\/\/universnews224.com\/wp-content\/uploads\/2022\/10\/346D2499-F782-41A2-A618-A434A020188A-768x576.jpeg 768w, https:\/\/universnews224.com\/wp-content\/uploads\/2022\/10\/346D2499-F782-41A2-A618-A434A020188A-720x540.jpeg 720w, https:\/\/universnews224.com\/wp-content\/uploads\/2022\/10\/346D2499-F782-41A2-A618-A434A020188A.jpeg 1032w\" sizes=\"(max-width: 300px) 100vw, 300px\" \/><\/a><\/p>\n<p>\u00abDans mes constats, toutes les dispositions sont prises pour que les cours puissent d\u00e9marrer aujourd\u2019hui. La preuve est que les \u00e9l\u00e8ves ont r\u00e9pondu, m\u00eame l\u2019effectif n\u2019est pas en grand nombre, mais au moins un bon nombre est venu pour les cours. Ce que j\u2019ai remarqu\u00e9, c\u2019est que les professeurs ont massivement r\u00e9pondu. Tous les professeurs qui ont \u00e9t\u00e9 programm\u00e9s, ils ont tous r\u00e9pondu. Sur ce point, on se r\u00e9jouit\u00bb, nous a fait savoir Papa Martin Ch\u00e9rif, principal de la dite \u00e9cole.<\/p>\n<p>Poursuivant, le principal de coll\u00e8ge Col\u00e9ah a mis occasion \u00e0 profit pour demander au minist\u00e8re de l\u2019enseignement de les aider \u00e0 avoir les tables blancs.<\/p>\n<p>\u00abNous demandons au minist\u00e8re de nous aider \u00e0 avoir des tables blancs. Il nous manque suffisamment des tables blancs. La preuve est que dans mon \u00e9cole ici, il y a 23 salles de classes, mais il y a 7 salles qui n\u2019ont pas tables blancs. L\u2019Etat n\u2019a qu\u2019\u00e0 nous aider pour avoir des tables blancs. Tout \u00e7a diminue l\u2019effectif dans les salles de classes parce \u00e7a joue beaucoup la pratique d\u2019apprentissage\u00bb a t-il not\u00e9.<\/p>\n<p>Suite aux \u00e9checs massifs enregistr\u00e9s l\u2019ann\u00e9e derni\u00e8re aux diff\u00e9rents examens nationaux, M Papa Martin Ch\u00e9rif nous a laiss\u00e9 entendre que les dispositions sont prises pour qu\u2019il y ait beaucoup plus de r\u00e9ussite cette ann\u00e9e.<\/p>\n<p>\u00abLes dispositions que nous avons prises par rapport \u00e0 l\u2019effectif massif de l\u2019ann\u00e9e derni\u00e8re, c\u2019est que cette ann\u00e9e, d\u00e8s les premi\u00e8res semaines, on fera un test au niveau de tous les \u00e9l\u00e8ves, pr\u00e9cis\u00e9ment les candidats. Qu\u2019on sache d\u00e9j\u00e0 d\u00e8s le d\u00e9part que tel enfant ne sait \u00e9crire, ni lire. Si on a d\u00e9j\u00e0 l\u2019information l\u00e0, \u00e7a peut diminuer une id\u00e9e de l\u2019effectif parce que l\u00e0, on saura que tel \u00e9l\u00e8ve ou tel \u00e9l\u00e8ve est l\u00e0 seulement pour gonfler l\u2019effectif\u00bb a t-il soulign\u00e9.<br \/>\n<a href=\"https:\/\/universnews224.com\/wp-content\/uploads\/2022\/10\/B0A74B61-70D7-4BD1-B728-57D3806A158D.jpeg\"><img loading=\"lazy\" class=\"alignnone size-medium wp-image-2145\" src=\"https:\/\/universnews224.com\/wp-content\/uploads\/2022\/10\/B0A74B61-70D7-4BD1-B728-57D3806A158D-300x225.jpeg\" alt=\"\" width=\"300\" height=\"225\" srcset=\"https:\/\/universnews224.com\/wp-content\/uploads\/2022\/10\/B0A74B61-70D7-4BD1-B728-57D3806A158D-300x225.jpeg 300w, https:\/\/universnews224.com\/wp-content\/uploads\/2022\/10\/B0A74B61-70D7-4BD1-B728-57D3806A158D-1024x768.jpeg 1024w, https:\/\/universnews224.com\/wp-content\/uploads\/2022\/10\/B0A74B61-70D7-4BD1-B728-57D3806A158D-768x576.jpeg 768w, https:\/\/universnews224.com\/wp-content\/uploads\/2022\/10\/B0A74B61-70D7-4BD1-B728-57D3806A158D-720x540.jpeg 720w, https:\/\/universnews224.com\/wp-content\/uploads\/2022\/10\/B0A74B61-70D7-4BD1-B728-57D3806A158D.jpeg 1032w\" sizes=\"(max-width: 300px) 100vw, 300px\" \/><\/a><\/p>\n<p>Camara Mamadouba<br \/>\n611 46 04 10<\/p>\n","protected":false},"excerpt":{"rendered":"<p>Comme annonc\u00e9es par les autorit\u00e9s \u00e9ducatives, les cours ont repris ce mardi, 04 octobre 2022<\/p>\n","protected":false},"author":2,"featured_media":2145,"comment_status":"closed","ping_status":"open","sticky":false,"template":"","format":"standard","meta":[],"categories":[3,5],"tags":[229],"yoast_head":"<!-- This site is optimized with the Yoast SEO plugin v19.13 - https:\/\/yoast.com\/wordpress\/plugins\/seo\/ -->\n<title>Rentr\u00e9e scolaire 2022-2023: reprise timide des cours \u00e0 Conakry. - UNIVERSNEWS224<\/title>\n<meta name=\"robots\" content=\"index, follow, max-snippet:-1, max-image-preview:large, max-video-preview:-1\" \/>\n<link rel=\"canonical\" href=\"https:\/\/universnews224.com\/index.php\/rentree-scolaire-2022-2023-reprise-timide-des-cours-a-conakry\/\" \/>\n<meta property=\"og:locale\" content=\"fr_FR\" \/>\n<meta property=\"og:type\" content=\"article\" \/>\n<meta property=\"og:title\" content=\"Rentr\u00e9e scolaire 2022-2023: reprise timide des cours \u00e0 Conakry. - UNIVERSNEWS224\" \/>\n<meta property=\"og:description\" content=\"Comme annonc\u00e9es par les autorit\u00e9s \u00e9ducatives, les cours ont repris ce mardi, 04 octobre 2022\" \/>\n<meta property=\"og:url\" content=\"https:\/\/universnews224.com\/index.php\/rentree-scolaire-2022-2023-reprise-timide-des-cours-a-conakry\/\" \/>\n<meta property=\"og:site_name\" content=\"UNIVERSNEWS224\" \/>\n<meta property=\"article:published_time\" content=\"2022-10-04T11:30:44+00:00\" \/>\n<meta property=\"og:image\" content=\"https:\/\/universnews224.com\/wp-content\/uploads\/2022\/10\/B0A74B61-70D7-4BD1-B728-57D3806A158D.jpeg\" \/>\n\t<meta property=\"og:image:width\" content=\"1032\" \/>\n\t<meta property=\"og:image:height\" content=\"774\" \/>\n\t<meta property=\"og:image:type\" content=\"image\/jpeg\" \/>\n<meta name=\"author\" content=\"La R\u00e9daction\" \/>\n<meta name=\"twitter:label1\" content=\"\u00c9crit par\" \/>\n\t<meta name=\"twitter:data1\" content=\"La R\u00e9daction\" \/>\n\t<meta name=\"twitter:label2\" content=\"Dur\u00e9e de lecture estim\u00e9e\" \/>\n\t<meta name=\"twitter:data2\" content=\"3 minutes\" \/>\n<script type=\"application\/ld+json\" class=\"yoast-schema-graph\">{\"@context\":\"https:\/\/schema.org\",\"@graph\":[{\"@type\":\"Article\",\"@id\":\"https:\/\/universnews224.com\/index.php\/rentree-scolaire-2022-2023-reprise-timide-des-cours-a-conakry\/#article\",\"isPartOf\":{\"@id\":\"https:\/\/universnews224.com\/index.php\/rentree-scolaire-2022-2023-reprise-timide-des-cours-a-conakry\/\"},\"author\":{\"name\":\"La R\u00e9daction\",\"@id\":\"https:\/\/universnews224.com\/#\/schema\/person\/a4b7d4f94a4716df60456a491260485e\"},\"headline\":\"Rentr\u00e9e scolaire 2022-2023: reprise timide des cours \u00e0 Conakry.\",\"datePublished\":\"2022-10-04T11:30:44+00:00\",\"dateModified\":\"2022-10-04T11:30:44+00:00\",\"mainEntityOfPage\":{\"@id\":\"https:\/\/universnews224.com\/index.php\/rentree-scolaire-2022-2023-reprise-timide-des-cours-a-conakry\/\"},\"wordCount\":514,\"publisher\":{\"@id\":\"https:\/\/universnews224.com\/#organization\"},\"keywords\":[\"La une\"],\"articleSection\":[\"ACTU\",\"SOCI\u00c9T\u00c9\"],\"inLanguage\":\"fr-FR\"},{\"@type\":\"WebPage\",\"@id\":\"https:\/\/universnews224.com\/index.php\/rentree-scolaire-2022-2023-reprise-timide-des-cours-a-conakry\/\",\"url\":\"https:\/\/universnews224.com\/index.php\/rentree-scolaire-2022-2023-reprise-timide-des-cours-a-conakry\/\",\"name\":\"Rentr\u00e9e scolaire 2022-2023: reprise timide des cours \u00e0 Conakry. - UNIVERSNEWS224\",\"isPartOf\":{\"@id\":\"https:\/\/universnews224.com\/#website\"},\"datePublished\":\"2022-10-04T11:30:44+00:00\",\"dateModified\":\"2022-10-04T11:30:44+00:00\",\"inLanguage\":\"fr-FR\",\"potentialAction\":[{\"@type\":\"ReadAction\",\"target\":[\"https:\/\/universnews224.com\/index.php\/rentree-scolaire-2022-2023-reprise-timide-des-cours-a-conakry\/\"]}]},{\"@type\":\"WebSite\",\"@id\":\"https:\/\/universnews224.com\/#website\",\"url\":\"https:\/\/universnews224.com\/\",\"name\":\"UNIVERSNEWS224\",\"description\":\"\",\"publisher\":{\"@id\":\"https:\/\/universnews224.com\/#organization\"},\"potentialAction\":[{\"@type\":\"SearchAction\",\"target\":{\"@type\":\"EntryPoint\",\"urlTemplate\":\"https:\/\/universnews224.com\/?s={search_term_string}\"},\"query-input\":\"required name=search_term_string\"}],\"inLanguage\":\"fr-FR\"},{\"@type\":\"Organization\",\"@id\":\"https:\/\/universnews224.com\/#organization\",\"name\":\"UNIVERSNEWS224\",\"url\":\"https:\/\/universnews224.com\/\",\"logo\":{\"@type\":\"ImageObject\",\"inLanguage\":\"fr-FR\",\"@id\":\"https:\/\/universnews224.com\/#\/schema\/logo\/image\/\",\"url\":\"https:\/\/universnews224.com\/wp-content\/uploads\/2022\/08\/cropped-cropped-logoban.jpg\",\"contentUrl\":\"https:\/\/universnews224.com\/wp-content\/uploads\/2022\/08\/cropped-cropped-logoban.jpg\",\"width\":1080,\"height\":138,\"caption\":\"UNIVERSNEWS224\"},\"image\":{\"@id\":\"https:\/\/universnews224.com\/#\/schema\/logo\/image\/\"}},{\"@type\":\"Person\",\"@id\":\"https:\/\/universnews224.com\/#\/schema\/person\/a4b7d4f94a4716df60456a491260485e\",\"name\":\"La R\u00e9daction\",\"image\":{\"@type\":\"ImageObject\",\"inLanguage\":\"fr-FR\",\"@id\":\"https:\/\/universnews224.com\/#\/schema\/person\/image\/\",\"url\":\"https:\/\/secure.gravatar.com\/avatar\/edb90acc7752b23e1b3307ad36c14f0d?s=96&d=mm&r=g\",\"contentUrl\":\"https:\/\/secure.gravatar.com\/avatar\/edb90acc7752b23e1b3307ad36c14f0d?s=96&d=mm&r=g\",\"caption\":\"La R\u00e9daction\"},\"sameAs\":[\"https:\/\/universnews224.com\"],\"url\":\"https:\/\/universnews224.com\/index.php\/author\/m-camara\/\"}]}<\/script>\n<!-- \/ Yoast SEO plugin. -->","yoast_head_json":{"title":"Rentr\u00e9e scolaire 2022-2023: reprise timide des cours \u00e0 Conakry. - UNIVERSNEWS224","robots":{"index":"index","follow":"follow","max-snippet":"max-snippet:-1","max-image-preview":"max-image-preview:large","max-video-preview":"max-video-preview:-1"},"canonical":"https:\/\/universnews224.com\/index.php\/rentree-scolaire-2022-2023-reprise-timide-des-cours-a-conakry\/","og_locale":"fr_FR","og_type":"article","og_title":"Rentr\u00e9e scolaire 2022-2023: reprise timide des cours \u00e0 Conakry. - UNIVERSNEWS224","og_description":"Comme annonc\u00e9es par les autorit\u00e9s \u00e9ducatives, les cours ont repris ce mardi, 04 octobre 2022","og_url":"https:\/\/universnews224.com\/index.php\/rentree-scolaire-2022-2023-reprise-timide-des-cours-a-conakry\/","og_site_name":"UNIVERSNEWS224","article_published_time":"2022-10-04T11:30:44+00:00","og_image":[{"width":1032,"height":774,"url":"https:\/\/universnews224.com\/wp-content\/uploads\/2022\/10\/B0A74B61-70D7-4BD1-B728-57D3806A158D.jpeg","type":"image\/jpeg"}],"author":"La R\u00e9daction","twitter_misc":{"\u00c9crit par":"La R\u00e9daction","Dur\u00e9e de lecture estim\u00e9e":"3 minutes"},"schema":{"@context":"https:\/\/schema.org","@graph":[{"@type":"Article","@id":"https:\/\/universnews224.com\/index.php\/rentree-scolaire-2022-2023-reprise-timide-des-cours-a-conakry\/#article","isPartOf":{"@id":"https:\/\/universnews224.com\/index.php\/rentree-scolaire-2022-2023-reprise-timide-des-cours-a-conakry\/"},"author":{"name":"La R\u00e9daction","@id":"https:\/\/universnews224.com\/#\/schema\/person\/a4b7d4f94a4716df60456a491260485e"},"headline":"Rentr\u00e9e scolaire 2022-2023: reprise timide des cours \u00e0 Conakry.","datePublished":"2022-10-04T11:30:44+00:00","dateModified":"2022-10-04T11:30:44+00:00","mainEntityOfPage":{"@id":"https:\/\/universnews224.com\/index.php\/rentree-scolaire-2022-2023-reprise-timide-des-cours-a-conakry\/"},"wordCount":514,"publisher":{"@id":"https:\/\/universnews224.com\/#organization"},"keywords":["La une"],"articleSection":["ACTU","SOCI\u00c9T\u00c9"],"inLanguage":"fr-FR"},{"@type":"WebPage","@id":"https:\/\/universnews224.com\/index.php\/rentree-scolaire-2022-2023-reprise-timide-des-cours-a-conakry\/","url":"https:\/\/universnews224.com\/index.php\/rentree-scolaire-2022-2023-reprise-timide-des-cours-a-conakry\/","name":"Rentr\u00e9e scolaire 2022-2023: reprise timide des cours \u00e0 Conakry. - UNIVERSNEWS224","isPartOf":{"@id":"https:\/\/universnews224.com\/#website"},"datePublished":"2022-10-04T11:30:44+00:00","dateModified":"2022-10-04T11:30:44+00:00","inLanguage":"fr-FR","potentialAction":[{"@type":"ReadAction","target":["https:\/\/universnews224.com\/index.php\/rentree-scolaire-2022-2023-reprise-timide-des-cours-a-conakry\/"]}]},{"@type":"WebSite","@id":"https:\/\/universnews224.com\/#website","url":"https:\/\/universnews224.com\/","name":"UNIVERSNEWS224","description":"","publisher":{"@id":"https:\/\/universnews224.com\/#organization"},"potentialAction":[{"@type":"SearchAction","target":{"@type":"EntryPoint","urlTemplate":"https:\/\/universnews224.com\/?s={search_term_string}"},"query-input":"required name=search_term_string"}],"inLanguage":"fr-FR"},{"@type":"Organization","@id":"https:\/\/universnews224.com\/#organization","name":"UNIVERSNEWS224","url":"https:\/\/universnews224.com\/","logo":{"@type":"ImageObject","inLanguage":"fr-FR","@id":"https:\/\/universnews224.com\/#\/schema\/logo\/image\/","url":"https:\/\/universnews224.com\/wp-content\/uploads\/2022\/08\/cropped-cropped-logoban.jpg","contentUrl":"https:\/\/universnews224.com\/wp-content\/uploads\/2022\/08\/cropped-cropped-logoban.jpg","width":1080,"height":138,"caption":"UNIVERSNEWS224"},"image":{"@id":"https:\/\/universnews224.com\/#\/schema\/logo\/image\/"}},{"@type":"Person","@id":"https:\/\/universnews224.com\/#\/schema\/person\/a4b7d4f94a4716df60456a491260485e","name":"La R\u00e9daction","image":{"@type":"ImageObject","inLanguage":"fr-FR","@id":"https:\/\/universnews224.com\/#\/schema\/person\/image\/","url":"https:\/\/secure.gravatar.com\/avatar\/edb90acc7752b23e1b3307ad36c14f0d?s=96&d=mm&r=g","contentUrl":"https:\/\/secure.gravatar.com\/avatar\/edb90acc7752b23e1b3307ad36c14f0d?s=96&d=mm&r=g","caption":"La R\u00e9daction"},"sameAs":["https:\/\/universnews224.com"],"url":"https:\/\/universnews224.com\/index.php\/author\/m-camara\/"}]}},"_links":{"self":[{"href":"https:\/\/universnews224.com\/index.php\/wp-json\/wp\/v2\/posts\/2142"}],"collection":[{"href":"https:\/\/universnews224.com\/index.php\/wp-json\/wp\/v2\/posts"}],"about":[{"href":"https:\/\/universnews224.com\/index.php\/wp-json\/wp\/v2\/types\/post"}],"author":[{"embeddable":true,"href":"https:\/\/universnews224.com\/index.php\/wp-json\/wp\/v2\/users\/2"}],"replies":[{"embeddable":true,"href":"https:\/\/universnews224.com\/index.php\/wp-json\/wp\/v2\/comments?post=2142"}],"version-history":[{"count":1,"href":"https:\/\/universnews224.com\/index.php\/wp-json\/wp\/v2\/posts\/2142\/revisions"}],"predecessor-version":[{"id":2146,"href":"https:\/\/universnews224.com\/index.php\/wp-json\/wp\/v2\/posts\/2142\/revisions\/2146"}],"wp:featuredmedia":[{"embeddable":true,"href":"https:\/\/universnews224.com\/index.php\/wp-json\/wp\/v2\/media\/2145"}],"wp:attachment":[{"href":"https:\/\/universnews224.com\/index.php\/wp-json\/wp\/v2\/media?parent=2142"}],"wp:term":[{"taxonomy":"category","embeddable":true,"href":"https:\/\/universnews224.com\/index.php\/wp-json\/wp\/v2\/categories?post=2142"},{"taxonomy":"post_tag","embeddable":true,"href":"https:\/\/universnews224.com\/index.php\/wp-json\/wp\/v2\/tags?post=2142"}],"curies":[{"name":"wp","href":"https:\/\/api.w.org\/{rel}","templated":true}]}}