{"id":2147,"date":"2022-10-04T14:36:57","date_gmt":"2022-10-04T13:36:57","guid":{"rendered":"https:\/\/universnews224.com\/?p=2147"},"modified":"2022-10-04T14:36:57","modified_gmt":"2022-10-04T13:36:57","slug":"proces-du-28-septembre-2009-linculpe-colonel-moussa-tiegboro-se-defend-a-la-barre","status":"publish","type":"post","link":"https:\/\/universnews224.com\/index.php\/proces-du-28-septembre-2009-linculpe-colonel-moussa-tiegboro-se-defend-a-la-barre\/","title":{"rendered":"Proc\u00e8s du 28 septembre 2009 : l&rsquo;inculp\u00e9 Colonel Moussa Tiegboro se d\u00e9fend \u00e0 la barre"},"content":{"rendered":"<p>13 ans apr\u00e8s le massacre du 28 septembre 2009, c&rsquo;est parti pour la deuxi\u00e8me audience dans cette affaire, quelques jours apr\u00e8s la suspension du proc\u00e8s par juge audiencier la semaine derni\u00e8re. Ce mardi 04 octobre 2022, nous voici \u00e0 nouveau \u00e0 l&rsquo;ouverture des d\u00e9bats au fond au tribunal adhoc de Dixinn d\u00e9localis\u00e9 \u00e0 la cour d\u2019appel de Conakry.<br \/>\nAppel\u00e9 \u00e0 la barre avec le document contenant l\u2019ordonnance en main, colonel Moussa Tiegboro Camara assis sur une chaise \u00e0 la barre cherche \u00e0 se faire attendre.<br \/>\nDevant le pr\u00e9sident du tribunal Ibrahima Sory 2 Tounkara et des acceseurs, le colonel Tiegboro a ni\u00e9 en bloc les faits qui lui sont reproch\u00e9s : \u00ab pas du tout, je ne reconnais pas les accusations \u00bb, a r\u00e9pondu.<\/p>\n<p>&nbsp;<\/p>\n<p>Alors que, les autres inculp\u00e9s dans cette affaire je cite : Aboubacar Diakit\u00e9 alias Toumba, Blaise Goumou, Moussa Dadis Camara, Abdoulaye Ch\u00e9rif Diaby, C\u00e9c\u00e9 Rapha\u00ebl Haba, Alpha Amadou Bald\u00e9, Marcel Guilavogui, Claude Pivi, Ibrahima Camara Kalonzo et Paul Mansa Guilavogui sont assis dans le boxe des accus\u00e9s en attendant leur appel devant la barre.<\/p>\n<p>Par ailleurs, ces personnes sont poursuivis pour des faits de meurtres, assassinats, viols, pillages, incendies volontaires, vol \u00e0 main arm\u00e9e, coups et blessures volontaires, outrage \u00e0 agent de la force publique, tortures enl\u00e8vement et s\u00e9questration, non-assistance \u00e0 personne en dangers, violences sexuelles, attentats \u00e0 la pudeur, d\u00e9tention ill\u00e9gale de mat\u00e9riels de guerre de premi\u00e8re cat\u00e9gorie et complicit\u00e9 de ces infractions. Comme la bien cit\u00e9 le pr\u00e9sident du tribunal le jour de ouverture de l&rsquo;audience du proc\u00e8s.<\/p>\n<p>Apr\u00e8s cette \u00e9tape du cas de Moussa Tiegboro Camara, les avocats de la d\u00e9fense ont soulev\u00e9 des irr\u00e9gularit\u00e9s dans l\u2019ordonnance de renvoi dans cette affaire. A tour de r\u00f4le, les avocats de la d\u00e9fense souvent des exceptions de nullit\u00e9 contre cette ordonnance de renvoi.<\/p>\n<p>Ainsi, les avocats d&rsquo;Aboubacar Diakit\u00e9 dit Toumba sollicitent sa mise en libert\u00e9 imm\u00e9diate et son \u00e9vacuation sanitaire hors du pays pour \u00eatre bien en forme pour le proc\u00e8s.<\/p>\n<p><a href=\"https:\/\/universnews224.com\/wp-content\/uploads\/2022\/10\/8A1FDECC-847B-4518-A40E-49BB5409D74D.jpeg\"><img loading=\"lazy\" class=\"alignnone size-medium wp-image-2148\" src=\"https:\/\/universnews224.com\/wp-content\/uploads\/2022\/10\/8A1FDECC-847B-4518-A40E-49BB5409D74D-300x169.jpeg\" alt=\"\" width=\"300\" height=\"169\" srcset=\"https:\/\/universnews224.com\/wp-content\/uploads\/2022\/10\/8A1FDECC-847B-4518-A40E-49BB5409D74D-300x169.jpeg 300w, https:\/\/universnews224.com\/wp-content\/uploads\/2022\/10\/8A1FDECC-847B-4518-A40E-49BB5409D74D-768x432.jpeg 768w, https:\/\/universnews224.com\/wp-content\/uploads\/2022\/10\/8A1FDECC-847B-4518-A40E-49BB5409D74D-800x450.jpeg 800w, https:\/\/universnews224.com\/wp-content\/uploads\/2022\/10\/8A1FDECC-847B-4518-A40E-49BB5409D74D.jpeg 1024w\" sizes=\"(max-width: 300px) 100vw, 300px\" \/><\/a>Alass Sylla<\/p>\n","protected":false},"excerpt":{"rendered":"<p>13 ans apr\u00e8s le massacre du 28 septembre 2009, c&rsquo;est parti pour la deuxi\u00e8me audience<\/p>\n","protected":false},"author":2,"featured_media":0,"comment_status":"closed","ping_status":"open","sticky":false,"template":"","format":"standard","meta":[],"categories":[3,4],"tags":[229],"yoast_head":"<!-- This site is optimized with the Yoast SEO plugin v19.13 - https:\/\/yoast.com\/wordpress\/plugins\/seo\/ -->\n<title>Proc\u00e8s du 28 septembre 2009 : l&#039;inculp\u00e9 Colonel Moussa Tiegboro se d\u00e9fend \u00e0 la barre - UNIVERSNEWS224<\/title>\n<meta name=\"robots\" content=\"index, follow, max-snippet:-1, max-image-preview:large, max-video-preview:-1\" \/>\n<link rel=\"canonical\" href=\"https:\/\/universnews224.com\/index.php\/proces-du-28-septembre-2009-linculpe-colonel-moussa-tiegboro-se-defend-a-la-barre\/\" \/>\n<meta property=\"og:locale\" content=\"fr_FR\" \/>\n<meta property=\"og:type\" content=\"article\" \/>\n<meta property=\"og:title\" content=\"Proc\u00e8s du 28 septembre 2009 : l&#039;inculp\u00e9 Colonel Moussa Tiegboro se d\u00e9fend \u00e0 la barre - UNIVERSNEWS224\" \/>\n<meta property=\"og:description\" content=\"13 ans apr\u00e8s le massacre du 28 septembre 2009, c&rsquo;est parti pour la deuxi\u00e8me audience\" \/>\n<meta property=\"og:url\" content=\"https:\/\/universnews224.com\/index.php\/proces-du-28-septembre-2009-linculpe-colonel-moussa-tiegboro-se-defend-a-la-barre\/\" \/>\n<meta property=\"og:site_name\" content=\"UNIVERSNEWS224\" \/>\n<meta property=\"article:published_time\" content=\"2022-10-04T13:36:57+00:00\" \/>\n<meta property=\"og:image\" content=\"https:\/\/universnews224.com\/wp-content\/uploads\/2022\/10\/8A1FDECC-847B-4518-A40E-49BB5409D74D-300x169.jpeg\" \/>\n<meta name=\"author\" content=\"La R\u00e9daction\" \/>\n<meta name=\"twitter:label1\" content=\"\u00c9crit par\" \/>\n\t<meta name=\"twitter:data1\" content=\"La R\u00e9daction\" \/>\n\t<meta name=\"twitter:label2\" content=\"Dur\u00e9e de lecture estim\u00e9e\" \/>\n\t<meta name=\"twitter:data2\" content=\"2 minutes\" \/>\n<script type=\"application\/ld+json\" class=\"yoast-schema-graph\">{\"@context\":\"https:\/\/schema.org\",\"@graph\":[{\"@type\":\"Article\",\"@id\":\"https:\/\/universnews224.com\/index.php\/proces-du-28-septembre-2009-linculpe-colonel-moussa-tiegboro-se-defend-a-la-barre\/#article\",\"isPartOf\":{\"@id\":\"https:\/\/universnews224.com\/index.php\/proces-du-28-septembre-2009-linculpe-colonel-moussa-tiegboro-se-defend-a-la-barre\/\"},\"author\":{\"name\":\"La R\u00e9daction\",\"@id\":\"https:\/\/universnews224.com\/#\/schema\/person\/a4b7d4f94a4716df60456a491260485e\"},\"headline\":\"Proc\u00e8s du 28 septembre 2009 : l&rsquo;inculp\u00e9 Colonel Moussa Tiegboro se d\u00e9fend \u00e0 la barre\",\"datePublished\":\"2022-10-04T13:36:57+00:00\",\"dateModified\":\"2022-10-04T13:36:57+00:00\",\"mainEntityOfPage\":{\"@id\":\"https:\/\/universnews224.com\/index.php\/proces-du-28-septembre-2009-linculpe-colonel-moussa-tiegboro-se-defend-a-la-barre\/\"},\"wordCount\":358,\"publisher\":{\"@id\":\"https:\/\/universnews224.com\/#organization\"},\"keywords\":[\"La une\"],\"articleSection\":[\"ACTU\",\"POLITIQUE\"],\"inLanguage\":\"fr-FR\"},{\"@type\":\"WebPage\",\"@id\":\"https:\/\/universnews224.com\/index.php\/proces-du-28-septembre-2009-linculpe-colonel-moussa-tiegboro-se-defend-a-la-barre\/\",\"url\":\"https:\/\/universnews224.com\/index.php\/proces-du-28-septembre-2009-linculpe-colonel-moussa-tiegboro-se-defend-a-la-barre\/\",\"name\":\"Proc\u00e8s du 28 septembre 2009 : l'inculp\u00e9 Colonel Moussa Tiegboro se d\u00e9fend \u00e0 la barre - UNIVERSNEWS224\",\"isPartOf\":{\"@id\":\"https:\/\/universnews224.com\/#website\"},\"datePublished\":\"2022-10-04T13:36:57+00:00\",\"dateModified\":\"2022-10-04T13:36:57+00:00\",\"inLanguage\":\"fr-FR\",\"potentialAction\":[{\"@type\":\"ReadAction\",\"target\":[\"https:\/\/universnews224.com\/index.php\/proces-du-28-septembre-2009-linculpe-colonel-moussa-tiegboro-se-defend-a-la-barre\/\"]}]},{\"@type\":\"WebSite\",\"@id\":\"https:\/\/universnews224.com\/#website\",\"url\":\"https:\/\/universnews224.com\/\",\"name\":\"UNIVERSNEWS224\",\"description\":\"\",\"publisher\":{\"@id\":\"https:\/\/universnews224.com\/#organization\"},\"potentialAction\":[{\"@type\":\"SearchAction\",\"target\":{\"@type\":\"EntryPoint\",\"urlTemplate\":\"https:\/\/universnews224.com\/?s={search_term_string}\"},\"query-input\":\"required name=search_term_string\"}],\"inLanguage\":\"fr-FR\"},{\"@type\":\"Organization\",\"@id\":\"https:\/\/universnews224.com\/#organization\",\"name\":\"UNIVERSNEWS224\",\"url\":\"https:\/\/universnews224.com\/\",\"logo\":{\"@type\":\"ImageObject\",\"inLanguage\":\"fr-FR\",\"@id\":\"https:\/\/universnews224.com\/#\/schema\/logo\/image\/\",\"url\":\"https:\/\/universnews224.com\/wp-content\/uploads\/2022\/08\/cropped-cropped-logoban.jpg\",\"contentUrl\":\"https:\/\/universnews224.com\/wp-content\/uploads\/2022\/08\/cropped-cropped-logoban.jpg\",\"width\":1080,\"height\":138,\"caption\":\"UNIVERSNEWS224\"},\"image\":{\"@id\":\"https:\/\/universnews224.com\/#\/schema\/logo\/image\/\"}},{\"@type\":\"Person\",\"@id\":\"https:\/\/universnews224.com\/#\/schema\/person\/a4b7d4f94a4716df60456a491260485e\",\"name\":\"La R\u00e9daction\",\"image\":{\"@type\":\"ImageObject\",\"inLanguage\":\"fr-FR\",\"@id\":\"https:\/\/universnews224.com\/#\/schema\/person\/image\/\",\"url\":\"https:\/\/secure.gravatar.com\/avatar\/edb90acc7752b23e1b3307ad36c14f0d?s=96&d=mm&r=g\",\"contentUrl\":\"https:\/\/secure.gravatar.com\/avatar\/edb90acc7752b23e1b3307ad36c14f0d?s=96&d=mm&r=g\",\"caption\":\"La R\u00e9daction\"},\"sameAs\":[\"https:\/\/universnews224.com\"],\"url\":\"https:\/\/universnews224.com\/index.php\/author\/m-camara\/\"}]}<\/script>\n<!-- \/ Yoast SEO plugin. -->","yoast_head_json":{"title":"Proc\u00e8s du 28 septembre 2009 : l'inculp\u00e9 Colonel Moussa Tiegboro se d\u00e9fend \u00e0 la barre - UNIVERSNEWS224","robots":{"index":"index","follow":"follow","max-snippet":"max-snippet:-1","max-image-preview":"max-image-preview:large","max-video-preview":"max-video-preview:-1"},"canonical":"https:\/\/universnews224.com\/index.php\/proces-du-28-septembre-2009-linculpe-colonel-moussa-tiegboro-se-defend-a-la-barre\/","og_locale":"fr_FR","og_type":"article","og_title":"Proc\u00e8s du 28 septembre 2009 : l'inculp\u00e9 Colonel Moussa Tiegboro se d\u00e9fend \u00e0 la barre - UNIVERSNEWS224","og_description":"13 ans apr\u00e8s le massacre du 28 septembre 2009, c&rsquo;est parti pour la deuxi\u00e8me audience","og_url":"https:\/\/universnews224.com\/index.php\/proces-du-28-septembre-2009-linculpe-colonel-moussa-tiegboro-se-defend-a-la-barre\/","og_site_name":"UNIVERSNEWS224","article_published_time":"2022-10-04T13:36:57+00:00","og_image":[{"url":"https:\/\/universnews224.com\/wp-content\/uploads\/2022\/10\/8A1FDECC-847B-4518-A40E-49BB5409D74D-300x169.jpeg"}],"author":"La R\u00e9daction","twitter_misc":{"\u00c9crit par":"La R\u00e9daction","Dur\u00e9e de lecture estim\u00e9e":"2 minutes"},"schema":{"@context":"https:\/\/schema.org","@graph":[{"@type":"Article","@id":"https:\/\/universnews224.com\/index.php\/proces-du-28-septembre-2009-linculpe-colonel-moussa-tiegboro-se-defend-a-la-barre\/#article","isPartOf":{"@id":"https:\/\/universnews224.com\/index.php\/proces-du-28-septembre-2009-linculpe-colonel-moussa-tiegboro-se-defend-a-la-barre\/"},"author":{"name":"La R\u00e9daction","@id":"https:\/\/universnews224.com\/#\/schema\/person\/a4b7d4f94a4716df60456a491260485e"},"headline":"Proc\u00e8s du 28 septembre 2009 : l&rsquo;inculp\u00e9 Colonel Moussa Tiegboro se d\u00e9fend \u00e0 la barre","datePublished":"2022-10-04T13:36:57+00:00","dateModified":"2022-10-04T13:36:57+00:00","mainEntityOfPage":{"@id":"https:\/\/universnews224.com\/index.php\/proces-du-28-septembre-2009-linculpe-colonel-moussa-tiegboro-se-defend-a-la-barre\/"},"wordCount":358,"publisher":{"@id":"https:\/\/universnews224.com\/#organization"},"keywords":["La une"],"articleSection":["ACTU","POLITIQUE"],"inLanguage":"fr-FR"},{"@type":"WebPage","@id":"https:\/\/universnews224.com\/index.php\/proces-du-28-septembre-2009-linculpe-colonel-moussa-tiegboro-se-defend-a-la-barre\/","url":"https:\/\/universnews224.com\/index.php\/proces-du-28-septembre-2009-linculpe-colonel-moussa-tiegboro-se-defend-a-la-barre\/","name":"Proc\u00e8s du 28 septembre 2009 : l'inculp\u00e9 Colonel Moussa Tiegboro se d\u00e9fend \u00e0 la barre - UNIVERSNEWS224","isPartOf":{"@id":"https:\/\/universnews224.com\/#website"},"datePublished":"2022-10-04T13:36:57+00:00","dateModified":"2022-10-04T13:36:57+00:00","inLanguage":"fr-FR","potentialAction":[{"@type":"ReadAction","target":["https:\/\/universnews224.com\/index.php\/proces-du-28-septembre-2009-linculpe-colonel-moussa-tiegboro-se-defend-a-la-barre\/"]}]},{"@type":"WebSite","@id":"https:\/\/universnews224.com\/#website","url":"https:\/\/universnews224.com\/","name":"UNIVERSNEWS224","description":"","publisher":{"@id":"https:\/\/universnews224.com\/#organization"},"potentialAction":[{"@type":"SearchAction","target":{"@type":"EntryPoint","urlTemplate":"https:\/\/universnews224.com\/?s={search_term_string}"},"query-input":"required name=search_term_string"}],"inLanguage":"fr-FR"},{"@type":"Organization","@id":"https:\/\/universnews224.com\/#organization","name":"UNIVERSNEWS224","url":"https:\/\/universnews224.com\/","logo":{"@type":"ImageObject","inLanguage":"fr-FR","@id":"https:\/\/universnews224.com\/#\/schema\/logo\/image\/","url":"https:\/\/universnews224.com\/wp-content\/uploads\/2022\/08\/cropped-cropped-logoban.jpg","contentUrl":"https:\/\/universnews224.com\/wp-content\/uploads\/2022\/08\/cropped-cropped-logoban.jpg","width":1080,"height":138,"caption":"UNIVERSNEWS224"},"image":{"@id":"https:\/\/universnews224.com\/#\/schema\/logo\/image\/"}},{"@type":"Person","@id":"https:\/\/universnews224.com\/#\/schema\/person\/a4b7d4f94a4716df60456a491260485e","name":"La R\u00e9daction","image":{"@type":"ImageObject","inLanguage":"fr-FR","@id":"https:\/\/universnews224.com\/#\/schema\/person\/image\/","url":"https:\/\/secure.gravatar.com\/avatar\/edb90acc7752b23e1b3307ad36c14f0d?s=96&d=mm&r=g","contentUrl":"https:\/\/secure.gravatar.com\/avatar\/edb90acc7752b23e1b3307ad36c14f0d?s=96&d=mm&r=g","caption":"La R\u00e9daction"},"sameAs":["https:\/\/universnews224.com"],"url":"https:\/\/universnews224.com\/index.php\/author\/m-camara\/"}]}},"_links":{"self":[{"href":"https:\/\/universnews224.com\/index.php\/wp-json\/wp\/v2\/posts\/2147"}],"collection":[{"href":"https:\/\/universnews224.com\/index.php\/wp-json\/wp\/v2\/posts"}],"about":[{"href":"https:\/\/universnews224.com\/index.php\/wp-json\/wp\/v2\/types\/post"}],"author":[{"embeddable":true,"href":"https:\/\/universnews224.com\/index.php\/wp-json\/wp\/v2\/users\/2"}],"replies":[{"embeddable":true,"href":"https:\/\/universnews224.com\/index.php\/wp-json\/wp\/v2\/comments?post=2147"}],"version-history":[{"count":1,"href":"https:\/\/universnews224.com\/index.php\/wp-json\/wp\/v2\/posts\/2147\/revisions"}],"predecessor-version":[{"id":2149,"href":"https:\/\/universnews224.com\/index.php\/wp-json\/wp\/v2\/posts\/2147\/revisions\/2149"}],"wp:attachment":[{"href":"https:\/\/universnews224.com\/index.php\/wp-json\/wp\/v2\/media?parent=2147"}],"wp:term":[{"taxonomy":"category","embeddable":true,"href":"https:\/\/universnews224.com\/index.php\/wp-json\/wp\/v2\/categories?post=2147"},{"taxonomy":"post_tag","embeddable":true,"href":"https:\/\/universnews224.com\/index.php\/wp-json\/wp\/v2\/tags?post=2147"}],"curies":[{"name":"wp","href":"https:\/\/api.w.org\/{rel}","templated":true}]}}