{"id":2158,"date":"2022-10-06T17:29:42","date_gmt":"2022-10-06T16:29:42","guid":{"rendered":"https:\/\/universnews224.com\/?p=2158"},"modified":"2022-10-06T17:29:42","modified_gmt":"2022-10-06T16:29:42","slug":"massacre-du-28-septembre-cest-quelque-chose-qui-a-ete-prepare-sur-le-plan-international-et-local-bogola-haba","status":"publish","type":"post","link":"https:\/\/universnews224.com\/index.php\/massacre-du-28-septembre-cest-quelque-chose-qui-a-ete-prepare-sur-le-plan-international-et-local-bogola-haba\/","title":{"rendered":"Massacre du 28 septembre: \u00abc\u2019est quelque chose qui a \u00e9t\u00e9 pr\u00e9par\u00e9 sur le plan international et local\u00bb, Bogola Haba."},"content":{"rendered":"<p>Massacre du 28 septembre: \u00abc\u2019est quelque chose qui a \u00e9t\u00e9 pr\u00e9par\u00e9 sur le plan international et local\u00bb, Bogola Haba.<\/p>\n<p>Le proc\u00e8s des \u00e9v\u00e9nements douloureux du 28 septembre 2009 qui a fait 157 morts au stade du m\u00eame nom s\u2019est ouvert le 28 septembre dernier \u00e0 Conakry, 13 ans apr\u00e8s ces exactions.<\/p>\n<p>Interrog\u00e9 par nos confr\u00e8res de la radio Espace Fm dans l\u2019\u00e9mission \u00ables Grandes Gueules\u00bb de ce jeudi, 06 octobre 2022 sur le d\u00e9roulement de ce proc\u00e8s, le coordinateur du Front National pour la D\u00e9fense pour la Transition fait des r\u00e9v\u00e9lations fracassantes sur ces \u00e9v\u00e9nements douloureux.<\/p>\n<p>Selon Bogola Haba, ces \u00e9v\u00e9nements du 28 septembre qui ont co\u00fbt\u00e9 la vie \u00e0 plus de 157 personnes \u00e9taient pr\u00e9par\u00e9s sur le plan international et local.<\/p>\n<p>\u00abNous avons fait une demande expresse. Que ceux qui ont organis\u00e9 ces \u00e9v\u00e9nements, qui ont planifi\u00e9 de A \u00e0 Z jusqu\u2019au 27 septembre 2009 , nous devons remonter l\u2019histoire pour savoirles causes de ces \u00e9v\u00e9nements .J\u2019\u00e9tais aux \u00c9tats Unis ce jour l\u00e0, M Alpha Cond\u00e9 \u00e9tait aussi \u00a0l\u00e0-bas, il a pri\u00e9 \u00e0 la mosqu\u00e9e Bronce le 27 septembre . Il y avait d\u2019autres qui \u00e9taient Paris, d\u2019autres aussi \u00e0 Dakar, \u00e9videmment d\u2019autres sont rentr\u00e9s ici \u00a0le 27 septembre. Donc, c\u2019est quelque chose qui a \u00e9t\u00e9 pr\u00e9par\u00e9 sur le plan international et local. Il est important que nous puissions ouvrir des t\u00e9moignages sur ces \u00e9v\u00e9nements avant 28, apr\u00e8s 28 septembre et jusqu\u2019au 3 d\u00e9cembre 2009\u00bb a t-il martel\u00e9.<\/p>\n<p>Poursuivant sa r\u00e9v\u00e9lation, l\u2019ancien responsable de de communication de l\u2019ANAD a d\u00e9clar\u00e9 que tous les leaders savaient que la journ\u00e9e du 28 septembre \u00e9tait une journ\u00e9e \u00e0 haut risque.<\/p>\n<p>\u00abJe suis l\u2019une des personnes qui assume ses responsabilit\u00e9s. Moi, j\u2019\u00e9tais membre FND de Moctar Diallo, un cadre important, tout le monde conna\u00eet l\u2019histoire du parti par rapport \u00e0 l\u2019\u00e9v\u00e9nement. Nous avons bien dit que vu la tension qui \u00e9tait en vue. Vu les communications qui sont pass\u00e9es \u00e0 Paris. Fran\u00e7ois Louceny Fall, il y \u00e9tait, \u00a0Mouctar Diallo, il est parti, d\u2019autres sont partis. Tout le monde savait qu\u2019il y ait une tension palpable surtout autour de la manifestation du 28 septembre, que l\u2019\u00e9v\u00e9nement du 28 septembre que c\u2019est un \u00e9v\u00e9nement \u00e0 haut risque\u2026 Ce qui se passait dans les diff\u00e9rentes discussions qu\u2019on avait, c\u2019est que tout le monde s\u2019attendait \u00e0 ce que ce jour-l\u00e0, Dadis quitte le pouvoir et Alpha a dit \u00e0 Bronce. Il a dit que les jours des militaires sont compt\u00e9s.Nous avons demand\u00e9 \u00e0 ce que les leaders reportent leurs manifestations et donc, cela n\u2019a pas \u00e9t\u00e9 fait. Aucun leader n\u2019a pris sa responsabilit\u00e9\u2026Ce que nous savions, c\u2019est que les organisateurs de ces \u00e9v\u00e9nements s\u2019attendaient \u00e9videmment \u00e0 ce qu\u2019il ait un bras de fer. Et l\u00e0, nous l\u2019avons constat\u00e9 ce jour-l\u00e0. Le stade \u00e9tait herm\u00e9tiquement ferm\u00e9, ce stade a \u00e9t\u00e9 ouvert,il faut qu\u2019on sache qui a ouvert le stade. Il faut qu\u2018on \u00a0sache \u00e9galement pourquoi le choix du 28 septembre qui est date historique\u00bb, a t-il indiqu\u00e9.<\/p>\n<p>Plus loin M Haba souhaite que les leaders politiques qui ont organis\u00e9 ces \u00e9v\u00e9nements soient attendus.<\/p>\n<p>\u00abCeux qui ont pris organis\u00e9 doivent \u00eatre les premiers \u00e0 \u00eatre un interrog\u00e9s. Pourquoi, ils ont choix la date du 28 septembre, pourquoi ils ont choisi le 28 septembre qui est la date historique. De l\u2019autre c\u00f4t\u00e9, malgr\u00e9 l\u2019interdiction ont \u00e9t\u00e9 faites \u00a0pourquoi, ils ont forc\u00e9 pour rentrer dans un stade herm\u00e9tiquement ferm\u00e9 et quelles \u00e9taient les dispositions prises. Cellou Dalein Diallo et Sydia Tour\u00e9 doivent \u00eatre pr\u00e9sents. Ceux qui ont particip\u00e9 doivent \u00eatre pr\u00e9sents \u00e0 ce proc\u00e8s pour nous dire pourquoi ils ont organis\u00e9 cette manifestation et qu\u2019est-ce qui s\u2019est r\u00e9ellement pass\u00e9 ce jour-l\u00e0\u00bb a t-il martel\u00e9.<\/p>\n<p>Camara Mamadouba<br \/>\n611 46 04 10<\/p>\n","protected":false},"excerpt":{"rendered":"<p>Massacre du 28 septembre: \u00abc\u2019est quelque chose qui a \u00e9t\u00e9 pr\u00e9par\u00e9 sur le plan international<\/p>\n","protected":false},"author":2,"featured_media":2094,"comment_status":"closed","ping_status":"open","sticky":false,"template":"","format":"standard","meta":[],"categories":[3,4],"tags":[229],"yoast_head":"<!-- This site is optimized with the Yoast SEO plugin v19.13 - https:\/\/yoast.com\/wordpress\/plugins\/seo\/ -->\n<title>Massacre du 28 septembre: \u00abc\u2019est quelque chose qui a \u00e9t\u00e9 pr\u00e9par\u00e9 sur le plan international et local\u00bb, Bogola Haba. - UNIVERSNEWS224<\/title>\n<meta name=\"robots\" content=\"index, follow, max-snippet:-1, max-image-preview:large, max-video-preview:-1\" \/>\n<link rel=\"canonical\" href=\"https:\/\/universnews224.com\/index.php\/massacre-du-28-septembre-cest-quelque-chose-qui-a-ete-prepare-sur-le-plan-international-et-local-bogola-haba\/\" \/>\n<meta property=\"og:locale\" content=\"fr_FR\" \/>\n<meta property=\"og:type\" content=\"article\" \/>\n<meta property=\"og:title\" content=\"Massacre du 28 septembre: \u00abc\u2019est quelque chose qui a \u00e9t\u00e9 pr\u00e9par\u00e9 sur le plan international et local\u00bb, Bogola Haba. - UNIVERSNEWS224\" \/>\n<meta property=\"og:description\" content=\"Massacre du 28 septembre: \u00abc\u2019est quelque chose qui a \u00e9t\u00e9 pr\u00e9par\u00e9 sur le plan international\" \/>\n<meta property=\"og:url\" content=\"https:\/\/universnews224.com\/index.php\/massacre-du-28-septembre-cest-quelque-chose-qui-a-ete-prepare-sur-le-plan-international-et-local-bogola-haba\/\" \/>\n<meta property=\"og:site_name\" content=\"UNIVERSNEWS224\" \/>\n<meta property=\"article:published_time\" content=\"2022-10-06T16:29:42+00:00\" \/>\n<meta property=\"og:image\" content=\"https:\/\/universnews224.com\/wp-content\/uploads\/2022\/09\/B620093E-EAE2-45D1-8910-FB2870DFD3C7.png\" \/>\n\t<meta property=\"og:image:width\" content=\"700\" \/>\n\t<meta property=\"og:image:height\" content=\"394\" \/>\n\t<meta property=\"og:image:type\" content=\"image\/png\" \/>\n<meta name=\"author\" content=\"La R\u00e9daction\" \/>\n<meta name=\"twitter:label1\" content=\"\u00c9crit par\" \/>\n\t<meta name=\"twitter:data1\" content=\"La R\u00e9daction\" \/>\n\t<meta name=\"twitter:label2\" content=\"Dur\u00e9e de lecture estim\u00e9e\" \/>\n\t<meta name=\"twitter:data2\" content=\"4 minutes\" \/>\n<script type=\"application\/ld+json\" class=\"yoast-schema-graph\">{\"@context\":\"https:\/\/schema.org\",\"@graph\":[{\"@type\":\"Article\",\"@id\":\"https:\/\/universnews224.com\/index.php\/massacre-du-28-septembre-cest-quelque-chose-qui-a-ete-prepare-sur-le-plan-international-et-local-bogola-haba\/#article\",\"isPartOf\":{\"@id\":\"https:\/\/universnews224.com\/index.php\/massacre-du-28-septembre-cest-quelque-chose-qui-a-ete-prepare-sur-le-plan-international-et-local-bogola-haba\/\"},\"author\":{\"name\":\"La R\u00e9daction\",\"@id\":\"https:\/\/universnews224.com\/#\/schema\/person\/a4b7d4f94a4716df60456a491260485e\"},\"headline\":\"Massacre du 28 septembre: \u00abc\u2019est quelque chose qui a \u00e9t\u00e9 pr\u00e9par\u00e9 sur le plan international et local\u00bb, Bogola Haba.\",\"datePublished\":\"2022-10-06T16:29:42+00:00\",\"dateModified\":\"2022-10-06T16:29:42+00:00\",\"mainEntityOfPage\":{\"@id\":\"https:\/\/universnews224.com\/index.php\/massacre-du-28-septembre-cest-quelque-chose-qui-a-ete-prepare-sur-le-plan-international-et-local-bogola-haba\/\"},\"wordCount\":673,\"publisher\":{\"@id\":\"https:\/\/universnews224.com\/#organization\"},\"keywords\":[\"La une\"],\"articleSection\":[\"ACTU\",\"POLITIQUE\"],\"inLanguage\":\"fr-FR\"},{\"@type\":\"WebPage\",\"@id\":\"https:\/\/universnews224.com\/index.php\/massacre-du-28-septembre-cest-quelque-chose-qui-a-ete-prepare-sur-le-plan-international-et-local-bogola-haba\/\",\"url\":\"https:\/\/universnews224.com\/index.php\/massacre-du-28-septembre-cest-quelque-chose-qui-a-ete-prepare-sur-le-plan-international-et-local-bogola-haba\/\",\"name\":\"Massacre du 28 septembre: \u00abc\u2019est quelque chose qui a \u00e9t\u00e9 pr\u00e9par\u00e9 sur le plan international et local\u00bb, Bogola Haba. - UNIVERSNEWS224\",\"isPartOf\":{\"@id\":\"https:\/\/universnews224.com\/#website\"},\"datePublished\":\"2022-10-06T16:29:42+00:00\",\"dateModified\":\"2022-10-06T16:29:42+00:00\",\"inLanguage\":\"fr-FR\",\"potentialAction\":[{\"@type\":\"ReadAction\",\"target\":[\"https:\/\/universnews224.com\/index.php\/massacre-du-28-septembre-cest-quelque-chose-qui-a-ete-prepare-sur-le-plan-international-et-local-bogola-haba\/\"]}]},{\"@type\":\"WebSite\",\"@id\":\"https:\/\/universnews224.com\/#website\",\"url\":\"https:\/\/universnews224.com\/\",\"name\":\"UNIVERSNEWS224\",\"description\":\"\",\"publisher\":{\"@id\":\"https:\/\/universnews224.com\/#organization\"},\"potentialAction\":[{\"@type\":\"SearchAction\",\"target\":{\"@type\":\"EntryPoint\",\"urlTemplate\":\"https:\/\/universnews224.com\/?s={search_term_string}\"},\"query-input\":\"required name=search_term_string\"}],\"inLanguage\":\"fr-FR\"},{\"@type\":\"Organization\",\"@id\":\"https:\/\/universnews224.com\/#organization\",\"name\":\"UNIVERSNEWS224\",\"url\":\"https:\/\/universnews224.com\/\",\"logo\":{\"@type\":\"ImageObject\",\"inLanguage\":\"fr-FR\",\"@id\":\"https:\/\/universnews224.com\/#\/schema\/logo\/image\/\",\"url\":\"https:\/\/universnews224.com\/wp-content\/uploads\/2022\/08\/cropped-cropped-logoban.jpg\",\"contentUrl\":\"https:\/\/universnews224.com\/wp-content\/uploads\/2022\/08\/cropped-cropped-logoban.jpg\",\"width\":1080,\"height\":138,\"caption\":\"UNIVERSNEWS224\"},\"image\":{\"@id\":\"https:\/\/universnews224.com\/#\/schema\/logo\/image\/\"}},{\"@type\":\"Person\",\"@id\":\"https:\/\/universnews224.com\/#\/schema\/person\/a4b7d4f94a4716df60456a491260485e\",\"name\":\"La R\u00e9daction\",\"image\":{\"@type\":\"ImageObject\",\"inLanguage\":\"fr-FR\",\"@id\":\"https:\/\/universnews224.com\/#\/schema\/person\/image\/\",\"url\":\"https:\/\/secure.gravatar.com\/avatar\/edb90acc7752b23e1b3307ad36c14f0d?s=96&d=mm&r=g\",\"contentUrl\":\"https:\/\/secure.gravatar.com\/avatar\/edb90acc7752b23e1b3307ad36c14f0d?s=96&d=mm&r=g\",\"caption\":\"La R\u00e9daction\"},\"sameAs\":[\"https:\/\/universnews224.com\"],\"url\":\"https:\/\/universnews224.com\/index.php\/author\/m-camara\/\"}]}<\/script>\n<!-- \/ Yoast SEO plugin. -->","yoast_head_json":{"title":"Massacre du 28 septembre: \u00abc\u2019est quelque chose qui a \u00e9t\u00e9 pr\u00e9par\u00e9 sur le plan international et local\u00bb, Bogola Haba. - UNIVERSNEWS224","robots":{"index":"index","follow":"follow","max-snippet":"max-snippet:-1","max-image-preview":"max-image-preview:large","max-video-preview":"max-video-preview:-1"},"canonical":"https:\/\/universnews224.com\/index.php\/massacre-du-28-septembre-cest-quelque-chose-qui-a-ete-prepare-sur-le-plan-international-et-local-bogola-haba\/","og_locale":"fr_FR","og_type":"article","og_title":"Massacre du 28 septembre: \u00abc\u2019est quelque chose qui a \u00e9t\u00e9 pr\u00e9par\u00e9 sur le plan international et local\u00bb, Bogola Haba. - UNIVERSNEWS224","og_description":"Massacre du 28 septembre: \u00abc\u2019est quelque chose qui a \u00e9t\u00e9 pr\u00e9par\u00e9 sur le plan international","og_url":"https:\/\/universnews224.com\/index.php\/massacre-du-28-septembre-cest-quelque-chose-qui-a-ete-prepare-sur-le-plan-international-et-local-bogola-haba\/","og_site_name":"UNIVERSNEWS224","article_published_time":"2022-10-06T16:29:42+00:00","og_image":[{"width":700,"height":394,"url":"https:\/\/universnews224.com\/wp-content\/uploads\/2022\/09\/B620093E-EAE2-45D1-8910-FB2870DFD3C7.png","type":"image\/png"}],"author":"La R\u00e9daction","twitter_misc":{"\u00c9crit par":"La R\u00e9daction","Dur\u00e9e de lecture estim\u00e9e":"4 minutes"},"schema":{"@context":"https:\/\/schema.org","@graph":[{"@type":"Article","@id":"https:\/\/universnews224.com\/index.php\/massacre-du-28-septembre-cest-quelque-chose-qui-a-ete-prepare-sur-le-plan-international-et-local-bogola-haba\/#article","isPartOf":{"@id":"https:\/\/universnews224.com\/index.php\/massacre-du-28-septembre-cest-quelque-chose-qui-a-ete-prepare-sur-le-plan-international-et-local-bogola-haba\/"},"author":{"name":"La R\u00e9daction","@id":"https:\/\/universnews224.com\/#\/schema\/person\/a4b7d4f94a4716df60456a491260485e"},"headline":"Massacre du 28 septembre: \u00abc\u2019est quelque chose qui a \u00e9t\u00e9 pr\u00e9par\u00e9 sur le plan international et local\u00bb, Bogola Haba.","datePublished":"2022-10-06T16:29:42+00:00","dateModified":"2022-10-06T16:29:42+00:00","mainEntityOfPage":{"@id":"https:\/\/universnews224.com\/index.php\/massacre-du-28-septembre-cest-quelque-chose-qui-a-ete-prepare-sur-le-plan-international-et-local-bogola-haba\/"},"wordCount":673,"publisher":{"@id":"https:\/\/universnews224.com\/#organization"},"keywords":["La une"],"articleSection":["ACTU","POLITIQUE"],"inLanguage":"fr-FR"},{"@type":"WebPage","@id":"https:\/\/universnews224.com\/index.php\/massacre-du-28-septembre-cest-quelque-chose-qui-a-ete-prepare-sur-le-plan-international-et-local-bogola-haba\/","url":"https:\/\/universnews224.com\/index.php\/massacre-du-28-septembre-cest-quelque-chose-qui-a-ete-prepare-sur-le-plan-international-et-local-bogola-haba\/","name":"Massacre du 28 septembre: \u00abc\u2019est quelque chose qui a \u00e9t\u00e9 pr\u00e9par\u00e9 sur le plan international et local\u00bb, Bogola Haba. - UNIVERSNEWS224","isPartOf":{"@id":"https:\/\/universnews224.com\/#website"},"datePublished":"2022-10-06T16:29:42+00:00","dateModified":"2022-10-06T16:29:42+00:00","inLanguage":"fr-FR","potentialAction":[{"@type":"ReadAction","target":["https:\/\/universnews224.com\/index.php\/massacre-du-28-septembre-cest-quelque-chose-qui-a-ete-prepare-sur-le-plan-international-et-local-bogola-haba\/"]}]},{"@type":"WebSite","@id":"https:\/\/universnews224.com\/#website","url":"https:\/\/universnews224.com\/","name":"UNIVERSNEWS224","description":"","publisher":{"@id":"https:\/\/universnews224.com\/#organization"},"potentialAction":[{"@type":"SearchAction","target":{"@type":"EntryPoint","urlTemplate":"https:\/\/universnews224.com\/?s={search_term_string}"},"query-input":"required name=search_term_string"}],"inLanguage":"fr-FR"},{"@type":"Organization","@id":"https:\/\/universnews224.com\/#organization","name":"UNIVERSNEWS224","url":"https:\/\/universnews224.com\/","logo":{"@type":"ImageObject","inLanguage":"fr-FR","@id":"https:\/\/universnews224.com\/#\/schema\/logo\/image\/","url":"https:\/\/universnews224.com\/wp-content\/uploads\/2022\/08\/cropped-cropped-logoban.jpg","contentUrl":"https:\/\/universnews224.com\/wp-content\/uploads\/2022\/08\/cropped-cropped-logoban.jpg","width":1080,"height":138,"caption":"UNIVERSNEWS224"},"image":{"@id":"https:\/\/universnews224.com\/#\/schema\/logo\/image\/"}},{"@type":"Person","@id":"https:\/\/universnews224.com\/#\/schema\/person\/a4b7d4f94a4716df60456a491260485e","name":"La R\u00e9daction","image":{"@type":"ImageObject","inLanguage":"fr-FR","@id":"https:\/\/universnews224.com\/#\/schema\/person\/image\/","url":"https:\/\/secure.gravatar.com\/avatar\/edb90acc7752b23e1b3307ad36c14f0d?s=96&d=mm&r=g","contentUrl":"https:\/\/secure.gravatar.com\/avatar\/edb90acc7752b23e1b3307ad36c14f0d?s=96&d=mm&r=g","caption":"La R\u00e9daction"},"sameAs":["https:\/\/universnews224.com"],"url":"https:\/\/universnews224.com\/index.php\/author\/m-camara\/"}]}},"_links":{"self":[{"href":"https:\/\/universnews224.com\/index.php\/wp-json\/wp\/v2\/posts\/2158"}],"collection":[{"href":"https:\/\/universnews224.com\/index.php\/wp-json\/wp\/v2\/posts"}],"about":[{"href":"https:\/\/universnews224.com\/index.php\/wp-json\/wp\/v2\/types\/post"}],"author":[{"embeddable":true,"href":"https:\/\/universnews224.com\/index.php\/wp-json\/wp\/v2\/users\/2"}],"replies":[{"embeddable":true,"href":"https:\/\/universnews224.com\/index.php\/wp-json\/wp\/v2\/comments?post=2158"}],"version-history":[{"count":1,"href":"https:\/\/universnews224.com\/index.php\/wp-json\/wp\/v2\/posts\/2158\/revisions"}],"predecessor-version":[{"id":2161,"href":"https:\/\/universnews224.com\/index.php\/wp-json\/wp\/v2\/posts\/2158\/revisions\/2161"}],"wp:featuredmedia":[{"embeddable":true,"href":"https:\/\/universnews224.com\/index.php\/wp-json\/wp\/v2\/media\/2094"}],"wp:attachment":[{"href":"https:\/\/universnews224.com\/index.php\/wp-json\/wp\/v2\/media?parent=2158"}],"wp:term":[{"taxonomy":"category","embeddable":true,"href":"https:\/\/universnews224.com\/index.php\/wp-json\/wp\/v2\/categories?post=2158"},{"taxonomy":"post_tag","embeddable":true,"href":"https:\/\/universnews224.com\/index.php\/wp-json\/wp\/v2\/tags?post=2158"}],"curies":[{"name":"wp","href":"https:\/\/api.w.org\/{rel}","templated":true}]}}