{"id":2169,"date":"2022-10-07T12:51:00","date_gmt":"2022-10-07T11:51:00","guid":{"rendered":"https:\/\/universnews224.com\/?p=2169"},"modified":"2022-10-07T12:52:34","modified_gmt":"2022-10-07T11:52:34","slug":"mohamed-tall-de-lufr-je-ne-crois-pas-quil-y-ait-aujourdhui-une-classe-dirigeante-autant-repoussee-que-le-cnrd-et-le-gouvernement-actuel","status":"publish","type":"post","link":"https:\/\/universnews224.com\/index.php\/mohamed-tall-de-lufr-je-ne-crois-pas-quil-y-ait-aujourdhui-une-classe-dirigeante-autant-repoussee-que-le-cnrd-et-le-gouvernement-actuel\/","title":{"rendered":"Mohamed Tall de l\u2019UFR: \u00abJe ne crois pas qu\u2019il y ait aujourd\u2019hui une classe dirigeante autant repouss\u00e9e que le CNRD et le gouvernement actuel\u00bb."},"content":{"rendered":"<p>Interrog\u00e9 par nos confr\u00e8res de la radio Djoma Fm dans l\u2019\u00e9mission \u00abOn refait le monde\u00bb de ce jeudi,06 septembre sur le cadre dialogue annonc\u00e9 par les autorit\u00e9s de la transition, le Directeur de cabinet du pr\u00e9sident de l\u2019UFR, Mohamed Tall a indiqu\u00e9 qu\u2019on peut pas organiser un cadre dialogue en Guin\u00e9e, sans la participation des leaders majeurs.<\/p>\n<p>C\u2019est pourquoi, il invite le CNRD \u00e0 organiser un v\u00e9ritable cadre de dialogue avec eux, afin d\u2019avoir des solutions consensuelles pour une sortie de crise.<\/p>\n<p>\u00abLe fait qu\u2019on soit en p\u00e9riode de transition rend encore le dialogue plus n\u00e9cessaire. Donc, aujourd\u2019hui plus que jamais, il nous faut dialoguer pour aller vers des solutions consensuelles, si nous voulons en tout cas d\u00e9crisper la situation. On ne peut pas avoir de paix en Guin\u00e9e, si on ne se parle et je ne crois m\u00eame pas que \u00e7a soit sp\u00e9cifique \u00e0 la Guin\u00e9e. Le dialogue entre les acteurs de la vie publique est un imp\u00e9ratif. Et en Guin\u00e9e, on est dans un contexte assez particulier et je ne crois pas qu\u2019il y ait aujourd\u2019hui une classe dirigeante autant \u00a0repouss\u00e9e que le CNRD et le gouvernement actuel. Quand on est aussi fortement \u00a0rejet\u00e9 par la population, on ne peut pas continuer dans l\u2019unilat\u00e9ralisme. On ne peut pas vouloir dicter sa volont\u00e9 sans aucune forme de concertation et en ent\u00eatant dans ce sens, je crois que le CNRD est entrain de commettre une grave erreur. Rien ne sera possible en marginalisant la classe politique, en marginalisant les acteurs majeurs de la soci\u00e9t\u00e9 civile\u00bb, a martel\u00e9 l\u2019ancien de l\u2019\u00e9levage.<\/p>\n<p>Camara Mamadouba<br \/>\n611 46 04 10<\/p>\n","protected":false},"excerpt":{"rendered":"<p>Interrog\u00e9 par nos confr\u00e8res de la radio Djoma Fm dans l\u2019\u00e9mission \u00abOn refait le monde\u00bb<\/p>\n","protected":false},"author":2,"featured_media":2170,"comment_status":"closed","ping_status":"open","sticky":false,"template":"","format":"standard","meta":[],"categories":[3,4],"tags":[229],"yoast_head":"<!-- This site is optimized with the Yoast SEO plugin v19.13 - https:\/\/yoast.com\/wordpress\/plugins\/seo\/ -->\n<title>Mohamed Tall de l\u2019UFR: \u00abJe ne crois pas qu\u2019il y ait aujourd\u2019hui une classe dirigeante autant repouss\u00e9e que le CNRD et le gouvernement actuel\u00bb. - UNIVERSNEWS224<\/title>\n<meta name=\"robots\" content=\"index, follow, max-snippet:-1, max-image-preview:large, max-video-preview:-1\" \/>\n<link rel=\"canonical\" href=\"https:\/\/universnews224.com\/index.php\/mohamed-tall-de-lufr-je-ne-crois-pas-quil-y-ait-aujourdhui-une-classe-dirigeante-autant-repoussee-que-le-cnrd-et-le-gouvernement-actuel\/\" \/>\n<meta property=\"og:locale\" content=\"fr_FR\" \/>\n<meta property=\"og:type\" content=\"article\" \/>\n<meta property=\"og:title\" content=\"Mohamed Tall de l\u2019UFR: \u00abJe ne crois pas qu\u2019il y ait aujourd\u2019hui une classe dirigeante autant repouss\u00e9e que le CNRD et le gouvernement actuel\u00bb. - UNIVERSNEWS224\" \/>\n<meta property=\"og:description\" content=\"Interrog\u00e9 par nos confr\u00e8res de la radio Djoma Fm dans l\u2019\u00e9mission \u00abOn refait le monde\u00bb\" \/>\n<meta property=\"og:url\" content=\"https:\/\/universnews224.com\/index.php\/mohamed-tall-de-lufr-je-ne-crois-pas-quil-y-ait-aujourdhui-une-classe-dirigeante-autant-repoussee-que-le-cnrd-et-le-gouvernement-actuel\/\" \/>\n<meta property=\"og:site_name\" content=\"UNIVERSNEWS224\" \/>\n<meta property=\"article:published_time\" content=\"2022-10-07T11:51:00+00:00\" \/>\n<meta property=\"article:modified_time\" content=\"2022-10-07T11:52:34+00:00\" \/>\n<meta property=\"og:image\" content=\"https:\/\/universnews224.com\/wp-content\/uploads\/2022\/10\/22459B71-E389-4AA4-B23F-1838D4A6CCE4.jpeg\" \/>\n\t<meta property=\"og:image:width\" content=\"220\" \/>\n\t<meta property=\"og:image:height\" content=\"166\" \/>\n\t<meta property=\"og:image:type\" content=\"image\/jpeg\" \/>\n<meta name=\"author\" content=\"La R\u00e9daction\" \/>\n<meta name=\"twitter:label1\" content=\"\u00c9crit par\" \/>\n\t<meta name=\"twitter:data1\" content=\"La R\u00e9daction\" \/>\n\t<meta name=\"twitter:label2\" content=\"Dur\u00e9e de lecture estim\u00e9e\" \/>\n\t<meta name=\"twitter:data2\" content=\"2 minutes\" \/>\n<script type=\"application\/ld+json\" class=\"yoast-schema-graph\">{\"@context\":\"https:\/\/schema.org\",\"@graph\":[{\"@type\":\"Article\",\"@id\":\"https:\/\/universnews224.com\/index.php\/mohamed-tall-de-lufr-je-ne-crois-pas-quil-y-ait-aujourdhui-une-classe-dirigeante-autant-repoussee-que-le-cnrd-et-le-gouvernement-actuel\/#article\",\"isPartOf\":{\"@id\":\"https:\/\/universnews224.com\/index.php\/mohamed-tall-de-lufr-je-ne-crois-pas-quil-y-ait-aujourdhui-une-classe-dirigeante-autant-repoussee-que-le-cnrd-et-le-gouvernement-actuel\/\"},\"author\":{\"name\":\"La R\u00e9daction\",\"@id\":\"https:\/\/universnews224.com\/#\/schema\/person\/a4b7d4f94a4716df60456a491260485e\"},\"headline\":\"Mohamed Tall de l\u2019UFR: \u00abJe ne crois pas qu\u2019il y ait aujourd\u2019hui une classe dirigeante autant repouss\u00e9e que le CNRD et le gouvernement actuel\u00bb.\",\"datePublished\":\"2022-10-07T11:51:00+00:00\",\"dateModified\":\"2022-10-07T11:52:34+00:00\",\"mainEntityOfPage\":{\"@id\":\"https:\/\/universnews224.com\/index.php\/mohamed-tall-de-lufr-je-ne-crois-pas-quil-y-ait-aujourdhui-une-classe-dirigeante-autant-repoussee-que-le-cnrd-et-le-gouvernement-actuel\/\"},\"wordCount\":318,\"publisher\":{\"@id\":\"https:\/\/universnews224.com\/#organization\"},\"keywords\":[\"La une\"],\"articleSection\":[\"ACTU\",\"POLITIQUE\"],\"inLanguage\":\"fr-FR\"},{\"@type\":\"WebPage\",\"@id\":\"https:\/\/universnews224.com\/index.php\/mohamed-tall-de-lufr-je-ne-crois-pas-quil-y-ait-aujourdhui-une-classe-dirigeante-autant-repoussee-que-le-cnrd-et-le-gouvernement-actuel\/\",\"url\":\"https:\/\/universnews224.com\/index.php\/mohamed-tall-de-lufr-je-ne-crois-pas-quil-y-ait-aujourdhui-une-classe-dirigeante-autant-repoussee-que-le-cnrd-et-le-gouvernement-actuel\/\",\"name\":\"Mohamed Tall de l\u2019UFR: \u00abJe ne crois pas qu\u2019il y ait aujourd\u2019hui une classe dirigeante autant repouss\u00e9e que le CNRD et le gouvernement actuel\u00bb. - UNIVERSNEWS224\",\"isPartOf\":{\"@id\":\"https:\/\/universnews224.com\/#website\"},\"datePublished\":\"2022-10-07T11:51:00+00:00\",\"dateModified\":\"2022-10-07T11:52:34+00:00\",\"inLanguage\":\"fr-FR\",\"potentialAction\":[{\"@type\":\"ReadAction\",\"target\":[\"https:\/\/universnews224.com\/index.php\/mohamed-tall-de-lufr-je-ne-crois-pas-quil-y-ait-aujourdhui-une-classe-dirigeante-autant-repoussee-que-le-cnrd-et-le-gouvernement-actuel\/\"]}]},{\"@type\":\"WebSite\",\"@id\":\"https:\/\/universnews224.com\/#website\",\"url\":\"https:\/\/universnews224.com\/\",\"name\":\"UNIVERSNEWS224\",\"description\":\"\",\"publisher\":{\"@id\":\"https:\/\/universnews224.com\/#organization\"},\"potentialAction\":[{\"@type\":\"SearchAction\",\"target\":{\"@type\":\"EntryPoint\",\"urlTemplate\":\"https:\/\/universnews224.com\/?s={search_term_string}\"},\"query-input\":\"required name=search_term_string\"}],\"inLanguage\":\"fr-FR\"},{\"@type\":\"Organization\",\"@id\":\"https:\/\/universnews224.com\/#organization\",\"name\":\"UNIVERSNEWS224\",\"url\":\"https:\/\/universnews224.com\/\",\"logo\":{\"@type\":\"ImageObject\",\"inLanguage\":\"fr-FR\",\"@id\":\"https:\/\/universnews224.com\/#\/schema\/logo\/image\/\",\"url\":\"https:\/\/universnews224.com\/wp-content\/uploads\/2022\/08\/cropped-cropped-logoban.jpg\",\"contentUrl\":\"https:\/\/universnews224.com\/wp-content\/uploads\/2022\/08\/cropped-cropped-logoban.jpg\",\"width\":1080,\"height\":138,\"caption\":\"UNIVERSNEWS224\"},\"image\":{\"@id\":\"https:\/\/universnews224.com\/#\/schema\/logo\/image\/\"}},{\"@type\":\"Person\",\"@id\":\"https:\/\/universnews224.com\/#\/schema\/person\/a4b7d4f94a4716df60456a491260485e\",\"name\":\"La R\u00e9daction\",\"image\":{\"@type\":\"ImageObject\",\"inLanguage\":\"fr-FR\",\"@id\":\"https:\/\/universnews224.com\/#\/schema\/person\/image\/\",\"url\":\"https:\/\/secure.gravatar.com\/avatar\/edb90acc7752b23e1b3307ad36c14f0d?s=96&d=mm&r=g\",\"contentUrl\":\"https:\/\/secure.gravatar.com\/avatar\/edb90acc7752b23e1b3307ad36c14f0d?s=96&d=mm&r=g\",\"caption\":\"La R\u00e9daction\"},\"sameAs\":[\"https:\/\/universnews224.com\"],\"url\":\"https:\/\/universnews224.com\/index.php\/author\/m-camara\/\"}]}<\/script>\n<!-- \/ Yoast SEO plugin. -->","yoast_head_json":{"title":"Mohamed Tall de l\u2019UFR: \u00abJe ne crois pas qu\u2019il y ait aujourd\u2019hui une classe dirigeante autant repouss\u00e9e que le CNRD et le gouvernement actuel\u00bb. - UNIVERSNEWS224","robots":{"index":"index","follow":"follow","max-snippet":"max-snippet:-1","max-image-preview":"max-image-preview:large","max-video-preview":"max-video-preview:-1"},"canonical":"https:\/\/universnews224.com\/index.php\/mohamed-tall-de-lufr-je-ne-crois-pas-quil-y-ait-aujourdhui-une-classe-dirigeante-autant-repoussee-que-le-cnrd-et-le-gouvernement-actuel\/","og_locale":"fr_FR","og_type":"article","og_title":"Mohamed Tall de l\u2019UFR: \u00abJe ne crois pas qu\u2019il y ait aujourd\u2019hui une classe dirigeante autant repouss\u00e9e que le CNRD et le gouvernement actuel\u00bb. - UNIVERSNEWS224","og_description":"Interrog\u00e9 par nos confr\u00e8res de la radio Djoma Fm dans l\u2019\u00e9mission \u00abOn refait le monde\u00bb","og_url":"https:\/\/universnews224.com\/index.php\/mohamed-tall-de-lufr-je-ne-crois-pas-quil-y-ait-aujourdhui-une-classe-dirigeante-autant-repoussee-que-le-cnrd-et-le-gouvernement-actuel\/","og_site_name":"UNIVERSNEWS224","article_published_time":"2022-10-07T11:51:00+00:00","article_modified_time":"2022-10-07T11:52:34+00:00","og_image":[{"width":220,"height":166,"url":"https:\/\/universnews224.com\/wp-content\/uploads\/2022\/10\/22459B71-E389-4AA4-B23F-1838D4A6CCE4.jpeg","type":"image\/jpeg"}],"author":"La R\u00e9daction","twitter_misc":{"\u00c9crit par":"La R\u00e9daction","Dur\u00e9e de lecture estim\u00e9e":"2 minutes"},"schema":{"@context":"https:\/\/schema.org","@graph":[{"@type":"Article","@id":"https:\/\/universnews224.com\/index.php\/mohamed-tall-de-lufr-je-ne-crois-pas-quil-y-ait-aujourdhui-une-classe-dirigeante-autant-repoussee-que-le-cnrd-et-le-gouvernement-actuel\/#article","isPartOf":{"@id":"https:\/\/universnews224.com\/index.php\/mohamed-tall-de-lufr-je-ne-crois-pas-quil-y-ait-aujourdhui-une-classe-dirigeante-autant-repoussee-que-le-cnrd-et-le-gouvernement-actuel\/"},"author":{"name":"La R\u00e9daction","@id":"https:\/\/universnews224.com\/#\/schema\/person\/a4b7d4f94a4716df60456a491260485e"},"headline":"Mohamed Tall de l\u2019UFR: \u00abJe ne crois pas qu\u2019il y ait aujourd\u2019hui une classe dirigeante autant repouss\u00e9e que le CNRD et le gouvernement actuel\u00bb.","datePublished":"2022-10-07T11:51:00+00:00","dateModified":"2022-10-07T11:52:34+00:00","mainEntityOfPage":{"@id":"https:\/\/universnews224.com\/index.php\/mohamed-tall-de-lufr-je-ne-crois-pas-quil-y-ait-aujourdhui-une-classe-dirigeante-autant-repoussee-que-le-cnrd-et-le-gouvernement-actuel\/"},"wordCount":318,"publisher":{"@id":"https:\/\/universnews224.com\/#organization"},"keywords":["La une"],"articleSection":["ACTU","POLITIQUE"],"inLanguage":"fr-FR"},{"@type":"WebPage","@id":"https:\/\/universnews224.com\/index.php\/mohamed-tall-de-lufr-je-ne-crois-pas-quil-y-ait-aujourdhui-une-classe-dirigeante-autant-repoussee-que-le-cnrd-et-le-gouvernement-actuel\/","url":"https:\/\/universnews224.com\/index.php\/mohamed-tall-de-lufr-je-ne-crois-pas-quil-y-ait-aujourdhui-une-classe-dirigeante-autant-repoussee-que-le-cnrd-et-le-gouvernement-actuel\/","name":"Mohamed Tall de l\u2019UFR: \u00abJe ne crois pas qu\u2019il y ait aujourd\u2019hui une classe dirigeante autant repouss\u00e9e que le CNRD et le gouvernement actuel\u00bb. - UNIVERSNEWS224","isPartOf":{"@id":"https:\/\/universnews224.com\/#website"},"datePublished":"2022-10-07T11:51:00+00:00","dateModified":"2022-10-07T11:52:34+00:00","inLanguage":"fr-FR","potentialAction":[{"@type":"ReadAction","target":["https:\/\/universnews224.com\/index.php\/mohamed-tall-de-lufr-je-ne-crois-pas-quil-y-ait-aujourdhui-une-classe-dirigeante-autant-repoussee-que-le-cnrd-et-le-gouvernement-actuel\/"]}]},{"@type":"WebSite","@id":"https:\/\/universnews224.com\/#website","url":"https:\/\/universnews224.com\/","name":"UNIVERSNEWS224","description":"","publisher":{"@id":"https:\/\/universnews224.com\/#organization"},"potentialAction":[{"@type":"SearchAction","target":{"@type":"EntryPoint","urlTemplate":"https:\/\/universnews224.com\/?s={search_term_string}"},"query-input":"required name=search_term_string"}],"inLanguage":"fr-FR"},{"@type":"Organization","@id":"https:\/\/universnews224.com\/#organization","name":"UNIVERSNEWS224","url":"https:\/\/universnews224.com\/","logo":{"@type":"ImageObject","inLanguage":"fr-FR","@id":"https:\/\/universnews224.com\/#\/schema\/logo\/image\/","url":"https:\/\/universnews224.com\/wp-content\/uploads\/2022\/08\/cropped-cropped-logoban.jpg","contentUrl":"https:\/\/universnews224.com\/wp-content\/uploads\/2022\/08\/cropped-cropped-logoban.jpg","width":1080,"height":138,"caption":"UNIVERSNEWS224"},"image":{"@id":"https:\/\/universnews224.com\/#\/schema\/logo\/image\/"}},{"@type":"Person","@id":"https:\/\/universnews224.com\/#\/schema\/person\/a4b7d4f94a4716df60456a491260485e","name":"La R\u00e9daction","image":{"@type":"ImageObject","inLanguage":"fr-FR","@id":"https:\/\/universnews224.com\/#\/schema\/person\/image\/","url":"https:\/\/secure.gravatar.com\/avatar\/edb90acc7752b23e1b3307ad36c14f0d?s=96&d=mm&r=g","contentUrl":"https:\/\/secure.gravatar.com\/avatar\/edb90acc7752b23e1b3307ad36c14f0d?s=96&d=mm&r=g","caption":"La R\u00e9daction"},"sameAs":["https:\/\/universnews224.com"],"url":"https:\/\/universnews224.com\/index.php\/author\/m-camara\/"}]}},"_links":{"self":[{"href":"https:\/\/universnews224.com\/index.php\/wp-json\/wp\/v2\/posts\/2169"}],"collection":[{"href":"https:\/\/universnews224.com\/index.php\/wp-json\/wp\/v2\/posts"}],"about":[{"href":"https:\/\/universnews224.com\/index.php\/wp-json\/wp\/v2\/types\/post"}],"author":[{"embeddable":true,"href":"https:\/\/universnews224.com\/index.php\/wp-json\/wp\/v2\/users\/2"}],"replies":[{"embeddable":true,"href":"https:\/\/universnews224.com\/index.php\/wp-json\/wp\/v2\/comments?post=2169"}],"version-history":[{"count":3,"href":"https:\/\/universnews224.com\/index.php\/wp-json\/wp\/v2\/posts\/2169\/revisions"}],"predecessor-version":[{"id":2173,"href":"https:\/\/universnews224.com\/index.php\/wp-json\/wp\/v2\/posts\/2169\/revisions\/2173"}],"wp:featuredmedia":[{"embeddable":true,"href":"https:\/\/universnews224.com\/index.php\/wp-json\/wp\/v2\/media\/2170"}],"wp:attachment":[{"href":"https:\/\/universnews224.com\/index.php\/wp-json\/wp\/v2\/media?parent=2169"}],"wp:term":[{"taxonomy":"category","embeddable":true,"href":"https:\/\/universnews224.com\/index.php\/wp-json\/wp\/v2\/categories?post=2169"},{"taxonomy":"post_tag","embeddable":true,"href":"https:\/\/universnews224.com\/index.php\/wp-json\/wp\/v2\/tags?post=2169"}],"curies":[{"name":"wp","href":"https:\/\/api.w.org\/{rel}","templated":true}]}}