{"id":2179,"date":"2022-10-08T10:26:52","date_gmt":"2022-10-08T09:26:52","guid":{"rendered":"https:\/\/universnews224.com\/?p=2179"},"modified":"2022-10-08T10:26:52","modified_gmt":"2022-10-08T09:26:52","slug":"kpc-tranche-je-ne-suis-pas-candidat-cependant-je-soutiendrai-le-meilleur-profil-je-soutiens-le-conor","status":"publish","type":"post","link":"https:\/\/universnews224.com\/index.php\/kpc-tranche-je-ne-suis-pas-candidat-cependant-je-soutiendrai-le-meilleur-profil-je-soutiens-le-conor\/","title":{"rendered":"KPC tranche : \u00ab je ne suis pas candidat, cependant je soutiendrai le meilleur profil\u2026 je soutiens le CONOR \u00bb"},"content":{"rendered":"<p>Le Pr\u00e9sident du Hafia FC serait-il revenu sur sa d\u00e9cision de ne pas \u00eatre candidat \u00e0 l\u2019\u00e9lection du futur Pr\u00e9sident de la FEGUIFOOT ?\u00a0La question est sur toutes l\u00e8vres.\u00a0Elle alimente d\u2019ailleurs des d\u00e9bats houleux dans les milieux du football.<\/p>\n<p>La pr\u00e9sence de l\u2019int\u00e9ress\u00e9 lors des deux r\u00e9cents d\u00e9placements du Syli national en Alg\u00e9rie et en France, pour y d\u00e9livrer des matches amicaux, dans le cadre des journ\u00e9es FIFA,\u00a0a eu le don d\u2019amplifier ce d\u00e9bat.<\/p>\n<p>Interrog\u00e9 sur le sujet par notre r\u00e9daction, KPC r\u00e9affirme sa position d\u00e9j\u00e0 abondamment relay\u00e9e dans notre m\u00e9dia<\/p>\n<div class=\"jeg_ad jeg_ad_article jnews_content_inline_ads \">\n<div class=\"ads-wrapper align-center \">\n<div class=\"ads_code\"><ins class=\"adsbygoogle\" data-ad-client=\"ca-pub-1870189416508001\" data-ad-slot=\"5141807392\" data-ad-format=\"auto\" data-full-width-responsive=\"true\"><\/ins>\u00ab Je ne suis pas candidat \u00bb, a tout de suite tranch\u00e9 le Pr\u00e9sident\u00a0du Hafia FC.<\/p>\n<p>\u00ab <em>Je soutiendrai cependant le candidat id\u00e9al. Celui-l\u00e0\u00a0qui a le meilleur profil, qui r\u00e9pond donc \u00e0 tous mes crit\u00e8res<\/em> \u00bb, a-t-il poursuivi.<\/p>\n<p>Par la m\u00eame occasion, l\u2019un des plus grands m\u00e9c\u00e8nes du football Guin\u00e9en, n\u2019a pas cach\u00e9 son soutien au CONOR,<\/p>\n<p>\u00ab<em>Je soutiens le CONOR. Je puis vous assurer qu\u2019il a pris en compte et est en train de trouver \u00e0 cet effet, des solutions \u00e0 la presque quasi-totalit\u00e9 des pr\u00e9occupations que je nourrissais quant \u00e0 la gestion du football <\/em>\u00bb, assume sans ambigu\u00eft\u00e9 le richissime homme d\u2019affaires Guin\u00e9en.<\/p>\n<p>Connu pour ses gros investissements dans le football, KPC ne\u00a0semble pas vouloir\u00a0s\u2019arr\u00eater en si bon\u00a0chemin, dans\u00a0la r\u00e9alisation de ces bonnes \u0153uvres.\u00a0Il assure qu\u2019il poursuivra la dynamique tout en \u00e9largissant son soutien \u00e0 toutes les autres disciplines sportives.<\/p>\n<p>Par ailleurs, le m\u00e9c\u00e8ne a salu\u00e9 l\u2019engagement du chef de l\u2019\u00c9tat.<\/p>\n<p>Un engagement, selon lui,\u00a0qui se traduit par la d\u00e9termination de l\u2019homme du 05 septembre \u00e0 doter le pays d\u2019infrastructures lui permettant d\u2019abriter prochainement la CAN.<\/p>\n<p>Mosaiqueguin\u00e9e<\/p>\n<\/div>\n<\/div>\n<\/div>\n","protected":false},"excerpt":{"rendered":"<p>Le Pr\u00e9sident du Hafia FC serait-il revenu sur sa d\u00e9cision de ne pas \u00eatre candidat<\/p>\n","protected":false},"author":2,"featured_media":2180,"comment_status":"closed","ping_status":"open","sticky":false,"template":"","format":"standard","meta":[],"categories":[3,4],"tags":[229],"yoast_head":"<!-- This site is optimized with the Yoast SEO plugin v19.13 - https:\/\/yoast.com\/wordpress\/plugins\/seo\/ -->\n<title>KPC tranche : \u00ab je ne suis pas candidat, cependant je soutiendrai le meilleur profil\u2026 je soutiens le CONOR \u00bb - UNIVERSNEWS224<\/title>\n<meta name=\"robots\" content=\"index, follow, max-snippet:-1, max-image-preview:large, max-video-preview:-1\" \/>\n<link rel=\"canonical\" href=\"https:\/\/universnews224.com\/index.php\/kpc-tranche-je-ne-suis-pas-candidat-cependant-je-soutiendrai-le-meilleur-profil-je-soutiens-le-conor\/\" \/>\n<meta property=\"og:locale\" content=\"fr_FR\" \/>\n<meta property=\"og:type\" content=\"article\" \/>\n<meta property=\"og:title\" content=\"KPC tranche : \u00ab je ne suis pas candidat, cependant je soutiendrai le meilleur profil\u2026 je soutiens le CONOR \u00bb - UNIVERSNEWS224\" \/>\n<meta property=\"og:description\" content=\"Le Pr\u00e9sident du Hafia FC serait-il revenu sur sa d\u00e9cision de ne pas \u00eatre candidat\" \/>\n<meta property=\"og:url\" content=\"https:\/\/universnews224.com\/index.php\/kpc-tranche-je-ne-suis-pas-candidat-cependant-je-soutiendrai-le-meilleur-profil-je-soutiens-le-conor\/\" \/>\n<meta property=\"og:site_name\" content=\"UNIVERSNEWS224\" \/>\n<meta property=\"article:published_time\" content=\"2022-10-08T09:26:52+00:00\" \/>\n<meta property=\"og:image\" content=\"https:\/\/universnews224.com\/wp-content\/uploads\/2022\/10\/FDFA4620-BD34-4BF1-924F-F3BA0EDD170F.jpeg\" \/>\n\t<meta property=\"og:image:width\" content=\"697\" \/>\n\t<meta property=\"og:image:height\" content=\"364\" \/>\n\t<meta property=\"og:image:type\" content=\"image\/jpeg\" \/>\n<meta name=\"author\" content=\"La R\u00e9daction\" \/>\n<meta name=\"twitter:label1\" content=\"\u00c9crit par\" \/>\n\t<meta name=\"twitter:data1\" content=\"La R\u00e9daction\" \/>\n\t<meta name=\"twitter:label2\" content=\"Dur\u00e9e de lecture estim\u00e9e\" \/>\n\t<meta name=\"twitter:data2\" content=\"2 minutes\" \/>\n<script type=\"application\/ld+json\" class=\"yoast-schema-graph\">{\"@context\":\"https:\/\/schema.org\",\"@graph\":[{\"@type\":\"Article\",\"@id\":\"https:\/\/universnews224.com\/index.php\/kpc-tranche-je-ne-suis-pas-candidat-cependant-je-soutiendrai-le-meilleur-profil-je-soutiens-le-conor\/#article\",\"isPartOf\":{\"@id\":\"https:\/\/universnews224.com\/index.php\/kpc-tranche-je-ne-suis-pas-candidat-cependant-je-soutiendrai-le-meilleur-profil-je-soutiens-le-conor\/\"},\"author\":{\"name\":\"La R\u00e9daction\",\"@id\":\"https:\/\/universnews224.com\/#\/schema\/person\/a4b7d4f94a4716df60456a491260485e\"},\"headline\":\"KPC tranche : \u00ab je ne suis pas candidat, cependant je soutiendrai le meilleur profil\u2026 je soutiens le CONOR \u00bb\",\"datePublished\":\"2022-10-08T09:26:52+00:00\",\"dateModified\":\"2022-10-08T09:26:52+00:00\",\"mainEntityOfPage\":{\"@id\":\"https:\/\/universnews224.com\/index.php\/kpc-tranche-je-ne-suis-pas-candidat-cependant-je-soutiendrai-le-meilleur-profil-je-soutiens-le-conor\/\"},\"wordCount\":334,\"publisher\":{\"@id\":\"https:\/\/universnews224.com\/#organization\"},\"keywords\":[\"La une\"],\"articleSection\":[\"ACTU\",\"POLITIQUE\"],\"inLanguage\":\"fr-FR\"},{\"@type\":\"WebPage\",\"@id\":\"https:\/\/universnews224.com\/index.php\/kpc-tranche-je-ne-suis-pas-candidat-cependant-je-soutiendrai-le-meilleur-profil-je-soutiens-le-conor\/\",\"url\":\"https:\/\/universnews224.com\/index.php\/kpc-tranche-je-ne-suis-pas-candidat-cependant-je-soutiendrai-le-meilleur-profil-je-soutiens-le-conor\/\",\"name\":\"KPC tranche : \u00ab je ne suis pas candidat, cependant je soutiendrai le meilleur profil\u2026 je soutiens le CONOR \u00bb - UNIVERSNEWS224\",\"isPartOf\":{\"@id\":\"https:\/\/universnews224.com\/#website\"},\"datePublished\":\"2022-10-08T09:26:52+00:00\",\"dateModified\":\"2022-10-08T09:26:52+00:00\",\"inLanguage\":\"fr-FR\",\"potentialAction\":[{\"@type\":\"ReadAction\",\"target\":[\"https:\/\/universnews224.com\/index.php\/kpc-tranche-je-ne-suis-pas-candidat-cependant-je-soutiendrai-le-meilleur-profil-je-soutiens-le-conor\/\"]}]},{\"@type\":\"WebSite\",\"@id\":\"https:\/\/universnews224.com\/#website\",\"url\":\"https:\/\/universnews224.com\/\",\"name\":\"UNIVERSNEWS224\",\"description\":\"\",\"publisher\":{\"@id\":\"https:\/\/universnews224.com\/#organization\"},\"potentialAction\":[{\"@type\":\"SearchAction\",\"target\":{\"@type\":\"EntryPoint\",\"urlTemplate\":\"https:\/\/universnews224.com\/?s={search_term_string}\"},\"query-input\":\"required name=search_term_string\"}],\"inLanguage\":\"fr-FR\"},{\"@type\":\"Organization\",\"@id\":\"https:\/\/universnews224.com\/#organization\",\"name\":\"UNIVERSNEWS224\",\"url\":\"https:\/\/universnews224.com\/\",\"logo\":{\"@type\":\"ImageObject\",\"inLanguage\":\"fr-FR\",\"@id\":\"https:\/\/universnews224.com\/#\/schema\/logo\/image\/\",\"url\":\"https:\/\/universnews224.com\/wp-content\/uploads\/2022\/08\/cropped-cropped-logoban.jpg\",\"contentUrl\":\"https:\/\/universnews224.com\/wp-content\/uploads\/2022\/08\/cropped-cropped-logoban.jpg\",\"width\":1080,\"height\":138,\"caption\":\"UNIVERSNEWS224\"},\"image\":{\"@id\":\"https:\/\/universnews224.com\/#\/schema\/logo\/image\/\"}},{\"@type\":\"Person\",\"@id\":\"https:\/\/universnews224.com\/#\/schema\/person\/a4b7d4f94a4716df60456a491260485e\",\"name\":\"La R\u00e9daction\",\"image\":{\"@type\":\"ImageObject\",\"inLanguage\":\"fr-FR\",\"@id\":\"https:\/\/universnews224.com\/#\/schema\/person\/image\/\",\"url\":\"https:\/\/secure.gravatar.com\/avatar\/edb90acc7752b23e1b3307ad36c14f0d?s=96&d=mm&r=g\",\"contentUrl\":\"https:\/\/secure.gravatar.com\/avatar\/edb90acc7752b23e1b3307ad36c14f0d?s=96&d=mm&r=g\",\"caption\":\"La R\u00e9daction\"},\"sameAs\":[\"https:\/\/universnews224.com\"],\"url\":\"https:\/\/universnews224.com\/index.php\/author\/m-camara\/\"}]}<\/script>\n<!-- \/ Yoast SEO plugin. -->","yoast_head_json":{"title":"KPC tranche : \u00ab je ne suis pas candidat, cependant je soutiendrai le meilleur profil\u2026 je soutiens le CONOR \u00bb - UNIVERSNEWS224","robots":{"index":"index","follow":"follow","max-snippet":"max-snippet:-1","max-image-preview":"max-image-preview:large","max-video-preview":"max-video-preview:-1"},"canonical":"https:\/\/universnews224.com\/index.php\/kpc-tranche-je-ne-suis-pas-candidat-cependant-je-soutiendrai-le-meilleur-profil-je-soutiens-le-conor\/","og_locale":"fr_FR","og_type":"article","og_title":"KPC tranche : \u00ab je ne suis pas candidat, cependant je soutiendrai le meilleur profil\u2026 je soutiens le CONOR \u00bb - UNIVERSNEWS224","og_description":"Le Pr\u00e9sident du Hafia FC serait-il revenu sur sa d\u00e9cision de ne pas \u00eatre candidat","og_url":"https:\/\/universnews224.com\/index.php\/kpc-tranche-je-ne-suis-pas-candidat-cependant-je-soutiendrai-le-meilleur-profil-je-soutiens-le-conor\/","og_site_name":"UNIVERSNEWS224","article_published_time":"2022-10-08T09:26:52+00:00","og_image":[{"width":697,"height":364,"url":"https:\/\/universnews224.com\/wp-content\/uploads\/2022\/10\/FDFA4620-BD34-4BF1-924F-F3BA0EDD170F.jpeg","type":"image\/jpeg"}],"author":"La R\u00e9daction","twitter_misc":{"\u00c9crit par":"La R\u00e9daction","Dur\u00e9e de lecture estim\u00e9e":"2 minutes"},"schema":{"@context":"https:\/\/schema.org","@graph":[{"@type":"Article","@id":"https:\/\/universnews224.com\/index.php\/kpc-tranche-je-ne-suis-pas-candidat-cependant-je-soutiendrai-le-meilleur-profil-je-soutiens-le-conor\/#article","isPartOf":{"@id":"https:\/\/universnews224.com\/index.php\/kpc-tranche-je-ne-suis-pas-candidat-cependant-je-soutiendrai-le-meilleur-profil-je-soutiens-le-conor\/"},"author":{"name":"La R\u00e9daction","@id":"https:\/\/universnews224.com\/#\/schema\/person\/a4b7d4f94a4716df60456a491260485e"},"headline":"KPC tranche : \u00ab je ne suis pas candidat, cependant je soutiendrai le meilleur profil\u2026 je soutiens le CONOR \u00bb","datePublished":"2022-10-08T09:26:52+00:00","dateModified":"2022-10-08T09:26:52+00:00","mainEntityOfPage":{"@id":"https:\/\/universnews224.com\/index.php\/kpc-tranche-je-ne-suis-pas-candidat-cependant-je-soutiendrai-le-meilleur-profil-je-soutiens-le-conor\/"},"wordCount":334,"publisher":{"@id":"https:\/\/universnews224.com\/#organization"},"keywords":["La une"],"articleSection":["ACTU","POLITIQUE"],"inLanguage":"fr-FR"},{"@type":"WebPage","@id":"https:\/\/universnews224.com\/index.php\/kpc-tranche-je-ne-suis-pas-candidat-cependant-je-soutiendrai-le-meilleur-profil-je-soutiens-le-conor\/","url":"https:\/\/universnews224.com\/index.php\/kpc-tranche-je-ne-suis-pas-candidat-cependant-je-soutiendrai-le-meilleur-profil-je-soutiens-le-conor\/","name":"KPC tranche : \u00ab je ne suis pas candidat, cependant je soutiendrai le meilleur profil\u2026 je soutiens le CONOR \u00bb - UNIVERSNEWS224","isPartOf":{"@id":"https:\/\/universnews224.com\/#website"},"datePublished":"2022-10-08T09:26:52+00:00","dateModified":"2022-10-08T09:26:52+00:00","inLanguage":"fr-FR","potentialAction":[{"@type":"ReadAction","target":["https:\/\/universnews224.com\/index.php\/kpc-tranche-je-ne-suis-pas-candidat-cependant-je-soutiendrai-le-meilleur-profil-je-soutiens-le-conor\/"]}]},{"@type":"WebSite","@id":"https:\/\/universnews224.com\/#website","url":"https:\/\/universnews224.com\/","name":"UNIVERSNEWS224","description":"","publisher":{"@id":"https:\/\/universnews224.com\/#organization"},"potentialAction":[{"@type":"SearchAction","target":{"@type":"EntryPoint","urlTemplate":"https:\/\/universnews224.com\/?s={search_term_string}"},"query-input":"required name=search_term_string"}],"inLanguage":"fr-FR"},{"@type":"Organization","@id":"https:\/\/universnews224.com\/#organization","name":"UNIVERSNEWS224","url":"https:\/\/universnews224.com\/","logo":{"@type":"ImageObject","inLanguage":"fr-FR","@id":"https:\/\/universnews224.com\/#\/schema\/logo\/image\/","url":"https:\/\/universnews224.com\/wp-content\/uploads\/2022\/08\/cropped-cropped-logoban.jpg","contentUrl":"https:\/\/universnews224.com\/wp-content\/uploads\/2022\/08\/cropped-cropped-logoban.jpg","width":1080,"height":138,"caption":"UNIVERSNEWS224"},"image":{"@id":"https:\/\/universnews224.com\/#\/schema\/logo\/image\/"}},{"@type":"Person","@id":"https:\/\/universnews224.com\/#\/schema\/person\/a4b7d4f94a4716df60456a491260485e","name":"La R\u00e9daction","image":{"@type":"ImageObject","inLanguage":"fr-FR","@id":"https:\/\/universnews224.com\/#\/schema\/person\/image\/","url":"https:\/\/secure.gravatar.com\/avatar\/edb90acc7752b23e1b3307ad36c14f0d?s=96&d=mm&r=g","contentUrl":"https:\/\/secure.gravatar.com\/avatar\/edb90acc7752b23e1b3307ad36c14f0d?s=96&d=mm&r=g","caption":"La R\u00e9daction"},"sameAs":["https:\/\/universnews224.com"],"url":"https:\/\/universnews224.com\/index.php\/author\/m-camara\/"}]}},"_links":{"self":[{"href":"https:\/\/universnews224.com\/index.php\/wp-json\/wp\/v2\/posts\/2179"}],"collection":[{"href":"https:\/\/universnews224.com\/index.php\/wp-json\/wp\/v2\/posts"}],"about":[{"href":"https:\/\/universnews224.com\/index.php\/wp-json\/wp\/v2\/types\/post"}],"author":[{"embeddable":true,"href":"https:\/\/universnews224.com\/index.php\/wp-json\/wp\/v2\/users\/2"}],"replies":[{"embeddable":true,"href":"https:\/\/universnews224.com\/index.php\/wp-json\/wp\/v2\/comments?post=2179"}],"version-history":[{"count":1,"href":"https:\/\/universnews224.com\/index.php\/wp-json\/wp\/v2\/posts\/2179\/revisions"}],"predecessor-version":[{"id":2181,"href":"https:\/\/universnews224.com\/index.php\/wp-json\/wp\/v2\/posts\/2179\/revisions\/2181"}],"wp:featuredmedia":[{"embeddable":true,"href":"https:\/\/universnews224.com\/index.php\/wp-json\/wp\/v2\/media\/2180"}],"wp:attachment":[{"href":"https:\/\/universnews224.com\/index.php\/wp-json\/wp\/v2\/media?parent=2179"}],"wp:term":[{"taxonomy":"category","embeddable":true,"href":"https:\/\/universnews224.com\/index.php\/wp-json\/wp\/v2\/categories?post=2179"},{"taxonomy":"post_tag","embeddable":true,"href":"https:\/\/universnews224.com\/index.php\/wp-json\/wp\/v2\/tags?post=2179"}],"curies":[{"name":"wp","href":"https:\/\/api.w.org\/{rel}","templated":true}]}}