{"id":2190,"date":"2022-10-10T23:34:35","date_gmt":"2022-10-10T22:34:35","guid":{"rendered":"https:\/\/universnews224.com\/?p=2190"},"modified":"2022-10-10T23:34:35","modified_gmt":"2022-10-10T22:34:35","slug":"colonel-moussa-thiebgoro-a-la-barre-je-nai-pas-ordonne-aux-gendarmes-dutiliser-des-armes-ou-de-tirer-sur-les-gens","status":"publish","type":"post","link":"https:\/\/universnews224.com\/index.php\/colonel-moussa-thiebgoro-a-la-barre-je-nai-pas-ordonne-aux-gendarmes-dutiliser-des-armes-ou-de-tirer-sur-les-gens\/","title":{"rendered":"Colonel Moussa Thiebgoro \u00e0 la barre: \u00ab Je n\u2019ai pas ordonn\u00e9 aux gendarmes d\u2019utiliser des armes ou de tirer sur les gens.\u00bb"},"content":{"rendered":"<p>Accus\u00e9 des faits de meurtres, assassinats, vol, viols, pillages, incendie volontaire, d\u00e9tention d\u2019armes de guerre, violences sexuelles, non-assistance d\u2019une personne en danger, le colonel Moussa Tiegboro Camara a comparu ce lundi, 10 octobre 2022 au tribunal criminel de Dixinn, d\u00e9localis\u00e9 \u00e0 la Cour d\u2019Appel de Conakry.<\/p>\n<p>Interrog\u00e9 \u00e0 la barre sur son implication dans ces massacres, l\u2019ancien secr\u00e9taire d\u2019\u00c9tat charg\u00e9 de la lutte contre la drogue et le grand banditisme , colonel Moussa Thiegboro Camara a d\u00e9clar\u00e9 n\u2019avoir commis aucun acte r\u00e9pr\u00e9hensible au stade de Conakry, le 28 septembre 2009.<\/p>\n<p>Il soutient avoir constat\u00e9 la pr\u00e9sence constante et r\u00e9guli\u00e8re de Toumba Diakit\u00e9, ainsi que des militaires dans la grande cour du stade.<\/p>\n<p>\u00abJ\u2019ai vu Toumba au stade, mais je ne sais pas le r\u00f4le qu\u2019il a jou\u00e9 \u00e0 l\u2019int\u00e9rieur du stade. Je l\u2019ai vu de passage je ne connais pas exactement l\u2019heure mais c\u2019est apr\u00e8s 12 heures. J\u2019ai vu aussi des militaires avec des grenades en main et des pick-up au stade (\u2026). J\u2019ai vu Marcel Guilavogui \u00e0 la sortie du Stade. Il \u00e9tait habill\u00e9 en b\u00e9ret rouge et j\u2019insiste \u00bb,a-t-il d\u00e9clar\u00e9 dans la suite de sa position.<\/p>\n<p>La lecture par le minist\u00e8re public du proc\u00e8s verbal d\u2019audition de certaines victimes, o\u00f9 on l\u2019accuse d\u2019avoir instruit ses agents des tirer sur les manifestants mettra l\u2019accus\u00e9 dans tous ses \u00e9tats.<\/p>\n<p>\u00abAujourd\u2019hui, je suis clou\u00e9 avec des gens que j\u2019ai arr\u00eat\u00e9 pour viol, vol (\u2026) je suis pein\u00e9 mais la loi c\u2019est la loi\u2026 Je vais tirer sur les gens pourquoi ? Je n\u2019ai pas ordonn\u00e9 aux gendarmes d\u2019utiliser des armes ou de tirer sur les gens. Je prie Dieu que ceux qui ont port\u00e9 ces accusations contre moi soient encore en vue pour qu\u2019on nous confronte\u00bb, a-t-il sollicit\u00e9.<\/p>\n<p>En ce qui concerne le transport des corps sans vie du camp Samory au quartier Gbessia pour leur ensevelissement, Moussa Thieboro Camara dira \u00abdans la journ\u00e9e du 28 septembre je n\u2019ai vu nulle part de cadavres. Je n\u2019en ai pas entendu, ni vu (\u2026) Ce sont des d\u00e9clarations qui sont sans fondement et qui sont cousus de toute forme de haine contre ma personne \u00bb,dit-il avant de l\u00e2cher : \u00ab Le pays est mal barr\u00e9 \u00bb.<\/p>\n<p>Camara Mamadouba<\/p>\n","protected":false},"excerpt":{"rendered":"<p>Accus\u00e9 des faits de meurtres, assassinats, vol, viols, pillages, incendie volontaire, d\u00e9tention d\u2019armes de guerre,<\/p>\n","protected":false},"author":2,"featured_media":2191,"comment_status":"closed","ping_status":"open","sticky":false,"template":"","format":"standard","meta":[],"categories":[3,4],"tags":[229],"yoast_head":"<!-- This site is optimized with the Yoast SEO plugin v19.13 - https:\/\/yoast.com\/wordpress\/plugins\/seo\/ -->\n<title>Colonel Moussa Thiebgoro \u00e0 la barre: \u00ab Je n\u2019ai pas ordonn\u00e9 aux gendarmes d\u2019utiliser des armes ou de tirer sur les gens.\u00bb - UNIVERSNEWS224<\/title>\n<meta name=\"robots\" content=\"index, follow, max-snippet:-1, max-image-preview:large, max-video-preview:-1\" \/>\n<link rel=\"canonical\" href=\"https:\/\/universnews224.com\/index.php\/colonel-moussa-thiebgoro-a-la-barre-je-nai-pas-ordonne-aux-gendarmes-dutiliser-des-armes-ou-de-tirer-sur-les-gens\/\" \/>\n<meta property=\"og:locale\" content=\"fr_FR\" \/>\n<meta property=\"og:type\" content=\"article\" \/>\n<meta property=\"og:title\" content=\"Colonel Moussa Thiebgoro \u00e0 la barre: \u00ab Je n\u2019ai pas ordonn\u00e9 aux gendarmes d\u2019utiliser des armes ou de tirer sur les gens.\u00bb - UNIVERSNEWS224\" \/>\n<meta property=\"og:description\" content=\"Accus\u00e9 des faits de meurtres, assassinats, vol, viols, pillages, incendie volontaire, d\u00e9tention d\u2019armes de guerre,\" \/>\n<meta property=\"og:url\" content=\"https:\/\/universnews224.com\/index.php\/colonel-moussa-thiebgoro-a-la-barre-je-nai-pas-ordonne-aux-gendarmes-dutiliser-des-armes-ou-de-tirer-sur-les-gens\/\" \/>\n<meta property=\"og:site_name\" content=\"UNIVERSNEWS224\" \/>\n<meta property=\"article:published_time\" content=\"2022-10-10T22:34:35+00:00\" \/>\n<meta property=\"og:image\" content=\"https:\/\/universnews224.com\/wp-content\/uploads\/2022\/10\/035063FD-3162-49B6-9E84-39F127FD35F8.jpeg\" \/>\n\t<meta property=\"og:image:width\" content=\"720\" \/>\n\t<meta property=\"og:image:height\" content=\"540\" \/>\n\t<meta property=\"og:image:type\" content=\"image\/jpeg\" \/>\n<meta name=\"author\" content=\"La R\u00e9daction\" \/>\n<meta name=\"twitter:label1\" content=\"\u00c9crit par\" \/>\n\t<meta name=\"twitter:data1\" content=\"La R\u00e9daction\" \/>\n\t<meta name=\"twitter:label2\" content=\"Dur\u00e9e de lecture estim\u00e9e\" \/>\n\t<meta name=\"twitter:data2\" content=\"2 minutes\" \/>\n<script type=\"application\/ld+json\" class=\"yoast-schema-graph\">{\"@context\":\"https:\/\/schema.org\",\"@graph\":[{\"@type\":\"Article\",\"@id\":\"https:\/\/universnews224.com\/index.php\/colonel-moussa-thiebgoro-a-la-barre-je-nai-pas-ordonne-aux-gendarmes-dutiliser-des-armes-ou-de-tirer-sur-les-gens\/#article\",\"isPartOf\":{\"@id\":\"https:\/\/universnews224.com\/index.php\/colonel-moussa-thiebgoro-a-la-barre-je-nai-pas-ordonne-aux-gendarmes-dutiliser-des-armes-ou-de-tirer-sur-les-gens\/\"},\"author\":{\"name\":\"La R\u00e9daction\",\"@id\":\"https:\/\/universnews224.com\/#\/schema\/person\/a4b7d4f94a4716df60456a491260485e\"},\"headline\":\"Colonel Moussa Thiebgoro \u00e0 la barre: \u00ab Je n\u2019ai pas ordonn\u00e9 aux gendarmes d\u2019utiliser des armes ou de tirer sur les gens.\u00bb\",\"datePublished\":\"2022-10-10T22:34:35+00:00\",\"dateModified\":\"2022-10-10T22:34:35+00:00\",\"mainEntityOfPage\":{\"@id\":\"https:\/\/universnews224.com\/index.php\/colonel-moussa-thiebgoro-a-la-barre-je-nai-pas-ordonne-aux-gendarmes-dutiliser-des-armes-ou-de-tirer-sur-les-gens\/\"},\"wordCount\":416,\"publisher\":{\"@id\":\"https:\/\/universnews224.com\/#organization\"},\"keywords\":[\"La une\"],\"articleSection\":[\"ACTU\",\"POLITIQUE\"],\"inLanguage\":\"fr-FR\"},{\"@type\":\"WebPage\",\"@id\":\"https:\/\/universnews224.com\/index.php\/colonel-moussa-thiebgoro-a-la-barre-je-nai-pas-ordonne-aux-gendarmes-dutiliser-des-armes-ou-de-tirer-sur-les-gens\/\",\"url\":\"https:\/\/universnews224.com\/index.php\/colonel-moussa-thiebgoro-a-la-barre-je-nai-pas-ordonne-aux-gendarmes-dutiliser-des-armes-ou-de-tirer-sur-les-gens\/\",\"name\":\"Colonel Moussa Thiebgoro \u00e0 la barre: \u00ab Je n\u2019ai pas ordonn\u00e9 aux gendarmes d\u2019utiliser des armes ou de tirer sur les gens.\u00bb - UNIVERSNEWS224\",\"isPartOf\":{\"@id\":\"https:\/\/universnews224.com\/#website\"},\"datePublished\":\"2022-10-10T22:34:35+00:00\",\"dateModified\":\"2022-10-10T22:34:35+00:00\",\"inLanguage\":\"fr-FR\",\"potentialAction\":[{\"@type\":\"ReadAction\",\"target\":[\"https:\/\/universnews224.com\/index.php\/colonel-moussa-thiebgoro-a-la-barre-je-nai-pas-ordonne-aux-gendarmes-dutiliser-des-armes-ou-de-tirer-sur-les-gens\/\"]}]},{\"@type\":\"WebSite\",\"@id\":\"https:\/\/universnews224.com\/#website\",\"url\":\"https:\/\/universnews224.com\/\",\"name\":\"UNIVERSNEWS224\",\"description\":\"\",\"publisher\":{\"@id\":\"https:\/\/universnews224.com\/#organization\"},\"potentialAction\":[{\"@type\":\"SearchAction\",\"target\":{\"@type\":\"EntryPoint\",\"urlTemplate\":\"https:\/\/universnews224.com\/?s={search_term_string}\"},\"query-input\":\"required name=search_term_string\"}],\"inLanguage\":\"fr-FR\"},{\"@type\":\"Organization\",\"@id\":\"https:\/\/universnews224.com\/#organization\",\"name\":\"UNIVERSNEWS224\",\"url\":\"https:\/\/universnews224.com\/\",\"logo\":{\"@type\":\"ImageObject\",\"inLanguage\":\"fr-FR\",\"@id\":\"https:\/\/universnews224.com\/#\/schema\/logo\/image\/\",\"url\":\"https:\/\/universnews224.com\/wp-content\/uploads\/2022\/08\/cropped-cropped-logoban.jpg\",\"contentUrl\":\"https:\/\/universnews224.com\/wp-content\/uploads\/2022\/08\/cropped-cropped-logoban.jpg\",\"width\":1080,\"height\":138,\"caption\":\"UNIVERSNEWS224\"},\"image\":{\"@id\":\"https:\/\/universnews224.com\/#\/schema\/logo\/image\/\"}},{\"@type\":\"Person\",\"@id\":\"https:\/\/universnews224.com\/#\/schema\/person\/a4b7d4f94a4716df60456a491260485e\",\"name\":\"La R\u00e9daction\",\"image\":{\"@type\":\"ImageObject\",\"inLanguage\":\"fr-FR\",\"@id\":\"https:\/\/universnews224.com\/#\/schema\/person\/image\/\",\"url\":\"https:\/\/secure.gravatar.com\/avatar\/edb90acc7752b23e1b3307ad36c14f0d?s=96&d=mm&r=g\",\"contentUrl\":\"https:\/\/secure.gravatar.com\/avatar\/edb90acc7752b23e1b3307ad36c14f0d?s=96&d=mm&r=g\",\"caption\":\"La R\u00e9daction\"},\"sameAs\":[\"https:\/\/universnews224.com\"],\"url\":\"https:\/\/universnews224.com\/index.php\/author\/m-camara\/\"}]}<\/script>\n<!-- \/ Yoast SEO plugin. -->","yoast_head_json":{"title":"Colonel Moussa Thiebgoro \u00e0 la barre: \u00ab Je n\u2019ai pas ordonn\u00e9 aux gendarmes d\u2019utiliser des armes ou de tirer sur les gens.\u00bb - UNIVERSNEWS224","robots":{"index":"index","follow":"follow","max-snippet":"max-snippet:-1","max-image-preview":"max-image-preview:large","max-video-preview":"max-video-preview:-1"},"canonical":"https:\/\/universnews224.com\/index.php\/colonel-moussa-thiebgoro-a-la-barre-je-nai-pas-ordonne-aux-gendarmes-dutiliser-des-armes-ou-de-tirer-sur-les-gens\/","og_locale":"fr_FR","og_type":"article","og_title":"Colonel Moussa Thiebgoro \u00e0 la barre: \u00ab Je n\u2019ai pas ordonn\u00e9 aux gendarmes d\u2019utiliser des armes ou de tirer sur les gens.\u00bb - UNIVERSNEWS224","og_description":"Accus\u00e9 des faits de meurtres, assassinats, vol, viols, pillages, incendie volontaire, d\u00e9tention d\u2019armes de guerre,","og_url":"https:\/\/universnews224.com\/index.php\/colonel-moussa-thiebgoro-a-la-barre-je-nai-pas-ordonne-aux-gendarmes-dutiliser-des-armes-ou-de-tirer-sur-les-gens\/","og_site_name":"UNIVERSNEWS224","article_published_time":"2022-10-10T22:34:35+00:00","og_image":[{"width":720,"height":540,"url":"https:\/\/universnews224.com\/wp-content\/uploads\/2022\/10\/035063FD-3162-49B6-9E84-39F127FD35F8.jpeg","type":"image\/jpeg"}],"author":"La R\u00e9daction","twitter_misc":{"\u00c9crit par":"La R\u00e9daction","Dur\u00e9e de lecture estim\u00e9e":"2 minutes"},"schema":{"@context":"https:\/\/schema.org","@graph":[{"@type":"Article","@id":"https:\/\/universnews224.com\/index.php\/colonel-moussa-thiebgoro-a-la-barre-je-nai-pas-ordonne-aux-gendarmes-dutiliser-des-armes-ou-de-tirer-sur-les-gens\/#article","isPartOf":{"@id":"https:\/\/universnews224.com\/index.php\/colonel-moussa-thiebgoro-a-la-barre-je-nai-pas-ordonne-aux-gendarmes-dutiliser-des-armes-ou-de-tirer-sur-les-gens\/"},"author":{"name":"La R\u00e9daction","@id":"https:\/\/universnews224.com\/#\/schema\/person\/a4b7d4f94a4716df60456a491260485e"},"headline":"Colonel Moussa Thiebgoro \u00e0 la barre: \u00ab Je n\u2019ai pas ordonn\u00e9 aux gendarmes d\u2019utiliser des armes ou de tirer sur les gens.\u00bb","datePublished":"2022-10-10T22:34:35+00:00","dateModified":"2022-10-10T22:34:35+00:00","mainEntityOfPage":{"@id":"https:\/\/universnews224.com\/index.php\/colonel-moussa-thiebgoro-a-la-barre-je-nai-pas-ordonne-aux-gendarmes-dutiliser-des-armes-ou-de-tirer-sur-les-gens\/"},"wordCount":416,"publisher":{"@id":"https:\/\/universnews224.com\/#organization"},"keywords":["La une"],"articleSection":["ACTU","POLITIQUE"],"inLanguage":"fr-FR"},{"@type":"WebPage","@id":"https:\/\/universnews224.com\/index.php\/colonel-moussa-thiebgoro-a-la-barre-je-nai-pas-ordonne-aux-gendarmes-dutiliser-des-armes-ou-de-tirer-sur-les-gens\/","url":"https:\/\/universnews224.com\/index.php\/colonel-moussa-thiebgoro-a-la-barre-je-nai-pas-ordonne-aux-gendarmes-dutiliser-des-armes-ou-de-tirer-sur-les-gens\/","name":"Colonel Moussa Thiebgoro \u00e0 la barre: \u00ab Je n\u2019ai pas ordonn\u00e9 aux gendarmes d\u2019utiliser des armes ou de tirer sur les gens.\u00bb - UNIVERSNEWS224","isPartOf":{"@id":"https:\/\/universnews224.com\/#website"},"datePublished":"2022-10-10T22:34:35+00:00","dateModified":"2022-10-10T22:34:35+00:00","inLanguage":"fr-FR","potentialAction":[{"@type":"ReadAction","target":["https:\/\/universnews224.com\/index.php\/colonel-moussa-thiebgoro-a-la-barre-je-nai-pas-ordonne-aux-gendarmes-dutiliser-des-armes-ou-de-tirer-sur-les-gens\/"]}]},{"@type":"WebSite","@id":"https:\/\/universnews224.com\/#website","url":"https:\/\/universnews224.com\/","name":"UNIVERSNEWS224","description":"","publisher":{"@id":"https:\/\/universnews224.com\/#organization"},"potentialAction":[{"@type":"SearchAction","target":{"@type":"EntryPoint","urlTemplate":"https:\/\/universnews224.com\/?s={search_term_string}"},"query-input":"required name=search_term_string"}],"inLanguage":"fr-FR"},{"@type":"Organization","@id":"https:\/\/universnews224.com\/#organization","name":"UNIVERSNEWS224","url":"https:\/\/universnews224.com\/","logo":{"@type":"ImageObject","inLanguage":"fr-FR","@id":"https:\/\/universnews224.com\/#\/schema\/logo\/image\/","url":"https:\/\/universnews224.com\/wp-content\/uploads\/2022\/08\/cropped-cropped-logoban.jpg","contentUrl":"https:\/\/universnews224.com\/wp-content\/uploads\/2022\/08\/cropped-cropped-logoban.jpg","width":1080,"height":138,"caption":"UNIVERSNEWS224"},"image":{"@id":"https:\/\/universnews224.com\/#\/schema\/logo\/image\/"}},{"@type":"Person","@id":"https:\/\/universnews224.com\/#\/schema\/person\/a4b7d4f94a4716df60456a491260485e","name":"La R\u00e9daction","image":{"@type":"ImageObject","inLanguage":"fr-FR","@id":"https:\/\/universnews224.com\/#\/schema\/person\/image\/","url":"https:\/\/secure.gravatar.com\/avatar\/edb90acc7752b23e1b3307ad36c14f0d?s=96&d=mm&r=g","contentUrl":"https:\/\/secure.gravatar.com\/avatar\/edb90acc7752b23e1b3307ad36c14f0d?s=96&d=mm&r=g","caption":"La R\u00e9daction"},"sameAs":["https:\/\/universnews224.com"],"url":"https:\/\/universnews224.com\/index.php\/author\/m-camara\/"}]}},"_links":{"self":[{"href":"https:\/\/universnews224.com\/index.php\/wp-json\/wp\/v2\/posts\/2190"}],"collection":[{"href":"https:\/\/universnews224.com\/index.php\/wp-json\/wp\/v2\/posts"}],"about":[{"href":"https:\/\/universnews224.com\/index.php\/wp-json\/wp\/v2\/types\/post"}],"author":[{"embeddable":true,"href":"https:\/\/universnews224.com\/index.php\/wp-json\/wp\/v2\/users\/2"}],"replies":[{"embeddable":true,"href":"https:\/\/universnews224.com\/index.php\/wp-json\/wp\/v2\/comments?post=2190"}],"version-history":[{"count":1,"href":"https:\/\/universnews224.com\/index.php\/wp-json\/wp\/v2\/posts\/2190\/revisions"}],"predecessor-version":[{"id":2192,"href":"https:\/\/universnews224.com\/index.php\/wp-json\/wp\/v2\/posts\/2190\/revisions\/2192"}],"wp:featuredmedia":[{"embeddable":true,"href":"https:\/\/universnews224.com\/index.php\/wp-json\/wp\/v2\/media\/2191"}],"wp:attachment":[{"href":"https:\/\/universnews224.com\/index.php\/wp-json\/wp\/v2\/media?parent=2190"}],"wp:term":[{"taxonomy":"category","embeddable":true,"href":"https:\/\/universnews224.com\/index.php\/wp-json\/wp\/v2\/categories?post=2190"},{"taxonomy":"post_tag","embeddable":true,"href":"https:\/\/universnews224.com\/index.php\/wp-json\/wp\/v2\/tags?post=2190"}],"curies":[{"name":"wp","href":"https:\/\/api.w.org\/{rel}","templated":true}]}}