{"id":2201,"date":"2022-10-13T00:39:47","date_gmt":"2022-10-12T23:39:47","guid":{"rendered":"https:\/\/universnews224.com\/?p=2201"},"modified":"2022-10-13T00:39:47","modified_gmt":"2022-10-12T23:39:47","slug":"deploiement-de-militaires-francais-a-la-frontiere-guineo-malienne-le-dementi-du-ministre-des-ae-et-de-lambassadeur-de-france","status":"publish","type":"post","link":"https:\/\/universnews224.com\/index.php\/deploiement-de-militaires-francais-a-la-frontiere-guineo-malienne-le-dementi-du-ministre-des-ae-et-de-lambassadeur-de-france\/","title":{"rendered":"D\u00e9ploiement de militaires fran\u00e7ais \u00e0 la fronti\u00e8re guin\u00e9o-malienne? Le d\u00e9menti du ministre des AE et de l\u2019ambassadeur de France."},"content":{"rendered":"<p>Les autorit\u00e9s guin\u00e9ennes d\u00e9mentent l\u2019information selon laquelle, des militaires fran\u00e7ais vont \u00eatre d\u00e9ploy\u00e9s \u00e0 la fronti\u00e8re guin\u00e9o-malienne pour s\u00e9curiser la zone.<\/p>\n<p>Au sortir d\u2019une rencontre ce mardi, 11 octobre avec les diplomates de l\u2019union europ\u00e9enne, Dr Morissanda Kouyat\u00e9 trouve ridicule ce qu\u2019il qualifie de \u00ab rumeurs sur les r\u00e9seaux sociaux \u00bb.<\/p>\n<p>\u00ab Depuis deux, trois jours, ceux qui ont dit que la Guin\u00e9e voulait mettre une base militaire fran\u00e7aise ici et qui ont \u00e9chou\u00e9 lamentablement apr\u00e8s le d\u00e9menti du ministre de la d\u00e9fense, sont revenus par la fen\u00eatre en disant que la France va d\u00e9ployer des militaires \u00e0 la fronti\u00e8re entre le Mali et la Guin\u00e9e. Je voudrais simplement dire que c\u2019est ridicule, simplement ridicule ; les fronti\u00e8res entre le Mali et la Guin\u00e9e, ce n\u2019est m\u00eame plus une fronti\u00e8re et la Guin\u00e9e participe \u00e0 la s\u00e9curisation du Mali, ce pays fr\u00e8re en envoyant des milliers de soldats depuis cette guerre de 2012 au Mali. Donc, c\u2019est vraiment ridicule de penser que nous allons faire appel \u00e0 d\u2019autres pays et \u00e0 la France pour s\u00e9curiser cette fronti\u00e8re. Le 22 novembre 1970, nous nous sommes battus tout seul contre l\u2019agression portugaise ; en 2000, nous nous sommes battus tout seul et nous avons gagn\u00e9 contre les agressions des mercenaires qui voulaient prendre la Guin\u00e9e. Nous avons aid\u00e9 \u00e0 la lutte contre les terroristes partout dans le monde, donc c\u2019est ridicule de chercher \u00e0 cr\u00e9er la confusion dans la t\u00eate du monde en disant que la France et la Guin\u00e9e vont d\u00e9ployer des troupes s\u00e9curitaires, je le d\u00e9ments\u2026 \u00bb, a-t-il martel\u00e9.<\/p>\n<p>L\u2019ambassadeur de France, pr\u00e9sent \u00e0 la rencontre dit souscrire \u00e0 \u00ab 1000% \u00bb aux propos du chef de la diplomatie guin\u00e9enne. Il se dit \u00e9tonn\u00e9 de voir circuler de telles informations avant de s\u2019interroger sur : \u00ab qui peut avoir int\u00e9r\u00eat \u00e0 agiter des questions qui ne se posent pas ? \u00bb a t-il soulign\u00e9.<\/p>\n<p>Camara Mamadouba<\/p>\n","protected":false},"excerpt":{"rendered":"<p>Les autorit\u00e9s guin\u00e9ennes d\u00e9mentent l\u2019information selon laquelle, des militaires fran\u00e7ais vont \u00eatre d\u00e9ploy\u00e9s \u00e0 la<\/p>\n","protected":false},"author":2,"featured_media":2202,"comment_status":"closed","ping_status":"open","sticky":false,"template":"","format":"standard","meta":[],"categories":[3,4],"tags":[229],"yoast_head":"<!-- This site is optimized with the Yoast SEO plugin v19.13 - https:\/\/yoast.com\/wordpress\/plugins\/seo\/ -->\n<title>D\u00e9ploiement de militaires fran\u00e7ais \u00e0 la fronti\u00e8re guin\u00e9o-malienne? Le d\u00e9menti du ministre des AE et de l\u2019ambassadeur de France. - UNIVERSNEWS224<\/title>\n<meta name=\"robots\" content=\"index, follow, max-snippet:-1, max-image-preview:large, max-video-preview:-1\" \/>\n<link rel=\"canonical\" href=\"https:\/\/universnews224.com\/index.php\/deploiement-de-militaires-francais-a-la-frontiere-guineo-malienne-le-dementi-du-ministre-des-ae-et-de-lambassadeur-de-france\/\" \/>\n<meta property=\"og:locale\" content=\"fr_FR\" \/>\n<meta property=\"og:type\" content=\"article\" \/>\n<meta property=\"og:title\" content=\"D\u00e9ploiement de militaires fran\u00e7ais \u00e0 la fronti\u00e8re guin\u00e9o-malienne? Le d\u00e9menti du ministre des AE et de l\u2019ambassadeur de France. - UNIVERSNEWS224\" \/>\n<meta property=\"og:description\" content=\"Les autorit\u00e9s guin\u00e9ennes d\u00e9mentent l\u2019information selon laquelle, des militaires fran\u00e7ais vont \u00eatre d\u00e9ploy\u00e9s \u00e0 la\" \/>\n<meta property=\"og:url\" content=\"https:\/\/universnews224.com\/index.php\/deploiement-de-militaires-francais-a-la-frontiere-guineo-malienne-le-dementi-du-ministre-des-ae-et-de-lambassadeur-de-france\/\" \/>\n<meta property=\"og:site_name\" content=\"UNIVERSNEWS224\" \/>\n<meta property=\"article:published_time\" content=\"2022-10-12T23:39:47+00:00\" \/>\n<meta property=\"og:image\" content=\"https:\/\/universnews224.com\/wp-content\/uploads\/2022\/10\/9959B741-F75E-4710-88DA-77523DFE3157.jpeg\" \/>\n\t<meta property=\"og:image:width\" content=\"1080\" \/>\n\t<meta property=\"og:image:height\" content=\"741\" \/>\n\t<meta property=\"og:image:type\" content=\"image\/jpeg\" \/>\n<meta name=\"author\" content=\"La R\u00e9daction\" \/>\n<meta name=\"twitter:label1\" content=\"\u00c9crit par\" \/>\n\t<meta name=\"twitter:data1\" content=\"La R\u00e9daction\" \/>\n\t<meta name=\"twitter:label2\" content=\"Dur\u00e9e de lecture estim\u00e9e\" \/>\n\t<meta name=\"twitter:data2\" content=\"2 minutes\" \/>\n<script type=\"application\/ld+json\" class=\"yoast-schema-graph\">{\"@context\":\"https:\/\/schema.org\",\"@graph\":[{\"@type\":\"Article\",\"@id\":\"https:\/\/universnews224.com\/index.php\/deploiement-de-militaires-francais-a-la-frontiere-guineo-malienne-le-dementi-du-ministre-des-ae-et-de-lambassadeur-de-france\/#article\",\"isPartOf\":{\"@id\":\"https:\/\/universnews224.com\/index.php\/deploiement-de-militaires-francais-a-la-frontiere-guineo-malienne-le-dementi-du-ministre-des-ae-et-de-lambassadeur-de-france\/\"},\"author\":{\"name\":\"La R\u00e9daction\",\"@id\":\"https:\/\/universnews224.com\/#\/schema\/person\/a4b7d4f94a4716df60456a491260485e\"},\"headline\":\"D\u00e9ploiement de militaires fran\u00e7ais \u00e0 la fronti\u00e8re guin\u00e9o-malienne? Le d\u00e9menti du ministre des AE et de l\u2019ambassadeur de France.\",\"datePublished\":\"2022-10-12T23:39:47+00:00\",\"dateModified\":\"2022-10-12T23:39:47+00:00\",\"mainEntityOfPage\":{\"@id\":\"https:\/\/universnews224.com\/index.php\/deploiement-de-militaires-francais-a-la-frontiere-guineo-malienne-le-dementi-du-ministre-des-ae-et-de-lambassadeur-de-france\/\"},\"wordCount\":364,\"publisher\":{\"@id\":\"https:\/\/universnews224.com\/#organization\"},\"keywords\":[\"La une\"],\"articleSection\":[\"ACTU\",\"POLITIQUE\"],\"inLanguage\":\"fr-FR\"},{\"@type\":\"WebPage\",\"@id\":\"https:\/\/universnews224.com\/index.php\/deploiement-de-militaires-francais-a-la-frontiere-guineo-malienne-le-dementi-du-ministre-des-ae-et-de-lambassadeur-de-france\/\",\"url\":\"https:\/\/universnews224.com\/index.php\/deploiement-de-militaires-francais-a-la-frontiere-guineo-malienne-le-dementi-du-ministre-des-ae-et-de-lambassadeur-de-france\/\",\"name\":\"D\u00e9ploiement de militaires fran\u00e7ais \u00e0 la fronti\u00e8re guin\u00e9o-malienne? Le d\u00e9menti du ministre des AE et de l\u2019ambassadeur de France. - UNIVERSNEWS224\",\"isPartOf\":{\"@id\":\"https:\/\/universnews224.com\/#website\"},\"datePublished\":\"2022-10-12T23:39:47+00:00\",\"dateModified\":\"2022-10-12T23:39:47+00:00\",\"inLanguage\":\"fr-FR\",\"potentialAction\":[{\"@type\":\"ReadAction\",\"target\":[\"https:\/\/universnews224.com\/index.php\/deploiement-de-militaires-francais-a-la-frontiere-guineo-malienne-le-dementi-du-ministre-des-ae-et-de-lambassadeur-de-france\/\"]}]},{\"@type\":\"WebSite\",\"@id\":\"https:\/\/universnews224.com\/#website\",\"url\":\"https:\/\/universnews224.com\/\",\"name\":\"UNIVERSNEWS224\",\"description\":\"\",\"publisher\":{\"@id\":\"https:\/\/universnews224.com\/#organization\"},\"potentialAction\":[{\"@type\":\"SearchAction\",\"target\":{\"@type\":\"EntryPoint\",\"urlTemplate\":\"https:\/\/universnews224.com\/?s={search_term_string}\"},\"query-input\":\"required name=search_term_string\"}],\"inLanguage\":\"fr-FR\"},{\"@type\":\"Organization\",\"@id\":\"https:\/\/universnews224.com\/#organization\",\"name\":\"UNIVERSNEWS224\",\"url\":\"https:\/\/universnews224.com\/\",\"logo\":{\"@type\":\"ImageObject\",\"inLanguage\":\"fr-FR\",\"@id\":\"https:\/\/universnews224.com\/#\/schema\/logo\/image\/\",\"url\":\"https:\/\/universnews224.com\/wp-content\/uploads\/2022\/08\/cropped-cropped-logoban.jpg\",\"contentUrl\":\"https:\/\/universnews224.com\/wp-content\/uploads\/2022\/08\/cropped-cropped-logoban.jpg\",\"width\":1080,\"height\":138,\"caption\":\"UNIVERSNEWS224\"},\"image\":{\"@id\":\"https:\/\/universnews224.com\/#\/schema\/logo\/image\/\"}},{\"@type\":\"Person\",\"@id\":\"https:\/\/universnews224.com\/#\/schema\/person\/a4b7d4f94a4716df60456a491260485e\",\"name\":\"La R\u00e9daction\",\"image\":{\"@type\":\"ImageObject\",\"inLanguage\":\"fr-FR\",\"@id\":\"https:\/\/universnews224.com\/#\/schema\/person\/image\/\",\"url\":\"https:\/\/secure.gravatar.com\/avatar\/edb90acc7752b23e1b3307ad36c14f0d?s=96&d=mm&r=g\",\"contentUrl\":\"https:\/\/secure.gravatar.com\/avatar\/edb90acc7752b23e1b3307ad36c14f0d?s=96&d=mm&r=g\",\"caption\":\"La R\u00e9daction\"},\"sameAs\":[\"https:\/\/universnews224.com\"],\"url\":\"https:\/\/universnews224.com\/index.php\/author\/m-camara\/\"}]}<\/script>\n<!-- \/ Yoast SEO plugin. -->","yoast_head_json":{"title":"D\u00e9ploiement de militaires fran\u00e7ais \u00e0 la fronti\u00e8re guin\u00e9o-malienne? Le d\u00e9menti du ministre des AE et de l\u2019ambassadeur de France. - UNIVERSNEWS224","robots":{"index":"index","follow":"follow","max-snippet":"max-snippet:-1","max-image-preview":"max-image-preview:large","max-video-preview":"max-video-preview:-1"},"canonical":"https:\/\/universnews224.com\/index.php\/deploiement-de-militaires-francais-a-la-frontiere-guineo-malienne-le-dementi-du-ministre-des-ae-et-de-lambassadeur-de-france\/","og_locale":"fr_FR","og_type":"article","og_title":"D\u00e9ploiement de militaires fran\u00e7ais \u00e0 la fronti\u00e8re guin\u00e9o-malienne? Le d\u00e9menti du ministre des AE et de l\u2019ambassadeur de France. - UNIVERSNEWS224","og_description":"Les autorit\u00e9s guin\u00e9ennes d\u00e9mentent l\u2019information selon laquelle, des militaires fran\u00e7ais vont \u00eatre d\u00e9ploy\u00e9s \u00e0 la","og_url":"https:\/\/universnews224.com\/index.php\/deploiement-de-militaires-francais-a-la-frontiere-guineo-malienne-le-dementi-du-ministre-des-ae-et-de-lambassadeur-de-france\/","og_site_name":"UNIVERSNEWS224","article_published_time":"2022-10-12T23:39:47+00:00","og_image":[{"width":1080,"height":741,"url":"https:\/\/universnews224.com\/wp-content\/uploads\/2022\/10\/9959B741-F75E-4710-88DA-77523DFE3157.jpeg","type":"image\/jpeg"}],"author":"La R\u00e9daction","twitter_misc":{"\u00c9crit par":"La R\u00e9daction","Dur\u00e9e de lecture estim\u00e9e":"2 minutes"},"schema":{"@context":"https:\/\/schema.org","@graph":[{"@type":"Article","@id":"https:\/\/universnews224.com\/index.php\/deploiement-de-militaires-francais-a-la-frontiere-guineo-malienne-le-dementi-du-ministre-des-ae-et-de-lambassadeur-de-france\/#article","isPartOf":{"@id":"https:\/\/universnews224.com\/index.php\/deploiement-de-militaires-francais-a-la-frontiere-guineo-malienne-le-dementi-du-ministre-des-ae-et-de-lambassadeur-de-france\/"},"author":{"name":"La R\u00e9daction","@id":"https:\/\/universnews224.com\/#\/schema\/person\/a4b7d4f94a4716df60456a491260485e"},"headline":"D\u00e9ploiement de militaires fran\u00e7ais \u00e0 la fronti\u00e8re guin\u00e9o-malienne? Le d\u00e9menti du ministre des AE et de l\u2019ambassadeur de France.","datePublished":"2022-10-12T23:39:47+00:00","dateModified":"2022-10-12T23:39:47+00:00","mainEntityOfPage":{"@id":"https:\/\/universnews224.com\/index.php\/deploiement-de-militaires-francais-a-la-frontiere-guineo-malienne-le-dementi-du-ministre-des-ae-et-de-lambassadeur-de-france\/"},"wordCount":364,"publisher":{"@id":"https:\/\/universnews224.com\/#organization"},"keywords":["La une"],"articleSection":["ACTU","POLITIQUE"],"inLanguage":"fr-FR"},{"@type":"WebPage","@id":"https:\/\/universnews224.com\/index.php\/deploiement-de-militaires-francais-a-la-frontiere-guineo-malienne-le-dementi-du-ministre-des-ae-et-de-lambassadeur-de-france\/","url":"https:\/\/universnews224.com\/index.php\/deploiement-de-militaires-francais-a-la-frontiere-guineo-malienne-le-dementi-du-ministre-des-ae-et-de-lambassadeur-de-france\/","name":"D\u00e9ploiement de militaires fran\u00e7ais \u00e0 la fronti\u00e8re guin\u00e9o-malienne? Le d\u00e9menti du ministre des AE et de l\u2019ambassadeur de France. - UNIVERSNEWS224","isPartOf":{"@id":"https:\/\/universnews224.com\/#website"},"datePublished":"2022-10-12T23:39:47+00:00","dateModified":"2022-10-12T23:39:47+00:00","inLanguage":"fr-FR","potentialAction":[{"@type":"ReadAction","target":["https:\/\/universnews224.com\/index.php\/deploiement-de-militaires-francais-a-la-frontiere-guineo-malienne-le-dementi-du-ministre-des-ae-et-de-lambassadeur-de-france\/"]}]},{"@type":"WebSite","@id":"https:\/\/universnews224.com\/#website","url":"https:\/\/universnews224.com\/","name":"UNIVERSNEWS224","description":"","publisher":{"@id":"https:\/\/universnews224.com\/#organization"},"potentialAction":[{"@type":"SearchAction","target":{"@type":"EntryPoint","urlTemplate":"https:\/\/universnews224.com\/?s={search_term_string}"},"query-input":"required name=search_term_string"}],"inLanguage":"fr-FR"},{"@type":"Organization","@id":"https:\/\/universnews224.com\/#organization","name":"UNIVERSNEWS224","url":"https:\/\/universnews224.com\/","logo":{"@type":"ImageObject","inLanguage":"fr-FR","@id":"https:\/\/universnews224.com\/#\/schema\/logo\/image\/","url":"https:\/\/universnews224.com\/wp-content\/uploads\/2022\/08\/cropped-cropped-logoban.jpg","contentUrl":"https:\/\/universnews224.com\/wp-content\/uploads\/2022\/08\/cropped-cropped-logoban.jpg","width":1080,"height":138,"caption":"UNIVERSNEWS224"},"image":{"@id":"https:\/\/universnews224.com\/#\/schema\/logo\/image\/"}},{"@type":"Person","@id":"https:\/\/universnews224.com\/#\/schema\/person\/a4b7d4f94a4716df60456a491260485e","name":"La R\u00e9daction","image":{"@type":"ImageObject","inLanguage":"fr-FR","@id":"https:\/\/universnews224.com\/#\/schema\/person\/image\/","url":"https:\/\/secure.gravatar.com\/avatar\/edb90acc7752b23e1b3307ad36c14f0d?s=96&d=mm&r=g","contentUrl":"https:\/\/secure.gravatar.com\/avatar\/edb90acc7752b23e1b3307ad36c14f0d?s=96&d=mm&r=g","caption":"La R\u00e9daction"},"sameAs":["https:\/\/universnews224.com"],"url":"https:\/\/universnews224.com\/index.php\/author\/m-camara\/"}]}},"_links":{"self":[{"href":"https:\/\/universnews224.com\/index.php\/wp-json\/wp\/v2\/posts\/2201"}],"collection":[{"href":"https:\/\/universnews224.com\/index.php\/wp-json\/wp\/v2\/posts"}],"about":[{"href":"https:\/\/universnews224.com\/index.php\/wp-json\/wp\/v2\/types\/post"}],"author":[{"embeddable":true,"href":"https:\/\/universnews224.com\/index.php\/wp-json\/wp\/v2\/users\/2"}],"replies":[{"embeddable":true,"href":"https:\/\/universnews224.com\/index.php\/wp-json\/wp\/v2\/comments?post=2201"}],"version-history":[{"count":1,"href":"https:\/\/universnews224.com\/index.php\/wp-json\/wp\/v2\/posts\/2201\/revisions"}],"predecessor-version":[{"id":2203,"href":"https:\/\/universnews224.com\/index.php\/wp-json\/wp\/v2\/posts\/2201\/revisions\/2203"}],"wp:featuredmedia":[{"embeddable":true,"href":"https:\/\/universnews224.com\/index.php\/wp-json\/wp\/v2\/media\/2202"}],"wp:attachment":[{"href":"https:\/\/universnews224.com\/index.php\/wp-json\/wp\/v2\/media?parent=2201"}],"wp:term":[{"taxonomy":"category","embeddable":true,"href":"https:\/\/universnews224.com\/index.php\/wp-json\/wp\/v2\/categories?post=2201"},{"taxonomy":"post_tag","embeddable":true,"href":"https:\/\/universnews224.com\/index.php\/wp-json\/wp\/v2\/tags?post=2201"}],"curies":[{"name":"wp","href":"https:\/\/api.w.org\/{rel}","templated":true}]}}