{"id":2211,"date":"2022-10-14T23:13:40","date_gmt":"2022-10-14T22:13:40","guid":{"rendered":"https:\/\/universnews224.com\/?p=2211"},"modified":"2022-10-14T23:13:40","modified_gmt":"2022-10-14T22:13:40","slug":"lancement-a-conakry-de-la-2eme-edition-du-forum-de-la-jeune-fille-guineenne","status":"publish","type":"post","link":"https:\/\/universnews224.com\/index.php\/lancement-a-conakry-de-la-2eme-edition-du-forum-de-la-jeune-fille-guineenne\/","title":{"rendered":"Lancement \u00e0 Conakry de la 2\u00e8me \u00e9dition du forum de la jeune fille guin\u00e9enne."},"content":{"rendered":"<p>La ministre de l\u2019Action Sociale et de l\u2019Enfance, A\u00efcha Nanette Cont\u00e9 \u00a0a pr\u00e9sid\u00e9 ce vendredi, 14 octobre 2022, la c\u00e9r\u00e9monie de lancement de la 2\u00e8me \u00e9dition du forum de la jeune fille guin\u00e9enne sous le th\u00e8me:\u201cviolences sexuelles en Guin\u00e9e, quelles issues.<\/p>\n<p>Initi\u00e9 par l\u2019ONG le club des jeunes filles leaders de Guin\u00e9e, pendant deux (2) jours les participants de l\u2019int\u00e9rieur du pays et de Conakry font \u00e9changer autour des questions li\u00e9es aux violences faites aux femmes et filles.<\/p>\n<p>Dans son discours de circonstance, Kadiatou Konat\u00e9, pr\u00e9sidente du Club des Jeunes Filles Leaders de Guin\u00e9e a indiqu\u00e9 que le but de ce forum est d\u2019interpeller les dirigeants \u00e0 tous les niveaux, \u00e0 lutter pour les droits des femmes et filles de Guin\u00e9e.<br \/>\n<a href=\"https:\/\/universnews224.com\/wp-content\/uploads\/2022\/10\/7BAE7EA4-165B-4E29-B366-5E99E2255B2A.jpeg\"><img loading=\"lazy\" class=\"alignnone size-medium wp-image-2212\" src=\"https:\/\/universnews224.com\/wp-content\/uploads\/2022\/10\/7BAE7EA4-165B-4E29-B366-5E99E2255B2A-300x225.jpeg\" alt=\"\" width=\"300\" height=\"225\" srcset=\"https:\/\/universnews224.com\/wp-content\/uploads\/2022\/10\/7BAE7EA4-165B-4E29-B366-5E99E2255B2A-300x225.jpeg 300w, https:\/\/universnews224.com\/wp-content\/uploads\/2022\/10\/7BAE7EA4-165B-4E29-B366-5E99E2255B2A-768x576.jpeg 768w, https:\/\/universnews224.com\/wp-content\/uploads\/2022\/10\/7BAE7EA4-165B-4E29-B366-5E99E2255B2A-720x540.jpeg 720w, https:\/\/universnews224.com\/wp-content\/uploads\/2022\/10\/7BAE7EA4-165B-4E29-B366-5E99E2255B2A.jpeg 1008w\" sizes=\"(max-width: 300px) 100vw, 300px\" \/><\/a><\/p>\n<p>\u00abCe forum est un cadre id\u00e9al pour nous, de rappeler aux autorit\u00e9s, aux partenaires et \u00e0 toutes les autres parties prenantes de lutter pour les droits des filles. Parce que ces droits doivent \u00eatre une priorit\u00e9 absolue pour tous, surtout dans nos actions communes, en commen\u00e7ant par la maison, ensuite dans nos environnements respectifs et puis dans les lieux professionnels. Il est important pour nous, de signaler que cette question est d\u2019urgence capitale. On remarque \u00e0 travers notre th\u00e8me centre qui porte sur \u201cles violences sexuelles en Guin\u00e9e, quelles issues?\u00a0\u00bb . Aujourd\u2019hui, les violences sexuelles prend de l\u2019ampleur en Guin\u00e9e . Il y\u2019a des b\u00e9b\u00e9s de deux (2) qui sont viol\u00e9es. Il y\u2019 a des cas de mutation g\u00e9niale f\u00e9minine qui n\u2019en finissent pas. Il y\u2019a des cas d\u2019acharnement sexuel partout. Nous, jeunes filles on se pose la question, en sortant qui vais-je rencontrer?, s\u2019est-elle interrog\u00e9.<\/p>\n<p>Poursuivant, Kadiatou Konat\u00e9 exhorte les autorit\u00e9s guin\u00e9ennes \u00e0 faire de la question de protection des filles et femmes une priorit\u00e9.<\/p>\n<p>\u00abIl est temps pour nos autorit\u00e9s de prendre pour priorit\u00e9 ces questions de protection des filles. Il y\u2019a des actions qui sont entrain d\u2019\u00eatre r\u00e9alis\u00e9es, mais nous estimons que ce n\u2019est pas suffisante . Nous estimons qu\u2019il faut continuer, nous estimons qu\u2019il y\u2019a des probl\u00e8mes plus urgents dans les communaut\u00e9s, notamment les questions de prise en charge, les questions d\u2019appui, des questions de respect des textes de loi. \u00c7a existe, mais est-ce que c\u2019est suffisant, pour nous ce n\u2019est pas suffisant, on veut plus parce qu\u2019on sait qu\u2019on peut avoir plus. Et c\u2019est ce plus que nous r\u00e9clamons \u00e0 tout moment\u00bb a t-elle soulign\u00e9.<\/p>\n<p>En r\u00e9ponse, la ministre de l\u2019Action Sociale et de l\u2019Enfance, A\u00efcha Nanette Cont\u00e9 a rappel\u00e9 que des gouvernements successifs ont lou\u00e9 des efforts consid\u00e9rables pour la protection des femmes et filles.<br \/>\n<a href=\"https:\/\/universnews224.com\/wp-content\/uploads\/2022\/10\/84079DF8-40E1-4E73-A1C9-0A058E0F465A.jpeg\"><img loading=\"lazy\" class=\"alignnone size-medium wp-image-2213\" src=\"https:\/\/universnews224.com\/wp-content\/uploads\/2022\/10\/84079DF8-40E1-4E73-A1C9-0A058E0F465A-300x225.jpeg\" alt=\"\" width=\"300\" height=\"225\" srcset=\"https:\/\/universnews224.com\/wp-content\/uploads\/2022\/10\/84079DF8-40E1-4E73-A1C9-0A058E0F465A-300x225.jpeg 300w, https:\/\/universnews224.com\/wp-content\/uploads\/2022\/10\/84079DF8-40E1-4E73-A1C9-0A058E0F465A-768x576.jpeg 768w, https:\/\/universnews224.com\/wp-content\/uploads\/2022\/10\/84079DF8-40E1-4E73-A1C9-0A058E0F465A-720x540.jpeg 720w, https:\/\/universnews224.com\/wp-content\/uploads\/2022\/10\/84079DF8-40E1-4E73-A1C9-0A058E0F465A.jpeg 1008w\" sizes=\"(max-width: 300px) 100vw, 300px\" \/><\/a><\/p>\n<p>\u00abEn prenant la mesure de toute cette situation, les gouvernements successifs de la R\u00e9publique de Guin\u00e9e ont fait de la question des violences bas\u00e9es sur le genre une pr\u00e9occupation, pour ne pas dire une priorit\u00e9. En t\u00e9moigne l\u2019adoption d\u2019une strat\u00e9gie nationale de riposte contre les violences bas\u00e9es sur les genres. L\u2019adoption d\u2019un plan strat\u00e9gique pour la promotion de l\u2019abandon des mutations g\u00e9nitales f\u00e9minines. L\u2019adoption d\u2019une strat\u00e9gie nationale de lutte contre les mariages d\u2019enfant. Les r\u00e9formes juridiques op\u00e9r\u00e9es avec la r\u00e9vision du code p\u00e9nal pour incriminer les VBG. L\u2019adoption du code de l\u2019enfant, la cr\u00e9ation des centres de prise en charge m\u00e9dicale des victimes de VBG, mais aussi les cellules VBG dans les commissariats et poste de gendarmerie. Tout r\u00e9cemment, la signature de deux engagements du gouvernement de la transition en faveur de la protection des femmes et des filles contre les violences le 15 d\u00e9cembre dernier\u00bba t-elle not\u00e9.<\/p>\n<p>Plus loin, Mme Cont\u00e9 s\u2019est engag\u00e9 \u00e0 accompagner le club des jeunes filles leaders de Guin\u00e9e pour lutter contre les violences faites aux femmes et filles de Guin\u00e9e.<\/p>\n<p>\u00abSur le plan op\u00e9rationnel, il est important de signaler que le r\u00f4le des ONG est tr\u00e8s important dans la dynamique de pr\u00e9vention, d\u00e9nonciation et le suivi des cas pour une meilleure prise en charge des victimes. Je tiens \u00e0 saluer ici la volont\u00e9 et le courage du club des jeunes filles leaders de ces antennes \u00e0 l\u2019int\u00e9rieur du pays pour l\u2019immense travail d protection des droits de leurs cons\u0153urs partout en Guin\u00e9e. Aussi, je voudrais vous assurer de la disponibilit\u00e9 de mon d\u00e9partement de vous accompagner, car les ONG constituent un partenaire essentiel dans la dynamique de lutte contre les violences\u00bb a t-elle martel\u00e9.<\/p>\n<p>Camara Mamadouba<br \/>\n611 46 04 10<\/p>\n","protected":false},"excerpt":{"rendered":"<p>La ministre de l\u2019Action Sociale et de l\u2019Enfance, A\u00efcha Nanette Cont\u00e9 \u00a0a pr\u00e9sid\u00e9 ce vendredi,<\/p>\n","protected":false},"author":2,"featured_media":2214,"comment_status":"closed","ping_status":"open","sticky":false,"template":"","format":"standard","meta":[],"categories":[3,5],"tags":[229],"yoast_head":"<!-- This site is optimized with the Yoast SEO plugin v19.13 - https:\/\/yoast.com\/wordpress\/plugins\/seo\/ -->\n<title>Lancement \u00e0 Conakry de la 2\u00e8me \u00e9dition du forum de la jeune fille guin\u00e9enne. - UNIVERSNEWS224<\/title>\n<meta name=\"robots\" content=\"index, follow, max-snippet:-1, max-image-preview:large, max-video-preview:-1\" \/>\n<link rel=\"canonical\" href=\"https:\/\/universnews224.com\/index.php\/lancement-a-conakry-de-la-2eme-edition-du-forum-de-la-jeune-fille-guineenne\/\" \/>\n<meta property=\"og:locale\" content=\"fr_FR\" \/>\n<meta property=\"og:type\" content=\"article\" \/>\n<meta property=\"og:title\" content=\"Lancement \u00e0 Conakry de la 2\u00e8me \u00e9dition du forum de la jeune fille guin\u00e9enne. - UNIVERSNEWS224\" \/>\n<meta property=\"og:description\" content=\"La ministre de l\u2019Action Sociale et de l\u2019Enfance, A\u00efcha Nanette Cont\u00e9 \u00a0a pr\u00e9sid\u00e9 ce vendredi,\" \/>\n<meta property=\"og:url\" content=\"https:\/\/universnews224.com\/index.php\/lancement-a-conakry-de-la-2eme-edition-du-forum-de-la-jeune-fille-guineenne\/\" \/>\n<meta property=\"og:site_name\" content=\"UNIVERSNEWS224\" \/>\n<meta property=\"article:published_time\" content=\"2022-10-14T22:13:40+00:00\" \/>\n<meta property=\"og:image\" content=\"https:\/\/universnews224.com\/wp-content\/uploads\/2022\/10\/BFBC9F18-49D7-4216-BCC8-76E16EC2CCDE.jpeg\" \/>\n\t<meta property=\"og:image:width\" content=\"1008\" \/>\n\t<meta property=\"og:image:height\" content=\"756\" \/>\n\t<meta property=\"og:image:type\" content=\"image\/jpeg\" \/>\n<meta name=\"author\" content=\"La R\u00e9daction\" \/>\n<meta name=\"twitter:label1\" content=\"\u00c9crit par\" \/>\n\t<meta name=\"twitter:data1\" content=\"La R\u00e9daction\" \/>\n\t<meta name=\"twitter:label2\" content=\"Dur\u00e9e de lecture estim\u00e9e\" \/>\n\t<meta name=\"twitter:data2\" content=\"5 minutes\" \/>\n<script type=\"application\/ld+json\" class=\"yoast-schema-graph\">{\"@context\":\"https:\/\/schema.org\",\"@graph\":[{\"@type\":\"Article\",\"@id\":\"https:\/\/universnews224.com\/index.php\/lancement-a-conakry-de-la-2eme-edition-du-forum-de-la-jeune-fille-guineenne\/#article\",\"isPartOf\":{\"@id\":\"https:\/\/universnews224.com\/index.php\/lancement-a-conakry-de-la-2eme-edition-du-forum-de-la-jeune-fille-guineenne\/\"},\"author\":{\"name\":\"La R\u00e9daction\",\"@id\":\"https:\/\/universnews224.com\/#\/schema\/person\/a4b7d4f94a4716df60456a491260485e\"},\"headline\":\"Lancement \u00e0 Conakry de la 2\u00e8me \u00e9dition du forum de la jeune fille guin\u00e9enne.\",\"datePublished\":\"2022-10-14T22:13:40+00:00\",\"dateModified\":\"2022-10-14T22:13:40+00:00\",\"mainEntityOfPage\":{\"@id\":\"https:\/\/universnews224.com\/index.php\/lancement-a-conakry-de-la-2eme-edition-du-forum-de-la-jeune-fille-guineenne\/\"},\"wordCount\":809,\"publisher\":{\"@id\":\"https:\/\/universnews224.com\/#organization\"},\"keywords\":[\"La une\"],\"articleSection\":[\"ACTU\",\"SOCI\u00c9T\u00c9\"],\"inLanguage\":\"fr-FR\"},{\"@type\":\"WebPage\",\"@id\":\"https:\/\/universnews224.com\/index.php\/lancement-a-conakry-de-la-2eme-edition-du-forum-de-la-jeune-fille-guineenne\/\",\"url\":\"https:\/\/universnews224.com\/index.php\/lancement-a-conakry-de-la-2eme-edition-du-forum-de-la-jeune-fille-guineenne\/\",\"name\":\"Lancement \u00e0 Conakry de la 2\u00e8me \u00e9dition du forum de la jeune fille guin\u00e9enne. - UNIVERSNEWS224\",\"isPartOf\":{\"@id\":\"https:\/\/universnews224.com\/#website\"},\"datePublished\":\"2022-10-14T22:13:40+00:00\",\"dateModified\":\"2022-10-14T22:13:40+00:00\",\"inLanguage\":\"fr-FR\",\"potentialAction\":[{\"@type\":\"ReadAction\",\"target\":[\"https:\/\/universnews224.com\/index.php\/lancement-a-conakry-de-la-2eme-edition-du-forum-de-la-jeune-fille-guineenne\/\"]}]},{\"@type\":\"WebSite\",\"@id\":\"https:\/\/universnews224.com\/#website\",\"url\":\"https:\/\/universnews224.com\/\",\"name\":\"UNIVERSNEWS224\",\"description\":\"\",\"publisher\":{\"@id\":\"https:\/\/universnews224.com\/#organization\"},\"potentialAction\":[{\"@type\":\"SearchAction\",\"target\":{\"@type\":\"EntryPoint\",\"urlTemplate\":\"https:\/\/universnews224.com\/?s={search_term_string}\"},\"query-input\":\"required name=search_term_string\"}],\"inLanguage\":\"fr-FR\"},{\"@type\":\"Organization\",\"@id\":\"https:\/\/universnews224.com\/#organization\",\"name\":\"UNIVERSNEWS224\",\"url\":\"https:\/\/universnews224.com\/\",\"logo\":{\"@type\":\"ImageObject\",\"inLanguage\":\"fr-FR\",\"@id\":\"https:\/\/universnews224.com\/#\/schema\/logo\/image\/\",\"url\":\"https:\/\/universnews224.com\/wp-content\/uploads\/2022\/08\/cropped-cropped-logoban.jpg\",\"contentUrl\":\"https:\/\/universnews224.com\/wp-content\/uploads\/2022\/08\/cropped-cropped-logoban.jpg\",\"width\":1080,\"height\":138,\"caption\":\"UNIVERSNEWS224\"},\"image\":{\"@id\":\"https:\/\/universnews224.com\/#\/schema\/logo\/image\/\"}},{\"@type\":\"Person\",\"@id\":\"https:\/\/universnews224.com\/#\/schema\/person\/a4b7d4f94a4716df60456a491260485e\",\"name\":\"La R\u00e9daction\",\"image\":{\"@type\":\"ImageObject\",\"inLanguage\":\"fr-FR\",\"@id\":\"https:\/\/universnews224.com\/#\/schema\/person\/image\/\",\"url\":\"https:\/\/secure.gravatar.com\/avatar\/edb90acc7752b23e1b3307ad36c14f0d?s=96&d=mm&r=g\",\"contentUrl\":\"https:\/\/secure.gravatar.com\/avatar\/edb90acc7752b23e1b3307ad36c14f0d?s=96&d=mm&r=g\",\"caption\":\"La R\u00e9daction\"},\"sameAs\":[\"https:\/\/universnews224.com\"],\"url\":\"https:\/\/universnews224.com\/index.php\/author\/m-camara\/\"}]}<\/script>\n<!-- \/ Yoast SEO plugin. -->","yoast_head_json":{"title":"Lancement \u00e0 Conakry de la 2\u00e8me \u00e9dition du forum de la jeune fille guin\u00e9enne. - UNIVERSNEWS224","robots":{"index":"index","follow":"follow","max-snippet":"max-snippet:-1","max-image-preview":"max-image-preview:large","max-video-preview":"max-video-preview:-1"},"canonical":"https:\/\/universnews224.com\/index.php\/lancement-a-conakry-de-la-2eme-edition-du-forum-de-la-jeune-fille-guineenne\/","og_locale":"fr_FR","og_type":"article","og_title":"Lancement \u00e0 Conakry de la 2\u00e8me \u00e9dition du forum de la jeune fille guin\u00e9enne. - UNIVERSNEWS224","og_description":"La ministre de l\u2019Action Sociale et de l\u2019Enfance, A\u00efcha Nanette Cont\u00e9 \u00a0a pr\u00e9sid\u00e9 ce vendredi,","og_url":"https:\/\/universnews224.com\/index.php\/lancement-a-conakry-de-la-2eme-edition-du-forum-de-la-jeune-fille-guineenne\/","og_site_name":"UNIVERSNEWS224","article_published_time":"2022-10-14T22:13:40+00:00","og_image":[{"width":1008,"height":756,"url":"https:\/\/universnews224.com\/wp-content\/uploads\/2022\/10\/BFBC9F18-49D7-4216-BCC8-76E16EC2CCDE.jpeg","type":"image\/jpeg"}],"author":"La R\u00e9daction","twitter_misc":{"\u00c9crit par":"La R\u00e9daction","Dur\u00e9e de lecture estim\u00e9e":"5 minutes"},"schema":{"@context":"https:\/\/schema.org","@graph":[{"@type":"Article","@id":"https:\/\/universnews224.com\/index.php\/lancement-a-conakry-de-la-2eme-edition-du-forum-de-la-jeune-fille-guineenne\/#article","isPartOf":{"@id":"https:\/\/universnews224.com\/index.php\/lancement-a-conakry-de-la-2eme-edition-du-forum-de-la-jeune-fille-guineenne\/"},"author":{"name":"La R\u00e9daction","@id":"https:\/\/universnews224.com\/#\/schema\/person\/a4b7d4f94a4716df60456a491260485e"},"headline":"Lancement \u00e0 Conakry de la 2\u00e8me \u00e9dition du forum de la jeune fille guin\u00e9enne.","datePublished":"2022-10-14T22:13:40+00:00","dateModified":"2022-10-14T22:13:40+00:00","mainEntityOfPage":{"@id":"https:\/\/universnews224.com\/index.php\/lancement-a-conakry-de-la-2eme-edition-du-forum-de-la-jeune-fille-guineenne\/"},"wordCount":809,"publisher":{"@id":"https:\/\/universnews224.com\/#organization"},"keywords":["La une"],"articleSection":["ACTU","SOCI\u00c9T\u00c9"],"inLanguage":"fr-FR"},{"@type":"WebPage","@id":"https:\/\/universnews224.com\/index.php\/lancement-a-conakry-de-la-2eme-edition-du-forum-de-la-jeune-fille-guineenne\/","url":"https:\/\/universnews224.com\/index.php\/lancement-a-conakry-de-la-2eme-edition-du-forum-de-la-jeune-fille-guineenne\/","name":"Lancement \u00e0 Conakry de la 2\u00e8me \u00e9dition du forum de la jeune fille guin\u00e9enne. - UNIVERSNEWS224","isPartOf":{"@id":"https:\/\/universnews224.com\/#website"},"datePublished":"2022-10-14T22:13:40+00:00","dateModified":"2022-10-14T22:13:40+00:00","inLanguage":"fr-FR","potentialAction":[{"@type":"ReadAction","target":["https:\/\/universnews224.com\/index.php\/lancement-a-conakry-de-la-2eme-edition-du-forum-de-la-jeune-fille-guineenne\/"]}]},{"@type":"WebSite","@id":"https:\/\/universnews224.com\/#website","url":"https:\/\/universnews224.com\/","name":"UNIVERSNEWS224","description":"","publisher":{"@id":"https:\/\/universnews224.com\/#organization"},"potentialAction":[{"@type":"SearchAction","target":{"@type":"EntryPoint","urlTemplate":"https:\/\/universnews224.com\/?s={search_term_string}"},"query-input":"required name=search_term_string"}],"inLanguage":"fr-FR"},{"@type":"Organization","@id":"https:\/\/universnews224.com\/#organization","name":"UNIVERSNEWS224","url":"https:\/\/universnews224.com\/","logo":{"@type":"ImageObject","inLanguage":"fr-FR","@id":"https:\/\/universnews224.com\/#\/schema\/logo\/image\/","url":"https:\/\/universnews224.com\/wp-content\/uploads\/2022\/08\/cropped-cropped-logoban.jpg","contentUrl":"https:\/\/universnews224.com\/wp-content\/uploads\/2022\/08\/cropped-cropped-logoban.jpg","width":1080,"height":138,"caption":"UNIVERSNEWS224"},"image":{"@id":"https:\/\/universnews224.com\/#\/schema\/logo\/image\/"}},{"@type":"Person","@id":"https:\/\/universnews224.com\/#\/schema\/person\/a4b7d4f94a4716df60456a491260485e","name":"La R\u00e9daction","image":{"@type":"ImageObject","inLanguage":"fr-FR","@id":"https:\/\/universnews224.com\/#\/schema\/person\/image\/","url":"https:\/\/secure.gravatar.com\/avatar\/edb90acc7752b23e1b3307ad36c14f0d?s=96&d=mm&r=g","contentUrl":"https:\/\/secure.gravatar.com\/avatar\/edb90acc7752b23e1b3307ad36c14f0d?s=96&d=mm&r=g","caption":"La R\u00e9daction"},"sameAs":["https:\/\/universnews224.com"],"url":"https:\/\/universnews224.com\/index.php\/author\/m-camara\/"}]}},"_links":{"self":[{"href":"https:\/\/universnews224.com\/index.php\/wp-json\/wp\/v2\/posts\/2211"}],"collection":[{"href":"https:\/\/universnews224.com\/index.php\/wp-json\/wp\/v2\/posts"}],"about":[{"href":"https:\/\/universnews224.com\/index.php\/wp-json\/wp\/v2\/types\/post"}],"author":[{"embeddable":true,"href":"https:\/\/universnews224.com\/index.php\/wp-json\/wp\/v2\/users\/2"}],"replies":[{"embeddable":true,"href":"https:\/\/universnews224.com\/index.php\/wp-json\/wp\/v2\/comments?post=2211"}],"version-history":[{"count":1,"href":"https:\/\/universnews224.com\/index.php\/wp-json\/wp\/v2\/posts\/2211\/revisions"}],"predecessor-version":[{"id":2215,"href":"https:\/\/universnews224.com\/index.php\/wp-json\/wp\/v2\/posts\/2211\/revisions\/2215"}],"wp:featuredmedia":[{"embeddable":true,"href":"https:\/\/universnews224.com\/index.php\/wp-json\/wp\/v2\/media\/2214"}],"wp:attachment":[{"href":"https:\/\/universnews224.com\/index.php\/wp-json\/wp\/v2\/media?parent=2211"}],"wp:term":[{"taxonomy":"category","embeddable":true,"href":"https:\/\/universnews224.com\/index.php\/wp-json\/wp\/v2\/categories?post=2211"},{"taxonomy":"post_tag","embeddable":true,"href":"https:\/\/universnews224.com\/index.php\/wp-json\/wp\/v2\/tags?post=2211"}],"curies":[{"name":"wp","href":"https:\/\/api.w.org\/{rel}","templated":true}]}}