{"id":2234,"date":"2022-10-17T14:17:52","date_gmt":"2022-10-17T13:17:52","guid":{"rendered":"https:\/\/universnews224.com\/?p=2234"},"modified":"2022-10-17T14:17:52","modified_gmt":"2022-10-17T13:17:52","slug":"le-deces-de-lartiste-baba-samba-confirme-par-son-manager","status":"publish","type":"post","link":"https:\/\/universnews224.com\/index.php\/le-deces-de-lartiste-baba-samba-confirme-par-son-manager\/","title":{"rendered":"Le d\u00e9c\u00e8s de l\u2019artiste Baba Samba confirm\u00e9 par son manager"},"content":{"rendered":"<p>L\u2019artiste Mamadou Samba Sow commun\u00e9ment connu sous le nom de Baba Samba a tir\u00e9 sa r\u00e9v\u00e9rence dans la nuit du dimanche 16 \u00e0 lundi 17 octobre 2022 \u00e0 Mali Bamako, des suites d\u2019une maladie.<\/p>\n<p>La nouvelle de son d\u00e9c\u00e8s qui s\u2019est empar\u00e9e des r\u00e9seaux sociaux a \u00e9t\u00e9 confirm\u00e9e par Ibrahima Kalil Dioubat\u00e9, son manager.<\/p>\n<p>\u201cC\u2019est vrai que Baba Samba est d\u00e9c\u00e9d\u00e9 au Mali \u00e0 Bamako o\u00f9 il, \u00e9tait all\u00e9 pour des projets musicaux. Nous nous rendons comme \u00e7a au minist\u00e8re de la culture pour voir si le minist\u00e8re va nous aider \u00e0 ramener le corps en Guin\u00e9e. C\u2019est une grosse perte pour la musique guin\u00e9enne\u201d, nous a-t-il confi\u00e9.<\/p>\n<p>Il faut rappeler que le jeune artiste talentueux qui \u00e9tait devenu la r\u00e9v\u00e9lation du reggae Guin\u00e9en avec son premier album \u00ab\u00a0Allah Semb\u00e8\u00a0\u00bb en 2011 avec la structure Benedi Records. \u00c0 cette occasion, il fait une double d\u00e9dicace les 26 et 27 novembre 2011 respectivement au palais du peuple et \u00e0 la plage Rogban\u00e9 avec un public fou.<\/p>\n<p>Par la suite, il a eu des embrouilles avec son producteur Benedi\u00a0 records. C\u2019est ainsi qu\u2019il avait d\u00e9cid\u00e9 d\u2019\u00e9voluer en solo avant qu\u2019il ne se r\u00e9concilie avec ce dernier par la suite.<\/p>\n<p>Le 17 mars 2018, il tente de sortir un nouvel\u00a0 album \u00ab\u00a0Mon honneur\u00a0\u00bb qui se solde par un \u00e9chec total au palais, par ce que le public n\u2019a pas r\u00e9pondu \u00e0 l\u2019appel. Il \u00e9tait oblig\u00e9 d\u2019annuler son concert et de reporter la sortie de cet album \u00e0 une date ult\u00e9rieure.<\/p>\n<p>Et depuis ce fiasco, Baba Samba s\u2019est coup\u00e9 d\u2019avantage de son public. Pas de concert, pas d\u2019album.<\/p>\n<p>C\u2019est dans sa tentative de reconstruction qu\u2019il est all\u00e9 \u00e0 Mali Bamako pour des projets musicaux. Mais h\u00e9las, la mort a eu raison sur lui.<\/p>\n","protected":false},"excerpt":{"rendered":"<p>L\u2019artiste Mamadou Samba Sow commun\u00e9ment connu sous le nom de Baba Samba a tir\u00e9 sa<\/p>\n","protected":false},"author":2,"featured_media":2235,"comment_status":"closed","ping_status":"open","sticky":false,"template":"","format":"standard","meta":[],"categories":[3,6],"tags":[229],"yoast_head":"<!-- This site is optimized with the Yoast SEO plugin v19.13 - https:\/\/yoast.com\/wordpress\/plugins\/seo\/ -->\n<title>Le d\u00e9c\u00e8s de l\u2019artiste Baba Samba confirm\u00e9 par son manager - UNIVERSNEWS224<\/title>\n<meta name=\"robots\" content=\"index, follow, max-snippet:-1, max-image-preview:large, max-video-preview:-1\" \/>\n<link rel=\"canonical\" href=\"https:\/\/universnews224.com\/index.php\/le-deces-de-lartiste-baba-samba-confirme-par-son-manager\/\" \/>\n<meta property=\"og:locale\" content=\"fr_FR\" \/>\n<meta property=\"og:type\" content=\"article\" \/>\n<meta property=\"og:title\" content=\"Le d\u00e9c\u00e8s de l\u2019artiste Baba Samba confirm\u00e9 par son manager - UNIVERSNEWS224\" \/>\n<meta property=\"og:description\" content=\"L\u2019artiste Mamadou Samba Sow commun\u00e9ment connu sous le nom de Baba Samba a tir\u00e9 sa\" \/>\n<meta property=\"og:url\" content=\"https:\/\/universnews224.com\/index.php\/le-deces-de-lartiste-baba-samba-confirme-par-son-manager\/\" \/>\n<meta property=\"og:site_name\" content=\"UNIVERSNEWS224\" \/>\n<meta property=\"article:published_time\" content=\"2022-10-17T13:17:52+00:00\" \/>\n<meta property=\"og:image\" content=\"https:\/\/universnews224.com\/wp-content\/uploads\/2022\/10\/79C45DE8-5AA9-454D-9038-D934485A9C86.jpeg\" \/>\n\t<meta property=\"og:image:width\" content=\"720\" \/>\n\t<meta property=\"og:image:height\" content=\"847\" \/>\n\t<meta property=\"og:image:type\" content=\"image\/jpeg\" \/>\n<meta name=\"author\" content=\"La R\u00e9daction\" \/>\n<meta name=\"twitter:label1\" content=\"\u00c9crit par\" \/>\n\t<meta name=\"twitter:data1\" content=\"La R\u00e9daction\" \/>\n\t<meta name=\"twitter:label2\" content=\"Dur\u00e9e de lecture estim\u00e9e\" \/>\n\t<meta name=\"twitter:data2\" content=\"2 minutes\" \/>\n<script type=\"application\/ld+json\" class=\"yoast-schema-graph\">{\"@context\":\"https:\/\/schema.org\",\"@graph\":[{\"@type\":\"Article\",\"@id\":\"https:\/\/universnews224.com\/index.php\/le-deces-de-lartiste-baba-samba-confirme-par-son-manager\/#article\",\"isPartOf\":{\"@id\":\"https:\/\/universnews224.com\/index.php\/le-deces-de-lartiste-baba-samba-confirme-par-son-manager\/\"},\"author\":{\"name\":\"La R\u00e9daction\",\"@id\":\"https:\/\/universnews224.com\/#\/schema\/person\/a4b7d4f94a4716df60456a491260485e\"},\"headline\":\"Le d\u00e9c\u00e8s de l\u2019artiste Baba Samba confirm\u00e9 par son manager\",\"datePublished\":\"2022-10-17T13:17:52+00:00\",\"dateModified\":\"2022-10-17T13:17:52+00:00\",\"mainEntityOfPage\":{\"@id\":\"https:\/\/universnews224.com\/index.php\/le-deces-de-lartiste-baba-samba-confirme-par-son-manager\/\"},\"wordCount\":324,\"publisher\":{\"@id\":\"https:\/\/universnews224.com\/#organization\"},\"keywords\":[\"La une\"],\"articleSection\":[\"ACTU\",\"CULTURE\"],\"inLanguage\":\"fr-FR\"},{\"@type\":\"WebPage\",\"@id\":\"https:\/\/universnews224.com\/index.php\/le-deces-de-lartiste-baba-samba-confirme-par-son-manager\/\",\"url\":\"https:\/\/universnews224.com\/index.php\/le-deces-de-lartiste-baba-samba-confirme-par-son-manager\/\",\"name\":\"Le d\u00e9c\u00e8s de l\u2019artiste Baba Samba confirm\u00e9 par son manager - UNIVERSNEWS224\",\"isPartOf\":{\"@id\":\"https:\/\/universnews224.com\/#website\"},\"datePublished\":\"2022-10-17T13:17:52+00:00\",\"dateModified\":\"2022-10-17T13:17:52+00:00\",\"inLanguage\":\"fr-FR\",\"potentialAction\":[{\"@type\":\"ReadAction\",\"target\":[\"https:\/\/universnews224.com\/index.php\/le-deces-de-lartiste-baba-samba-confirme-par-son-manager\/\"]}]},{\"@type\":\"WebSite\",\"@id\":\"https:\/\/universnews224.com\/#website\",\"url\":\"https:\/\/universnews224.com\/\",\"name\":\"UNIVERSNEWS224\",\"description\":\"\",\"publisher\":{\"@id\":\"https:\/\/universnews224.com\/#organization\"},\"potentialAction\":[{\"@type\":\"SearchAction\",\"target\":{\"@type\":\"EntryPoint\",\"urlTemplate\":\"https:\/\/universnews224.com\/?s={search_term_string}\"},\"query-input\":\"required name=search_term_string\"}],\"inLanguage\":\"fr-FR\"},{\"@type\":\"Organization\",\"@id\":\"https:\/\/universnews224.com\/#organization\",\"name\":\"UNIVERSNEWS224\",\"url\":\"https:\/\/universnews224.com\/\",\"logo\":{\"@type\":\"ImageObject\",\"inLanguage\":\"fr-FR\",\"@id\":\"https:\/\/universnews224.com\/#\/schema\/logo\/image\/\",\"url\":\"https:\/\/universnews224.com\/wp-content\/uploads\/2022\/08\/cropped-cropped-logoban.jpg\",\"contentUrl\":\"https:\/\/universnews224.com\/wp-content\/uploads\/2022\/08\/cropped-cropped-logoban.jpg\",\"width\":1080,\"height\":138,\"caption\":\"UNIVERSNEWS224\"},\"image\":{\"@id\":\"https:\/\/universnews224.com\/#\/schema\/logo\/image\/\"}},{\"@type\":\"Person\",\"@id\":\"https:\/\/universnews224.com\/#\/schema\/person\/a4b7d4f94a4716df60456a491260485e\",\"name\":\"La R\u00e9daction\",\"image\":{\"@type\":\"ImageObject\",\"inLanguage\":\"fr-FR\",\"@id\":\"https:\/\/universnews224.com\/#\/schema\/person\/image\/\",\"url\":\"https:\/\/secure.gravatar.com\/avatar\/edb90acc7752b23e1b3307ad36c14f0d?s=96&d=mm&r=g\",\"contentUrl\":\"https:\/\/secure.gravatar.com\/avatar\/edb90acc7752b23e1b3307ad36c14f0d?s=96&d=mm&r=g\",\"caption\":\"La R\u00e9daction\"},\"sameAs\":[\"https:\/\/universnews224.com\"],\"url\":\"https:\/\/universnews224.com\/index.php\/author\/m-camara\/\"}]}<\/script>\n<!-- \/ Yoast SEO plugin. -->","yoast_head_json":{"title":"Le d\u00e9c\u00e8s de l\u2019artiste Baba Samba confirm\u00e9 par son manager - UNIVERSNEWS224","robots":{"index":"index","follow":"follow","max-snippet":"max-snippet:-1","max-image-preview":"max-image-preview:large","max-video-preview":"max-video-preview:-1"},"canonical":"https:\/\/universnews224.com\/index.php\/le-deces-de-lartiste-baba-samba-confirme-par-son-manager\/","og_locale":"fr_FR","og_type":"article","og_title":"Le d\u00e9c\u00e8s de l\u2019artiste Baba Samba confirm\u00e9 par son manager - UNIVERSNEWS224","og_description":"L\u2019artiste Mamadou Samba Sow commun\u00e9ment connu sous le nom de Baba Samba a tir\u00e9 sa","og_url":"https:\/\/universnews224.com\/index.php\/le-deces-de-lartiste-baba-samba-confirme-par-son-manager\/","og_site_name":"UNIVERSNEWS224","article_published_time":"2022-10-17T13:17:52+00:00","og_image":[{"width":720,"height":847,"url":"https:\/\/universnews224.com\/wp-content\/uploads\/2022\/10\/79C45DE8-5AA9-454D-9038-D934485A9C86.jpeg","type":"image\/jpeg"}],"author":"La R\u00e9daction","twitter_misc":{"\u00c9crit par":"La R\u00e9daction","Dur\u00e9e de lecture estim\u00e9e":"2 minutes"},"schema":{"@context":"https:\/\/schema.org","@graph":[{"@type":"Article","@id":"https:\/\/universnews224.com\/index.php\/le-deces-de-lartiste-baba-samba-confirme-par-son-manager\/#article","isPartOf":{"@id":"https:\/\/universnews224.com\/index.php\/le-deces-de-lartiste-baba-samba-confirme-par-son-manager\/"},"author":{"name":"La R\u00e9daction","@id":"https:\/\/universnews224.com\/#\/schema\/person\/a4b7d4f94a4716df60456a491260485e"},"headline":"Le d\u00e9c\u00e8s de l\u2019artiste Baba Samba confirm\u00e9 par son manager","datePublished":"2022-10-17T13:17:52+00:00","dateModified":"2022-10-17T13:17:52+00:00","mainEntityOfPage":{"@id":"https:\/\/universnews224.com\/index.php\/le-deces-de-lartiste-baba-samba-confirme-par-son-manager\/"},"wordCount":324,"publisher":{"@id":"https:\/\/universnews224.com\/#organization"},"keywords":["La une"],"articleSection":["ACTU","CULTURE"],"inLanguage":"fr-FR"},{"@type":"WebPage","@id":"https:\/\/universnews224.com\/index.php\/le-deces-de-lartiste-baba-samba-confirme-par-son-manager\/","url":"https:\/\/universnews224.com\/index.php\/le-deces-de-lartiste-baba-samba-confirme-par-son-manager\/","name":"Le d\u00e9c\u00e8s de l\u2019artiste Baba Samba confirm\u00e9 par son manager - UNIVERSNEWS224","isPartOf":{"@id":"https:\/\/universnews224.com\/#website"},"datePublished":"2022-10-17T13:17:52+00:00","dateModified":"2022-10-17T13:17:52+00:00","inLanguage":"fr-FR","potentialAction":[{"@type":"ReadAction","target":["https:\/\/universnews224.com\/index.php\/le-deces-de-lartiste-baba-samba-confirme-par-son-manager\/"]}]},{"@type":"WebSite","@id":"https:\/\/universnews224.com\/#website","url":"https:\/\/universnews224.com\/","name":"UNIVERSNEWS224","description":"","publisher":{"@id":"https:\/\/universnews224.com\/#organization"},"potentialAction":[{"@type":"SearchAction","target":{"@type":"EntryPoint","urlTemplate":"https:\/\/universnews224.com\/?s={search_term_string}"},"query-input":"required name=search_term_string"}],"inLanguage":"fr-FR"},{"@type":"Organization","@id":"https:\/\/universnews224.com\/#organization","name":"UNIVERSNEWS224","url":"https:\/\/universnews224.com\/","logo":{"@type":"ImageObject","inLanguage":"fr-FR","@id":"https:\/\/universnews224.com\/#\/schema\/logo\/image\/","url":"https:\/\/universnews224.com\/wp-content\/uploads\/2022\/08\/cropped-cropped-logoban.jpg","contentUrl":"https:\/\/universnews224.com\/wp-content\/uploads\/2022\/08\/cropped-cropped-logoban.jpg","width":1080,"height":138,"caption":"UNIVERSNEWS224"},"image":{"@id":"https:\/\/universnews224.com\/#\/schema\/logo\/image\/"}},{"@type":"Person","@id":"https:\/\/universnews224.com\/#\/schema\/person\/a4b7d4f94a4716df60456a491260485e","name":"La R\u00e9daction","image":{"@type":"ImageObject","inLanguage":"fr-FR","@id":"https:\/\/universnews224.com\/#\/schema\/person\/image\/","url":"https:\/\/secure.gravatar.com\/avatar\/edb90acc7752b23e1b3307ad36c14f0d?s=96&d=mm&r=g","contentUrl":"https:\/\/secure.gravatar.com\/avatar\/edb90acc7752b23e1b3307ad36c14f0d?s=96&d=mm&r=g","caption":"La R\u00e9daction"},"sameAs":["https:\/\/universnews224.com"],"url":"https:\/\/universnews224.com\/index.php\/author\/m-camara\/"}]}},"_links":{"self":[{"href":"https:\/\/universnews224.com\/index.php\/wp-json\/wp\/v2\/posts\/2234"}],"collection":[{"href":"https:\/\/universnews224.com\/index.php\/wp-json\/wp\/v2\/posts"}],"about":[{"href":"https:\/\/universnews224.com\/index.php\/wp-json\/wp\/v2\/types\/post"}],"author":[{"embeddable":true,"href":"https:\/\/universnews224.com\/index.php\/wp-json\/wp\/v2\/users\/2"}],"replies":[{"embeddable":true,"href":"https:\/\/universnews224.com\/index.php\/wp-json\/wp\/v2\/comments?post=2234"}],"version-history":[{"count":1,"href":"https:\/\/universnews224.com\/index.php\/wp-json\/wp\/v2\/posts\/2234\/revisions"}],"predecessor-version":[{"id":2236,"href":"https:\/\/universnews224.com\/index.php\/wp-json\/wp\/v2\/posts\/2234\/revisions\/2236"}],"wp:featuredmedia":[{"embeddable":true,"href":"https:\/\/universnews224.com\/index.php\/wp-json\/wp\/v2\/media\/2235"}],"wp:attachment":[{"href":"https:\/\/universnews224.com\/index.php\/wp-json\/wp\/v2\/media?parent=2234"}],"wp:term":[{"taxonomy":"category","embeddable":true,"href":"https:\/\/universnews224.com\/index.php\/wp-json\/wp\/v2\/categories?post=2234"},{"taxonomy":"post_tag","embeddable":true,"href":"https:\/\/universnews224.com\/index.php\/wp-json\/wp\/v2\/tags?post=2234"}],"curies":[{"name":"wp","href":"https:\/\/api.w.org\/{rel}","templated":true}]}}