{"id":2246,"date":"2022-10-17T21:58:04","date_gmt":"2022-10-17T20:58:04","guid":{"rendered":"https:\/\/universnews224.com\/?p=2246"},"modified":"2022-10-17T21:58:04","modified_gmt":"2022-10-17T20:58:04","slug":"guinee-arrestation-de-cellou-balde-cellou-dalein-exige-sa-liberation","status":"publish","type":"post","link":"https:\/\/universnews224.com\/index.php\/guinee-arrestation-de-cellou-balde-cellou-dalein-exige-sa-liberation\/","title":{"rendered":"Guin\u00e9e: Arrestation de Cellou Bald\u00e9, Cellou Dalein exige sa lib\u00e9ration."},"content":{"rendered":"<div>Cellou Bald\u00e9, Coordinateur des F\u00e9d\u00e9rations UFDG de l\u2019int\u00e9rieur du pays a \u00e9t\u00e9 mis aux arr\u00eats dans la journ\u00e9e de ce lundi, 17 octobre 2022 et conduit \u00e0 la direction centrale des investigations judiciaires de la gendarmerie nationale. Une arrestation que d\u00e9nonce avec la derni\u00e8re \u00e9nergie, Cellou Dalein Diallo, le pr\u00e9sident de l\u2019Union des Forces D\u00e9mocratiques de Guin\u00e9e.<\/div>\n<div><\/div>\n<div>Dans un post publi\u00e9 sur sa page Facebook quelques heures apr\u00e8s l\u2019arrestation de ce cadre de son parti, le pr\u00e9sident de l\u2019UFDG exige sa lib\u00e9ration.<\/div>\n<div><\/div>\n<div>\u00a0\u00abC\u2019est avec indignation que j\u2019ai appris le kidnapping ce lundi de Cellou Bald\u00e9, ancien D\u00e9put\u00e9 et Coordinateur des F\u00e9d\u00e9rations UFDG de l\u2019int\u00e9rieur, par des gendarmes qui l\u2019ont conduit \u00e0 la Direction G\u00e9n\u00e9rale des Investigations Judiciaires (DGIJ).<\/div>\n<div><\/div>\n<div>\u00a0Cette autre arrestation confirme s\u2019il en \u00e9tait besoin la d\u00e9termination de la junte guin\u00e9enne \u00e0 faire taire tous ceux qui d\u00e9noncent ses d\u00e9rives ou qui militent pour un dialogue cr\u00e9dible et une dur\u00e9e raisonnable de la Transition.<\/div>\n<div><\/div>\n<div>\u00a0Mobilisons-nous tous pour exiger la lib\u00e9ration de Cellou Bald\u00e9 et de tous les acteurs politiques et de la soci\u00e9t\u00e9 civile ill\u00e9galement d\u00e9tenus \u00bb, a-t-il \u00e9crit.<\/div>\n<div><\/div>\n<div>Camara Mamadouba<\/div>\n","protected":false},"excerpt":{"rendered":"<p>Cellou Bald\u00e9, Coordinateur des F\u00e9d\u00e9rations UFDG de l\u2019int\u00e9rieur du pays a \u00e9t\u00e9 mis aux arr\u00eats<\/p>\n","protected":false},"author":2,"featured_media":2198,"comment_status":"closed","ping_status":"open","sticky":false,"template":"","format":"standard","meta":[],"categories":[3,4],"tags":[229],"yoast_head":"<!-- This site is optimized with the Yoast SEO plugin v19.13 - https:\/\/yoast.com\/wordpress\/plugins\/seo\/ -->\n<title>Guin\u00e9e: Arrestation de Cellou Bald\u00e9, Cellou Dalein exige sa lib\u00e9ration. - UNIVERSNEWS224<\/title>\n<meta name=\"robots\" content=\"index, follow, max-snippet:-1, max-image-preview:large, max-video-preview:-1\" \/>\n<link rel=\"canonical\" href=\"https:\/\/universnews224.com\/index.php\/guinee-arrestation-de-cellou-balde-cellou-dalein-exige-sa-liberation\/\" \/>\n<meta property=\"og:locale\" content=\"fr_FR\" \/>\n<meta property=\"og:type\" content=\"article\" \/>\n<meta property=\"og:title\" content=\"Guin\u00e9e: Arrestation de Cellou Bald\u00e9, Cellou Dalein exige sa lib\u00e9ration. - UNIVERSNEWS224\" \/>\n<meta property=\"og:description\" content=\"Cellou Bald\u00e9, Coordinateur des F\u00e9d\u00e9rations UFDG de l\u2019int\u00e9rieur du pays a \u00e9t\u00e9 mis aux arr\u00eats\" \/>\n<meta property=\"og:url\" content=\"https:\/\/universnews224.com\/index.php\/guinee-arrestation-de-cellou-balde-cellou-dalein-exige-sa-liberation\/\" \/>\n<meta property=\"og:site_name\" content=\"UNIVERSNEWS224\" \/>\n<meta property=\"article:published_time\" content=\"2022-10-17T20:58:04+00:00\" \/>\n<meta property=\"og:image\" content=\"https:\/\/universnews224.com\/wp-content\/uploads\/2022\/10\/9D7ACB36-B12E-4A20-B695-F76DF10E3896.jpeg\" \/>\n\t<meta property=\"og:image:width\" content=\"770\" \/>\n\t<meta property=\"og:image:height\" content=\"523\" \/>\n\t<meta property=\"og:image:type\" content=\"image\/jpeg\" \/>\n<meta name=\"author\" content=\"La R\u00e9daction\" \/>\n<meta name=\"twitter:label1\" content=\"\u00c9crit par\" \/>\n\t<meta name=\"twitter:data1\" content=\"La R\u00e9daction\" \/>\n\t<meta name=\"twitter:label2\" content=\"Dur\u00e9e de lecture estim\u00e9e\" \/>\n\t<meta name=\"twitter:data2\" content=\"1 minute\" \/>\n<script type=\"application\/ld+json\" class=\"yoast-schema-graph\">{\"@context\":\"https:\/\/schema.org\",\"@graph\":[{\"@type\":\"Article\",\"@id\":\"https:\/\/universnews224.com\/index.php\/guinee-arrestation-de-cellou-balde-cellou-dalein-exige-sa-liberation\/#article\",\"isPartOf\":{\"@id\":\"https:\/\/universnews224.com\/index.php\/guinee-arrestation-de-cellou-balde-cellou-dalein-exige-sa-liberation\/\"},\"author\":{\"name\":\"La R\u00e9daction\",\"@id\":\"https:\/\/universnews224.com\/#\/schema\/person\/a4b7d4f94a4716df60456a491260485e\"},\"headline\":\"Guin\u00e9e: Arrestation de Cellou Bald\u00e9, Cellou Dalein exige sa lib\u00e9ration.\",\"datePublished\":\"2022-10-17T20:58:04+00:00\",\"dateModified\":\"2022-10-17T20:58:04+00:00\",\"mainEntityOfPage\":{\"@id\":\"https:\/\/universnews224.com\/index.php\/guinee-arrestation-de-cellou-balde-cellou-dalein-exige-sa-liberation\/\"},\"wordCount\":226,\"publisher\":{\"@id\":\"https:\/\/universnews224.com\/#organization\"},\"keywords\":[\"La une\"],\"articleSection\":[\"ACTU\",\"POLITIQUE\"],\"inLanguage\":\"fr-FR\"},{\"@type\":\"WebPage\",\"@id\":\"https:\/\/universnews224.com\/index.php\/guinee-arrestation-de-cellou-balde-cellou-dalein-exige-sa-liberation\/\",\"url\":\"https:\/\/universnews224.com\/index.php\/guinee-arrestation-de-cellou-balde-cellou-dalein-exige-sa-liberation\/\",\"name\":\"Guin\u00e9e: Arrestation de Cellou Bald\u00e9, Cellou Dalein exige sa lib\u00e9ration. - UNIVERSNEWS224\",\"isPartOf\":{\"@id\":\"https:\/\/universnews224.com\/#website\"},\"datePublished\":\"2022-10-17T20:58:04+00:00\",\"dateModified\":\"2022-10-17T20:58:04+00:00\",\"inLanguage\":\"fr-FR\",\"potentialAction\":[{\"@type\":\"ReadAction\",\"target\":[\"https:\/\/universnews224.com\/index.php\/guinee-arrestation-de-cellou-balde-cellou-dalein-exige-sa-liberation\/\"]}]},{\"@type\":\"WebSite\",\"@id\":\"https:\/\/universnews224.com\/#website\",\"url\":\"https:\/\/universnews224.com\/\",\"name\":\"UNIVERSNEWS224\",\"description\":\"\",\"publisher\":{\"@id\":\"https:\/\/universnews224.com\/#organization\"},\"potentialAction\":[{\"@type\":\"SearchAction\",\"target\":{\"@type\":\"EntryPoint\",\"urlTemplate\":\"https:\/\/universnews224.com\/?s={search_term_string}\"},\"query-input\":\"required name=search_term_string\"}],\"inLanguage\":\"fr-FR\"},{\"@type\":\"Organization\",\"@id\":\"https:\/\/universnews224.com\/#organization\",\"name\":\"UNIVERSNEWS224\",\"url\":\"https:\/\/universnews224.com\/\",\"logo\":{\"@type\":\"ImageObject\",\"inLanguage\":\"fr-FR\",\"@id\":\"https:\/\/universnews224.com\/#\/schema\/logo\/image\/\",\"url\":\"https:\/\/universnews224.com\/wp-content\/uploads\/2022\/08\/cropped-cropped-logoban.jpg\",\"contentUrl\":\"https:\/\/universnews224.com\/wp-content\/uploads\/2022\/08\/cropped-cropped-logoban.jpg\",\"width\":1080,\"height\":138,\"caption\":\"UNIVERSNEWS224\"},\"image\":{\"@id\":\"https:\/\/universnews224.com\/#\/schema\/logo\/image\/\"}},{\"@type\":\"Person\",\"@id\":\"https:\/\/universnews224.com\/#\/schema\/person\/a4b7d4f94a4716df60456a491260485e\",\"name\":\"La R\u00e9daction\",\"image\":{\"@type\":\"ImageObject\",\"inLanguage\":\"fr-FR\",\"@id\":\"https:\/\/universnews224.com\/#\/schema\/person\/image\/\",\"url\":\"https:\/\/secure.gravatar.com\/avatar\/edb90acc7752b23e1b3307ad36c14f0d?s=96&d=mm&r=g\",\"contentUrl\":\"https:\/\/secure.gravatar.com\/avatar\/edb90acc7752b23e1b3307ad36c14f0d?s=96&d=mm&r=g\",\"caption\":\"La R\u00e9daction\"},\"sameAs\":[\"https:\/\/universnews224.com\"],\"url\":\"https:\/\/universnews224.com\/index.php\/author\/m-camara\/\"}]}<\/script>\n<!-- \/ Yoast SEO plugin. -->","yoast_head_json":{"title":"Guin\u00e9e: Arrestation de Cellou Bald\u00e9, Cellou Dalein exige sa lib\u00e9ration. - UNIVERSNEWS224","robots":{"index":"index","follow":"follow","max-snippet":"max-snippet:-1","max-image-preview":"max-image-preview:large","max-video-preview":"max-video-preview:-1"},"canonical":"https:\/\/universnews224.com\/index.php\/guinee-arrestation-de-cellou-balde-cellou-dalein-exige-sa-liberation\/","og_locale":"fr_FR","og_type":"article","og_title":"Guin\u00e9e: Arrestation de Cellou Bald\u00e9, Cellou Dalein exige sa lib\u00e9ration. - UNIVERSNEWS224","og_description":"Cellou Bald\u00e9, Coordinateur des F\u00e9d\u00e9rations UFDG de l\u2019int\u00e9rieur du pays a \u00e9t\u00e9 mis aux arr\u00eats","og_url":"https:\/\/universnews224.com\/index.php\/guinee-arrestation-de-cellou-balde-cellou-dalein-exige-sa-liberation\/","og_site_name":"UNIVERSNEWS224","article_published_time":"2022-10-17T20:58:04+00:00","og_image":[{"width":770,"height":523,"url":"https:\/\/universnews224.com\/wp-content\/uploads\/2022\/10\/9D7ACB36-B12E-4A20-B695-F76DF10E3896.jpeg","type":"image\/jpeg"}],"author":"La R\u00e9daction","twitter_misc":{"\u00c9crit par":"La R\u00e9daction","Dur\u00e9e de lecture estim\u00e9e":"1 minute"},"schema":{"@context":"https:\/\/schema.org","@graph":[{"@type":"Article","@id":"https:\/\/universnews224.com\/index.php\/guinee-arrestation-de-cellou-balde-cellou-dalein-exige-sa-liberation\/#article","isPartOf":{"@id":"https:\/\/universnews224.com\/index.php\/guinee-arrestation-de-cellou-balde-cellou-dalein-exige-sa-liberation\/"},"author":{"name":"La R\u00e9daction","@id":"https:\/\/universnews224.com\/#\/schema\/person\/a4b7d4f94a4716df60456a491260485e"},"headline":"Guin\u00e9e: Arrestation de Cellou Bald\u00e9, Cellou Dalein exige sa lib\u00e9ration.","datePublished":"2022-10-17T20:58:04+00:00","dateModified":"2022-10-17T20:58:04+00:00","mainEntityOfPage":{"@id":"https:\/\/universnews224.com\/index.php\/guinee-arrestation-de-cellou-balde-cellou-dalein-exige-sa-liberation\/"},"wordCount":226,"publisher":{"@id":"https:\/\/universnews224.com\/#organization"},"keywords":["La une"],"articleSection":["ACTU","POLITIQUE"],"inLanguage":"fr-FR"},{"@type":"WebPage","@id":"https:\/\/universnews224.com\/index.php\/guinee-arrestation-de-cellou-balde-cellou-dalein-exige-sa-liberation\/","url":"https:\/\/universnews224.com\/index.php\/guinee-arrestation-de-cellou-balde-cellou-dalein-exige-sa-liberation\/","name":"Guin\u00e9e: Arrestation de Cellou Bald\u00e9, Cellou Dalein exige sa lib\u00e9ration. - UNIVERSNEWS224","isPartOf":{"@id":"https:\/\/universnews224.com\/#website"},"datePublished":"2022-10-17T20:58:04+00:00","dateModified":"2022-10-17T20:58:04+00:00","inLanguage":"fr-FR","potentialAction":[{"@type":"ReadAction","target":["https:\/\/universnews224.com\/index.php\/guinee-arrestation-de-cellou-balde-cellou-dalein-exige-sa-liberation\/"]}]},{"@type":"WebSite","@id":"https:\/\/universnews224.com\/#website","url":"https:\/\/universnews224.com\/","name":"UNIVERSNEWS224","description":"","publisher":{"@id":"https:\/\/universnews224.com\/#organization"},"potentialAction":[{"@type":"SearchAction","target":{"@type":"EntryPoint","urlTemplate":"https:\/\/universnews224.com\/?s={search_term_string}"},"query-input":"required name=search_term_string"}],"inLanguage":"fr-FR"},{"@type":"Organization","@id":"https:\/\/universnews224.com\/#organization","name":"UNIVERSNEWS224","url":"https:\/\/universnews224.com\/","logo":{"@type":"ImageObject","inLanguage":"fr-FR","@id":"https:\/\/universnews224.com\/#\/schema\/logo\/image\/","url":"https:\/\/universnews224.com\/wp-content\/uploads\/2022\/08\/cropped-cropped-logoban.jpg","contentUrl":"https:\/\/universnews224.com\/wp-content\/uploads\/2022\/08\/cropped-cropped-logoban.jpg","width":1080,"height":138,"caption":"UNIVERSNEWS224"},"image":{"@id":"https:\/\/universnews224.com\/#\/schema\/logo\/image\/"}},{"@type":"Person","@id":"https:\/\/universnews224.com\/#\/schema\/person\/a4b7d4f94a4716df60456a491260485e","name":"La R\u00e9daction","image":{"@type":"ImageObject","inLanguage":"fr-FR","@id":"https:\/\/universnews224.com\/#\/schema\/person\/image\/","url":"https:\/\/secure.gravatar.com\/avatar\/edb90acc7752b23e1b3307ad36c14f0d?s=96&d=mm&r=g","contentUrl":"https:\/\/secure.gravatar.com\/avatar\/edb90acc7752b23e1b3307ad36c14f0d?s=96&d=mm&r=g","caption":"La R\u00e9daction"},"sameAs":["https:\/\/universnews224.com"],"url":"https:\/\/universnews224.com\/index.php\/author\/m-camara\/"}]}},"_links":{"self":[{"href":"https:\/\/universnews224.com\/index.php\/wp-json\/wp\/v2\/posts\/2246"}],"collection":[{"href":"https:\/\/universnews224.com\/index.php\/wp-json\/wp\/v2\/posts"}],"about":[{"href":"https:\/\/universnews224.com\/index.php\/wp-json\/wp\/v2\/types\/post"}],"author":[{"embeddable":true,"href":"https:\/\/universnews224.com\/index.php\/wp-json\/wp\/v2\/users\/2"}],"replies":[{"embeddable":true,"href":"https:\/\/universnews224.com\/index.php\/wp-json\/wp\/v2\/comments?post=2246"}],"version-history":[{"count":1,"href":"https:\/\/universnews224.com\/index.php\/wp-json\/wp\/v2\/posts\/2246\/revisions"}],"predecessor-version":[{"id":2247,"href":"https:\/\/universnews224.com\/index.php\/wp-json\/wp\/v2\/posts\/2246\/revisions\/2247"}],"wp:featuredmedia":[{"embeddable":true,"href":"https:\/\/universnews224.com\/index.php\/wp-json\/wp\/v2\/media\/2198"}],"wp:attachment":[{"href":"https:\/\/universnews224.com\/index.php\/wp-json\/wp\/v2\/media?parent=2246"}],"wp:term":[{"taxonomy":"category","embeddable":true,"href":"https:\/\/universnews224.com\/index.php\/wp-json\/wp\/v2\/categories?post=2246"},{"taxonomy":"post_tag","embeddable":true,"href":"https:\/\/universnews224.com\/index.php\/wp-json\/wp\/v2\/tags?post=2246"}],"curies":[{"name":"wp","href":"https:\/\/api.w.org\/{rel}","templated":true}]}}