{"id":2267,"date":"2022-10-20T18:25:34","date_gmt":"2022-10-20T17:25:34","guid":{"rendered":"https:\/\/universnews224.com\/?p=2267"},"modified":"2022-10-20T18:25:34","modified_gmt":"2022-10-20T17:25:34","slug":"bah-oury-sur-sa-presence-aux-audiences-du-28-septembre-jy-vais-pour-apporter-du-reconfort-aux-victimes","status":"publish","type":"post","link":"https:\/\/universnews224.com\/index.php\/bah-oury-sur-sa-presence-aux-audiences-du-28-septembre-jy-vais-pour-apporter-du-reconfort-aux-victimes\/","title":{"rendered":"Bah Oury sur sa pr\u00e9sence aux audiences du 28 septembre:\u00ab J\u2019y vais pour apporter du r\u00e9confort aux victimes."},"content":{"rendered":"<p>Le proc\u00e8s des massacres du 28 septembre 2009 se poursuit au tribunal de Dixinn, d\u00e9localis\u00e9 \u00e0 la cour d\u2019appel de Conakry.<\/p>\n<p>Interrog\u00e9 par nos confr\u00e8res de la radio Espace Fm dans l\u2019\u00e9mission \u201cles GG\u00a0\u00bb sur le bilan \u00e0 mi-parcours de ce proc\u00e8s historique, le pr\u00e9sident UDRG, Bah Oury a indiqu\u00e9 que l\u2019ouverture de ce proc\u00e8s est une grande pour les victimes et pour toutes les personnes \u00e9prises de paix et de justice.<\/p>\n<p>\u00abD\u00e9j\u00e0 c\u2019est une grande victoire pour le peuple guin\u00e9en et pour toutes les personnes se sont donn\u00e9es comme vocation de lutter pour le respect des droits de l\u2019homme dans ce pays. C\u2019est une grande \u00e9tape historique et je pense que aussi bien le 28 septembre 1958 , le 28 septembre 2009, le 28 septembre 2022 ce sont trois (3) dates qui marquent des phases de sceau qualitatif que la Guin\u00e9e pourrait par la suite exploiter \u00e0 bon escient. Donc, c\u2019est quelque chose d\u2019historique. Et humainement, c\u2019est poignant de voir surtout les victimes, de se rappeler que ceux qui ne sont l\u00e0 aujourd\u2019hui, qui ont souffert dans la solitude, le d\u00e9shonore, le m\u00e9pris,le rejet pendant des ann\u00e9es et des ann\u00e9es, sans soutien, sans r\u00e9confort et qu\u2019ils n\u2019ont pas pu assister \u00e0 l\u2019ouverture de ce proc\u00e8s. Donc, pour toutes ces personnes, c\u2019est avec regret que nous assistons \u00e0 ce proc\u00e8s\u00bb, a t-il d\u00e9clar\u00e9.<\/p>\n<p>Interrog\u00e9 sur sa pr\u00e9sence r\u00e9guli\u00e8re aux audiences, celui qui a \u00e9t\u00e9 pr\u00e9sident d\u2019organisation de la marche du 28 septembre 2009 r\u00e9pond.<\/p>\n<p>\u00abJ\u2019y vais parce que, j\u2019avais d\u00e9j\u00e0 indiqu\u00e9 que chaque 28 septembre, je vais d\u00e9poser une gerbe de fleurs \u00e0 l\u2019entr\u00e9e du stade pour rendre hommage \u00e0 toutes les victimes de cette barbarie. Donc, c\u2019est une responsabilit\u00e9 et un devoir d\u2019\u00eatre pr\u00e9sent, je ne dis pas tout le temps, mais r\u00e9guli\u00e8rement pr\u00e9sent \u00e0 l\u2019audience pour apporter du r\u00e9confort aux victimes\u00bb, a t-il martel\u00e9.<\/p>\n<p>Camara Mamadouba<br \/>\n611 46 04 10<\/p>\n","protected":false},"excerpt":{"rendered":"<p>Le proc\u00e8s des massacres du 28 septembre 2009 se poursuit au tribunal de Dixinn, d\u00e9localis\u00e9<\/p>\n","protected":false},"author":2,"featured_media":1388,"comment_status":"closed","ping_status":"open","sticky":false,"template":"","format":"standard","meta":[],"categories":[3,4],"tags":[229],"yoast_head":"<!-- This site is optimized with the Yoast SEO plugin v19.13 - https:\/\/yoast.com\/wordpress\/plugins\/seo\/ -->\n<title>Bah Oury sur sa pr\u00e9sence aux audiences du 28 septembre:\u00ab J\u2019y vais pour apporter du r\u00e9confort aux victimes. - UNIVERSNEWS224<\/title>\n<meta name=\"robots\" content=\"index, follow, max-snippet:-1, max-image-preview:large, max-video-preview:-1\" \/>\n<link rel=\"canonical\" href=\"https:\/\/universnews224.com\/index.php\/bah-oury-sur-sa-presence-aux-audiences-du-28-septembre-jy-vais-pour-apporter-du-reconfort-aux-victimes\/\" \/>\n<meta property=\"og:locale\" content=\"fr_FR\" \/>\n<meta property=\"og:type\" content=\"article\" \/>\n<meta property=\"og:title\" content=\"Bah Oury sur sa pr\u00e9sence aux audiences du 28 septembre:\u00ab J\u2019y vais pour apporter du r\u00e9confort aux victimes. - UNIVERSNEWS224\" \/>\n<meta property=\"og:description\" content=\"Le proc\u00e8s des massacres du 28 septembre 2009 se poursuit au tribunal de Dixinn, d\u00e9localis\u00e9\" \/>\n<meta property=\"og:url\" content=\"https:\/\/universnews224.com\/index.php\/bah-oury-sur-sa-presence-aux-audiences-du-28-septembre-jy-vais-pour-apporter-du-reconfort-aux-victimes\/\" \/>\n<meta property=\"og:site_name\" content=\"UNIVERSNEWS224\" \/>\n<meta property=\"article:published_time\" content=\"2022-10-20T17:25:34+00:00\" \/>\n<meta property=\"og:image\" content=\"https:\/\/universnews224.com\/wp-content\/uploads\/2022\/05\/8A966D5B-BA4A-49EE-8DE8-3CE03DA7B76D.jpeg\" \/>\n\t<meta property=\"og:image:width\" content=\"290\" \/>\n\t<meta property=\"og:image:height\" content=\"174\" \/>\n\t<meta property=\"og:image:type\" content=\"image\/jpeg\" \/>\n<meta name=\"author\" content=\"La R\u00e9daction\" \/>\n<meta name=\"twitter:label1\" content=\"\u00c9crit par\" \/>\n\t<meta name=\"twitter:data1\" content=\"La R\u00e9daction\" \/>\n\t<meta name=\"twitter:label2\" content=\"Dur\u00e9e de lecture estim\u00e9e\" \/>\n\t<meta name=\"twitter:data2\" content=\"2 minutes\" \/>\n<script type=\"application\/ld+json\" class=\"yoast-schema-graph\">{\"@context\":\"https:\/\/schema.org\",\"@graph\":[{\"@type\":\"Article\",\"@id\":\"https:\/\/universnews224.com\/index.php\/bah-oury-sur-sa-presence-aux-audiences-du-28-septembre-jy-vais-pour-apporter-du-reconfort-aux-victimes\/#article\",\"isPartOf\":{\"@id\":\"https:\/\/universnews224.com\/index.php\/bah-oury-sur-sa-presence-aux-audiences-du-28-septembre-jy-vais-pour-apporter-du-reconfort-aux-victimes\/\"},\"author\":{\"name\":\"La R\u00e9daction\",\"@id\":\"https:\/\/universnews224.com\/#\/schema\/person\/a4b7d4f94a4716df60456a491260485e\"},\"headline\":\"Bah Oury sur sa pr\u00e9sence aux audiences du 28 septembre:\u00ab J\u2019y vais pour apporter du r\u00e9confort aux victimes.\",\"datePublished\":\"2022-10-20T17:25:34+00:00\",\"dateModified\":\"2022-10-20T17:25:34+00:00\",\"mainEntityOfPage\":{\"@id\":\"https:\/\/universnews224.com\/index.php\/bah-oury-sur-sa-presence-aux-audiences-du-28-septembre-jy-vais-pour-apporter-du-reconfort-aux-victimes\/\"},\"wordCount\":360,\"publisher\":{\"@id\":\"https:\/\/universnews224.com\/#organization\"},\"keywords\":[\"La une\"],\"articleSection\":[\"ACTU\",\"POLITIQUE\"],\"inLanguage\":\"fr-FR\"},{\"@type\":\"WebPage\",\"@id\":\"https:\/\/universnews224.com\/index.php\/bah-oury-sur-sa-presence-aux-audiences-du-28-septembre-jy-vais-pour-apporter-du-reconfort-aux-victimes\/\",\"url\":\"https:\/\/universnews224.com\/index.php\/bah-oury-sur-sa-presence-aux-audiences-du-28-septembre-jy-vais-pour-apporter-du-reconfort-aux-victimes\/\",\"name\":\"Bah Oury sur sa pr\u00e9sence aux audiences du 28 septembre:\u00ab J\u2019y vais pour apporter du r\u00e9confort aux victimes. - UNIVERSNEWS224\",\"isPartOf\":{\"@id\":\"https:\/\/universnews224.com\/#website\"},\"datePublished\":\"2022-10-20T17:25:34+00:00\",\"dateModified\":\"2022-10-20T17:25:34+00:00\",\"inLanguage\":\"fr-FR\",\"potentialAction\":[{\"@type\":\"ReadAction\",\"target\":[\"https:\/\/universnews224.com\/index.php\/bah-oury-sur-sa-presence-aux-audiences-du-28-septembre-jy-vais-pour-apporter-du-reconfort-aux-victimes\/\"]}]},{\"@type\":\"WebSite\",\"@id\":\"https:\/\/universnews224.com\/#website\",\"url\":\"https:\/\/universnews224.com\/\",\"name\":\"UNIVERSNEWS224\",\"description\":\"\",\"publisher\":{\"@id\":\"https:\/\/universnews224.com\/#organization\"},\"potentialAction\":[{\"@type\":\"SearchAction\",\"target\":{\"@type\":\"EntryPoint\",\"urlTemplate\":\"https:\/\/universnews224.com\/?s={search_term_string}\"},\"query-input\":\"required name=search_term_string\"}],\"inLanguage\":\"fr-FR\"},{\"@type\":\"Organization\",\"@id\":\"https:\/\/universnews224.com\/#organization\",\"name\":\"UNIVERSNEWS224\",\"url\":\"https:\/\/universnews224.com\/\",\"logo\":{\"@type\":\"ImageObject\",\"inLanguage\":\"fr-FR\",\"@id\":\"https:\/\/universnews224.com\/#\/schema\/logo\/image\/\",\"url\":\"https:\/\/universnews224.com\/wp-content\/uploads\/2022\/08\/cropped-cropped-logoban.jpg\",\"contentUrl\":\"https:\/\/universnews224.com\/wp-content\/uploads\/2022\/08\/cropped-cropped-logoban.jpg\",\"width\":1080,\"height\":138,\"caption\":\"UNIVERSNEWS224\"},\"image\":{\"@id\":\"https:\/\/universnews224.com\/#\/schema\/logo\/image\/\"}},{\"@type\":\"Person\",\"@id\":\"https:\/\/universnews224.com\/#\/schema\/person\/a4b7d4f94a4716df60456a491260485e\",\"name\":\"La R\u00e9daction\",\"image\":{\"@type\":\"ImageObject\",\"inLanguage\":\"fr-FR\",\"@id\":\"https:\/\/universnews224.com\/#\/schema\/person\/image\/\",\"url\":\"https:\/\/secure.gravatar.com\/avatar\/edb90acc7752b23e1b3307ad36c14f0d?s=96&d=mm&r=g\",\"contentUrl\":\"https:\/\/secure.gravatar.com\/avatar\/edb90acc7752b23e1b3307ad36c14f0d?s=96&d=mm&r=g\",\"caption\":\"La R\u00e9daction\"},\"sameAs\":[\"https:\/\/universnews224.com\"],\"url\":\"https:\/\/universnews224.com\/index.php\/author\/m-camara\/\"}]}<\/script>\n<!-- \/ Yoast SEO plugin. -->","yoast_head_json":{"title":"Bah Oury sur sa pr\u00e9sence aux audiences du 28 septembre:\u00ab J\u2019y vais pour apporter du r\u00e9confort aux victimes. - UNIVERSNEWS224","robots":{"index":"index","follow":"follow","max-snippet":"max-snippet:-1","max-image-preview":"max-image-preview:large","max-video-preview":"max-video-preview:-1"},"canonical":"https:\/\/universnews224.com\/index.php\/bah-oury-sur-sa-presence-aux-audiences-du-28-septembre-jy-vais-pour-apporter-du-reconfort-aux-victimes\/","og_locale":"fr_FR","og_type":"article","og_title":"Bah Oury sur sa pr\u00e9sence aux audiences du 28 septembre:\u00ab J\u2019y vais pour apporter du r\u00e9confort aux victimes. - UNIVERSNEWS224","og_description":"Le proc\u00e8s des massacres du 28 septembre 2009 se poursuit au tribunal de Dixinn, d\u00e9localis\u00e9","og_url":"https:\/\/universnews224.com\/index.php\/bah-oury-sur-sa-presence-aux-audiences-du-28-septembre-jy-vais-pour-apporter-du-reconfort-aux-victimes\/","og_site_name":"UNIVERSNEWS224","article_published_time":"2022-10-20T17:25:34+00:00","og_image":[{"width":290,"height":174,"url":"https:\/\/universnews224.com\/wp-content\/uploads\/2022\/05\/8A966D5B-BA4A-49EE-8DE8-3CE03DA7B76D.jpeg","type":"image\/jpeg"}],"author":"La R\u00e9daction","twitter_misc":{"\u00c9crit par":"La R\u00e9daction","Dur\u00e9e de lecture estim\u00e9e":"2 minutes"},"schema":{"@context":"https:\/\/schema.org","@graph":[{"@type":"Article","@id":"https:\/\/universnews224.com\/index.php\/bah-oury-sur-sa-presence-aux-audiences-du-28-septembre-jy-vais-pour-apporter-du-reconfort-aux-victimes\/#article","isPartOf":{"@id":"https:\/\/universnews224.com\/index.php\/bah-oury-sur-sa-presence-aux-audiences-du-28-septembre-jy-vais-pour-apporter-du-reconfort-aux-victimes\/"},"author":{"name":"La R\u00e9daction","@id":"https:\/\/universnews224.com\/#\/schema\/person\/a4b7d4f94a4716df60456a491260485e"},"headline":"Bah Oury sur sa pr\u00e9sence aux audiences du 28 septembre:\u00ab J\u2019y vais pour apporter du r\u00e9confort aux victimes.","datePublished":"2022-10-20T17:25:34+00:00","dateModified":"2022-10-20T17:25:34+00:00","mainEntityOfPage":{"@id":"https:\/\/universnews224.com\/index.php\/bah-oury-sur-sa-presence-aux-audiences-du-28-septembre-jy-vais-pour-apporter-du-reconfort-aux-victimes\/"},"wordCount":360,"publisher":{"@id":"https:\/\/universnews224.com\/#organization"},"keywords":["La une"],"articleSection":["ACTU","POLITIQUE"],"inLanguage":"fr-FR"},{"@type":"WebPage","@id":"https:\/\/universnews224.com\/index.php\/bah-oury-sur-sa-presence-aux-audiences-du-28-septembre-jy-vais-pour-apporter-du-reconfort-aux-victimes\/","url":"https:\/\/universnews224.com\/index.php\/bah-oury-sur-sa-presence-aux-audiences-du-28-septembre-jy-vais-pour-apporter-du-reconfort-aux-victimes\/","name":"Bah Oury sur sa pr\u00e9sence aux audiences du 28 septembre:\u00ab J\u2019y vais pour apporter du r\u00e9confort aux victimes. - UNIVERSNEWS224","isPartOf":{"@id":"https:\/\/universnews224.com\/#website"},"datePublished":"2022-10-20T17:25:34+00:00","dateModified":"2022-10-20T17:25:34+00:00","inLanguage":"fr-FR","potentialAction":[{"@type":"ReadAction","target":["https:\/\/universnews224.com\/index.php\/bah-oury-sur-sa-presence-aux-audiences-du-28-septembre-jy-vais-pour-apporter-du-reconfort-aux-victimes\/"]}]},{"@type":"WebSite","@id":"https:\/\/universnews224.com\/#website","url":"https:\/\/universnews224.com\/","name":"UNIVERSNEWS224","description":"","publisher":{"@id":"https:\/\/universnews224.com\/#organization"},"potentialAction":[{"@type":"SearchAction","target":{"@type":"EntryPoint","urlTemplate":"https:\/\/universnews224.com\/?s={search_term_string}"},"query-input":"required name=search_term_string"}],"inLanguage":"fr-FR"},{"@type":"Organization","@id":"https:\/\/universnews224.com\/#organization","name":"UNIVERSNEWS224","url":"https:\/\/universnews224.com\/","logo":{"@type":"ImageObject","inLanguage":"fr-FR","@id":"https:\/\/universnews224.com\/#\/schema\/logo\/image\/","url":"https:\/\/universnews224.com\/wp-content\/uploads\/2022\/08\/cropped-cropped-logoban.jpg","contentUrl":"https:\/\/universnews224.com\/wp-content\/uploads\/2022\/08\/cropped-cropped-logoban.jpg","width":1080,"height":138,"caption":"UNIVERSNEWS224"},"image":{"@id":"https:\/\/universnews224.com\/#\/schema\/logo\/image\/"}},{"@type":"Person","@id":"https:\/\/universnews224.com\/#\/schema\/person\/a4b7d4f94a4716df60456a491260485e","name":"La R\u00e9daction","image":{"@type":"ImageObject","inLanguage":"fr-FR","@id":"https:\/\/universnews224.com\/#\/schema\/person\/image\/","url":"https:\/\/secure.gravatar.com\/avatar\/edb90acc7752b23e1b3307ad36c14f0d?s=96&d=mm&r=g","contentUrl":"https:\/\/secure.gravatar.com\/avatar\/edb90acc7752b23e1b3307ad36c14f0d?s=96&d=mm&r=g","caption":"La R\u00e9daction"},"sameAs":["https:\/\/universnews224.com"],"url":"https:\/\/universnews224.com\/index.php\/author\/m-camara\/"}]}},"_links":{"self":[{"href":"https:\/\/universnews224.com\/index.php\/wp-json\/wp\/v2\/posts\/2267"}],"collection":[{"href":"https:\/\/universnews224.com\/index.php\/wp-json\/wp\/v2\/posts"}],"about":[{"href":"https:\/\/universnews224.com\/index.php\/wp-json\/wp\/v2\/types\/post"}],"author":[{"embeddable":true,"href":"https:\/\/universnews224.com\/index.php\/wp-json\/wp\/v2\/users\/2"}],"replies":[{"embeddable":true,"href":"https:\/\/universnews224.com\/index.php\/wp-json\/wp\/v2\/comments?post=2267"}],"version-history":[{"count":1,"href":"https:\/\/universnews224.com\/index.php\/wp-json\/wp\/v2\/posts\/2267\/revisions"}],"predecessor-version":[{"id":2268,"href":"https:\/\/universnews224.com\/index.php\/wp-json\/wp\/v2\/posts\/2267\/revisions\/2268"}],"wp:featuredmedia":[{"embeddable":true,"href":"https:\/\/universnews224.com\/index.php\/wp-json\/wp\/v2\/media\/1388"}],"wp:attachment":[{"href":"https:\/\/universnews224.com\/index.php\/wp-json\/wp\/v2\/media?parent=2267"}],"wp:term":[{"taxonomy":"category","embeddable":true,"href":"https:\/\/universnews224.com\/index.php\/wp-json\/wp\/v2\/categories?post=2267"},{"taxonomy":"post_tag","embeddable":true,"href":"https:\/\/universnews224.com\/index.php\/wp-json\/wp\/v2\/tags?post=2267"}],"curies":[{"name":"wp","href":"https:\/\/api.w.org\/{rel}","templated":true}]}}