{"id":2279,"date":"2022-10-21T19:51:50","date_gmt":"2022-10-21T18:51:50","guid":{"rendered":"https:\/\/universnews224.com\/?p=2279"},"modified":"2022-10-21T19:51:50","modified_gmt":"2022-10-21T18:51:50","slug":"duree-de-la-transition-le-guinee-et-la-cedeao-saccordent-sur-2-ans","status":"publish","type":"post","link":"https:\/\/universnews224.com\/index.php\/duree-de-la-transition-le-guinee-et-la-cedeao-saccordent-sur-2-ans\/","title":{"rendered":"Dur\u00e9e de la transition: le Guin\u00e9e et la CEDEAO s\u2019accordent sur 2 ans."},"content":{"rendered":"<div>La mission technique de la Communaut\u00e9 \u00c9conomique des Etats de l\u2019Afrique de l\u2019Ouest (CEDEAO)en s\u00e9jour en Guin\u00e9e vient de boucler ses travaux.<\/div>\n<div><\/div>\n<div>Dans le rapport final rendu public ce vendredi 21 octobre la mission a d\u00e9clar\u00e9 que \u00a0dans un compromis dynamique, les experts de la CEDEAO et de la Guin\u00e9e ont conjointement d\u00e9velopp\u00e9 un chronogramme consolid\u00e9 de la Transition \u00e9tal\u00e9 sur 24 mois couvrant les dix (10) points.<\/div>\n<div><\/div>\n<div>Les autorit\u00e9s de la transition ont demand\u00e9 \u00e0 la CEDEAO de leur fournir l\u2019appui technique et financier n\u00e9cessaire pour la mise en \u0153uvre du chronogramme de 24 mois accept\u00e9 d\u2019accord parties.<\/div>\n<div><\/div>\n<div>Les autorit\u00e9s de la transition ont \u00e9galement demand\u00e9 \u00e0 la CEDEAO de bien vouloir engager un plaidoyer, conjointement avec elles, aupr\u00e8s des partenaires techniques et financiers pour la mobilisation des ressources mat\u00e9rielles, financi\u00e8res et techniques n\u00e9cessaires pour la r\u00e9ussite de la transition.<\/div>\n<div><\/div>\n<div>Par ailleurs, les experts de la CEDEAO et de la Guin\u00e9e ont conjointement recommand\u00e9 la mise en place diligente d\u2019un Comit\u00e9 de Suivi et Evaluation de la mise en \u0153uvre de ce chronogramme.<\/div>\n<div><\/div>\n<div>Camara Mamadouba<\/div>\n","protected":false},"excerpt":{"rendered":"<p>La mission technique de la Communaut\u00e9 \u00c9conomique des Etats de l\u2019Afrique de l\u2019Ouest (CEDEAO)en s\u00e9jour<\/p>\n","protected":false},"author":2,"featured_media":2280,"comment_status":"closed","ping_status":"open","sticky":false,"template":"","format":"standard","meta":[],"categories":[3,4],"tags":[229],"yoast_head":"<!-- This site is optimized with the Yoast SEO plugin v19.13 - https:\/\/yoast.com\/wordpress\/plugins\/seo\/ -->\n<title>Dur\u00e9e de la transition: le Guin\u00e9e et la CEDEAO s\u2019accordent sur 2 ans. - UNIVERSNEWS224<\/title>\n<meta name=\"robots\" content=\"index, follow, max-snippet:-1, max-image-preview:large, max-video-preview:-1\" \/>\n<link rel=\"canonical\" href=\"https:\/\/universnews224.com\/index.php\/duree-de-la-transition-le-guinee-et-la-cedeao-saccordent-sur-2-ans\/\" \/>\n<meta property=\"og:locale\" content=\"fr_FR\" \/>\n<meta property=\"og:type\" content=\"article\" \/>\n<meta property=\"og:title\" content=\"Dur\u00e9e de la transition: le Guin\u00e9e et la CEDEAO s\u2019accordent sur 2 ans. - UNIVERSNEWS224\" \/>\n<meta property=\"og:description\" content=\"La mission technique de la Communaut\u00e9 \u00c9conomique des Etats de l\u2019Afrique de l\u2019Ouest (CEDEAO)en s\u00e9jour\" \/>\n<meta property=\"og:url\" content=\"https:\/\/universnews224.com\/index.php\/duree-de-la-transition-le-guinee-et-la-cedeao-saccordent-sur-2-ans\/\" \/>\n<meta property=\"og:site_name\" content=\"UNIVERSNEWS224\" \/>\n<meta property=\"article:published_time\" content=\"2022-10-21T18:51:50+00:00\" \/>\n<meta property=\"og:image\" content=\"https:\/\/universnews224.com\/wp-content\/uploads\/2022\/10\/C0CB9DB5-4D58-46AC-8A60-1BDF6EEE8D4E.jpeg\" \/>\n\t<meta property=\"og:image:width\" content=\"1081\" \/>\n\t<meta property=\"og:image:height\" content=\"720\" \/>\n\t<meta property=\"og:image:type\" content=\"image\/jpeg\" \/>\n<meta name=\"author\" content=\"La R\u00e9daction\" \/>\n<meta name=\"twitter:label1\" content=\"\u00c9crit par\" \/>\n\t<meta name=\"twitter:data1\" content=\"La R\u00e9daction\" \/>\n\t<meta name=\"twitter:label2\" content=\"Dur\u00e9e de lecture estim\u00e9e\" \/>\n\t<meta name=\"twitter:data2\" content=\"1 minute\" \/>\n<script type=\"application\/ld+json\" class=\"yoast-schema-graph\">{\"@context\":\"https:\/\/schema.org\",\"@graph\":[{\"@type\":\"Article\",\"@id\":\"https:\/\/universnews224.com\/index.php\/duree-de-la-transition-le-guinee-et-la-cedeao-saccordent-sur-2-ans\/#article\",\"isPartOf\":{\"@id\":\"https:\/\/universnews224.com\/index.php\/duree-de-la-transition-le-guinee-et-la-cedeao-saccordent-sur-2-ans\/\"},\"author\":{\"name\":\"La R\u00e9daction\",\"@id\":\"https:\/\/universnews224.com\/#\/schema\/person\/a4b7d4f94a4716df60456a491260485e\"},\"headline\":\"Dur\u00e9e de la transition: le Guin\u00e9e et la CEDEAO s\u2019accordent sur 2 ans.\",\"datePublished\":\"2022-10-21T18:51:50+00:00\",\"dateModified\":\"2022-10-21T18:51:50+00:00\",\"mainEntityOfPage\":{\"@id\":\"https:\/\/universnews224.com\/index.php\/duree-de-la-transition-le-guinee-et-la-cedeao-saccordent-sur-2-ans\/\"},\"wordCount\":205,\"publisher\":{\"@id\":\"https:\/\/universnews224.com\/#organization\"},\"keywords\":[\"La une\"],\"articleSection\":[\"ACTU\",\"POLITIQUE\"],\"inLanguage\":\"fr-FR\"},{\"@type\":\"WebPage\",\"@id\":\"https:\/\/universnews224.com\/index.php\/duree-de-la-transition-le-guinee-et-la-cedeao-saccordent-sur-2-ans\/\",\"url\":\"https:\/\/universnews224.com\/index.php\/duree-de-la-transition-le-guinee-et-la-cedeao-saccordent-sur-2-ans\/\",\"name\":\"Dur\u00e9e de la transition: le Guin\u00e9e et la CEDEAO s\u2019accordent sur 2 ans. - UNIVERSNEWS224\",\"isPartOf\":{\"@id\":\"https:\/\/universnews224.com\/#website\"},\"datePublished\":\"2022-10-21T18:51:50+00:00\",\"dateModified\":\"2022-10-21T18:51:50+00:00\",\"inLanguage\":\"fr-FR\",\"potentialAction\":[{\"@type\":\"ReadAction\",\"target\":[\"https:\/\/universnews224.com\/index.php\/duree-de-la-transition-le-guinee-et-la-cedeao-saccordent-sur-2-ans\/\"]}]},{\"@type\":\"WebSite\",\"@id\":\"https:\/\/universnews224.com\/#website\",\"url\":\"https:\/\/universnews224.com\/\",\"name\":\"UNIVERSNEWS224\",\"description\":\"\",\"publisher\":{\"@id\":\"https:\/\/universnews224.com\/#organization\"},\"potentialAction\":[{\"@type\":\"SearchAction\",\"target\":{\"@type\":\"EntryPoint\",\"urlTemplate\":\"https:\/\/universnews224.com\/?s={search_term_string}\"},\"query-input\":\"required name=search_term_string\"}],\"inLanguage\":\"fr-FR\"},{\"@type\":\"Organization\",\"@id\":\"https:\/\/universnews224.com\/#organization\",\"name\":\"UNIVERSNEWS224\",\"url\":\"https:\/\/universnews224.com\/\",\"logo\":{\"@type\":\"ImageObject\",\"inLanguage\":\"fr-FR\",\"@id\":\"https:\/\/universnews224.com\/#\/schema\/logo\/image\/\",\"url\":\"https:\/\/universnews224.com\/wp-content\/uploads\/2022\/08\/cropped-cropped-logoban.jpg\",\"contentUrl\":\"https:\/\/universnews224.com\/wp-content\/uploads\/2022\/08\/cropped-cropped-logoban.jpg\",\"width\":1080,\"height\":138,\"caption\":\"UNIVERSNEWS224\"},\"image\":{\"@id\":\"https:\/\/universnews224.com\/#\/schema\/logo\/image\/\"}},{\"@type\":\"Person\",\"@id\":\"https:\/\/universnews224.com\/#\/schema\/person\/a4b7d4f94a4716df60456a491260485e\",\"name\":\"La R\u00e9daction\",\"image\":{\"@type\":\"ImageObject\",\"inLanguage\":\"fr-FR\",\"@id\":\"https:\/\/universnews224.com\/#\/schema\/person\/image\/\",\"url\":\"https:\/\/secure.gravatar.com\/avatar\/edb90acc7752b23e1b3307ad36c14f0d?s=96&d=mm&r=g\",\"contentUrl\":\"https:\/\/secure.gravatar.com\/avatar\/edb90acc7752b23e1b3307ad36c14f0d?s=96&d=mm&r=g\",\"caption\":\"La R\u00e9daction\"},\"sameAs\":[\"https:\/\/universnews224.com\"],\"url\":\"https:\/\/universnews224.com\/index.php\/author\/m-camara\/\"}]}<\/script>\n<!-- \/ Yoast SEO plugin. -->","yoast_head_json":{"title":"Dur\u00e9e de la transition: le Guin\u00e9e et la CEDEAO s\u2019accordent sur 2 ans. - UNIVERSNEWS224","robots":{"index":"index","follow":"follow","max-snippet":"max-snippet:-1","max-image-preview":"max-image-preview:large","max-video-preview":"max-video-preview:-1"},"canonical":"https:\/\/universnews224.com\/index.php\/duree-de-la-transition-le-guinee-et-la-cedeao-saccordent-sur-2-ans\/","og_locale":"fr_FR","og_type":"article","og_title":"Dur\u00e9e de la transition: le Guin\u00e9e et la CEDEAO s\u2019accordent sur 2 ans. - UNIVERSNEWS224","og_description":"La mission technique de la Communaut\u00e9 \u00c9conomique des Etats de l\u2019Afrique de l\u2019Ouest (CEDEAO)en s\u00e9jour","og_url":"https:\/\/universnews224.com\/index.php\/duree-de-la-transition-le-guinee-et-la-cedeao-saccordent-sur-2-ans\/","og_site_name":"UNIVERSNEWS224","article_published_time":"2022-10-21T18:51:50+00:00","og_image":[{"width":1081,"height":720,"url":"https:\/\/universnews224.com\/wp-content\/uploads\/2022\/10\/C0CB9DB5-4D58-46AC-8A60-1BDF6EEE8D4E.jpeg","type":"image\/jpeg"}],"author":"La R\u00e9daction","twitter_misc":{"\u00c9crit par":"La R\u00e9daction","Dur\u00e9e de lecture estim\u00e9e":"1 minute"},"schema":{"@context":"https:\/\/schema.org","@graph":[{"@type":"Article","@id":"https:\/\/universnews224.com\/index.php\/duree-de-la-transition-le-guinee-et-la-cedeao-saccordent-sur-2-ans\/#article","isPartOf":{"@id":"https:\/\/universnews224.com\/index.php\/duree-de-la-transition-le-guinee-et-la-cedeao-saccordent-sur-2-ans\/"},"author":{"name":"La R\u00e9daction","@id":"https:\/\/universnews224.com\/#\/schema\/person\/a4b7d4f94a4716df60456a491260485e"},"headline":"Dur\u00e9e de la transition: le Guin\u00e9e et la CEDEAO s\u2019accordent sur 2 ans.","datePublished":"2022-10-21T18:51:50+00:00","dateModified":"2022-10-21T18:51:50+00:00","mainEntityOfPage":{"@id":"https:\/\/universnews224.com\/index.php\/duree-de-la-transition-le-guinee-et-la-cedeao-saccordent-sur-2-ans\/"},"wordCount":205,"publisher":{"@id":"https:\/\/universnews224.com\/#organization"},"keywords":["La une"],"articleSection":["ACTU","POLITIQUE"],"inLanguage":"fr-FR"},{"@type":"WebPage","@id":"https:\/\/universnews224.com\/index.php\/duree-de-la-transition-le-guinee-et-la-cedeao-saccordent-sur-2-ans\/","url":"https:\/\/universnews224.com\/index.php\/duree-de-la-transition-le-guinee-et-la-cedeao-saccordent-sur-2-ans\/","name":"Dur\u00e9e de la transition: le Guin\u00e9e et la CEDEAO s\u2019accordent sur 2 ans. - UNIVERSNEWS224","isPartOf":{"@id":"https:\/\/universnews224.com\/#website"},"datePublished":"2022-10-21T18:51:50+00:00","dateModified":"2022-10-21T18:51:50+00:00","inLanguage":"fr-FR","potentialAction":[{"@type":"ReadAction","target":["https:\/\/universnews224.com\/index.php\/duree-de-la-transition-le-guinee-et-la-cedeao-saccordent-sur-2-ans\/"]}]},{"@type":"WebSite","@id":"https:\/\/universnews224.com\/#website","url":"https:\/\/universnews224.com\/","name":"UNIVERSNEWS224","description":"","publisher":{"@id":"https:\/\/universnews224.com\/#organization"},"potentialAction":[{"@type":"SearchAction","target":{"@type":"EntryPoint","urlTemplate":"https:\/\/universnews224.com\/?s={search_term_string}"},"query-input":"required name=search_term_string"}],"inLanguage":"fr-FR"},{"@type":"Organization","@id":"https:\/\/universnews224.com\/#organization","name":"UNIVERSNEWS224","url":"https:\/\/universnews224.com\/","logo":{"@type":"ImageObject","inLanguage":"fr-FR","@id":"https:\/\/universnews224.com\/#\/schema\/logo\/image\/","url":"https:\/\/universnews224.com\/wp-content\/uploads\/2022\/08\/cropped-cropped-logoban.jpg","contentUrl":"https:\/\/universnews224.com\/wp-content\/uploads\/2022\/08\/cropped-cropped-logoban.jpg","width":1080,"height":138,"caption":"UNIVERSNEWS224"},"image":{"@id":"https:\/\/universnews224.com\/#\/schema\/logo\/image\/"}},{"@type":"Person","@id":"https:\/\/universnews224.com\/#\/schema\/person\/a4b7d4f94a4716df60456a491260485e","name":"La R\u00e9daction","image":{"@type":"ImageObject","inLanguage":"fr-FR","@id":"https:\/\/universnews224.com\/#\/schema\/person\/image\/","url":"https:\/\/secure.gravatar.com\/avatar\/edb90acc7752b23e1b3307ad36c14f0d?s=96&d=mm&r=g","contentUrl":"https:\/\/secure.gravatar.com\/avatar\/edb90acc7752b23e1b3307ad36c14f0d?s=96&d=mm&r=g","caption":"La R\u00e9daction"},"sameAs":["https:\/\/universnews224.com"],"url":"https:\/\/universnews224.com\/index.php\/author\/m-camara\/"}]}},"_links":{"self":[{"href":"https:\/\/universnews224.com\/index.php\/wp-json\/wp\/v2\/posts\/2279"}],"collection":[{"href":"https:\/\/universnews224.com\/index.php\/wp-json\/wp\/v2\/posts"}],"about":[{"href":"https:\/\/universnews224.com\/index.php\/wp-json\/wp\/v2\/types\/post"}],"author":[{"embeddable":true,"href":"https:\/\/universnews224.com\/index.php\/wp-json\/wp\/v2\/users\/2"}],"replies":[{"embeddable":true,"href":"https:\/\/universnews224.com\/index.php\/wp-json\/wp\/v2\/comments?post=2279"}],"version-history":[{"count":1,"href":"https:\/\/universnews224.com\/index.php\/wp-json\/wp\/v2\/posts\/2279\/revisions"}],"predecessor-version":[{"id":2281,"href":"https:\/\/universnews224.com\/index.php\/wp-json\/wp\/v2\/posts\/2279\/revisions\/2281"}],"wp:featuredmedia":[{"embeddable":true,"href":"https:\/\/universnews224.com\/index.php\/wp-json\/wp\/v2\/media\/2280"}],"wp:attachment":[{"href":"https:\/\/universnews224.com\/index.php\/wp-json\/wp\/v2\/media?parent=2279"}],"wp:term":[{"taxonomy":"category","embeddable":true,"href":"https:\/\/universnews224.com\/index.php\/wp-json\/wp\/v2\/categories?post=2279"},{"taxonomy":"post_tag","embeddable":true,"href":"https:\/\/universnews224.com\/index.php\/wp-json\/wp\/v2\/tags?post=2279"}],"curies":[{"name":"wp","href":"https:\/\/api.w.org\/{rel}","templated":true}]}}