{"id":2282,"date":"2022-10-22T02:08:34","date_gmt":"2022-10-22T01:08:34","guid":{"rendered":"https:\/\/universnews224.com\/?p=2282"},"modified":"2022-10-22T02:08:34","modified_gmt":"2022-10-22T01:08:34","slug":"transition-mamadi-doumbouya-prend-acte-de-la-duree-de-24-mois-a-compter-du-1er-janvier-2023","status":"publish","type":"post","link":"https:\/\/universnews224.com\/index.php\/transition-mamadi-doumbouya-prend-acte-de-la-duree-de-24-mois-a-compter-du-1er-janvier-2023\/","title":{"rendered":"Transition: Mamadi Doumbouya prend acte de la dur\u00e9e de 24 mois \u00e0 compter du 1er janvier 2023"},"content":{"rendered":"<p class=\"s11\"><span class=\"s12\"><span class=\"bumpedFont15\">Palais Mohammed V \u2013 <\/span><\/span><span class=\"s12\"><span class=\"bumpedFont15\">Conakry, le 21 octobre 2022 \u2013<\/span><\/span><span class=\"s13\"><span class=\"bumpedFont15\">Le Pr\u00e9sident de la Transition, Chef de l\u2019\u00c9tat, le Colonel <\/span><\/span><span class=\"s13\"><span class=\"bumpedFont15\">Mamadi<\/span><\/span><span class=\"s13\"><span class=\"bumpedFont15\">Doumbouya<\/span><\/span><span class=\"s13\"><span class=\"bumpedFont15\">, a re\u00e7u ce vendredi 21 octobre 2022, les experts et le facilitateur de la CEDEAO, le <\/span><\/span><span class=\"s13\"><span class=\"bumpedFont15\">Docteur<\/span><\/span><span class=\"s13\"><span class=\"bumpedFont15\"> Thomas <\/span><\/span><span class=\"s13\"><span class=\"bumpedFont15\">Yayi<\/span><\/span><span class=\"s13\"><span class=\"bumpedFont15\">Boni ainsi que le Gouvernement, les facilitatrices<\/span><\/span><span class=\"s13\"><span class=\"bumpedFont15\"> du cadre de dialogue<\/span><\/span><span class=\"s13\"><span class=\"bumpedFont15\">national<\/span><\/span><span class=\"s13\"><span class=\"bumpedFont15\"> inclusif inter-guin\u00e9en<\/span><\/span><span class=\"s13\"><span class=\"bumpedFont15\"> et <\/span><\/span><span class=\"s13\"><span class=\"bumpedFont15\">les membres du Comit\u00e9 National du Rassemblement pour le D\u00e9veloppement (CNRD).<\/span><\/span><\/p>\n<p class=\"s11\"><span class=\"s13\"><span class=\"bumpedFont15\">Apr\u00e8s le compte-rendu et les conclusions des travaux des experts de la CEDEAO et ceux de la partie guin\u00e9enne, li\u00e9s \u00e0 la dur\u00e9e de la transition et des m\u00e9canismes \u00e0 mettre en place pour son effectivit\u00e9, <\/span><\/span><span class=\"s13\"><span class=\"bumpedFont15\">S<\/span><\/span><span class=\"s13\"><span class=\"bumpedFont15\">on <\/span><\/span><span class=\"s13\"><span class=\"bumpedFont15\">E<\/span><\/span><span class=\"s13\"><span class=\"bumpedFont15\">xcellence <\/span><\/span><span class=\"s13\"><span class=\"bumpedFont15\">M<\/span><\/span><span class=\"s13\"><span class=\"bumpedFont15\">onsieur le Pr\u00e9sident de la Transition qui privil\u00e9gie le dialogue et la concertation pour r\u00e9gler toutes les divergences dans la vie nationale, a pris acte de la dur\u00e9e de 24 mois propos\u00e9s et qui prend effet \u00e0 partir du 1er janvier 2023.<\/span><\/span><\/p>\n<p class=\"s11\"><span class=\"s13\"><span class=\"bumpedFont15\">Son <\/span><\/span><span class=\"s13\"><span class=\"bumpedFont15\">E<\/span><\/span><span class=\"s13\"><span class=\"bumpedFont15\">xcellence <\/span><\/span><span class=\"s13\"><span class=\"bumpedFont15\">M<\/span><\/span><span class=\"s13\"><span class=\"bumpedFont15\">onsieur le Pr\u00e9sident de la Transition s\u2019est r\u00e9joui que les travaux aient pris en compte les aspirations l\u00e9gitimes du Peuple de Guin\u00e9e \u00e9l\u00e9ment central pour la d\u00e9finition d\u2019une gouvernance adapt\u00e9e durant le r\u00e9gime de Transition fond\u00e9e sur les valeurs et principes inscrits dans la charte de la Transition.<\/span><\/span><\/p>\n<p class=\"s11\"><span class=\"s13\"><span class=\"bumpedFont15\">Il a tenu \u00e0 f\u00e9liciter les experts et le Pr\u00e9sident <\/span><\/span><span class=\"s13\"><span class=\"bumpedFont15\">Yayi<\/span><\/span><span class=\"s13\"><span class=\"bumpedFont15\">Boni pour leur implication aux c\u00f4t\u00e9s des Guin\u00e9ens afin de parvenir \u00e0 cet accord concert\u00e9.<\/span><\/span><\/p>\n<p class=\"s11\"><span class=\"s13\"><span class=\"bumpedFont15\">L\u2019occasion pour lui de se f\u00e9liciter une fois de plus de la nomination de <\/span><\/span><span class=\"s13\"><span class=\"bumpedFont15\">S<\/span><\/span><span class=\"s13\"><span class=\"bumpedFont15\">on Excellence <\/span><\/span><span class=\"s13\"><span class=\"bumpedFont15\">M<\/span><\/span><span class=\"s13\"><span class=\"bumpedFont15\">onsieur <\/span><\/span><span class=\"s13\"><span class=\"bumpedFont15\">Yayi<\/span><\/span><span class=\"s13\"><span class=\"bumpedFont15\"> Boni en qualit\u00e9 de m\u00e9diateur de la CEDEAO pour la Guin\u00e9e, lors du 61\u00e8me Sommet des Chefs d\u2019<\/span><\/span><span class=\"s13\"><span class=\"bumpedFont15\">\u00c9tat<\/span><\/span><span class=\"s13\"><span class=\"bumpedFont15\"> de tenu \u00e0 Accra, le 03 juillet 2022, et son acceptation par la R\u00e9publique de Guin\u00e9e.<\/span><\/span><\/p>\n<p class=\"s11\"><span class=\"s13\"><span class=\"bumpedFont15\">La Guin\u00e9e en tant que membre fondateur de la CEDEAO travaillera toujours avec l\u2019institution sous-r\u00e9gionale pour la r\u00e9solution des probl\u00e8mes internes et externes au pays comme elle l\u2019a toujours d\u2019ailleurs du reste d\u00e9j\u00e0 fait, a rappel\u00e9 le Chef de l\u2019<\/span><\/span><span class=\"s13\"><span class=\"bumpedFont15\">\u00c9tat<\/span><\/span><span class=\"s13\"><span class=\"bumpedFont15\">.<\/span><\/span><\/p>\n<p class=\"s11\"><span class=\"s13\"><span class=\"bumpedFont15\">Monsieur le Pr\u00e9sident de la Transition, Chef de l\u2019<\/span><\/span><span class=\"s13\"><span class=\"bumpedFont15\">\u00c9tat<\/span><\/span><span class=\"s13\"><span class=\"bumpedFont15\">, le Colonel <\/span><\/span><span class=\"s13\"><span class=\"bumpedFont15\">Mamadi<\/span><\/span> <span class=\"s13\"><span class=\"bumpedFont15\">Doumbouya<\/span><\/span><span class=\"s13\"><span class=\"bumpedFont15\">, a<\/span><\/span> <span class=\"s13\"><span class=\"bumpedFont15\">f\u00e9licit\u00e9 le Peuple de Guin\u00e9e pour son accompagnement au processus de la Transition, sa r\u00e9silience face aux difficult\u00e9s de tous ordres, renouvel\u00e9 sa main tendue \u00e0 la classe politique et a appel\u00e9 \u00e0 l\u2019union sacr\u00e9e pour cr\u00e9er la nouvelle Guin\u00e9e, la Guin\u00e9e o\u00f9 il fera bon vivre pour tous.<\/span><\/span><\/p>\n<p class=\"s11\">\n<p class=\"s14\"><span class=\"s12\"><span class=\"bumpedFont15\">Direction de la Communication et de l\u2019Information de la Pr\u00e9sidence de la R\u00e9publique<\/span><\/span><\/p>\n","protected":false},"excerpt":{"rendered":"<p>Palais Mohammed V \u2013 Conakry, le 21 octobre 2022 \u2013Le Pr\u00e9sident de la Transition, Chef<\/p>\n","protected":false},"author":2,"featured_media":2283,"comment_status":"closed","ping_status":"open","sticky":false,"template":"","format":"standard","meta":[],"categories":[3,4],"tags":[229],"yoast_head":"<!-- This site is optimized with the Yoast SEO plugin v19.13 - https:\/\/yoast.com\/wordpress\/plugins\/seo\/ -->\n<title>Transition: Mamadi Doumbouya prend acte de la dur\u00e9e de 24 mois \u00e0 compter du 1er janvier 2023 - UNIVERSNEWS224<\/title>\n<meta name=\"robots\" content=\"index, follow, max-snippet:-1, max-image-preview:large, max-video-preview:-1\" \/>\n<link rel=\"canonical\" href=\"https:\/\/universnews224.com\/index.php\/transition-mamadi-doumbouya-prend-acte-de-la-duree-de-24-mois-a-compter-du-1er-janvier-2023\/\" \/>\n<meta property=\"og:locale\" content=\"fr_FR\" \/>\n<meta property=\"og:type\" content=\"article\" \/>\n<meta property=\"og:title\" content=\"Transition: Mamadi Doumbouya prend acte de la dur\u00e9e de 24 mois \u00e0 compter du 1er janvier 2023 - UNIVERSNEWS224\" \/>\n<meta property=\"og:description\" content=\"Palais Mohammed V \u2013 Conakry, le 21 octobre 2022 \u2013Le Pr\u00e9sident de la Transition, Chef\" \/>\n<meta property=\"og:url\" content=\"https:\/\/universnews224.com\/index.php\/transition-mamadi-doumbouya-prend-acte-de-la-duree-de-24-mois-a-compter-du-1er-janvier-2023\/\" \/>\n<meta property=\"og:site_name\" content=\"UNIVERSNEWS224\" \/>\n<meta property=\"article:published_time\" content=\"2022-10-22T01:08:34+00:00\" \/>\n<meta property=\"og:image\" content=\"https:\/\/universnews224.com\/wp-content\/uploads\/2022\/10\/54CB158E-1DDF-413A-8328-6BE665BC040B.jpeg\" \/>\n\t<meta property=\"og:image:width\" content=\"1080\" \/>\n\t<meta property=\"og:image:height\" content=\"720\" \/>\n\t<meta property=\"og:image:type\" content=\"image\/jpeg\" \/>\n<meta name=\"author\" content=\"La R\u00e9daction\" \/>\n<meta name=\"twitter:label1\" content=\"\u00c9crit par\" \/>\n\t<meta name=\"twitter:data1\" content=\"La R\u00e9daction\" \/>\n\t<meta name=\"twitter:label2\" content=\"Dur\u00e9e de lecture estim\u00e9e\" \/>\n\t<meta name=\"twitter:data2\" content=\"3 minutes\" \/>\n<script type=\"application\/ld+json\" class=\"yoast-schema-graph\">{\"@context\":\"https:\/\/schema.org\",\"@graph\":[{\"@type\":\"Article\",\"@id\":\"https:\/\/universnews224.com\/index.php\/transition-mamadi-doumbouya-prend-acte-de-la-duree-de-24-mois-a-compter-du-1er-janvier-2023\/#article\",\"isPartOf\":{\"@id\":\"https:\/\/universnews224.com\/index.php\/transition-mamadi-doumbouya-prend-acte-de-la-duree-de-24-mois-a-compter-du-1er-janvier-2023\/\"},\"author\":{\"name\":\"La R\u00e9daction\",\"@id\":\"https:\/\/universnews224.com\/#\/schema\/person\/a4b7d4f94a4716df60456a491260485e\"},\"headline\":\"Transition: Mamadi Doumbouya prend acte de la dur\u00e9e de 24 mois \u00e0 compter du 1er janvier 2023\",\"datePublished\":\"2022-10-22T01:08:34+00:00\",\"dateModified\":\"2022-10-22T01:08:34+00:00\",\"mainEntityOfPage\":{\"@id\":\"https:\/\/universnews224.com\/index.php\/transition-mamadi-doumbouya-prend-acte-de-la-duree-de-24-mois-a-compter-du-1er-janvier-2023\/\"},\"wordCount\":456,\"publisher\":{\"@id\":\"https:\/\/universnews224.com\/#organization\"},\"keywords\":[\"La une\"],\"articleSection\":[\"ACTU\",\"POLITIQUE\"],\"inLanguage\":\"fr-FR\"},{\"@type\":\"WebPage\",\"@id\":\"https:\/\/universnews224.com\/index.php\/transition-mamadi-doumbouya-prend-acte-de-la-duree-de-24-mois-a-compter-du-1er-janvier-2023\/\",\"url\":\"https:\/\/universnews224.com\/index.php\/transition-mamadi-doumbouya-prend-acte-de-la-duree-de-24-mois-a-compter-du-1er-janvier-2023\/\",\"name\":\"Transition: Mamadi Doumbouya prend acte de la dur\u00e9e de 24 mois \u00e0 compter du 1er janvier 2023 - UNIVERSNEWS224\",\"isPartOf\":{\"@id\":\"https:\/\/universnews224.com\/#website\"},\"datePublished\":\"2022-10-22T01:08:34+00:00\",\"dateModified\":\"2022-10-22T01:08:34+00:00\",\"inLanguage\":\"fr-FR\",\"potentialAction\":[{\"@type\":\"ReadAction\",\"target\":[\"https:\/\/universnews224.com\/index.php\/transition-mamadi-doumbouya-prend-acte-de-la-duree-de-24-mois-a-compter-du-1er-janvier-2023\/\"]}]},{\"@type\":\"WebSite\",\"@id\":\"https:\/\/universnews224.com\/#website\",\"url\":\"https:\/\/universnews224.com\/\",\"name\":\"UNIVERSNEWS224\",\"description\":\"\",\"publisher\":{\"@id\":\"https:\/\/universnews224.com\/#organization\"},\"potentialAction\":[{\"@type\":\"SearchAction\",\"target\":{\"@type\":\"EntryPoint\",\"urlTemplate\":\"https:\/\/universnews224.com\/?s={search_term_string}\"},\"query-input\":\"required name=search_term_string\"}],\"inLanguage\":\"fr-FR\"},{\"@type\":\"Organization\",\"@id\":\"https:\/\/universnews224.com\/#organization\",\"name\":\"UNIVERSNEWS224\",\"url\":\"https:\/\/universnews224.com\/\",\"logo\":{\"@type\":\"ImageObject\",\"inLanguage\":\"fr-FR\",\"@id\":\"https:\/\/universnews224.com\/#\/schema\/logo\/image\/\",\"url\":\"https:\/\/universnews224.com\/wp-content\/uploads\/2022\/08\/cropped-cropped-logoban.jpg\",\"contentUrl\":\"https:\/\/universnews224.com\/wp-content\/uploads\/2022\/08\/cropped-cropped-logoban.jpg\",\"width\":1080,\"height\":138,\"caption\":\"UNIVERSNEWS224\"},\"image\":{\"@id\":\"https:\/\/universnews224.com\/#\/schema\/logo\/image\/\"}},{\"@type\":\"Person\",\"@id\":\"https:\/\/universnews224.com\/#\/schema\/person\/a4b7d4f94a4716df60456a491260485e\",\"name\":\"La R\u00e9daction\",\"image\":{\"@type\":\"ImageObject\",\"inLanguage\":\"fr-FR\",\"@id\":\"https:\/\/universnews224.com\/#\/schema\/person\/image\/\",\"url\":\"https:\/\/secure.gravatar.com\/avatar\/edb90acc7752b23e1b3307ad36c14f0d?s=96&d=mm&r=g\",\"contentUrl\":\"https:\/\/secure.gravatar.com\/avatar\/edb90acc7752b23e1b3307ad36c14f0d?s=96&d=mm&r=g\",\"caption\":\"La R\u00e9daction\"},\"sameAs\":[\"https:\/\/universnews224.com\"],\"url\":\"https:\/\/universnews224.com\/index.php\/author\/m-camara\/\"}]}<\/script>\n<!-- \/ Yoast SEO plugin. -->","yoast_head_json":{"title":"Transition: Mamadi Doumbouya prend acte de la dur\u00e9e de 24 mois \u00e0 compter du 1er janvier 2023 - UNIVERSNEWS224","robots":{"index":"index","follow":"follow","max-snippet":"max-snippet:-1","max-image-preview":"max-image-preview:large","max-video-preview":"max-video-preview:-1"},"canonical":"https:\/\/universnews224.com\/index.php\/transition-mamadi-doumbouya-prend-acte-de-la-duree-de-24-mois-a-compter-du-1er-janvier-2023\/","og_locale":"fr_FR","og_type":"article","og_title":"Transition: Mamadi Doumbouya prend acte de la dur\u00e9e de 24 mois \u00e0 compter du 1er janvier 2023 - UNIVERSNEWS224","og_description":"Palais Mohammed V \u2013 Conakry, le 21 octobre 2022 \u2013Le Pr\u00e9sident de la Transition, Chef","og_url":"https:\/\/universnews224.com\/index.php\/transition-mamadi-doumbouya-prend-acte-de-la-duree-de-24-mois-a-compter-du-1er-janvier-2023\/","og_site_name":"UNIVERSNEWS224","article_published_time":"2022-10-22T01:08:34+00:00","og_image":[{"width":1080,"height":720,"url":"https:\/\/universnews224.com\/wp-content\/uploads\/2022\/10\/54CB158E-1DDF-413A-8328-6BE665BC040B.jpeg","type":"image\/jpeg"}],"author":"La R\u00e9daction","twitter_misc":{"\u00c9crit par":"La R\u00e9daction","Dur\u00e9e de lecture estim\u00e9e":"3 minutes"},"schema":{"@context":"https:\/\/schema.org","@graph":[{"@type":"Article","@id":"https:\/\/universnews224.com\/index.php\/transition-mamadi-doumbouya-prend-acte-de-la-duree-de-24-mois-a-compter-du-1er-janvier-2023\/#article","isPartOf":{"@id":"https:\/\/universnews224.com\/index.php\/transition-mamadi-doumbouya-prend-acte-de-la-duree-de-24-mois-a-compter-du-1er-janvier-2023\/"},"author":{"name":"La R\u00e9daction","@id":"https:\/\/universnews224.com\/#\/schema\/person\/a4b7d4f94a4716df60456a491260485e"},"headline":"Transition: Mamadi Doumbouya prend acte de la dur\u00e9e de 24 mois \u00e0 compter du 1er janvier 2023","datePublished":"2022-10-22T01:08:34+00:00","dateModified":"2022-10-22T01:08:34+00:00","mainEntityOfPage":{"@id":"https:\/\/universnews224.com\/index.php\/transition-mamadi-doumbouya-prend-acte-de-la-duree-de-24-mois-a-compter-du-1er-janvier-2023\/"},"wordCount":456,"publisher":{"@id":"https:\/\/universnews224.com\/#organization"},"keywords":["La une"],"articleSection":["ACTU","POLITIQUE"],"inLanguage":"fr-FR"},{"@type":"WebPage","@id":"https:\/\/universnews224.com\/index.php\/transition-mamadi-doumbouya-prend-acte-de-la-duree-de-24-mois-a-compter-du-1er-janvier-2023\/","url":"https:\/\/universnews224.com\/index.php\/transition-mamadi-doumbouya-prend-acte-de-la-duree-de-24-mois-a-compter-du-1er-janvier-2023\/","name":"Transition: Mamadi Doumbouya prend acte de la dur\u00e9e de 24 mois \u00e0 compter du 1er janvier 2023 - UNIVERSNEWS224","isPartOf":{"@id":"https:\/\/universnews224.com\/#website"},"datePublished":"2022-10-22T01:08:34+00:00","dateModified":"2022-10-22T01:08:34+00:00","inLanguage":"fr-FR","potentialAction":[{"@type":"ReadAction","target":["https:\/\/universnews224.com\/index.php\/transition-mamadi-doumbouya-prend-acte-de-la-duree-de-24-mois-a-compter-du-1er-janvier-2023\/"]}]},{"@type":"WebSite","@id":"https:\/\/universnews224.com\/#website","url":"https:\/\/universnews224.com\/","name":"UNIVERSNEWS224","description":"","publisher":{"@id":"https:\/\/universnews224.com\/#organization"},"potentialAction":[{"@type":"SearchAction","target":{"@type":"EntryPoint","urlTemplate":"https:\/\/universnews224.com\/?s={search_term_string}"},"query-input":"required name=search_term_string"}],"inLanguage":"fr-FR"},{"@type":"Organization","@id":"https:\/\/universnews224.com\/#organization","name":"UNIVERSNEWS224","url":"https:\/\/universnews224.com\/","logo":{"@type":"ImageObject","inLanguage":"fr-FR","@id":"https:\/\/universnews224.com\/#\/schema\/logo\/image\/","url":"https:\/\/universnews224.com\/wp-content\/uploads\/2022\/08\/cropped-cropped-logoban.jpg","contentUrl":"https:\/\/universnews224.com\/wp-content\/uploads\/2022\/08\/cropped-cropped-logoban.jpg","width":1080,"height":138,"caption":"UNIVERSNEWS224"},"image":{"@id":"https:\/\/universnews224.com\/#\/schema\/logo\/image\/"}},{"@type":"Person","@id":"https:\/\/universnews224.com\/#\/schema\/person\/a4b7d4f94a4716df60456a491260485e","name":"La R\u00e9daction","image":{"@type":"ImageObject","inLanguage":"fr-FR","@id":"https:\/\/universnews224.com\/#\/schema\/person\/image\/","url":"https:\/\/secure.gravatar.com\/avatar\/edb90acc7752b23e1b3307ad36c14f0d?s=96&d=mm&r=g","contentUrl":"https:\/\/secure.gravatar.com\/avatar\/edb90acc7752b23e1b3307ad36c14f0d?s=96&d=mm&r=g","caption":"La R\u00e9daction"},"sameAs":["https:\/\/universnews224.com"],"url":"https:\/\/universnews224.com\/index.php\/author\/m-camara\/"}]}},"_links":{"self":[{"href":"https:\/\/universnews224.com\/index.php\/wp-json\/wp\/v2\/posts\/2282"}],"collection":[{"href":"https:\/\/universnews224.com\/index.php\/wp-json\/wp\/v2\/posts"}],"about":[{"href":"https:\/\/universnews224.com\/index.php\/wp-json\/wp\/v2\/types\/post"}],"author":[{"embeddable":true,"href":"https:\/\/universnews224.com\/index.php\/wp-json\/wp\/v2\/users\/2"}],"replies":[{"embeddable":true,"href":"https:\/\/universnews224.com\/index.php\/wp-json\/wp\/v2\/comments?post=2282"}],"version-history":[{"count":1,"href":"https:\/\/universnews224.com\/index.php\/wp-json\/wp\/v2\/posts\/2282\/revisions"}],"predecessor-version":[{"id":2284,"href":"https:\/\/universnews224.com\/index.php\/wp-json\/wp\/v2\/posts\/2282\/revisions\/2284"}],"wp:featuredmedia":[{"embeddable":true,"href":"https:\/\/universnews224.com\/index.php\/wp-json\/wp\/v2\/media\/2283"}],"wp:attachment":[{"href":"https:\/\/universnews224.com\/index.php\/wp-json\/wp\/v2\/media?parent=2282"}],"wp:term":[{"taxonomy":"category","embeddable":true,"href":"https:\/\/universnews224.com\/index.php\/wp-json\/wp\/v2\/categories?post=2282"},{"taxonomy":"post_tag","embeddable":true,"href":"https:\/\/universnews224.com\/index.php\/wp-json\/wp\/v2\/tags?post=2282"}],"curies":[{"name":"wp","href":"https:\/\/api.w.org\/{rel}","templated":true}]}}