{"id":2304,"date":"2022-10-26T10:12:08","date_gmt":"2022-10-26T09:12:08","guid":{"rendered":"https:\/\/universnews224.com\/?p=2304"},"modified":"2022-10-26T10:12:08","modified_gmt":"2022-10-26T09:12:08","slug":"edg-le-directeur-general-laye-sekou-camara-sous-la-menace-dun-limogeage-emergence","status":"publish","type":"post","link":"https:\/\/universnews224.com\/index.php\/edg-le-directeur-general-laye-sekou-camara-sous-la-menace-dun-limogeage-emergence\/","title":{"rendered":"EDG : le Directeur g\u00e9n\u00e9ral Laye S\u00e9kou Camara sous la menace d\u2019un limogeage (Emergence)"},"content":{"rendered":"<p class=\"yiv8262665218ydp3dd1ed23msonormal\">Laye S\u00e9kou Camara est en sursis. Le patron de l\u2019entreprise \u00e9tatique de production et de distribution de l\u2019\u00e9nergie a essuy\u00e9 la col\u00e8re du Colonel Mamadi\u00a0Doumbouya, m\u00e9content de sa gestion, notamment celle relative \u00e0 l\u2019\u00e9clairage public sur les deux principaux axes routiers de Conakry \u00e0 savoir l\u2019autoroute Fid\u00e8le Castro et Le Prince. C\u2019est du moins ce qu\u2019on apprend aupr\u00e8s de nos sources qui ont v\u00e9cu la sc\u00e8ne.<\/p>\n<p class=\"yiv8262665218ydp3dd1ed23msonormal\">Devant des directeurs d\u2019autres \u00c9tablissements publics aussi convoqu\u00e9s pour des explications, le Chef de l\u2019Etat n\u2019a pas cach\u00e9 sa d\u00e9ception et son regret d\u2019avoir nomm\u00e9 un cadre, qui selon lui, cit\u00e9 par nos sources, a trahi sa confiance.<\/p>\n<p class=\"yiv8262665218ydp3dd1ed23msonormal\">Colonel Mamadi Doumbouya a expliqu\u00e9, avec l\u2019air d\u00e9\u00e7u et tr\u00e8s irrit\u00e9, avoir autoris\u00e9 le payement de 40 millions de dollars US en faveur d\u2019EDG, en proc\u00e9dure acc\u00e9l\u00e9r\u00e9e, dans le but d\u2019acc\u00e9l\u00e9rer l\u2019installation de l\u2019\u00e9clairage public sur les deux axes. Mais son grand \u00e9tonnement aura \u00e9t\u00e9 de constater que le travail n\u2019est pas fait alors que M. Camara lui aurait donn\u00e9 l\u2019assurance que tout le travail est r\u00e9alis\u00e9.<\/p>\n<div class=\"jeg_ad jeg_ad_article jnews_content_inline_ads \">\n<div class=\"ads-wrapper align-center \">\n<div class=\"ads_code\"><ins class=\"adsbygoogle\" data-ad-client=\"ca-pub-1870189416508001\" data-ad-slot=\"5141807392\" data-ad-format=\"auto\" data-full-width-responsive=\"true\"><\/ins><\/p>\n<p class=\"yiv8262665218ydp3dd1ed23msonormal\">Pour permettre au Directeur g\u00e9n\u00e9ral de l\u2019\u00c9lectricit\u00e9 de Guin\u00e9e de souffler, ironisent nos interlocuteurs, il a fallu que le Pr\u00e9sident donne \u00e0 celui-ci un moratoire qui court jusqu\u2019au dimanche prochain. Colonel Doumbouya aurait intim\u00e9 \u00e0 Laye S\u00e9kou Camara de planter et d\u2019alimenter tous les poteaux \u00e9lectriques pr\u00e9vus dans le contrat au risque de se faire d\u00e9gommer.<\/p>\n<p class=\"yiv8262665218ydp3dd1ed23msonormal\">L\u2019autre interrogation qui risque d\u2019aggraver les ennuis du directeur g\u00e9n\u00e9ral d\u2019EDG est que le deal pass\u00e9 avec l\u2019entreprise contractante n\u2019est pas lav\u00e9 de tout soup\u00e7on de surfacturation. Voil\u00e0 une atmosph\u00e8re \u00e0 tout point de vue \u00e9lectrique.<\/p>\n<p>&nbsp;<\/p>\n<p><strong>Avec Emergencegn.net<\/strong><\/p>\n<\/div>\n<\/div>\n<\/div>\n","protected":false},"excerpt":{"rendered":"<p>Laye S\u00e9kou Camara est en sursis. Le patron de l\u2019entreprise \u00e9tatique de production et de<\/p>\n","protected":false},"author":2,"featured_media":2305,"comment_status":"closed","ping_status":"open","sticky":false,"template":"","format":"standard","meta":[],"categories":[3,17],"tags":[229],"yoast_head":"<!-- This site is optimized with the Yoast SEO plugin v19.13 - https:\/\/yoast.com\/wordpress\/plugins\/seo\/ -->\n<title>EDG : le Directeur g\u00e9n\u00e9ral Laye S\u00e9kou Camara sous la menace d\u2019un limogeage (Emergence) - UNIVERSNEWS224<\/title>\n<meta name=\"robots\" content=\"index, follow, max-snippet:-1, max-image-preview:large, max-video-preview:-1\" \/>\n<link rel=\"canonical\" href=\"https:\/\/universnews224.com\/index.php\/edg-le-directeur-general-laye-sekou-camara-sous-la-menace-dun-limogeage-emergence\/\" \/>\n<meta property=\"og:locale\" content=\"fr_FR\" \/>\n<meta property=\"og:type\" content=\"article\" \/>\n<meta property=\"og:title\" content=\"EDG : le Directeur g\u00e9n\u00e9ral Laye S\u00e9kou Camara sous la menace d\u2019un limogeage (Emergence) - UNIVERSNEWS224\" \/>\n<meta property=\"og:description\" content=\"Laye S\u00e9kou Camara est en sursis. Le patron de l\u2019entreprise \u00e9tatique de production et de\" \/>\n<meta property=\"og:url\" content=\"https:\/\/universnews224.com\/index.php\/edg-le-directeur-general-laye-sekou-camara-sous-la-menace-dun-limogeage-emergence\/\" \/>\n<meta property=\"og:site_name\" content=\"UNIVERSNEWS224\" \/>\n<meta property=\"article:published_time\" content=\"2022-10-26T09:12:08+00:00\" \/>\n<meta property=\"og:image\" content=\"https:\/\/universnews224.com\/wp-content\/uploads\/2022\/10\/3281BD4B-3B12-4355-BE97-53DBD75DE1ED.jpeg\" \/>\n\t<meta property=\"og:image:width\" content=\"700\" \/>\n\t<meta property=\"og:image:height\" content=\"312\" \/>\n\t<meta property=\"og:image:type\" content=\"image\/jpeg\" \/>\n<meta name=\"author\" content=\"La R\u00e9daction\" \/>\n<meta name=\"twitter:label1\" content=\"\u00c9crit par\" \/>\n\t<meta name=\"twitter:data1\" content=\"La R\u00e9daction\" \/>\n\t<meta name=\"twitter:label2\" content=\"Dur\u00e9e de lecture estim\u00e9e\" \/>\n\t<meta name=\"twitter:data2\" content=\"2 minutes\" \/>\n<script type=\"application\/ld+json\" class=\"yoast-schema-graph\">{\"@context\":\"https:\/\/schema.org\",\"@graph\":[{\"@type\":\"Article\",\"@id\":\"https:\/\/universnews224.com\/index.php\/edg-le-directeur-general-laye-sekou-camara-sous-la-menace-dun-limogeage-emergence\/#article\",\"isPartOf\":{\"@id\":\"https:\/\/universnews224.com\/index.php\/edg-le-directeur-general-laye-sekou-camara-sous-la-menace-dun-limogeage-emergence\/\"},\"author\":{\"name\":\"La R\u00e9daction\",\"@id\":\"https:\/\/universnews224.com\/#\/schema\/person\/a4b7d4f94a4716df60456a491260485e\"},\"headline\":\"EDG : le Directeur g\u00e9n\u00e9ral Laye S\u00e9kou Camara sous la menace d\u2019un limogeage (Emergence)\",\"datePublished\":\"2022-10-26T09:12:08+00:00\",\"dateModified\":\"2022-10-26T09:12:08+00:00\",\"mainEntityOfPage\":{\"@id\":\"https:\/\/universnews224.com\/index.php\/edg-le-directeur-general-laye-sekou-camara-sous-la-menace-dun-limogeage-emergence\/\"},\"wordCount\":333,\"publisher\":{\"@id\":\"https:\/\/universnews224.com\/#organization\"},\"keywords\":[\"La une\"],\"articleSection\":[\"ACTU\",\"GRANDS DOSSIERS\"],\"inLanguage\":\"fr-FR\"},{\"@type\":\"WebPage\",\"@id\":\"https:\/\/universnews224.com\/index.php\/edg-le-directeur-general-laye-sekou-camara-sous-la-menace-dun-limogeage-emergence\/\",\"url\":\"https:\/\/universnews224.com\/index.php\/edg-le-directeur-general-laye-sekou-camara-sous-la-menace-dun-limogeage-emergence\/\",\"name\":\"EDG : le Directeur g\u00e9n\u00e9ral Laye S\u00e9kou Camara sous la menace d\u2019un limogeage (Emergence) - UNIVERSNEWS224\",\"isPartOf\":{\"@id\":\"https:\/\/universnews224.com\/#website\"},\"datePublished\":\"2022-10-26T09:12:08+00:00\",\"dateModified\":\"2022-10-26T09:12:08+00:00\",\"inLanguage\":\"fr-FR\",\"potentialAction\":[{\"@type\":\"ReadAction\",\"target\":[\"https:\/\/universnews224.com\/index.php\/edg-le-directeur-general-laye-sekou-camara-sous-la-menace-dun-limogeage-emergence\/\"]}]},{\"@type\":\"WebSite\",\"@id\":\"https:\/\/universnews224.com\/#website\",\"url\":\"https:\/\/universnews224.com\/\",\"name\":\"UNIVERSNEWS224\",\"description\":\"\",\"publisher\":{\"@id\":\"https:\/\/universnews224.com\/#organization\"},\"potentialAction\":[{\"@type\":\"SearchAction\",\"target\":{\"@type\":\"EntryPoint\",\"urlTemplate\":\"https:\/\/universnews224.com\/?s={search_term_string}\"},\"query-input\":\"required name=search_term_string\"}],\"inLanguage\":\"fr-FR\"},{\"@type\":\"Organization\",\"@id\":\"https:\/\/universnews224.com\/#organization\",\"name\":\"UNIVERSNEWS224\",\"url\":\"https:\/\/universnews224.com\/\",\"logo\":{\"@type\":\"ImageObject\",\"inLanguage\":\"fr-FR\",\"@id\":\"https:\/\/universnews224.com\/#\/schema\/logo\/image\/\",\"url\":\"https:\/\/universnews224.com\/wp-content\/uploads\/2022\/08\/cropped-cropped-logoban.jpg\",\"contentUrl\":\"https:\/\/universnews224.com\/wp-content\/uploads\/2022\/08\/cropped-cropped-logoban.jpg\",\"width\":1080,\"height\":138,\"caption\":\"UNIVERSNEWS224\"},\"image\":{\"@id\":\"https:\/\/universnews224.com\/#\/schema\/logo\/image\/\"}},{\"@type\":\"Person\",\"@id\":\"https:\/\/universnews224.com\/#\/schema\/person\/a4b7d4f94a4716df60456a491260485e\",\"name\":\"La R\u00e9daction\",\"image\":{\"@type\":\"ImageObject\",\"inLanguage\":\"fr-FR\",\"@id\":\"https:\/\/universnews224.com\/#\/schema\/person\/image\/\",\"url\":\"https:\/\/secure.gravatar.com\/avatar\/edb90acc7752b23e1b3307ad36c14f0d?s=96&d=mm&r=g\",\"contentUrl\":\"https:\/\/secure.gravatar.com\/avatar\/edb90acc7752b23e1b3307ad36c14f0d?s=96&d=mm&r=g\",\"caption\":\"La R\u00e9daction\"},\"sameAs\":[\"https:\/\/universnews224.com\"],\"url\":\"https:\/\/universnews224.com\/index.php\/author\/m-camara\/\"}]}<\/script>\n<!-- \/ Yoast SEO plugin. -->","yoast_head_json":{"title":"EDG : le Directeur g\u00e9n\u00e9ral Laye S\u00e9kou Camara sous la menace d\u2019un limogeage (Emergence) - UNIVERSNEWS224","robots":{"index":"index","follow":"follow","max-snippet":"max-snippet:-1","max-image-preview":"max-image-preview:large","max-video-preview":"max-video-preview:-1"},"canonical":"https:\/\/universnews224.com\/index.php\/edg-le-directeur-general-laye-sekou-camara-sous-la-menace-dun-limogeage-emergence\/","og_locale":"fr_FR","og_type":"article","og_title":"EDG : le Directeur g\u00e9n\u00e9ral Laye S\u00e9kou Camara sous la menace d\u2019un limogeage (Emergence) - UNIVERSNEWS224","og_description":"Laye S\u00e9kou Camara est en sursis. Le patron de l\u2019entreprise \u00e9tatique de production et de","og_url":"https:\/\/universnews224.com\/index.php\/edg-le-directeur-general-laye-sekou-camara-sous-la-menace-dun-limogeage-emergence\/","og_site_name":"UNIVERSNEWS224","article_published_time":"2022-10-26T09:12:08+00:00","og_image":[{"width":700,"height":312,"url":"https:\/\/universnews224.com\/wp-content\/uploads\/2022\/10\/3281BD4B-3B12-4355-BE97-53DBD75DE1ED.jpeg","type":"image\/jpeg"}],"author":"La R\u00e9daction","twitter_misc":{"\u00c9crit par":"La R\u00e9daction","Dur\u00e9e de lecture estim\u00e9e":"2 minutes"},"schema":{"@context":"https:\/\/schema.org","@graph":[{"@type":"Article","@id":"https:\/\/universnews224.com\/index.php\/edg-le-directeur-general-laye-sekou-camara-sous-la-menace-dun-limogeage-emergence\/#article","isPartOf":{"@id":"https:\/\/universnews224.com\/index.php\/edg-le-directeur-general-laye-sekou-camara-sous-la-menace-dun-limogeage-emergence\/"},"author":{"name":"La R\u00e9daction","@id":"https:\/\/universnews224.com\/#\/schema\/person\/a4b7d4f94a4716df60456a491260485e"},"headline":"EDG : le Directeur g\u00e9n\u00e9ral Laye S\u00e9kou Camara sous la menace d\u2019un limogeage (Emergence)","datePublished":"2022-10-26T09:12:08+00:00","dateModified":"2022-10-26T09:12:08+00:00","mainEntityOfPage":{"@id":"https:\/\/universnews224.com\/index.php\/edg-le-directeur-general-laye-sekou-camara-sous-la-menace-dun-limogeage-emergence\/"},"wordCount":333,"publisher":{"@id":"https:\/\/universnews224.com\/#organization"},"keywords":["La une"],"articleSection":["ACTU","GRANDS DOSSIERS"],"inLanguage":"fr-FR"},{"@type":"WebPage","@id":"https:\/\/universnews224.com\/index.php\/edg-le-directeur-general-laye-sekou-camara-sous-la-menace-dun-limogeage-emergence\/","url":"https:\/\/universnews224.com\/index.php\/edg-le-directeur-general-laye-sekou-camara-sous-la-menace-dun-limogeage-emergence\/","name":"EDG : le Directeur g\u00e9n\u00e9ral Laye S\u00e9kou Camara sous la menace d\u2019un limogeage (Emergence) - UNIVERSNEWS224","isPartOf":{"@id":"https:\/\/universnews224.com\/#website"},"datePublished":"2022-10-26T09:12:08+00:00","dateModified":"2022-10-26T09:12:08+00:00","inLanguage":"fr-FR","potentialAction":[{"@type":"ReadAction","target":["https:\/\/universnews224.com\/index.php\/edg-le-directeur-general-laye-sekou-camara-sous-la-menace-dun-limogeage-emergence\/"]}]},{"@type":"WebSite","@id":"https:\/\/universnews224.com\/#website","url":"https:\/\/universnews224.com\/","name":"UNIVERSNEWS224","description":"","publisher":{"@id":"https:\/\/universnews224.com\/#organization"},"potentialAction":[{"@type":"SearchAction","target":{"@type":"EntryPoint","urlTemplate":"https:\/\/universnews224.com\/?s={search_term_string}"},"query-input":"required name=search_term_string"}],"inLanguage":"fr-FR"},{"@type":"Organization","@id":"https:\/\/universnews224.com\/#organization","name":"UNIVERSNEWS224","url":"https:\/\/universnews224.com\/","logo":{"@type":"ImageObject","inLanguage":"fr-FR","@id":"https:\/\/universnews224.com\/#\/schema\/logo\/image\/","url":"https:\/\/universnews224.com\/wp-content\/uploads\/2022\/08\/cropped-cropped-logoban.jpg","contentUrl":"https:\/\/universnews224.com\/wp-content\/uploads\/2022\/08\/cropped-cropped-logoban.jpg","width":1080,"height":138,"caption":"UNIVERSNEWS224"},"image":{"@id":"https:\/\/universnews224.com\/#\/schema\/logo\/image\/"}},{"@type":"Person","@id":"https:\/\/universnews224.com\/#\/schema\/person\/a4b7d4f94a4716df60456a491260485e","name":"La R\u00e9daction","image":{"@type":"ImageObject","inLanguage":"fr-FR","@id":"https:\/\/universnews224.com\/#\/schema\/person\/image\/","url":"https:\/\/secure.gravatar.com\/avatar\/edb90acc7752b23e1b3307ad36c14f0d?s=96&d=mm&r=g","contentUrl":"https:\/\/secure.gravatar.com\/avatar\/edb90acc7752b23e1b3307ad36c14f0d?s=96&d=mm&r=g","caption":"La R\u00e9daction"},"sameAs":["https:\/\/universnews224.com"],"url":"https:\/\/universnews224.com\/index.php\/author\/m-camara\/"}]}},"_links":{"self":[{"href":"https:\/\/universnews224.com\/index.php\/wp-json\/wp\/v2\/posts\/2304"}],"collection":[{"href":"https:\/\/universnews224.com\/index.php\/wp-json\/wp\/v2\/posts"}],"about":[{"href":"https:\/\/universnews224.com\/index.php\/wp-json\/wp\/v2\/types\/post"}],"author":[{"embeddable":true,"href":"https:\/\/universnews224.com\/index.php\/wp-json\/wp\/v2\/users\/2"}],"replies":[{"embeddable":true,"href":"https:\/\/universnews224.com\/index.php\/wp-json\/wp\/v2\/comments?post=2304"}],"version-history":[{"count":1,"href":"https:\/\/universnews224.com\/index.php\/wp-json\/wp\/v2\/posts\/2304\/revisions"}],"predecessor-version":[{"id":2306,"href":"https:\/\/universnews224.com\/index.php\/wp-json\/wp\/v2\/posts\/2304\/revisions\/2306"}],"wp:featuredmedia":[{"embeddable":true,"href":"https:\/\/universnews224.com\/index.php\/wp-json\/wp\/v2\/media\/2305"}],"wp:attachment":[{"href":"https:\/\/universnews224.com\/index.php\/wp-json\/wp\/v2\/media?parent=2304"}],"wp:term":[{"taxonomy":"category","embeddable":true,"href":"https:\/\/universnews224.com\/index.php\/wp-json\/wp\/v2\/categories?post=2304"},{"taxonomy":"post_tag","embeddable":true,"href":"https:\/\/universnews224.com\/index.php\/wp-json\/wp\/v2\/tags?post=2304"}],"curies":[{"name":"wp","href":"https:\/\/api.w.org\/{rel}","templated":true}]}}