{"id":2330,"date":"2022-10-28T00:12:16","date_gmt":"2022-10-27T23:12:16","guid":{"rendered":"https:\/\/universnews224.com\/?p=2330"},"modified":"2022-10-28T00:12:16","modified_gmt":"2022-10-27T23:12:16","slug":"tpi-de-dixinn-les-leaders-du-quatuor-inculpes-et-places-sous-controle-judiciaire","status":"publish","type":"post","link":"https:\/\/universnews224.com\/index.php\/tpi-de-dixinn-les-leaders-du-quatuor-inculpes-et-places-sous-controle-judiciaire\/","title":{"rendered":"TPI de Dixinn: les leaders du quatuor inculp\u00e9s et plac\u00e9s sous contr\u00f4le judiciaire."},"content":{"rendered":"<p>Apr\u00e8s leur transf\u00e8rement cet apr\u00e8s-midi devant le procureur de la R\u00e9publique pr\u00e8s du tribunal de premi\u00e8re instance de Dixinn, les leaders du quatuor ont \u00e9t\u00e9 finalement inculp\u00e9s et plac\u00e9s sous contr\u00f4le judiciaire ce jeudi, 27 octobre 2022.<\/p>\n<p>Selon Me Salif B\u00e9avogui, l\u2019un des avocats des leaders, il n\u2019y a aucun \u00e9l\u00e9ment dans le dossier.<br \/>\n<a href=\"https:\/\/universnews224.com\/wp-content\/uploads\/2022\/10\/107E23ED-D51E-4AA5-8F87-14B1081E6D83.jpeg\"><img loading=\"lazy\" class=\"alignnone size-medium wp-image-2332\" src=\"https:\/\/universnews224.com\/wp-content\/uploads\/2022\/10\/107E23ED-D51E-4AA5-8F87-14B1081E6D83-300x169.jpeg\" alt=\"\" width=\"300\" height=\"169\" srcset=\"https:\/\/universnews224.com\/wp-content\/uploads\/2022\/10\/107E23ED-D51E-4AA5-8F87-14B1081E6D83-300x169.jpeg 300w, https:\/\/universnews224.com\/wp-content\/uploads\/2022\/10\/107E23ED-D51E-4AA5-8F87-14B1081E6D83-1024x576.jpeg 1024w, https:\/\/universnews224.com\/wp-content\/uploads\/2022\/10\/107E23ED-D51E-4AA5-8F87-14B1081E6D83-768x432.jpeg 768w, https:\/\/universnews224.com\/wp-content\/uploads\/2022\/10\/107E23ED-D51E-4AA5-8F87-14B1081E6D83-800x450.jpeg 800w, https:\/\/universnews224.com\/wp-content\/uploads\/2022\/10\/107E23ED-D51E-4AA5-8F87-14B1081E6D83.jpeg 1080w\" sizes=\"(max-width: 300px) 100vw, 300px\" \/><\/a><\/p>\n<p>\u00abNous avons rencontr\u00e9 monsieur le procureur de la R\u00e9publique qui les a interrog\u00e9 bri\u00e8vement. Nous avons compris qu\u2019il n\u2019y a aucun \u00e9l\u00e9ment dans le dossier. Vous avez, il est de principe en droit,lorsque le parquet doute, il poursuit.Donc, le procureur a d\u00e9cid\u00e9 de poursuivre l\u2019affaire et d\u2019ouvrir une information judiciaire en saisissant le doyen des juges, c\u2019\u00e9tait aux environs de 19h. \u00c0 20 heures, nous avons atterri chez le doyen des juges d\u2019instruction de Dixinn qui, apr\u00e8s les avoir interrog\u00e9 tous, les a inculp\u00e9s et nous a donn\u00e9 la parole pour plaider sur leur statut p\u00e9nal. Les avocats constitu\u00e9s, nous sommes tous relay\u00e9s un \u00e0 un pour demander leur mise en libert\u00e9 parce que pour nous, les infractions ne tiennent pas et puis, ils ont la garantie de repr\u00e9sentativit\u00e9. Il ne sert \u00e0 rien de les conduire en prison, de laisser la chance \u00e0 la justice de creuser au mieux pour d\u00e9couvrir des infractions poursuivies. Le juge nous a demand\u00e9 de l\u2019attendre qu\u2019il va d\u00e9lib\u00e9rer, apr\u00e8s une quarantaine minutes, le doyen de juge en toute ind\u00e9pendance, en toute souverainet\u00e9 , il a d\u00e9cid\u00e9 de placer nos clients sous contr\u00f4le judiciaire. Donc, ils ont \u00e9t\u00e9 plac\u00e9s sous contr\u00f4le judiciaire, avec certaines obligations qui sont dans l\u2019ordonnance que je d\u00e9tiens dans mes mains et qui a \u00e9t\u00e9 remise \u00e0 tous nos clients. Donc, Dieu merci, nos clients sont rentr\u00e9s et nous allons nous concentrer maintenant sur la proc\u00e9dure d\u2019instruction pour essayer de tout faire et aboutir \u00e0 un non lieu dans cette affaire\u00bb, a t-il martel\u00e9.<\/p>\n<p>Camara Mamadouba<br \/>\n611 46 04 10<\/p>\n","protected":false},"excerpt":{"rendered":"<p>Apr\u00e8s leur transf\u00e8rement cet apr\u00e8s-midi devant le procureur de la R\u00e9publique pr\u00e8s du tribunal de<\/p>\n","protected":false},"author":2,"featured_media":2331,"comment_status":"closed","ping_status":"open","sticky":false,"template":"","format":"standard","meta":[],"categories":[3,4],"tags":[229],"yoast_head":"<!-- This site is optimized with the Yoast SEO plugin v19.13 - https:\/\/yoast.com\/wordpress\/plugins\/seo\/ -->\n<title>TPI de Dixinn: les leaders du quatuor inculp\u00e9s et plac\u00e9s sous contr\u00f4le judiciaire. - UNIVERSNEWS224<\/title>\n<meta name=\"robots\" content=\"index, follow, max-snippet:-1, max-image-preview:large, max-video-preview:-1\" \/>\n<link rel=\"canonical\" href=\"https:\/\/universnews224.com\/index.php\/tpi-de-dixinn-les-leaders-du-quatuor-inculpes-et-places-sous-controle-judiciaire\/\" \/>\n<meta property=\"og:locale\" content=\"fr_FR\" \/>\n<meta property=\"og:type\" content=\"article\" \/>\n<meta property=\"og:title\" content=\"TPI de Dixinn: les leaders du quatuor inculp\u00e9s et plac\u00e9s sous contr\u00f4le judiciaire. - UNIVERSNEWS224\" \/>\n<meta property=\"og:description\" content=\"Apr\u00e8s leur transf\u00e8rement cet apr\u00e8s-midi devant le procureur de la R\u00e9publique pr\u00e8s du tribunal de\" \/>\n<meta property=\"og:url\" content=\"https:\/\/universnews224.com\/index.php\/tpi-de-dixinn-les-leaders-du-quatuor-inculpes-et-places-sous-controle-judiciaire\/\" \/>\n<meta property=\"og:site_name\" content=\"UNIVERSNEWS224\" \/>\n<meta property=\"article:published_time\" content=\"2022-10-27T23:12:16+00:00\" \/>\n<meta property=\"og:image\" content=\"https:\/\/universnews224.com\/wp-content\/uploads\/2022\/10\/5C97A29B-D1D4-4E51-A5F7-4AFE21E78F2B.jpeg\" \/>\n\t<meta property=\"og:image:width\" content=\"1032\" \/>\n\t<meta property=\"og:image:height\" content=\"774\" \/>\n\t<meta property=\"og:image:type\" content=\"image\/jpeg\" \/>\n<meta name=\"author\" content=\"La R\u00e9daction\" \/>\n<meta name=\"twitter:label1\" content=\"\u00c9crit par\" \/>\n\t<meta name=\"twitter:data1\" content=\"La R\u00e9daction\" \/>\n\t<meta name=\"twitter:label2\" content=\"Dur\u00e9e de lecture estim\u00e9e\" \/>\n\t<meta name=\"twitter:data2\" content=\"2 minutes\" \/>\n<script type=\"application\/ld+json\" class=\"yoast-schema-graph\">{\"@context\":\"https:\/\/schema.org\",\"@graph\":[{\"@type\":\"Article\",\"@id\":\"https:\/\/universnews224.com\/index.php\/tpi-de-dixinn-les-leaders-du-quatuor-inculpes-et-places-sous-controle-judiciaire\/#article\",\"isPartOf\":{\"@id\":\"https:\/\/universnews224.com\/index.php\/tpi-de-dixinn-les-leaders-du-quatuor-inculpes-et-places-sous-controle-judiciaire\/\"},\"author\":{\"name\":\"La R\u00e9daction\",\"@id\":\"https:\/\/universnews224.com\/#\/schema\/person\/a4b7d4f94a4716df60456a491260485e\"},\"headline\":\"TPI de Dixinn: les leaders du quatuor inculp\u00e9s et plac\u00e9s sous contr\u00f4le judiciaire.\",\"datePublished\":\"2022-10-27T23:12:16+00:00\",\"dateModified\":\"2022-10-27T23:12:16+00:00\",\"mainEntityOfPage\":{\"@id\":\"https:\/\/universnews224.com\/index.php\/tpi-de-dixinn-les-leaders-du-quatuor-inculpes-et-places-sous-controle-judiciaire\/\"},\"wordCount\":363,\"publisher\":{\"@id\":\"https:\/\/universnews224.com\/#organization\"},\"keywords\":[\"La une\"],\"articleSection\":[\"ACTU\",\"POLITIQUE\"],\"inLanguage\":\"fr-FR\"},{\"@type\":\"WebPage\",\"@id\":\"https:\/\/universnews224.com\/index.php\/tpi-de-dixinn-les-leaders-du-quatuor-inculpes-et-places-sous-controle-judiciaire\/\",\"url\":\"https:\/\/universnews224.com\/index.php\/tpi-de-dixinn-les-leaders-du-quatuor-inculpes-et-places-sous-controle-judiciaire\/\",\"name\":\"TPI de Dixinn: les leaders du quatuor inculp\u00e9s et plac\u00e9s sous contr\u00f4le judiciaire. - UNIVERSNEWS224\",\"isPartOf\":{\"@id\":\"https:\/\/universnews224.com\/#website\"},\"datePublished\":\"2022-10-27T23:12:16+00:00\",\"dateModified\":\"2022-10-27T23:12:16+00:00\",\"inLanguage\":\"fr-FR\",\"potentialAction\":[{\"@type\":\"ReadAction\",\"target\":[\"https:\/\/universnews224.com\/index.php\/tpi-de-dixinn-les-leaders-du-quatuor-inculpes-et-places-sous-controle-judiciaire\/\"]}]},{\"@type\":\"WebSite\",\"@id\":\"https:\/\/universnews224.com\/#website\",\"url\":\"https:\/\/universnews224.com\/\",\"name\":\"UNIVERSNEWS224\",\"description\":\"\",\"publisher\":{\"@id\":\"https:\/\/universnews224.com\/#organization\"},\"potentialAction\":[{\"@type\":\"SearchAction\",\"target\":{\"@type\":\"EntryPoint\",\"urlTemplate\":\"https:\/\/universnews224.com\/?s={search_term_string}\"},\"query-input\":\"required name=search_term_string\"}],\"inLanguage\":\"fr-FR\"},{\"@type\":\"Organization\",\"@id\":\"https:\/\/universnews224.com\/#organization\",\"name\":\"UNIVERSNEWS224\",\"url\":\"https:\/\/universnews224.com\/\",\"logo\":{\"@type\":\"ImageObject\",\"inLanguage\":\"fr-FR\",\"@id\":\"https:\/\/universnews224.com\/#\/schema\/logo\/image\/\",\"url\":\"https:\/\/universnews224.com\/wp-content\/uploads\/2022\/08\/cropped-cropped-logoban.jpg\",\"contentUrl\":\"https:\/\/universnews224.com\/wp-content\/uploads\/2022\/08\/cropped-cropped-logoban.jpg\",\"width\":1080,\"height\":138,\"caption\":\"UNIVERSNEWS224\"},\"image\":{\"@id\":\"https:\/\/universnews224.com\/#\/schema\/logo\/image\/\"}},{\"@type\":\"Person\",\"@id\":\"https:\/\/universnews224.com\/#\/schema\/person\/a4b7d4f94a4716df60456a491260485e\",\"name\":\"La R\u00e9daction\",\"image\":{\"@type\":\"ImageObject\",\"inLanguage\":\"fr-FR\",\"@id\":\"https:\/\/universnews224.com\/#\/schema\/person\/image\/\",\"url\":\"https:\/\/secure.gravatar.com\/avatar\/edb90acc7752b23e1b3307ad36c14f0d?s=96&d=mm&r=g\",\"contentUrl\":\"https:\/\/secure.gravatar.com\/avatar\/edb90acc7752b23e1b3307ad36c14f0d?s=96&d=mm&r=g\",\"caption\":\"La R\u00e9daction\"},\"sameAs\":[\"https:\/\/universnews224.com\"],\"url\":\"https:\/\/universnews224.com\/index.php\/author\/m-camara\/\"}]}<\/script>\n<!-- \/ Yoast SEO plugin. -->","yoast_head_json":{"title":"TPI de Dixinn: les leaders du quatuor inculp\u00e9s et plac\u00e9s sous contr\u00f4le judiciaire. - UNIVERSNEWS224","robots":{"index":"index","follow":"follow","max-snippet":"max-snippet:-1","max-image-preview":"max-image-preview:large","max-video-preview":"max-video-preview:-1"},"canonical":"https:\/\/universnews224.com\/index.php\/tpi-de-dixinn-les-leaders-du-quatuor-inculpes-et-places-sous-controle-judiciaire\/","og_locale":"fr_FR","og_type":"article","og_title":"TPI de Dixinn: les leaders du quatuor inculp\u00e9s et plac\u00e9s sous contr\u00f4le judiciaire. - UNIVERSNEWS224","og_description":"Apr\u00e8s leur transf\u00e8rement cet apr\u00e8s-midi devant le procureur de la R\u00e9publique pr\u00e8s du tribunal de","og_url":"https:\/\/universnews224.com\/index.php\/tpi-de-dixinn-les-leaders-du-quatuor-inculpes-et-places-sous-controle-judiciaire\/","og_site_name":"UNIVERSNEWS224","article_published_time":"2022-10-27T23:12:16+00:00","og_image":[{"width":1032,"height":774,"url":"https:\/\/universnews224.com\/wp-content\/uploads\/2022\/10\/5C97A29B-D1D4-4E51-A5F7-4AFE21E78F2B.jpeg","type":"image\/jpeg"}],"author":"La R\u00e9daction","twitter_misc":{"\u00c9crit par":"La R\u00e9daction","Dur\u00e9e de lecture estim\u00e9e":"2 minutes"},"schema":{"@context":"https:\/\/schema.org","@graph":[{"@type":"Article","@id":"https:\/\/universnews224.com\/index.php\/tpi-de-dixinn-les-leaders-du-quatuor-inculpes-et-places-sous-controle-judiciaire\/#article","isPartOf":{"@id":"https:\/\/universnews224.com\/index.php\/tpi-de-dixinn-les-leaders-du-quatuor-inculpes-et-places-sous-controle-judiciaire\/"},"author":{"name":"La R\u00e9daction","@id":"https:\/\/universnews224.com\/#\/schema\/person\/a4b7d4f94a4716df60456a491260485e"},"headline":"TPI de Dixinn: les leaders du quatuor inculp\u00e9s et plac\u00e9s sous contr\u00f4le judiciaire.","datePublished":"2022-10-27T23:12:16+00:00","dateModified":"2022-10-27T23:12:16+00:00","mainEntityOfPage":{"@id":"https:\/\/universnews224.com\/index.php\/tpi-de-dixinn-les-leaders-du-quatuor-inculpes-et-places-sous-controle-judiciaire\/"},"wordCount":363,"publisher":{"@id":"https:\/\/universnews224.com\/#organization"},"keywords":["La une"],"articleSection":["ACTU","POLITIQUE"],"inLanguage":"fr-FR"},{"@type":"WebPage","@id":"https:\/\/universnews224.com\/index.php\/tpi-de-dixinn-les-leaders-du-quatuor-inculpes-et-places-sous-controle-judiciaire\/","url":"https:\/\/universnews224.com\/index.php\/tpi-de-dixinn-les-leaders-du-quatuor-inculpes-et-places-sous-controle-judiciaire\/","name":"TPI de Dixinn: les leaders du quatuor inculp\u00e9s et plac\u00e9s sous contr\u00f4le judiciaire. - UNIVERSNEWS224","isPartOf":{"@id":"https:\/\/universnews224.com\/#website"},"datePublished":"2022-10-27T23:12:16+00:00","dateModified":"2022-10-27T23:12:16+00:00","inLanguage":"fr-FR","potentialAction":[{"@type":"ReadAction","target":["https:\/\/universnews224.com\/index.php\/tpi-de-dixinn-les-leaders-du-quatuor-inculpes-et-places-sous-controle-judiciaire\/"]}]},{"@type":"WebSite","@id":"https:\/\/universnews224.com\/#website","url":"https:\/\/universnews224.com\/","name":"UNIVERSNEWS224","description":"","publisher":{"@id":"https:\/\/universnews224.com\/#organization"},"potentialAction":[{"@type":"SearchAction","target":{"@type":"EntryPoint","urlTemplate":"https:\/\/universnews224.com\/?s={search_term_string}"},"query-input":"required name=search_term_string"}],"inLanguage":"fr-FR"},{"@type":"Organization","@id":"https:\/\/universnews224.com\/#organization","name":"UNIVERSNEWS224","url":"https:\/\/universnews224.com\/","logo":{"@type":"ImageObject","inLanguage":"fr-FR","@id":"https:\/\/universnews224.com\/#\/schema\/logo\/image\/","url":"https:\/\/universnews224.com\/wp-content\/uploads\/2022\/08\/cropped-cropped-logoban.jpg","contentUrl":"https:\/\/universnews224.com\/wp-content\/uploads\/2022\/08\/cropped-cropped-logoban.jpg","width":1080,"height":138,"caption":"UNIVERSNEWS224"},"image":{"@id":"https:\/\/universnews224.com\/#\/schema\/logo\/image\/"}},{"@type":"Person","@id":"https:\/\/universnews224.com\/#\/schema\/person\/a4b7d4f94a4716df60456a491260485e","name":"La R\u00e9daction","image":{"@type":"ImageObject","inLanguage":"fr-FR","@id":"https:\/\/universnews224.com\/#\/schema\/person\/image\/","url":"https:\/\/secure.gravatar.com\/avatar\/edb90acc7752b23e1b3307ad36c14f0d?s=96&d=mm&r=g","contentUrl":"https:\/\/secure.gravatar.com\/avatar\/edb90acc7752b23e1b3307ad36c14f0d?s=96&d=mm&r=g","caption":"La R\u00e9daction"},"sameAs":["https:\/\/universnews224.com"],"url":"https:\/\/universnews224.com\/index.php\/author\/m-camara\/"}]}},"_links":{"self":[{"href":"https:\/\/universnews224.com\/index.php\/wp-json\/wp\/v2\/posts\/2330"}],"collection":[{"href":"https:\/\/universnews224.com\/index.php\/wp-json\/wp\/v2\/posts"}],"about":[{"href":"https:\/\/universnews224.com\/index.php\/wp-json\/wp\/v2\/types\/post"}],"author":[{"embeddable":true,"href":"https:\/\/universnews224.com\/index.php\/wp-json\/wp\/v2\/users\/2"}],"replies":[{"embeddable":true,"href":"https:\/\/universnews224.com\/index.php\/wp-json\/wp\/v2\/comments?post=2330"}],"version-history":[{"count":1,"href":"https:\/\/universnews224.com\/index.php\/wp-json\/wp\/v2\/posts\/2330\/revisions"}],"predecessor-version":[{"id":2333,"href":"https:\/\/universnews224.com\/index.php\/wp-json\/wp\/v2\/posts\/2330\/revisions\/2333"}],"wp:featuredmedia":[{"embeddable":true,"href":"https:\/\/universnews224.com\/index.php\/wp-json\/wp\/v2\/media\/2331"}],"wp:attachment":[{"href":"https:\/\/universnews224.com\/index.php\/wp-json\/wp\/v2\/media?parent=2330"}],"wp:term":[{"taxonomy":"category","embeddable":true,"href":"https:\/\/universnews224.com\/index.php\/wp-json\/wp\/v2\/categories?post=2330"},{"taxonomy":"post_tag","embeddable":true,"href":"https:\/\/universnews224.com\/index.php\/wp-json\/wp\/v2\/tags?post=2330"}],"curies":[{"name":"wp","href":"https:\/\/api.w.org\/{rel}","templated":true}]}}