{"id":2341,"date":"2022-10-29T13:33:27","date_gmt":"2022-10-29T12:33:27","guid":{"rendered":"https:\/\/universnews224.com\/?p=2341"},"modified":"2022-10-29T13:33:27","modified_gmt":"2022-10-29T12:33:27","slug":"conakry-bernard-goumou-pose-la-premiere-pierre-du-centre-dinsertion-professionnelle-emergence-de-sangoyah","status":"publish","type":"post","link":"https:\/\/universnews224.com\/index.php\/conakry-bernard-goumou-pose-la-premiere-pierre-du-centre-dinsertion-professionnelle-emergence-de-sangoyah\/","title":{"rendered":"Conakry : Bernard Goumou pose la premi\u00e8re pierre du centre d&rsquo;insertion professionnelle \u00e9mergence de Sangoyah ."},"content":{"rendered":"<div>Apr\u00e8s l&rsquo;\u00e9tape de Cosa, le premier ministre chef du gouvernement Bernard Goumou accompagn\u00e9 de quelques membres du gouvernement et le pr\u00e9sident du CNT a proc\u00e9d\u00e9 ce vendredi 28 octobre 2022 \u00e0 Conakry \u00e0 la pose de la premi\u00e8re pierre du centre d&rsquo;insertion professionnelle de Sangoyah.<\/div>\n<div><\/div>\n<div>Dans son intervention, le ministre de la jeunesse et des sports, Lansana B\u00e9a Diallo qui met au profil et indique \u00e0 la jeunesse de Sangoyah d&rsquo;en faire et d&rsquo;en croire au projet :<\/div>\n<div><a href=\"https:\/\/universnews224.com\/wp-content\/uploads\/2022\/10\/85ABB615-9EDD-44F8-BCDD-8DF25950AE22.jpeg\"><img loading=\"lazy\" class=\"alignnone size-medium wp-image-2344\" src=\"https:\/\/universnews224.com\/wp-content\/uploads\/2022\/10\/85ABB615-9EDD-44F8-BCDD-8DF25950AE22-300x214.jpeg\" alt=\"\" width=\"300\" height=\"214\" srcset=\"https:\/\/universnews224.com\/wp-content\/uploads\/2022\/10\/85ABB615-9EDD-44F8-BCDD-8DF25950AE22-300x214.jpeg 300w, https:\/\/universnews224.com\/wp-content\/uploads\/2022\/10\/85ABB615-9EDD-44F8-BCDD-8DF25950AE22.jpeg 750w\" sizes=\"(max-width: 300px) 100vw, 300px\" \/><\/a><\/div>\n<div><\/div>\n<div>\u00ab Ce projet qui est destin\u00e9 aux jeunes, n\u2019est pas, en r\u00e9alit\u00e9, destin\u00e9 qu\u2019aux jeunes. C\u2019est un projet interg\u00e9n\u00e9rationnel qui va toucher tout le monde. Ces endroits ne vont pas appartenir qu\u2019\u00e0 ceux qui habitent dans les endroits qui les abritent, ils sont pour tous les guin\u00e9ens, quel que soit leur lieu d\u2019habitation. Les jeunes, \u00e7a c\u2019est votre projet, ce n\u2019est pas le mien, ni celui du pr\u00e9sident ou du gouvernement ; c\u2019est \u00e0 vous de le prot\u00e9ger, d\u2019en faire quelque chose d\u2019\u00e9norme et un pool \u00e9conomique de d\u00e9veloppement pour vous. C\u2019est plus de 300.000.000 GNF qui sont mis \u00e0 disposition pour construire les infrastructures en faveur des jeunes. Aujourd\u2019hui c\u2019est Cosa-Bamb\u00e9to et Sangoyah, mais il y a, entre autres Sonfonia, Taouyah, Dar-Es-Salem, Sans-fil, Tombo, Touguiwondi, Tombolia, Dabompa, Gu\u00e9ck\u00e9dou, K\u00e9rouan\u00e9, Toug\u00e9, Mandiana. L\u2019objectif est de construire des infrastructures pour permettre aux jeunes de s\u2019amuser, d\u2019avoir une approche d\u2019int\u00e9gration et de r\u00e9insertion socioprofessionnelle, leur donner des outils pour pouvoir cr\u00e9er leurs m\u00e9tiers. Chers jeunes, ici c\u2019est chez vous, prot\u00e9gez-le \u00bb, a d\u00e9clar\u00e9 le ministre B\u00e9a Diallo.<\/div>\n<div><\/div>\n<div>De son c\u00f4t\u00e9, le pr\u00e9sident du CNT, Dr Dansa Kourouma a, au nom du pr\u00e9sident de la transition et du premier ministre f\u00e9licit\u00e9 et sollicit\u00e9 \u00e0 la jeunesse de Sangoyah de prendre bon usage apr\u00e8s la construction de cette \u00e9difice public. Mais surtout demander \u00a0aux populations de Matoto, de contribuer \u00e0 la r\u00e9alisation de ces infrastructures, en soutenant et veillant de pr\u00e8s, sur les travaux amorc\u00e9s ce jour.<\/div>\n<div><a href=\"https:\/\/universnews224.com\/wp-content\/uploads\/2022\/10\/B6B0B673-C610-438A-9229-B3043479D474.jpeg\"><img loading=\"lazy\" class=\"alignnone size-medium wp-image-2345\" src=\"https:\/\/universnews224.com\/wp-content\/uploads\/2022\/10\/B6B0B673-C610-438A-9229-B3043479D474-300x214.jpeg\" alt=\"\" width=\"300\" height=\"214\" srcset=\"https:\/\/universnews224.com\/wp-content\/uploads\/2022\/10\/B6B0B673-C610-438A-9229-B3043479D474-300x214.jpeg 300w, https:\/\/universnews224.com\/wp-content\/uploads\/2022\/10\/B6B0B673-C610-438A-9229-B3043479D474.jpeg 750w\" sizes=\"(max-width: 300px) 100vw, 300px\" \/><\/a><\/div>\n<div><\/div>\n<div>\u00c0 noter que, cet projet a pour dur\u00e9e d\u2019ex\u00e9cution de ces deux projets qui seront r\u00e9alis\u00e9es simultan\u00e9ment est de 12 mois.<\/div>\n<div><\/div>\n<div>\u00c0 terme, ces centres permettront l\u2019inclusion socioprofessionnelle des jeunes des communes qui les abritent, et au-del\u00e0, de toute la capitale.<\/div>\n<div><\/div>\n<div>Sana Sylla.<\/div>\n","protected":false},"excerpt":{"rendered":"<p>Apr\u00e8s l&rsquo;\u00e9tape de Cosa, le premier ministre chef du gouvernement Bernard Goumou accompagn\u00e9 de quelques<\/p>\n","protected":false},"author":2,"featured_media":2342,"comment_status":"closed","ping_status":"open","sticky":false,"template":"","format":"standard","meta":[],"categories":[3,4],"tags":[229],"yoast_head":"<!-- This site is optimized with the Yoast SEO plugin v19.13 - https:\/\/yoast.com\/wordpress\/plugins\/seo\/ -->\n<title>Conakry : Bernard Goumou pose la premi\u00e8re pierre du centre d&#039;insertion professionnelle \u00e9mergence de Sangoyah . - UNIVERSNEWS224<\/title>\n<meta name=\"robots\" content=\"index, follow, max-snippet:-1, max-image-preview:large, max-video-preview:-1\" \/>\n<link rel=\"canonical\" href=\"https:\/\/universnews224.com\/index.php\/conakry-bernard-goumou-pose-la-premiere-pierre-du-centre-dinsertion-professionnelle-emergence-de-sangoyah\/\" \/>\n<meta property=\"og:locale\" content=\"fr_FR\" \/>\n<meta property=\"og:type\" content=\"article\" \/>\n<meta property=\"og:title\" content=\"Conakry : Bernard Goumou pose la premi\u00e8re pierre du centre d&#039;insertion professionnelle \u00e9mergence de Sangoyah . - UNIVERSNEWS224\" \/>\n<meta property=\"og:description\" content=\"Apr\u00e8s l&rsquo;\u00e9tape de Cosa, le premier ministre chef du gouvernement Bernard Goumou accompagn\u00e9 de quelques\" \/>\n<meta property=\"og:url\" content=\"https:\/\/universnews224.com\/index.php\/conakry-bernard-goumou-pose-la-premiere-pierre-du-centre-dinsertion-professionnelle-emergence-de-sangoyah\/\" \/>\n<meta property=\"og:site_name\" content=\"UNIVERSNEWS224\" \/>\n<meta property=\"article:published_time\" content=\"2022-10-29T12:33:27+00:00\" \/>\n<meta property=\"og:image\" content=\"https:\/\/universnews224.com\/wp-content\/uploads\/2022\/10\/49120180-A366-466A-9167-ED8A2634010C.jpeg\" \/>\n\t<meta property=\"og:image:width\" content=\"1024\" \/>\n\t<meta property=\"og:image:height\" content=\"576\" \/>\n\t<meta property=\"og:image:type\" content=\"image\/jpeg\" \/>\n<meta name=\"author\" content=\"La R\u00e9daction\" \/>\n<meta name=\"twitter:label1\" content=\"\u00c9crit par\" \/>\n\t<meta name=\"twitter:data1\" content=\"La R\u00e9daction\" \/>\n\t<meta name=\"twitter:label2\" content=\"Dur\u00e9e de lecture estim\u00e9e\" \/>\n\t<meta name=\"twitter:data2\" content=\"3 minutes\" \/>\n<script type=\"application\/ld+json\" class=\"yoast-schema-graph\">{\"@context\":\"https:\/\/schema.org\",\"@graph\":[{\"@type\":\"Article\",\"@id\":\"https:\/\/universnews224.com\/index.php\/conakry-bernard-goumou-pose-la-premiere-pierre-du-centre-dinsertion-professionnelle-emergence-de-sangoyah\/#article\",\"isPartOf\":{\"@id\":\"https:\/\/universnews224.com\/index.php\/conakry-bernard-goumou-pose-la-premiere-pierre-du-centre-dinsertion-professionnelle-emergence-de-sangoyah\/\"},\"author\":{\"name\":\"La R\u00e9daction\",\"@id\":\"https:\/\/universnews224.com\/#\/schema\/person\/a4b7d4f94a4716df60456a491260485e\"},\"headline\":\"Conakry : Bernard Goumou pose la premi\u00e8re pierre du centre d&rsquo;insertion professionnelle \u00e9mergence de Sangoyah .\",\"datePublished\":\"2022-10-29T12:33:27+00:00\",\"dateModified\":\"2022-10-29T12:33:27+00:00\",\"mainEntityOfPage\":{\"@id\":\"https:\/\/universnews224.com\/index.php\/conakry-bernard-goumou-pose-la-premiere-pierre-du-centre-dinsertion-professionnelle-emergence-de-sangoyah\/\"},\"wordCount\":418,\"publisher\":{\"@id\":\"https:\/\/universnews224.com\/#organization\"},\"keywords\":[\"La une\"],\"articleSection\":[\"ACTU\",\"POLITIQUE\"],\"inLanguage\":\"fr-FR\"},{\"@type\":\"WebPage\",\"@id\":\"https:\/\/universnews224.com\/index.php\/conakry-bernard-goumou-pose-la-premiere-pierre-du-centre-dinsertion-professionnelle-emergence-de-sangoyah\/\",\"url\":\"https:\/\/universnews224.com\/index.php\/conakry-bernard-goumou-pose-la-premiere-pierre-du-centre-dinsertion-professionnelle-emergence-de-sangoyah\/\",\"name\":\"Conakry : Bernard Goumou pose la premi\u00e8re pierre du centre d'insertion professionnelle \u00e9mergence de Sangoyah . - UNIVERSNEWS224\",\"isPartOf\":{\"@id\":\"https:\/\/universnews224.com\/#website\"},\"datePublished\":\"2022-10-29T12:33:27+00:00\",\"dateModified\":\"2022-10-29T12:33:27+00:00\",\"inLanguage\":\"fr-FR\",\"potentialAction\":[{\"@type\":\"ReadAction\",\"target\":[\"https:\/\/universnews224.com\/index.php\/conakry-bernard-goumou-pose-la-premiere-pierre-du-centre-dinsertion-professionnelle-emergence-de-sangoyah\/\"]}]},{\"@type\":\"WebSite\",\"@id\":\"https:\/\/universnews224.com\/#website\",\"url\":\"https:\/\/universnews224.com\/\",\"name\":\"UNIVERSNEWS224\",\"description\":\"\",\"publisher\":{\"@id\":\"https:\/\/universnews224.com\/#organization\"},\"potentialAction\":[{\"@type\":\"SearchAction\",\"target\":{\"@type\":\"EntryPoint\",\"urlTemplate\":\"https:\/\/universnews224.com\/?s={search_term_string}\"},\"query-input\":\"required name=search_term_string\"}],\"inLanguage\":\"fr-FR\"},{\"@type\":\"Organization\",\"@id\":\"https:\/\/universnews224.com\/#organization\",\"name\":\"UNIVERSNEWS224\",\"url\":\"https:\/\/universnews224.com\/\",\"logo\":{\"@type\":\"ImageObject\",\"inLanguage\":\"fr-FR\",\"@id\":\"https:\/\/universnews224.com\/#\/schema\/logo\/image\/\",\"url\":\"https:\/\/universnews224.com\/wp-content\/uploads\/2022\/08\/cropped-cropped-logoban.jpg\",\"contentUrl\":\"https:\/\/universnews224.com\/wp-content\/uploads\/2022\/08\/cropped-cropped-logoban.jpg\",\"width\":1080,\"height\":138,\"caption\":\"UNIVERSNEWS224\"},\"image\":{\"@id\":\"https:\/\/universnews224.com\/#\/schema\/logo\/image\/\"}},{\"@type\":\"Person\",\"@id\":\"https:\/\/universnews224.com\/#\/schema\/person\/a4b7d4f94a4716df60456a491260485e\",\"name\":\"La R\u00e9daction\",\"image\":{\"@type\":\"ImageObject\",\"inLanguage\":\"fr-FR\",\"@id\":\"https:\/\/universnews224.com\/#\/schema\/person\/image\/\",\"url\":\"https:\/\/secure.gravatar.com\/avatar\/edb90acc7752b23e1b3307ad36c14f0d?s=96&d=mm&r=g\",\"contentUrl\":\"https:\/\/secure.gravatar.com\/avatar\/edb90acc7752b23e1b3307ad36c14f0d?s=96&d=mm&r=g\",\"caption\":\"La R\u00e9daction\"},\"sameAs\":[\"https:\/\/universnews224.com\"],\"url\":\"https:\/\/universnews224.com\/index.php\/author\/m-camara\/\"}]}<\/script>\n<!-- \/ Yoast SEO plugin. -->","yoast_head_json":{"title":"Conakry : Bernard Goumou pose la premi\u00e8re pierre du centre d'insertion professionnelle \u00e9mergence de Sangoyah . - UNIVERSNEWS224","robots":{"index":"index","follow":"follow","max-snippet":"max-snippet:-1","max-image-preview":"max-image-preview:large","max-video-preview":"max-video-preview:-1"},"canonical":"https:\/\/universnews224.com\/index.php\/conakry-bernard-goumou-pose-la-premiere-pierre-du-centre-dinsertion-professionnelle-emergence-de-sangoyah\/","og_locale":"fr_FR","og_type":"article","og_title":"Conakry : Bernard Goumou pose la premi\u00e8re pierre du centre d'insertion professionnelle \u00e9mergence de Sangoyah . - UNIVERSNEWS224","og_description":"Apr\u00e8s l&rsquo;\u00e9tape de Cosa, le premier ministre chef du gouvernement Bernard Goumou accompagn\u00e9 de quelques","og_url":"https:\/\/universnews224.com\/index.php\/conakry-bernard-goumou-pose-la-premiere-pierre-du-centre-dinsertion-professionnelle-emergence-de-sangoyah\/","og_site_name":"UNIVERSNEWS224","article_published_time":"2022-10-29T12:33:27+00:00","og_image":[{"width":1024,"height":576,"url":"https:\/\/universnews224.com\/wp-content\/uploads\/2022\/10\/49120180-A366-466A-9167-ED8A2634010C.jpeg","type":"image\/jpeg"}],"author":"La R\u00e9daction","twitter_misc":{"\u00c9crit par":"La R\u00e9daction","Dur\u00e9e de lecture estim\u00e9e":"3 minutes"},"schema":{"@context":"https:\/\/schema.org","@graph":[{"@type":"Article","@id":"https:\/\/universnews224.com\/index.php\/conakry-bernard-goumou-pose-la-premiere-pierre-du-centre-dinsertion-professionnelle-emergence-de-sangoyah\/#article","isPartOf":{"@id":"https:\/\/universnews224.com\/index.php\/conakry-bernard-goumou-pose-la-premiere-pierre-du-centre-dinsertion-professionnelle-emergence-de-sangoyah\/"},"author":{"name":"La R\u00e9daction","@id":"https:\/\/universnews224.com\/#\/schema\/person\/a4b7d4f94a4716df60456a491260485e"},"headline":"Conakry : Bernard Goumou pose la premi\u00e8re pierre du centre d&rsquo;insertion professionnelle \u00e9mergence de Sangoyah .","datePublished":"2022-10-29T12:33:27+00:00","dateModified":"2022-10-29T12:33:27+00:00","mainEntityOfPage":{"@id":"https:\/\/universnews224.com\/index.php\/conakry-bernard-goumou-pose-la-premiere-pierre-du-centre-dinsertion-professionnelle-emergence-de-sangoyah\/"},"wordCount":418,"publisher":{"@id":"https:\/\/universnews224.com\/#organization"},"keywords":["La une"],"articleSection":["ACTU","POLITIQUE"],"inLanguage":"fr-FR"},{"@type":"WebPage","@id":"https:\/\/universnews224.com\/index.php\/conakry-bernard-goumou-pose-la-premiere-pierre-du-centre-dinsertion-professionnelle-emergence-de-sangoyah\/","url":"https:\/\/universnews224.com\/index.php\/conakry-bernard-goumou-pose-la-premiere-pierre-du-centre-dinsertion-professionnelle-emergence-de-sangoyah\/","name":"Conakry : Bernard Goumou pose la premi\u00e8re pierre du centre d'insertion professionnelle \u00e9mergence de Sangoyah . - UNIVERSNEWS224","isPartOf":{"@id":"https:\/\/universnews224.com\/#website"},"datePublished":"2022-10-29T12:33:27+00:00","dateModified":"2022-10-29T12:33:27+00:00","inLanguage":"fr-FR","potentialAction":[{"@type":"ReadAction","target":["https:\/\/universnews224.com\/index.php\/conakry-bernard-goumou-pose-la-premiere-pierre-du-centre-dinsertion-professionnelle-emergence-de-sangoyah\/"]}]},{"@type":"WebSite","@id":"https:\/\/universnews224.com\/#website","url":"https:\/\/universnews224.com\/","name":"UNIVERSNEWS224","description":"","publisher":{"@id":"https:\/\/universnews224.com\/#organization"},"potentialAction":[{"@type":"SearchAction","target":{"@type":"EntryPoint","urlTemplate":"https:\/\/universnews224.com\/?s={search_term_string}"},"query-input":"required name=search_term_string"}],"inLanguage":"fr-FR"},{"@type":"Organization","@id":"https:\/\/universnews224.com\/#organization","name":"UNIVERSNEWS224","url":"https:\/\/universnews224.com\/","logo":{"@type":"ImageObject","inLanguage":"fr-FR","@id":"https:\/\/universnews224.com\/#\/schema\/logo\/image\/","url":"https:\/\/universnews224.com\/wp-content\/uploads\/2022\/08\/cropped-cropped-logoban.jpg","contentUrl":"https:\/\/universnews224.com\/wp-content\/uploads\/2022\/08\/cropped-cropped-logoban.jpg","width":1080,"height":138,"caption":"UNIVERSNEWS224"},"image":{"@id":"https:\/\/universnews224.com\/#\/schema\/logo\/image\/"}},{"@type":"Person","@id":"https:\/\/universnews224.com\/#\/schema\/person\/a4b7d4f94a4716df60456a491260485e","name":"La R\u00e9daction","image":{"@type":"ImageObject","inLanguage":"fr-FR","@id":"https:\/\/universnews224.com\/#\/schema\/person\/image\/","url":"https:\/\/secure.gravatar.com\/avatar\/edb90acc7752b23e1b3307ad36c14f0d?s=96&d=mm&r=g","contentUrl":"https:\/\/secure.gravatar.com\/avatar\/edb90acc7752b23e1b3307ad36c14f0d?s=96&d=mm&r=g","caption":"La R\u00e9daction"},"sameAs":["https:\/\/universnews224.com"],"url":"https:\/\/universnews224.com\/index.php\/author\/m-camara\/"}]}},"_links":{"self":[{"href":"https:\/\/universnews224.com\/index.php\/wp-json\/wp\/v2\/posts\/2341"}],"collection":[{"href":"https:\/\/universnews224.com\/index.php\/wp-json\/wp\/v2\/posts"}],"about":[{"href":"https:\/\/universnews224.com\/index.php\/wp-json\/wp\/v2\/types\/post"}],"author":[{"embeddable":true,"href":"https:\/\/universnews224.com\/index.php\/wp-json\/wp\/v2\/users\/2"}],"replies":[{"embeddable":true,"href":"https:\/\/universnews224.com\/index.php\/wp-json\/wp\/v2\/comments?post=2341"}],"version-history":[{"count":1,"href":"https:\/\/universnews224.com\/index.php\/wp-json\/wp\/v2\/posts\/2341\/revisions"}],"predecessor-version":[{"id":2346,"href":"https:\/\/universnews224.com\/index.php\/wp-json\/wp\/v2\/posts\/2341\/revisions\/2346"}],"wp:featuredmedia":[{"embeddable":true,"href":"https:\/\/universnews224.com\/index.php\/wp-json\/wp\/v2\/media\/2342"}],"wp:attachment":[{"href":"https:\/\/universnews224.com\/index.php\/wp-json\/wp\/v2\/media?parent=2341"}],"wp:term":[{"taxonomy":"category","embeddable":true,"href":"https:\/\/universnews224.com\/index.php\/wp-json\/wp\/v2\/categories?post=2341"},{"taxonomy":"post_tag","embeddable":true,"href":"https:\/\/universnews224.com\/index.php\/wp-json\/wp\/v2\/tags?post=2341"}],"curies":[{"name":"wp","href":"https:\/\/api.w.org\/{rel}","templated":true}]}}