{"id":2351,"date":"2022-10-31T21:12:38","date_gmt":"2022-10-31T20:12:38","guid":{"rendered":"https:\/\/universnews224.com\/?p=2351"},"modified":"2022-10-31T21:12:38","modified_gmt":"2022-10-31T20:12:38","slug":"guinee-bernard-goumou-lance-la-2eme-edition-du-salon-des-productions-locales-label-guinee","status":"publish","type":"post","link":"https:\/\/universnews224.com\/index.php\/guinee-bernard-goumou-lance-la-2eme-edition-du-salon-des-productions-locales-label-guinee\/","title":{"rendered":"Guin\u00e9e : Bernard Goumou lanc\u00e9 la 2\u00e8me \u00e9dition du Salon des Productions Locales \u2018\u2019Label Guin\u00e9e\u2019\u2019"},"content":{"rendered":"<div>Apr\u00e8s la tenue de la premi\u00e8re \u00e9dition r\u00e9unissant une centaine d\u2019exposants et de visiteurs. Le Comit\u00e9 et l\u2019Agilit\u00e9 ont organis\u00e9 ce lundi, 31 octobre 2022, la 2\u00e8me \u00e9dition du salon des productions locales. Cette c\u00e9r\u00e9monie a \u00e9t\u00e9 pr\u00e9sid\u00e9e par le premier ministre, Dr Bernard Goumou, en pr\u00e9sence de plusieurs membres du gouvernement.<\/div>\n<div><\/div>\n<div>La c\u00e9r\u00e9monie de lancement s\u2019est d\u00e9roul\u00e9e \u00a0\u00e0 la Blue zone de Kaloum et a mobilis\u00e9 plusieurs partenaires techniques et financiers. Une rencontre qui durera sept jours, a pour objectif de promouvoir le contenu local guin\u00e9en, \u00e0 travers notamment des conf\u00e9rences-d\u00e9bats, des panels de discussion et des stands d\u2019exposition.<\/div>\n<div><\/div>\n<div>Dans son discours de circonstance , Luc Jo\u00ebl Gr\u00e9goire, repr\u00e9sentant du pays du PNUD en Guin\u00e9e apr\u00e8s avoir rappel\u00e9 l\u2019importance de l\u2019entreprenariat pour le d\u00e9veloppement d\u2019un pays, s\u2019est engag\u00e9 au nom de institution \u00e0 soutenir cette initiative.<br \/>\n<a href=\"https:\/\/universnews224.com\/wp-content\/uploads\/2022\/10\/CDFC8AAB-385C-4D5D-A44D-90339AC86F7F.jpeg\"><img loading=\"lazy\" class=\"alignnone size-medium wp-image-2354\" src=\"https:\/\/universnews224.com\/wp-content\/uploads\/2022\/10\/CDFC8AAB-385C-4D5D-A44D-90339AC86F7F-300x169.jpeg\" alt=\"\" width=\"300\" height=\"169\" srcset=\"https:\/\/universnews224.com\/wp-content\/uploads\/2022\/10\/CDFC8AAB-385C-4D5D-A44D-90339AC86F7F-300x169.jpeg 300w, https:\/\/universnews224.com\/wp-content\/uploads\/2022\/10\/CDFC8AAB-385C-4D5D-A44D-90339AC86F7F-768x432.jpeg 768w, https:\/\/universnews224.com\/wp-content\/uploads\/2022\/10\/CDFC8AAB-385C-4D5D-A44D-90339AC86F7F-800x450.jpeg 800w, https:\/\/universnews224.com\/wp-content\/uploads\/2022\/10\/CDFC8AAB-385C-4D5D-A44D-90339AC86F7F.jpeg 1024w\" sizes=\"(max-width: 300px) 100vw, 300px\" \/><\/a><\/div>\n<div><\/div>\n<div>\u00ab Le PNUD soutient pleinement cette initiative, et ce, dans la continuit\u00e9 des appuis de notre institution aupr\u00e8s du gouvernement et des entrepreneurs engag\u00e9s dans la production et la transformation de produits locaux, de haute valeur ajout\u00e9e et g\u00e9n\u00e9ratrices d&#8217;emplois productifs, notamment dans le cadre des projets de chaines de valeurs. Cette 2\u00e8me \u00a0\u00e9dition du Salon LABEL Guin\u00e9e, est une grande opportunit\u00e9 pour consolider les acquis de la 1\u00e8re \u00e9dition et orienter les \u00e9changes et les d\u00e9bats avec les op\u00e9rateurs \u00e9conomiques et les jeunes entrepreneurs, vers des solutions concr\u00e8tes \u00bb, a indiqu\u00e9 le repr\u00e9sentant.<\/div>\n<div><\/div>\n<div>De son c\u00f4t\u00e9, Mohamed Bam\u2019s Bangoura, commissaire g\u00e9n\u00e9ral de cet \u00e9v\u00e9nement,a tout d\u2019abord remerci\u00e9 \u00a0les partenaires qui ont accompagn\u00e9 ce projet avant de donner de ce forum .<\/div>\n<div><a href=\"https:\/\/universnews224.com\/wp-content\/uploads\/2022\/10\/DD983FA0-3508-49EF-8537-5A5E6AE7C96D.jpeg\"><img loading=\"lazy\" class=\"alignnone size-medium wp-image-2353\" src=\"https:\/\/universnews224.com\/wp-content\/uploads\/2022\/10\/DD983FA0-3508-49EF-8537-5A5E6AE7C96D-300x169.jpeg\" alt=\"\" width=\"300\" height=\"169\" srcset=\"https:\/\/universnews224.com\/wp-content\/uploads\/2022\/10\/DD983FA0-3508-49EF-8537-5A5E6AE7C96D-300x169.jpeg 300w, https:\/\/universnews224.com\/wp-content\/uploads\/2022\/10\/DD983FA0-3508-49EF-8537-5A5E6AE7C96D-768x432.jpeg 768w, https:\/\/universnews224.com\/wp-content\/uploads\/2022\/10\/DD983FA0-3508-49EF-8537-5A5E6AE7C96D-800x450.jpeg 800w, https:\/\/universnews224.com\/wp-content\/uploads\/2022\/10\/DD983FA0-3508-49EF-8537-5A5E6AE7C96D.jpeg 1024w\" sizes=\"(max-width: 300px) 100vw, 300px\" \/><\/a><\/div>\n<div><\/div>\n<div>\u00a0\u00ab Il s\u2019agit de mettre l\u2019accent sur ce que les producteurs locaux qui veulent apporter au pays.Quand on conna\u00eet les difficult\u00e9s pour les producteurs locaux dans l\u2019\u00e9coulement de leurs produits, la semaine du Made In Guin\u00e9e constitue une aubaine pour les artisans, industriels et autres agripreuneurs pour vendre et montrer leur savoir-faire. Mais aussi rapprocher davantage les consommateurs guin\u00e9ens en r\u00e9duisant la d\u00e9pendance du march\u00e9 guin\u00e9en aux produits import\u00e9s de l&rsquo;artisanat, de la gastronomie, des mines, du tourisme, de la culture, de la mode, etc&#8230; Mobiliser davantage les m\u00e9dias et les influenceurs autour des efforts consentis par les producteurs locaux dans leur processus de fabrication; Promouvoir chez les populations les avantages \u00e9conomiques, sociaux et environnementaux de la consommation des produits locaux; Offrir aux producteurs et entrepreneurs un espace unique d&rsquo;exposition. Inciter les Guin\u00e9ens \u00e0 faire de l&rsquo;achat un acte citoyen et responsable \u00bb, affirme t-il M. Bang&rsquo;s.<\/div>\n<div><\/div>\n<div><\/div>\n<div>Pour sa part, le premier ministre, chef du gouvernement, Dr Bernard Goumou a remerci\u00e9 et f\u00e9licit\u00e9 les initiateurs de ce salon avant de d\u00e9clarer que\u00ab \u00a0le gouvernement est fortement mobilis\u00e9s pour l&rsquo;am\u00e9lioration des conditions de vie de nos compatriotes, il de viens \u00e9galement de mettre en place plusieurs outils pour accompagner le d\u00e9veloppement des PM, car je suis pr\u00each\u00e9 d&rsquo;aller \u00e0 la rencontre des producteurs enfin de les \u00e9couter de les prouver encore une fois de plus que les autorit\u00e9s de la transition sont \u00e0 leur c\u00f4t\u00e9 pour renforcer la qualit\u00e9 et la comp\u00e9titivit\u00e9 de leur produit \u00bb, a lanc\u00e9 le PM.<\/div>\n<div><a href=\"https:\/\/universnews224.com\/wp-content\/uploads\/2022\/10\/E1FAB594-0598-4FA9-9012-A69E6D719011.jpeg\"><img loading=\"lazy\" class=\"alignnone size-medium wp-image-2352\" src=\"https:\/\/universnews224.com\/wp-content\/uploads\/2022\/10\/E1FAB594-0598-4FA9-9012-A69E6D719011-300x169.jpeg\" alt=\"\" width=\"300\" height=\"169\" srcset=\"https:\/\/universnews224.com\/wp-content\/uploads\/2022\/10\/E1FAB594-0598-4FA9-9012-A69E6D719011-300x169.jpeg 300w, https:\/\/universnews224.com\/wp-content\/uploads\/2022\/10\/E1FAB594-0598-4FA9-9012-A69E6D719011-768x432.jpeg 768w, https:\/\/universnews224.com\/wp-content\/uploads\/2022\/10\/E1FAB594-0598-4FA9-9012-A69E6D719011-800x450.jpeg 800w, https:\/\/universnews224.com\/wp-content\/uploads\/2022\/10\/E1FAB594-0598-4FA9-9012-A69E6D719011.jpeg 1024w\" sizes=\"(max-width: 300px) 100vw, 300px\" \/><\/a><\/div>\n<div><\/div>\n<div><\/div>\n<div>Sana Sylla.<\/div>\n","protected":false},"excerpt":{"rendered":"<p>Apr\u00e8s la tenue de la premi\u00e8re \u00e9dition r\u00e9unissant une centaine d\u2019exposants et de visiteurs. Le<\/p>\n","protected":false},"author":2,"featured_media":0,"comment_status":"closed","ping_status":"open","sticky":false,"template":"","format":"standard","meta":[],"categories":[3,17],"tags":[229],"yoast_head":"<!-- This site is optimized with the Yoast SEO plugin v19.13 - https:\/\/yoast.com\/wordpress\/plugins\/seo\/ -->\n<title>Guin\u00e9e : Bernard Goumou lanc\u00e9 la 2\u00e8me \u00e9dition du Salon des Productions Locales \u2018\u2019Label Guin\u00e9e\u2019\u2019 - UNIVERSNEWS224<\/title>\n<meta name=\"robots\" content=\"index, follow, max-snippet:-1, max-image-preview:large, max-video-preview:-1\" \/>\n<link rel=\"canonical\" href=\"https:\/\/universnews224.com\/index.php\/guinee-bernard-goumou-lance-la-2eme-edition-du-salon-des-productions-locales-label-guinee\/\" \/>\n<meta property=\"og:locale\" content=\"fr_FR\" \/>\n<meta property=\"og:type\" content=\"article\" \/>\n<meta property=\"og:title\" content=\"Guin\u00e9e : Bernard Goumou lanc\u00e9 la 2\u00e8me \u00e9dition du Salon des Productions Locales \u2018\u2019Label Guin\u00e9e\u2019\u2019 - UNIVERSNEWS224\" \/>\n<meta property=\"og:description\" content=\"Apr\u00e8s la tenue de la premi\u00e8re \u00e9dition r\u00e9unissant une centaine d\u2019exposants et de visiteurs. Le\" \/>\n<meta property=\"og:url\" content=\"https:\/\/universnews224.com\/index.php\/guinee-bernard-goumou-lance-la-2eme-edition-du-salon-des-productions-locales-label-guinee\/\" \/>\n<meta property=\"og:site_name\" content=\"UNIVERSNEWS224\" \/>\n<meta property=\"article:published_time\" content=\"2022-10-31T20:12:38+00:00\" \/>\n<meta property=\"og:image\" content=\"https:\/\/universnews224.com\/wp-content\/uploads\/2022\/10\/CDFC8AAB-385C-4D5D-A44D-90339AC86F7F-300x169.jpeg\" \/>\n<meta name=\"author\" content=\"La R\u00e9daction\" \/>\n<meta name=\"twitter:label1\" content=\"\u00c9crit par\" \/>\n\t<meta name=\"twitter:data1\" content=\"La R\u00e9daction\" \/>\n\t<meta name=\"twitter:label2\" content=\"Dur\u00e9e de lecture estim\u00e9e\" \/>\n\t<meta name=\"twitter:data2\" content=\"4 minutes\" \/>\n<script type=\"application\/ld+json\" class=\"yoast-schema-graph\">{\"@context\":\"https:\/\/schema.org\",\"@graph\":[{\"@type\":\"Article\",\"@id\":\"https:\/\/universnews224.com\/index.php\/guinee-bernard-goumou-lance-la-2eme-edition-du-salon-des-productions-locales-label-guinee\/#article\",\"isPartOf\":{\"@id\":\"https:\/\/universnews224.com\/index.php\/guinee-bernard-goumou-lance-la-2eme-edition-du-salon-des-productions-locales-label-guinee\/\"},\"author\":{\"name\":\"La R\u00e9daction\",\"@id\":\"https:\/\/universnews224.com\/#\/schema\/person\/a4b7d4f94a4716df60456a491260485e\"},\"headline\":\"Guin\u00e9e : Bernard Goumou lanc\u00e9 la 2\u00e8me \u00e9dition du Salon des Productions Locales \u2018\u2019Label Guin\u00e9e\u2019\u2019\",\"datePublished\":\"2022-10-31T20:12:38+00:00\",\"dateModified\":\"2022-10-31T20:12:38+00:00\",\"mainEntityOfPage\":{\"@id\":\"https:\/\/universnews224.com\/index.php\/guinee-bernard-goumou-lance-la-2eme-edition-du-salon-des-productions-locales-label-guinee\/\"},\"wordCount\":580,\"publisher\":{\"@id\":\"https:\/\/universnews224.com\/#organization\"},\"keywords\":[\"La une\"],\"articleSection\":[\"ACTU\",\"GRANDS DOSSIERS\"],\"inLanguage\":\"fr-FR\"},{\"@type\":\"WebPage\",\"@id\":\"https:\/\/universnews224.com\/index.php\/guinee-bernard-goumou-lance-la-2eme-edition-du-salon-des-productions-locales-label-guinee\/\",\"url\":\"https:\/\/universnews224.com\/index.php\/guinee-bernard-goumou-lance-la-2eme-edition-du-salon-des-productions-locales-label-guinee\/\",\"name\":\"Guin\u00e9e : Bernard Goumou lanc\u00e9 la 2\u00e8me \u00e9dition du Salon des Productions Locales \u2018\u2019Label Guin\u00e9e\u2019\u2019 - UNIVERSNEWS224\",\"isPartOf\":{\"@id\":\"https:\/\/universnews224.com\/#website\"},\"datePublished\":\"2022-10-31T20:12:38+00:00\",\"dateModified\":\"2022-10-31T20:12:38+00:00\",\"inLanguage\":\"fr-FR\",\"potentialAction\":[{\"@type\":\"ReadAction\",\"target\":[\"https:\/\/universnews224.com\/index.php\/guinee-bernard-goumou-lance-la-2eme-edition-du-salon-des-productions-locales-label-guinee\/\"]}]},{\"@type\":\"WebSite\",\"@id\":\"https:\/\/universnews224.com\/#website\",\"url\":\"https:\/\/universnews224.com\/\",\"name\":\"UNIVERSNEWS224\",\"description\":\"\",\"publisher\":{\"@id\":\"https:\/\/universnews224.com\/#organization\"},\"potentialAction\":[{\"@type\":\"SearchAction\",\"target\":{\"@type\":\"EntryPoint\",\"urlTemplate\":\"https:\/\/universnews224.com\/?s={search_term_string}\"},\"query-input\":\"required name=search_term_string\"}],\"inLanguage\":\"fr-FR\"},{\"@type\":\"Organization\",\"@id\":\"https:\/\/universnews224.com\/#organization\",\"name\":\"UNIVERSNEWS224\",\"url\":\"https:\/\/universnews224.com\/\",\"logo\":{\"@type\":\"ImageObject\",\"inLanguage\":\"fr-FR\",\"@id\":\"https:\/\/universnews224.com\/#\/schema\/logo\/image\/\",\"url\":\"https:\/\/universnews224.com\/wp-content\/uploads\/2022\/08\/cropped-cropped-logoban.jpg\",\"contentUrl\":\"https:\/\/universnews224.com\/wp-content\/uploads\/2022\/08\/cropped-cropped-logoban.jpg\",\"width\":1080,\"height\":138,\"caption\":\"UNIVERSNEWS224\"},\"image\":{\"@id\":\"https:\/\/universnews224.com\/#\/schema\/logo\/image\/\"}},{\"@type\":\"Person\",\"@id\":\"https:\/\/universnews224.com\/#\/schema\/person\/a4b7d4f94a4716df60456a491260485e\",\"name\":\"La R\u00e9daction\",\"image\":{\"@type\":\"ImageObject\",\"inLanguage\":\"fr-FR\",\"@id\":\"https:\/\/universnews224.com\/#\/schema\/person\/image\/\",\"url\":\"https:\/\/secure.gravatar.com\/avatar\/edb90acc7752b23e1b3307ad36c14f0d?s=96&d=mm&r=g\",\"contentUrl\":\"https:\/\/secure.gravatar.com\/avatar\/edb90acc7752b23e1b3307ad36c14f0d?s=96&d=mm&r=g\",\"caption\":\"La R\u00e9daction\"},\"sameAs\":[\"https:\/\/universnews224.com\"],\"url\":\"https:\/\/universnews224.com\/index.php\/author\/m-camara\/\"}]}<\/script>\n<!-- \/ Yoast SEO plugin. -->","yoast_head_json":{"title":"Guin\u00e9e : Bernard Goumou lanc\u00e9 la 2\u00e8me \u00e9dition du Salon des Productions Locales \u2018\u2019Label Guin\u00e9e\u2019\u2019 - UNIVERSNEWS224","robots":{"index":"index","follow":"follow","max-snippet":"max-snippet:-1","max-image-preview":"max-image-preview:large","max-video-preview":"max-video-preview:-1"},"canonical":"https:\/\/universnews224.com\/index.php\/guinee-bernard-goumou-lance-la-2eme-edition-du-salon-des-productions-locales-label-guinee\/","og_locale":"fr_FR","og_type":"article","og_title":"Guin\u00e9e : Bernard Goumou lanc\u00e9 la 2\u00e8me \u00e9dition du Salon des Productions Locales \u2018\u2019Label Guin\u00e9e\u2019\u2019 - UNIVERSNEWS224","og_description":"Apr\u00e8s la tenue de la premi\u00e8re \u00e9dition r\u00e9unissant une centaine d\u2019exposants et de visiteurs. Le","og_url":"https:\/\/universnews224.com\/index.php\/guinee-bernard-goumou-lance-la-2eme-edition-du-salon-des-productions-locales-label-guinee\/","og_site_name":"UNIVERSNEWS224","article_published_time":"2022-10-31T20:12:38+00:00","og_image":[{"url":"https:\/\/universnews224.com\/wp-content\/uploads\/2022\/10\/CDFC8AAB-385C-4D5D-A44D-90339AC86F7F-300x169.jpeg"}],"author":"La R\u00e9daction","twitter_misc":{"\u00c9crit par":"La R\u00e9daction","Dur\u00e9e de lecture estim\u00e9e":"4 minutes"},"schema":{"@context":"https:\/\/schema.org","@graph":[{"@type":"Article","@id":"https:\/\/universnews224.com\/index.php\/guinee-bernard-goumou-lance-la-2eme-edition-du-salon-des-productions-locales-label-guinee\/#article","isPartOf":{"@id":"https:\/\/universnews224.com\/index.php\/guinee-bernard-goumou-lance-la-2eme-edition-du-salon-des-productions-locales-label-guinee\/"},"author":{"name":"La R\u00e9daction","@id":"https:\/\/universnews224.com\/#\/schema\/person\/a4b7d4f94a4716df60456a491260485e"},"headline":"Guin\u00e9e : Bernard Goumou lanc\u00e9 la 2\u00e8me \u00e9dition du Salon des Productions Locales \u2018\u2019Label Guin\u00e9e\u2019\u2019","datePublished":"2022-10-31T20:12:38+00:00","dateModified":"2022-10-31T20:12:38+00:00","mainEntityOfPage":{"@id":"https:\/\/universnews224.com\/index.php\/guinee-bernard-goumou-lance-la-2eme-edition-du-salon-des-productions-locales-label-guinee\/"},"wordCount":580,"publisher":{"@id":"https:\/\/universnews224.com\/#organization"},"keywords":["La une"],"articleSection":["ACTU","GRANDS DOSSIERS"],"inLanguage":"fr-FR"},{"@type":"WebPage","@id":"https:\/\/universnews224.com\/index.php\/guinee-bernard-goumou-lance-la-2eme-edition-du-salon-des-productions-locales-label-guinee\/","url":"https:\/\/universnews224.com\/index.php\/guinee-bernard-goumou-lance-la-2eme-edition-du-salon-des-productions-locales-label-guinee\/","name":"Guin\u00e9e : Bernard Goumou lanc\u00e9 la 2\u00e8me \u00e9dition du Salon des Productions Locales \u2018\u2019Label Guin\u00e9e\u2019\u2019 - UNIVERSNEWS224","isPartOf":{"@id":"https:\/\/universnews224.com\/#website"},"datePublished":"2022-10-31T20:12:38+00:00","dateModified":"2022-10-31T20:12:38+00:00","inLanguage":"fr-FR","potentialAction":[{"@type":"ReadAction","target":["https:\/\/universnews224.com\/index.php\/guinee-bernard-goumou-lance-la-2eme-edition-du-salon-des-productions-locales-label-guinee\/"]}]},{"@type":"WebSite","@id":"https:\/\/universnews224.com\/#website","url":"https:\/\/universnews224.com\/","name":"UNIVERSNEWS224","description":"","publisher":{"@id":"https:\/\/universnews224.com\/#organization"},"potentialAction":[{"@type":"SearchAction","target":{"@type":"EntryPoint","urlTemplate":"https:\/\/universnews224.com\/?s={search_term_string}"},"query-input":"required name=search_term_string"}],"inLanguage":"fr-FR"},{"@type":"Organization","@id":"https:\/\/universnews224.com\/#organization","name":"UNIVERSNEWS224","url":"https:\/\/universnews224.com\/","logo":{"@type":"ImageObject","inLanguage":"fr-FR","@id":"https:\/\/universnews224.com\/#\/schema\/logo\/image\/","url":"https:\/\/universnews224.com\/wp-content\/uploads\/2022\/08\/cropped-cropped-logoban.jpg","contentUrl":"https:\/\/universnews224.com\/wp-content\/uploads\/2022\/08\/cropped-cropped-logoban.jpg","width":1080,"height":138,"caption":"UNIVERSNEWS224"},"image":{"@id":"https:\/\/universnews224.com\/#\/schema\/logo\/image\/"}},{"@type":"Person","@id":"https:\/\/universnews224.com\/#\/schema\/person\/a4b7d4f94a4716df60456a491260485e","name":"La R\u00e9daction","image":{"@type":"ImageObject","inLanguage":"fr-FR","@id":"https:\/\/universnews224.com\/#\/schema\/person\/image\/","url":"https:\/\/secure.gravatar.com\/avatar\/edb90acc7752b23e1b3307ad36c14f0d?s=96&d=mm&r=g","contentUrl":"https:\/\/secure.gravatar.com\/avatar\/edb90acc7752b23e1b3307ad36c14f0d?s=96&d=mm&r=g","caption":"La R\u00e9daction"},"sameAs":["https:\/\/universnews224.com"],"url":"https:\/\/universnews224.com\/index.php\/author\/m-camara\/"}]}},"_links":{"self":[{"href":"https:\/\/universnews224.com\/index.php\/wp-json\/wp\/v2\/posts\/2351"}],"collection":[{"href":"https:\/\/universnews224.com\/index.php\/wp-json\/wp\/v2\/posts"}],"about":[{"href":"https:\/\/universnews224.com\/index.php\/wp-json\/wp\/v2\/types\/post"}],"author":[{"embeddable":true,"href":"https:\/\/universnews224.com\/index.php\/wp-json\/wp\/v2\/users\/2"}],"replies":[{"embeddable":true,"href":"https:\/\/universnews224.com\/index.php\/wp-json\/wp\/v2\/comments?post=2351"}],"version-history":[{"count":1,"href":"https:\/\/universnews224.com\/index.php\/wp-json\/wp\/v2\/posts\/2351\/revisions"}],"predecessor-version":[{"id":2355,"href":"https:\/\/universnews224.com\/index.php\/wp-json\/wp\/v2\/posts\/2351\/revisions\/2355"}],"wp:attachment":[{"href":"https:\/\/universnews224.com\/index.php\/wp-json\/wp\/v2\/media?parent=2351"}],"wp:term":[{"taxonomy":"category","embeddable":true,"href":"https:\/\/universnews224.com\/index.php\/wp-json\/wp\/v2\/categories?post=2351"},{"taxonomy":"post_tag","embeddable":true,"href":"https:\/\/universnews224.com\/index.php\/wp-json\/wp\/v2\/tags?post=2351"}],"curies":[{"name":"wp","href":"https:\/\/api.w.org\/{rel}","templated":true}]}}