{"id":2363,"date":"2022-11-01T10:28:13","date_gmt":"2022-11-01T09:28:13","guid":{"rendered":"https:\/\/universnews224.com\/?p=2363"},"modified":"2022-11-01T10:28:13","modified_gmt":"2022-11-01T09:28:13","slug":"visite-du-pm-aux-qg-des-coalitions-politiques-cest-une-bonne-demarche-daller-voir-les-coalitions-politiques-aboubacar-soumah-gde","status":"publish","type":"post","link":"https:\/\/universnews224.com\/index.php\/visite-du-pm-aux-qg-des-coalitions-politiques-cest-une-bonne-demarche-daller-voir-les-coalitions-politiques-aboubacar-soumah-gde\/","title":{"rendered":"Visite du PM aux QG des coalitions politiques: \u00ab c\u2019est une bonne d\u00e9marche d\u2019aller voir les coalitions politiques\u00bb, Aboubacar Soumah GDE."},"content":{"rendered":"<div>Le leader du parti GDE, honorable Aboubacar Soumah s\u2019est prononc\u00e9 ce lundi, 31 octobre 2022 sur la visite du premier ministre dans les locaux des coalitions politiques en vue du d\u00e9marrage du cadre de dialogue.<\/div>\n<div>\n<div><\/div>\n<div>D\u2019entr\u00e9e de jeu, le pr\u00e9sident du GDE salue cette d\u00e9marche du premier ministre.<\/div>\n<div><\/div>\n<div>\u00abJe pense que c\u2019est une bonne d\u00e9marche d\u2019aller voir les coalitions politiques, de d\u00e9cliner l\u2019agenda de ce cadre de dialogue qu\u2019ils peuvent d\u00e9velopper\u00bb, a indiqu\u00e9.<\/div>\n<div><\/div>\n<div>\u00c0 en croire l\u2019honorable Aboubacar Soumah, avant que le premier ministre entame cette visite dans QG des coalitions politiques, il y\u2019a des pr\u00e9alables que l\u2019\u00c9tat doit respecter pour que toutes les \u00a0coalitions participent \u00e0 ce cadre de dialogue.<\/div>\n<div><\/div>\n<div>\u00abMais, moi je pense qu\u2019il y\u2019a des hics, il y\u2019a des questions sur lesquelles, des r\u00e9ponses claires et prises devraient \u00eatre donn\u00e9es avant d\u2019entamer des d\u00e9marches. Vous ne pouvez pas choisir la justice comme boussole de la transition pendant ce temps, vous d\u00e9logez un citoyen qui a fait pr\u00e8s de 20 ans dans sa maison. Le dossier est pendant devant la justice, vous venez d\u00e9molir la maison, vous construisez pendant que la justice n\u2019a pas fin d\u2019examiner le dossier, un. Deuxi\u00e8mement, vous ne pouvez pas mettre dans la t\u00eate de quelqu\u2019un un avion qui a \u00e9t\u00e9 vendu \u00e0 5 millions de dollars, vous dites que la personne a d\u00e9tourn\u00e9 les 5 millions de dollars. On dirait que la personne \u00e9tait le tr\u00e9sorier\u2026 Comment voulez-vous inviter l\u2019ANAD, le FNDC politique, le RPG arc-en-ciel, la CORED \u00e0 aller sur la table pendant que les leaders ou les responsables politiques de ces partis sont poursuivis de fa\u00e7on fantaisiste, sur des bases ill\u00e9gales, non fond\u00e9es et que vous voulez parler avec ces gens. Je crois l\u2019avoir dit sur une antenne, il y\u2019a un proverbe Soussou qui dit qu\u2019\u00ab on ne peut pas appeler un chien \u00e0 venir manger, pendant que tu as un b\u00e2ton dans ta main\u00bb. Si nous voulons parler sereinement, sinc\u00e8rement en fr\u00e8re guin\u00e9en, il faut mettre la balle \u00e0 terre\u00bb, a t-il martel\u00e9.<\/div>\n<\/div>\n<div><\/div>\n<div>Camara Mamadouba<\/div>\n<div>611 46 04 10<\/div>\n","protected":false},"excerpt":{"rendered":"<p>Le leader du parti GDE, honorable Aboubacar Soumah s\u2019est prononc\u00e9 ce lundi, 31 octobre 2022<\/p>\n","protected":false},"author":2,"featured_media":2364,"comment_status":"closed","ping_status":"open","sticky":false,"template":"","format":"standard","meta":[],"categories":[3,4],"tags":[229],"yoast_head":"<!-- This site is optimized with the Yoast SEO plugin v19.13 - https:\/\/yoast.com\/wordpress\/plugins\/seo\/ -->\n<title>Visite du PM aux QG des coalitions politiques: \u00ab c\u2019est une bonne d\u00e9marche d\u2019aller voir les coalitions politiques\u00bb, Aboubacar Soumah GDE. - UNIVERSNEWS224<\/title>\n<meta name=\"robots\" content=\"index, follow, max-snippet:-1, max-image-preview:large, max-video-preview:-1\" \/>\n<link rel=\"canonical\" href=\"https:\/\/universnews224.com\/index.php\/visite-du-pm-aux-qg-des-coalitions-politiques-cest-une-bonne-demarche-daller-voir-les-coalitions-politiques-aboubacar-soumah-gde\/\" \/>\n<meta property=\"og:locale\" content=\"fr_FR\" \/>\n<meta property=\"og:type\" content=\"article\" \/>\n<meta property=\"og:title\" content=\"Visite du PM aux QG des coalitions politiques: \u00ab c\u2019est une bonne d\u00e9marche d\u2019aller voir les coalitions politiques\u00bb, Aboubacar Soumah GDE. - UNIVERSNEWS224\" \/>\n<meta property=\"og:description\" content=\"Le leader du parti GDE, honorable Aboubacar Soumah s\u2019est prononc\u00e9 ce lundi, 31 octobre 2022\" \/>\n<meta property=\"og:url\" content=\"https:\/\/universnews224.com\/index.php\/visite-du-pm-aux-qg-des-coalitions-politiques-cest-une-bonne-demarche-daller-voir-les-coalitions-politiques-aboubacar-soumah-gde\/\" \/>\n<meta property=\"og:site_name\" content=\"UNIVERSNEWS224\" \/>\n<meta property=\"article:published_time\" content=\"2022-11-01T09:28:13+00:00\" \/>\n<meta property=\"og:image\" content=\"https:\/\/universnews224.com\/wp-content\/uploads\/2022\/11\/643CBA5B-C84E-48BE-8ED7-C43815E5BD73.jpeg\" \/>\n\t<meta property=\"og:image:width\" content=\"370\" \/>\n\t<meta property=\"og:image:height\" content=\"250\" \/>\n\t<meta property=\"og:image:type\" content=\"image\/jpeg\" \/>\n<meta name=\"author\" content=\"La R\u00e9daction\" \/>\n<meta name=\"twitter:label1\" content=\"\u00c9crit par\" \/>\n\t<meta name=\"twitter:data1\" content=\"La R\u00e9daction\" \/>\n\t<meta name=\"twitter:label2\" content=\"Dur\u00e9e de lecture estim\u00e9e\" \/>\n\t<meta name=\"twitter:data2\" content=\"2 minutes\" \/>\n<script type=\"application\/ld+json\" class=\"yoast-schema-graph\">{\"@context\":\"https:\/\/schema.org\",\"@graph\":[{\"@type\":\"Article\",\"@id\":\"https:\/\/universnews224.com\/index.php\/visite-du-pm-aux-qg-des-coalitions-politiques-cest-une-bonne-demarche-daller-voir-les-coalitions-politiques-aboubacar-soumah-gde\/#article\",\"isPartOf\":{\"@id\":\"https:\/\/universnews224.com\/index.php\/visite-du-pm-aux-qg-des-coalitions-politiques-cest-une-bonne-demarche-daller-voir-les-coalitions-politiques-aboubacar-soumah-gde\/\"},\"author\":{\"name\":\"La R\u00e9daction\",\"@id\":\"https:\/\/universnews224.com\/#\/schema\/person\/a4b7d4f94a4716df60456a491260485e\"},\"headline\":\"Visite du PM aux QG des coalitions politiques: \u00ab c\u2019est une bonne d\u00e9marche d\u2019aller voir les coalitions politiques\u00bb, Aboubacar Soumah GDE.\",\"datePublished\":\"2022-11-01T09:28:13+00:00\",\"dateModified\":\"2022-11-01T09:28:13+00:00\",\"mainEntityOfPage\":{\"@id\":\"https:\/\/universnews224.com\/index.php\/visite-du-pm-aux-qg-des-coalitions-politiques-cest-une-bonne-demarche-daller-voir-les-coalitions-politiques-aboubacar-soumah-gde\/\"},\"wordCount\":391,\"publisher\":{\"@id\":\"https:\/\/universnews224.com\/#organization\"},\"keywords\":[\"La une\"],\"articleSection\":[\"ACTU\",\"POLITIQUE\"],\"inLanguage\":\"fr-FR\"},{\"@type\":\"WebPage\",\"@id\":\"https:\/\/universnews224.com\/index.php\/visite-du-pm-aux-qg-des-coalitions-politiques-cest-une-bonne-demarche-daller-voir-les-coalitions-politiques-aboubacar-soumah-gde\/\",\"url\":\"https:\/\/universnews224.com\/index.php\/visite-du-pm-aux-qg-des-coalitions-politiques-cest-une-bonne-demarche-daller-voir-les-coalitions-politiques-aboubacar-soumah-gde\/\",\"name\":\"Visite du PM aux QG des coalitions politiques: \u00ab c\u2019est une bonne d\u00e9marche d\u2019aller voir les coalitions politiques\u00bb, Aboubacar Soumah GDE. - UNIVERSNEWS224\",\"isPartOf\":{\"@id\":\"https:\/\/universnews224.com\/#website\"},\"datePublished\":\"2022-11-01T09:28:13+00:00\",\"dateModified\":\"2022-11-01T09:28:13+00:00\",\"inLanguage\":\"fr-FR\",\"potentialAction\":[{\"@type\":\"ReadAction\",\"target\":[\"https:\/\/universnews224.com\/index.php\/visite-du-pm-aux-qg-des-coalitions-politiques-cest-une-bonne-demarche-daller-voir-les-coalitions-politiques-aboubacar-soumah-gde\/\"]}]},{\"@type\":\"WebSite\",\"@id\":\"https:\/\/universnews224.com\/#website\",\"url\":\"https:\/\/universnews224.com\/\",\"name\":\"UNIVERSNEWS224\",\"description\":\"\",\"publisher\":{\"@id\":\"https:\/\/universnews224.com\/#organization\"},\"potentialAction\":[{\"@type\":\"SearchAction\",\"target\":{\"@type\":\"EntryPoint\",\"urlTemplate\":\"https:\/\/universnews224.com\/?s={search_term_string}\"},\"query-input\":\"required name=search_term_string\"}],\"inLanguage\":\"fr-FR\"},{\"@type\":\"Organization\",\"@id\":\"https:\/\/universnews224.com\/#organization\",\"name\":\"UNIVERSNEWS224\",\"url\":\"https:\/\/universnews224.com\/\",\"logo\":{\"@type\":\"ImageObject\",\"inLanguage\":\"fr-FR\",\"@id\":\"https:\/\/universnews224.com\/#\/schema\/logo\/image\/\",\"url\":\"https:\/\/universnews224.com\/wp-content\/uploads\/2022\/08\/cropped-cropped-logoban.jpg\",\"contentUrl\":\"https:\/\/universnews224.com\/wp-content\/uploads\/2022\/08\/cropped-cropped-logoban.jpg\",\"width\":1080,\"height\":138,\"caption\":\"UNIVERSNEWS224\"},\"image\":{\"@id\":\"https:\/\/universnews224.com\/#\/schema\/logo\/image\/\"}},{\"@type\":\"Person\",\"@id\":\"https:\/\/universnews224.com\/#\/schema\/person\/a4b7d4f94a4716df60456a491260485e\",\"name\":\"La R\u00e9daction\",\"image\":{\"@type\":\"ImageObject\",\"inLanguage\":\"fr-FR\",\"@id\":\"https:\/\/universnews224.com\/#\/schema\/person\/image\/\",\"url\":\"https:\/\/secure.gravatar.com\/avatar\/edb90acc7752b23e1b3307ad36c14f0d?s=96&d=mm&r=g\",\"contentUrl\":\"https:\/\/secure.gravatar.com\/avatar\/edb90acc7752b23e1b3307ad36c14f0d?s=96&d=mm&r=g\",\"caption\":\"La R\u00e9daction\"},\"sameAs\":[\"https:\/\/universnews224.com\"],\"url\":\"https:\/\/universnews224.com\/index.php\/author\/m-camara\/\"}]}<\/script>\n<!-- \/ Yoast SEO plugin. -->","yoast_head_json":{"title":"Visite du PM aux QG des coalitions politiques: \u00ab c\u2019est une bonne d\u00e9marche d\u2019aller voir les coalitions politiques\u00bb, Aboubacar Soumah GDE. - UNIVERSNEWS224","robots":{"index":"index","follow":"follow","max-snippet":"max-snippet:-1","max-image-preview":"max-image-preview:large","max-video-preview":"max-video-preview:-1"},"canonical":"https:\/\/universnews224.com\/index.php\/visite-du-pm-aux-qg-des-coalitions-politiques-cest-une-bonne-demarche-daller-voir-les-coalitions-politiques-aboubacar-soumah-gde\/","og_locale":"fr_FR","og_type":"article","og_title":"Visite du PM aux QG des coalitions politiques: \u00ab c\u2019est une bonne d\u00e9marche d\u2019aller voir les coalitions politiques\u00bb, Aboubacar Soumah GDE. - UNIVERSNEWS224","og_description":"Le leader du parti GDE, honorable Aboubacar Soumah s\u2019est prononc\u00e9 ce lundi, 31 octobre 2022","og_url":"https:\/\/universnews224.com\/index.php\/visite-du-pm-aux-qg-des-coalitions-politiques-cest-une-bonne-demarche-daller-voir-les-coalitions-politiques-aboubacar-soumah-gde\/","og_site_name":"UNIVERSNEWS224","article_published_time":"2022-11-01T09:28:13+00:00","og_image":[{"width":370,"height":250,"url":"https:\/\/universnews224.com\/wp-content\/uploads\/2022\/11\/643CBA5B-C84E-48BE-8ED7-C43815E5BD73.jpeg","type":"image\/jpeg"}],"author":"La R\u00e9daction","twitter_misc":{"\u00c9crit par":"La R\u00e9daction","Dur\u00e9e de lecture estim\u00e9e":"2 minutes"},"schema":{"@context":"https:\/\/schema.org","@graph":[{"@type":"Article","@id":"https:\/\/universnews224.com\/index.php\/visite-du-pm-aux-qg-des-coalitions-politiques-cest-une-bonne-demarche-daller-voir-les-coalitions-politiques-aboubacar-soumah-gde\/#article","isPartOf":{"@id":"https:\/\/universnews224.com\/index.php\/visite-du-pm-aux-qg-des-coalitions-politiques-cest-une-bonne-demarche-daller-voir-les-coalitions-politiques-aboubacar-soumah-gde\/"},"author":{"name":"La R\u00e9daction","@id":"https:\/\/universnews224.com\/#\/schema\/person\/a4b7d4f94a4716df60456a491260485e"},"headline":"Visite du PM aux QG des coalitions politiques: \u00ab c\u2019est une bonne d\u00e9marche d\u2019aller voir les coalitions politiques\u00bb, Aboubacar Soumah GDE.","datePublished":"2022-11-01T09:28:13+00:00","dateModified":"2022-11-01T09:28:13+00:00","mainEntityOfPage":{"@id":"https:\/\/universnews224.com\/index.php\/visite-du-pm-aux-qg-des-coalitions-politiques-cest-une-bonne-demarche-daller-voir-les-coalitions-politiques-aboubacar-soumah-gde\/"},"wordCount":391,"publisher":{"@id":"https:\/\/universnews224.com\/#organization"},"keywords":["La une"],"articleSection":["ACTU","POLITIQUE"],"inLanguage":"fr-FR"},{"@type":"WebPage","@id":"https:\/\/universnews224.com\/index.php\/visite-du-pm-aux-qg-des-coalitions-politiques-cest-une-bonne-demarche-daller-voir-les-coalitions-politiques-aboubacar-soumah-gde\/","url":"https:\/\/universnews224.com\/index.php\/visite-du-pm-aux-qg-des-coalitions-politiques-cest-une-bonne-demarche-daller-voir-les-coalitions-politiques-aboubacar-soumah-gde\/","name":"Visite du PM aux QG des coalitions politiques: \u00ab c\u2019est une bonne d\u00e9marche d\u2019aller voir les coalitions politiques\u00bb, Aboubacar Soumah GDE. - UNIVERSNEWS224","isPartOf":{"@id":"https:\/\/universnews224.com\/#website"},"datePublished":"2022-11-01T09:28:13+00:00","dateModified":"2022-11-01T09:28:13+00:00","inLanguage":"fr-FR","potentialAction":[{"@type":"ReadAction","target":["https:\/\/universnews224.com\/index.php\/visite-du-pm-aux-qg-des-coalitions-politiques-cest-une-bonne-demarche-daller-voir-les-coalitions-politiques-aboubacar-soumah-gde\/"]}]},{"@type":"WebSite","@id":"https:\/\/universnews224.com\/#website","url":"https:\/\/universnews224.com\/","name":"UNIVERSNEWS224","description":"","publisher":{"@id":"https:\/\/universnews224.com\/#organization"},"potentialAction":[{"@type":"SearchAction","target":{"@type":"EntryPoint","urlTemplate":"https:\/\/universnews224.com\/?s={search_term_string}"},"query-input":"required name=search_term_string"}],"inLanguage":"fr-FR"},{"@type":"Organization","@id":"https:\/\/universnews224.com\/#organization","name":"UNIVERSNEWS224","url":"https:\/\/universnews224.com\/","logo":{"@type":"ImageObject","inLanguage":"fr-FR","@id":"https:\/\/universnews224.com\/#\/schema\/logo\/image\/","url":"https:\/\/universnews224.com\/wp-content\/uploads\/2022\/08\/cropped-cropped-logoban.jpg","contentUrl":"https:\/\/universnews224.com\/wp-content\/uploads\/2022\/08\/cropped-cropped-logoban.jpg","width":1080,"height":138,"caption":"UNIVERSNEWS224"},"image":{"@id":"https:\/\/universnews224.com\/#\/schema\/logo\/image\/"}},{"@type":"Person","@id":"https:\/\/universnews224.com\/#\/schema\/person\/a4b7d4f94a4716df60456a491260485e","name":"La R\u00e9daction","image":{"@type":"ImageObject","inLanguage":"fr-FR","@id":"https:\/\/universnews224.com\/#\/schema\/person\/image\/","url":"https:\/\/secure.gravatar.com\/avatar\/edb90acc7752b23e1b3307ad36c14f0d?s=96&d=mm&r=g","contentUrl":"https:\/\/secure.gravatar.com\/avatar\/edb90acc7752b23e1b3307ad36c14f0d?s=96&d=mm&r=g","caption":"La R\u00e9daction"},"sameAs":["https:\/\/universnews224.com"],"url":"https:\/\/universnews224.com\/index.php\/author\/m-camara\/"}]}},"_links":{"self":[{"href":"https:\/\/universnews224.com\/index.php\/wp-json\/wp\/v2\/posts\/2363"}],"collection":[{"href":"https:\/\/universnews224.com\/index.php\/wp-json\/wp\/v2\/posts"}],"about":[{"href":"https:\/\/universnews224.com\/index.php\/wp-json\/wp\/v2\/types\/post"}],"author":[{"embeddable":true,"href":"https:\/\/universnews224.com\/index.php\/wp-json\/wp\/v2\/users\/2"}],"replies":[{"embeddable":true,"href":"https:\/\/universnews224.com\/index.php\/wp-json\/wp\/v2\/comments?post=2363"}],"version-history":[{"count":1,"href":"https:\/\/universnews224.com\/index.php\/wp-json\/wp\/v2\/posts\/2363\/revisions"}],"predecessor-version":[{"id":2365,"href":"https:\/\/universnews224.com\/index.php\/wp-json\/wp\/v2\/posts\/2363\/revisions\/2365"}],"wp:featuredmedia":[{"embeddable":true,"href":"https:\/\/universnews224.com\/index.php\/wp-json\/wp\/v2\/media\/2364"}],"wp:attachment":[{"href":"https:\/\/universnews224.com\/index.php\/wp-json\/wp\/v2\/media?parent=2363"}],"wp:term":[{"taxonomy":"category","embeddable":true,"href":"https:\/\/universnews224.com\/index.php\/wp-json\/wp\/v2\/categories?post=2363"},{"taxonomy":"post_tag","embeddable":true,"href":"https:\/\/universnews224.com\/index.php\/wp-json\/wp\/v2\/tags?post=2363"}],"curies":[{"name":"wp","href":"https:\/\/api.w.org\/{rel}","templated":true}]}}