{"id":2394,"date":"2022-11-03T23:36:48","date_gmt":"2022-11-03T22:36:48","guid":{"rendered":"https:\/\/universnews224.com\/?p=2394"},"modified":"2022-11-03T23:36:48","modified_gmt":"2022-11-03T22:36:48","slug":"proces-du-28-septembreil-faut-reconnaitre-quil-ya-certaines-prestations-de-nos-confreres-qui-nhonorent-pas-le-barreau-mohamed-traore","status":"publish","type":"post","link":"https:\/\/universnews224.com\/index.php\/proces-du-28-septembreil-faut-reconnaitre-quil-ya-certaines-prestations-de-nos-confreres-qui-nhonorent-pas-le-barreau-mohamed-traore\/","title":{"rendered":"Proc\u00e8s du 28 septembre:\u00abIl faut reconna\u00eetre  qu\u2019il y\u2019a certaines prestations de nos confr\u00e8res qui n\u2019honorent pas le barreau, Mohamed Traor\u00e9."},"content":{"rendered":"<p>Le proc\u00e8s des massacres du 28 septembre 2009 se poursuit au tribunal criminel de Dixinn d\u00e9localis\u00e9 \u00e0 la cour d\u2019appel de Conakry. Si certains guin\u00e9ens saluent d\u00e9j\u00e0 la qualit\u00e9 des d\u00e9bats, cependant d\u2019autres regrettent les prestations de certains avocats.<\/p>\n<p>Interrog\u00e9 par nos confr\u00e8res de Djoma m\u00e9dias dans l\u2019\u00e9mission \u00abOn refait le monde\u00bb de ce jeudi, 3 novembre, sur la pi\u00e8tre prestation de certains avocats, Me Mohamed Traor\u00e9 reconna\u00eet qu\u2019il y a un s\u00e9rieux manque de formation des avocats guin\u00e9ens.<\/p>\n<p>\u00abLorsque j\u2019ai entendu le ministre de la justice, garde des sceaux dire que ce proc\u00e8s allait \u00eatre m\u00e9diatis\u00e9 \u00e0 outrance, j\u2019ai eu peur. Les carences qu\u2019on a, nous les connaissons. Je pense que je serais malhonn\u00eate, si je ne reconnais pas que certaines prestations de mes confr\u00e8res ou certains de mes confr\u00e8res ne sont pas \u00e0 la hauteur. Mais, ce que je condamne aussi, c\u2019est fait de g\u00e9n\u00e9raliser. Il faut admettre et je suis oblig\u00e9 de le reconna\u00eetre, il n\u2019y pas un avocat qui ne le reconna\u00eet pas qu\u2019il y\u2019a certaines prestations qui n\u2019honorent pas le barreau. Nous en sommes conscients, mais il faut insister aussi sur le fait qu\u2019il y\u2019a des avocats qui s\u2019acquittent de fa\u00e7on honorable de leurs prestations en tant qu\u2019avocat. Vous savez lorsqu\u2019un avocat fait bien son travail, le barreau est tr\u00e8s fi\u00e8re, de la m\u00eame mani\u00e8re quand nous avons des confr\u00e8res qui font une pi\u00e8tre prestation, il est de notre devoir de d\u00e9noncer a t-il indiqu\u00e9.<\/p>\n<p>Poursuivant, l\u2019ancien b\u00e2tonnier explique \u00e9galement ces prestations par le fait que certains avocats n\u2019ont pas pris ce proc\u00e8s \u00e0 sa valeur.<\/p>\n<p>\u00abJ\u2019ai l\u2019impression que certains de nos confr\u00e8res n\u2019ont pas, peut-\u00eatre \u00a0pris ce proc\u00e8s-l\u00e0 \u00e0 sa juste mesure. Ils ont agi avec un peu de l\u00e9g\u00e8ret\u00e9. C\u2019est un proc\u00e8s, je suis convaincu qui n\u2019arrivera pas deux fois dans la carri\u00e8re d\u2019un avocat. Moi, \u00e0 la place de certains, j\u2019aurais pris ce proc\u00e8s-l\u00e0 avec beaucoup de s\u00e9rieux, mais malheureusement certains ont pens\u00e9 peut-\u00eatre que le fait d\u2019\u00eatre sous les projecteurs \u00e0 travers la m\u00e9diation, c\u2019\u00e9tait suffisant. Alors qu\u2019il y avait autres choses attendues d\u2019eux, le devoir de comp\u00e9tence et de professionnalisme\u00bb, a t-il martel\u00e9.<\/p>\n<p>Camara Mamadouba<br \/>\n611 46 04 10<\/p>\n","protected":false},"excerpt":{"rendered":"<p>Le proc\u00e8s des massacres du 28 septembre 2009 se poursuit au tribunal criminel de Dixinn<\/p>\n","protected":false},"author":2,"featured_media":2101,"comment_status":"closed","ping_status":"open","sticky":false,"template":"","format":"standard","meta":[],"categories":[3,4],"tags":[229],"yoast_head":"<!-- This site is optimized with the Yoast SEO plugin v19.13 - https:\/\/yoast.com\/wordpress\/plugins\/seo\/ -->\n<title>Proc\u00e8s du 28 septembre:\u00abIl faut reconna\u00eetre qu\u2019il y\u2019a certaines prestations de nos confr\u00e8res qui n\u2019honorent pas le barreau, Mohamed Traor\u00e9. - UNIVERSNEWS224<\/title>\n<meta name=\"robots\" content=\"index, follow, max-snippet:-1, max-image-preview:large, max-video-preview:-1\" \/>\n<link rel=\"canonical\" href=\"https:\/\/universnews224.com\/index.php\/proces-du-28-septembreil-faut-reconnaitre-quil-ya-certaines-prestations-de-nos-confreres-qui-nhonorent-pas-le-barreau-mohamed-traore\/\" \/>\n<meta property=\"og:locale\" content=\"fr_FR\" \/>\n<meta property=\"og:type\" content=\"article\" \/>\n<meta property=\"og:title\" content=\"Proc\u00e8s du 28 septembre:\u00abIl faut reconna\u00eetre qu\u2019il y\u2019a certaines prestations de nos confr\u00e8res qui n\u2019honorent pas le barreau, Mohamed Traor\u00e9. - UNIVERSNEWS224\" \/>\n<meta property=\"og:description\" content=\"Le proc\u00e8s des massacres du 28 septembre 2009 se poursuit au tribunal criminel de Dixinn\" \/>\n<meta property=\"og:url\" content=\"https:\/\/universnews224.com\/index.php\/proces-du-28-septembreil-faut-reconnaitre-quil-ya-certaines-prestations-de-nos-confreres-qui-nhonorent-pas-le-barreau-mohamed-traore\/\" \/>\n<meta property=\"og:site_name\" content=\"UNIVERSNEWS224\" \/>\n<meta property=\"article:published_time\" content=\"2022-11-03T22:36:48+00:00\" \/>\n<meta property=\"og:image\" content=\"https:\/\/universnews224.com\/wp-content\/uploads\/2022\/09\/16C4D2D4-D6F5-4C3F-AACF-B8AEF4C6CF6F.png\" \/>\n\t<meta property=\"og:image:width\" content=\"524\" \/>\n\t<meta property=\"og:image:height\" content=\"378\" \/>\n\t<meta property=\"og:image:type\" content=\"image\/png\" \/>\n<meta name=\"author\" content=\"La R\u00e9daction\" \/>\n<meta name=\"twitter:label1\" content=\"\u00c9crit par\" \/>\n\t<meta name=\"twitter:data1\" content=\"La R\u00e9daction\" \/>\n\t<meta name=\"twitter:label2\" content=\"Dur\u00e9e de lecture estim\u00e9e\" \/>\n\t<meta name=\"twitter:data2\" content=\"2 minutes\" \/>\n<script type=\"application\/ld+json\" class=\"yoast-schema-graph\">{\"@context\":\"https:\/\/schema.org\",\"@graph\":[{\"@type\":\"Article\",\"@id\":\"https:\/\/universnews224.com\/index.php\/proces-du-28-septembreil-faut-reconnaitre-quil-ya-certaines-prestations-de-nos-confreres-qui-nhonorent-pas-le-barreau-mohamed-traore\/#article\",\"isPartOf\":{\"@id\":\"https:\/\/universnews224.com\/index.php\/proces-du-28-septembreil-faut-reconnaitre-quil-ya-certaines-prestations-de-nos-confreres-qui-nhonorent-pas-le-barreau-mohamed-traore\/\"},\"author\":{\"name\":\"La R\u00e9daction\",\"@id\":\"https:\/\/universnews224.com\/#\/schema\/person\/a4b7d4f94a4716df60456a491260485e\"},\"headline\":\"Proc\u00e8s du 28 septembre:\u00abIl faut reconna\u00eetre qu\u2019il y\u2019a certaines prestations de nos confr\u00e8res qui n\u2019honorent pas le barreau, Mohamed Traor\u00e9.\",\"datePublished\":\"2022-11-03T22:36:48+00:00\",\"dateModified\":\"2022-11-03T22:36:48+00:00\",\"mainEntityOfPage\":{\"@id\":\"https:\/\/universnews224.com\/index.php\/proces-du-28-septembreil-faut-reconnaitre-quil-ya-certaines-prestations-de-nos-confreres-qui-nhonorent-pas-le-barreau-mohamed-traore\/\"},\"wordCount\":443,\"publisher\":{\"@id\":\"https:\/\/universnews224.com\/#organization\"},\"keywords\":[\"La une\"],\"articleSection\":[\"ACTU\",\"POLITIQUE\"],\"inLanguage\":\"fr-FR\"},{\"@type\":\"WebPage\",\"@id\":\"https:\/\/universnews224.com\/index.php\/proces-du-28-septembreil-faut-reconnaitre-quil-ya-certaines-prestations-de-nos-confreres-qui-nhonorent-pas-le-barreau-mohamed-traore\/\",\"url\":\"https:\/\/universnews224.com\/index.php\/proces-du-28-septembreil-faut-reconnaitre-quil-ya-certaines-prestations-de-nos-confreres-qui-nhonorent-pas-le-barreau-mohamed-traore\/\",\"name\":\"Proc\u00e8s du 28 septembre:\u00abIl faut reconna\u00eetre qu\u2019il y\u2019a certaines prestations de nos confr\u00e8res qui n\u2019honorent pas le barreau, Mohamed Traor\u00e9. - UNIVERSNEWS224\",\"isPartOf\":{\"@id\":\"https:\/\/universnews224.com\/#website\"},\"datePublished\":\"2022-11-03T22:36:48+00:00\",\"dateModified\":\"2022-11-03T22:36:48+00:00\",\"inLanguage\":\"fr-FR\",\"potentialAction\":[{\"@type\":\"ReadAction\",\"target\":[\"https:\/\/universnews224.com\/index.php\/proces-du-28-septembreil-faut-reconnaitre-quil-ya-certaines-prestations-de-nos-confreres-qui-nhonorent-pas-le-barreau-mohamed-traore\/\"]}]},{\"@type\":\"WebSite\",\"@id\":\"https:\/\/universnews224.com\/#website\",\"url\":\"https:\/\/universnews224.com\/\",\"name\":\"UNIVERSNEWS224\",\"description\":\"\",\"publisher\":{\"@id\":\"https:\/\/universnews224.com\/#organization\"},\"potentialAction\":[{\"@type\":\"SearchAction\",\"target\":{\"@type\":\"EntryPoint\",\"urlTemplate\":\"https:\/\/universnews224.com\/?s={search_term_string}\"},\"query-input\":\"required name=search_term_string\"}],\"inLanguage\":\"fr-FR\"},{\"@type\":\"Organization\",\"@id\":\"https:\/\/universnews224.com\/#organization\",\"name\":\"UNIVERSNEWS224\",\"url\":\"https:\/\/universnews224.com\/\",\"logo\":{\"@type\":\"ImageObject\",\"inLanguage\":\"fr-FR\",\"@id\":\"https:\/\/universnews224.com\/#\/schema\/logo\/image\/\",\"url\":\"https:\/\/universnews224.com\/wp-content\/uploads\/2022\/08\/cropped-cropped-logoban.jpg\",\"contentUrl\":\"https:\/\/universnews224.com\/wp-content\/uploads\/2022\/08\/cropped-cropped-logoban.jpg\",\"width\":1080,\"height\":138,\"caption\":\"UNIVERSNEWS224\"},\"image\":{\"@id\":\"https:\/\/universnews224.com\/#\/schema\/logo\/image\/\"}},{\"@type\":\"Person\",\"@id\":\"https:\/\/universnews224.com\/#\/schema\/person\/a4b7d4f94a4716df60456a491260485e\",\"name\":\"La R\u00e9daction\",\"image\":{\"@type\":\"ImageObject\",\"inLanguage\":\"fr-FR\",\"@id\":\"https:\/\/universnews224.com\/#\/schema\/person\/image\/\",\"url\":\"https:\/\/secure.gravatar.com\/avatar\/edb90acc7752b23e1b3307ad36c14f0d?s=96&d=mm&r=g\",\"contentUrl\":\"https:\/\/secure.gravatar.com\/avatar\/edb90acc7752b23e1b3307ad36c14f0d?s=96&d=mm&r=g\",\"caption\":\"La R\u00e9daction\"},\"sameAs\":[\"https:\/\/universnews224.com\"],\"url\":\"https:\/\/universnews224.com\/index.php\/author\/m-camara\/\"}]}<\/script>\n<!-- \/ Yoast SEO plugin. -->","yoast_head_json":{"title":"Proc\u00e8s du 28 septembre:\u00abIl faut reconna\u00eetre qu\u2019il y\u2019a certaines prestations de nos confr\u00e8res qui n\u2019honorent pas le barreau, Mohamed Traor\u00e9. - UNIVERSNEWS224","robots":{"index":"index","follow":"follow","max-snippet":"max-snippet:-1","max-image-preview":"max-image-preview:large","max-video-preview":"max-video-preview:-1"},"canonical":"https:\/\/universnews224.com\/index.php\/proces-du-28-septembreil-faut-reconnaitre-quil-ya-certaines-prestations-de-nos-confreres-qui-nhonorent-pas-le-barreau-mohamed-traore\/","og_locale":"fr_FR","og_type":"article","og_title":"Proc\u00e8s du 28 septembre:\u00abIl faut reconna\u00eetre qu\u2019il y\u2019a certaines prestations de nos confr\u00e8res qui n\u2019honorent pas le barreau, Mohamed Traor\u00e9. - UNIVERSNEWS224","og_description":"Le proc\u00e8s des massacres du 28 septembre 2009 se poursuit au tribunal criminel de Dixinn","og_url":"https:\/\/universnews224.com\/index.php\/proces-du-28-septembreil-faut-reconnaitre-quil-ya-certaines-prestations-de-nos-confreres-qui-nhonorent-pas-le-barreau-mohamed-traore\/","og_site_name":"UNIVERSNEWS224","article_published_time":"2022-11-03T22:36:48+00:00","og_image":[{"width":524,"height":378,"url":"https:\/\/universnews224.com\/wp-content\/uploads\/2022\/09\/16C4D2D4-D6F5-4C3F-AACF-B8AEF4C6CF6F.png","type":"image\/png"}],"author":"La R\u00e9daction","twitter_misc":{"\u00c9crit par":"La R\u00e9daction","Dur\u00e9e de lecture estim\u00e9e":"2 minutes"},"schema":{"@context":"https:\/\/schema.org","@graph":[{"@type":"Article","@id":"https:\/\/universnews224.com\/index.php\/proces-du-28-septembreil-faut-reconnaitre-quil-ya-certaines-prestations-de-nos-confreres-qui-nhonorent-pas-le-barreau-mohamed-traore\/#article","isPartOf":{"@id":"https:\/\/universnews224.com\/index.php\/proces-du-28-septembreil-faut-reconnaitre-quil-ya-certaines-prestations-de-nos-confreres-qui-nhonorent-pas-le-barreau-mohamed-traore\/"},"author":{"name":"La R\u00e9daction","@id":"https:\/\/universnews224.com\/#\/schema\/person\/a4b7d4f94a4716df60456a491260485e"},"headline":"Proc\u00e8s du 28 septembre:\u00abIl faut reconna\u00eetre qu\u2019il y\u2019a certaines prestations de nos confr\u00e8res qui n\u2019honorent pas le barreau, Mohamed Traor\u00e9.","datePublished":"2022-11-03T22:36:48+00:00","dateModified":"2022-11-03T22:36:48+00:00","mainEntityOfPage":{"@id":"https:\/\/universnews224.com\/index.php\/proces-du-28-septembreil-faut-reconnaitre-quil-ya-certaines-prestations-de-nos-confreres-qui-nhonorent-pas-le-barreau-mohamed-traore\/"},"wordCount":443,"publisher":{"@id":"https:\/\/universnews224.com\/#organization"},"keywords":["La une"],"articleSection":["ACTU","POLITIQUE"],"inLanguage":"fr-FR"},{"@type":"WebPage","@id":"https:\/\/universnews224.com\/index.php\/proces-du-28-septembreil-faut-reconnaitre-quil-ya-certaines-prestations-de-nos-confreres-qui-nhonorent-pas-le-barreau-mohamed-traore\/","url":"https:\/\/universnews224.com\/index.php\/proces-du-28-septembreil-faut-reconnaitre-quil-ya-certaines-prestations-de-nos-confreres-qui-nhonorent-pas-le-barreau-mohamed-traore\/","name":"Proc\u00e8s du 28 septembre:\u00abIl faut reconna\u00eetre qu\u2019il y\u2019a certaines prestations de nos confr\u00e8res qui n\u2019honorent pas le barreau, Mohamed Traor\u00e9. - UNIVERSNEWS224","isPartOf":{"@id":"https:\/\/universnews224.com\/#website"},"datePublished":"2022-11-03T22:36:48+00:00","dateModified":"2022-11-03T22:36:48+00:00","inLanguage":"fr-FR","potentialAction":[{"@type":"ReadAction","target":["https:\/\/universnews224.com\/index.php\/proces-du-28-septembreil-faut-reconnaitre-quil-ya-certaines-prestations-de-nos-confreres-qui-nhonorent-pas-le-barreau-mohamed-traore\/"]}]},{"@type":"WebSite","@id":"https:\/\/universnews224.com\/#website","url":"https:\/\/universnews224.com\/","name":"UNIVERSNEWS224","description":"","publisher":{"@id":"https:\/\/universnews224.com\/#organization"},"potentialAction":[{"@type":"SearchAction","target":{"@type":"EntryPoint","urlTemplate":"https:\/\/universnews224.com\/?s={search_term_string}"},"query-input":"required name=search_term_string"}],"inLanguage":"fr-FR"},{"@type":"Organization","@id":"https:\/\/universnews224.com\/#organization","name":"UNIVERSNEWS224","url":"https:\/\/universnews224.com\/","logo":{"@type":"ImageObject","inLanguage":"fr-FR","@id":"https:\/\/universnews224.com\/#\/schema\/logo\/image\/","url":"https:\/\/universnews224.com\/wp-content\/uploads\/2022\/08\/cropped-cropped-logoban.jpg","contentUrl":"https:\/\/universnews224.com\/wp-content\/uploads\/2022\/08\/cropped-cropped-logoban.jpg","width":1080,"height":138,"caption":"UNIVERSNEWS224"},"image":{"@id":"https:\/\/universnews224.com\/#\/schema\/logo\/image\/"}},{"@type":"Person","@id":"https:\/\/universnews224.com\/#\/schema\/person\/a4b7d4f94a4716df60456a491260485e","name":"La R\u00e9daction","image":{"@type":"ImageObject","inLanguage":"fr-FR","@id":"https:\/\/universnews224.com\/#\/schema\/person\/image\/","url":"https:\/\/secure.gravatar.com\/avatar\/edb90acc7752b23e1b3307ad36c14f0d?s=96&d=mm&r=g","contentUrl":"https:\/\/secure.gravatar.com\/avatar\/edb90acc7752b23e1b3307ad36c14f0d?s=96&d=mm&r=g","caption":"La R\u00e9daction"},"sameAs":["https:\/\/universnews224.com"],"url":"https:\/\/universnews224.com\/index.php\/author\/m-camara\/"}]}},"_links":{"self":[{"href":"https:\/\/universnews224.com\/index.php\/wp-json\/wp\/v2\/posts\/2394"}],"collection":[{"href":"https:\/\/universnews224.com\/index.php\/wp-json\/wp\/v2\/posts"}],"about":[{"href":"https:\/\/universnews224.com\/index.php\/wp-json\/wp\/v2\/types\/post"}],"author":[{"embeddable":true,"href":"https:\/\/universnews224.com\/index.php\/wp-json\/wp\/v2\/users\/2"}],"replies":[{"embeddable":true,"href":"https:\/\/universnews224.com\/index.php\/wp-json\/wp\/v2\/comments?post=2394"}],"version-history":[{"count":1,"href":"https:\/\/universnews224.com\/index.php\/wp-json\/wp\/v2\/posts\/2394\/revisions"}],"predecessor-version":[{"id":2395,"href":"https:\/\/universnews224.com\/index.php\/wp-json\/wp\/v2\/posts\/2394\/revisions\/2395"}],"wp:featuredmedia":[{"embeddable":true,"href":"https:\/\/universnews224.com\/index.php\/wp-json\/wp\/v2\/media\/2101"}],"wp:attachment":[{"href":"https:\/\/universnews224.com\/index.php\/wp-json\/wp\/v2\/media?parent=2394"}],"wp:term":[{"taxonomy":"category","embeddable":true,"href":"https:\/\/universnews224.com\/index.php\/wp-json\/wp\/v2\/categories?post=2394"},{"taxonomy":"post_tag","embeddable":true,"href":"https:\/\/universnews224.com\/index.php\/wp-json\/wp\/v2\/tags?post=2394"}],"curies":[{"name":"wp","href":"https:\/\/api.w.org\/{rel}","templated":true}]}}