{"id":2397,"date":"2022-11-04T18:42:53","date_gmt":"2022-11-04T17:42:53","guid":{"rendered":"https:\/\/universnews224.com\/?p=2397"},"modified":"2022-11-04T18:42:54","modified_gmt":"2022-11-04T17:42:54","slug":"me-mohamed-traoreon-ne-peut-pas-engager-des-poursuites-contre-des-personnes-qui-sont-decedees","status":"publish","type":"post","link":"https:\/\/universnews224.com\/index.php\/me-mohamed-traoreon-ne-peut-pas-engager-des-poursuites-contre-des-personnes-qui-sont-decedees\/","title":{"rendered":"Me Mohamed Traor\u00e9:\u00abOn ne peut pas engager des poursuites contre des personnes qui sont d\u00e9c\u00e9d\u00e9es\u00bb"},"content":{"rendered":"<p>Dans une correspondance adress\u00e9e aux procureurs g\u00e9n\u00e9raux des cours d\u2019appel de Conakry et Kankan, le ministre de la justice, garde des sceaux, Alphonse Charles Wright a ordonn\u00e9 d\u2019engager des poursuites judiciaires contre 188 personnalit\u00e9s du r\u00e9gime d\u00e9chu dont 5 personnes d\u00e9c\u00e9d\u00e9es. Un fait qui a cr\u00e9\u00e9 une avalanche de r\u00e9actions au sein de l\u2019opinion guin\u00e9enne.<\/p>\n<p>Interrog\u00e9 sur cette actualit\u00e9 par nos confr\u00e8res de Djoma m\u00e9dias, Me Mohamed Traor\u00e9, ancien B\u00e2tonnier au barreau de Guin\u00e9e \u00a0a indiqu\u00e9 qu\u2019on ne peut pas engager des poursuites judiciaires contre des personnes d\u00e9c\u00e9d\u00e9es.<\/p>\n<p>\u00abQuand je prends par exemple sur la toute derni\u00e8re injonction, il demande aux procureurs d\u2019engager des poursuites contre les personnes physiques et morales dont la liste est jointe avec cette d\u00e9cision d\u2019injonction de poursuites. Mais, il se trouve que sur cette liste, il y a des personnes qui sont d\u00e9c\u00e9d\u00e9es. On ne peut pas engager des poursuites contre des personnes qui sont d\u00e9c\u00e9d\u00e9es. Il a essay\u00e9 de parler de la diff\u00e9rence entre l\u2019action publique qui s\u2019\u00e9teint \u00e0 la mort de la personne poursuivie et l\u2019action civile. Mais, cet argument ne peut pas suffire \u00e0 expliquer, le fait qu\u2019on a engag\u00e9 des poursuites contre des personnes qui sont d\u00e9cid\u00e9es, on ne peut pas. Si vous prenez sa lettre, il demande \u00e0 ce que des injonctions soient engag\u00e9es contre des personnes pour un certain nombre d\u2019infractions qui sont indiqu\u00e9es. Et comme je l\u2019ai dit tout \u00e0 l\u2019heure, encore une fois, on ne peut pas engager des poursuites contre des personnes qui sont d\u00e9c\u00e9d\u00e9es. Il faut que parfois, le ministre de la justice accepte de reconna\u00eetre que, personne la science infuse\u00bb, a t-il martel\u00e9.<\/p>\n<p>Camara Mamadouba<br \/>\n611 46 04 10<\/p>\n","protected":false},"excerpt":{"rendered":"<p>Dans une correspondance adress\u00e9e aux procureurs g\u00e9n\u00e9raux des cours d\u2019appel de Conakry et Kankan, le<\/p>\n","protected":false},"author":2,"featured_media":2398,"comment_status":"closed","ping_status":"open","sticky":false,"template":"","format":"standard","meta":[],"categories":[3,4],"tags":[229],"yoast_head":"<!-- This site is optimized with the Yoast SEO plugin v19.13 - https:\/\/yoast.com\/wordpress\/plugins\/seo\/ -->\n<title>Me Mohamed Traor\u00e9:\u00abOn ne peut pas engager des poursuites contre des personnes qui sont d\u00e9c\u00e9d\u00e9es\u00bb - UNIVERSNEWS224<\/title>\n<meta name=\"robots\" content=\"index, follow, max-snippet:-1, max-image-preview:large, max-video-preview:-1\" \/>\n<link rel=\"canonical\" href=\"https:\/\/universnews224.com\/index.php\/me-mohamed-traoreon-ne-peut-pas-engager-des-poursuites-contre-des-personnes-qui-sont-decedees\/\" \/>\n<meta property=\"og:locale\" content=\"fr_FR\" \/>\n<meta property=\"og:type\" content=\"article\" \/>\n<meta property=\"og:title\" content=\"Me Mohamed Traor\u00e9:\u00abOn ne peut pas engager des poursuites contre des personnes qui sont d\u00e9c\u00e9d\u00e9es\u00bb - UNIVERSNEWS224\" \/>\n<meta property=\"og:description\" content=\"Dans une correspondance adress\u00e9e aux procureurs g\u00e9n\u00e9raux des cours d\u2019appel de Conakry et Kankan, le\" \/>\n<meta property=\"og:url\" content=\"https:\/\/universnews224.com\/index.php\/me-mohamed-traoreon-ne-peut-pas-engager-des-poursuites-contre-des-personnes-qui-sont-decedees\/\" \/>\n<meta property=\"og:site_name\" content=\"UNIVERSNEWS224\" \/>\n<meta property=\"article:published_time\" content=\"2022-11-04T17:42:53+00:00\" \/>\n<meta property=\"article:modified_time\" content=\"2022-11-04T17:42:54+00:00\" \/>\n<meta property=\"og:image\" content=\"https:\/\/universnews224.com\/wp-content\/uploads\/2022\/11\/61E363FE-3589-44C4-BDDA-D0FB6B9DC15E.jpeg\" \/>\n\t<meta property=\"og:image:width\" content=\"640\" \/>\n\t<meta property=\"og:image:height\" content=\"430\" \/>\n\t<meta property=\"og:image:type\" content=\"image\/jpeg\" \/>\n<meta name=\"author\" content=\"La R\u00e9daction\" \/>\n<meta name=\"twitter:label1\" content=\"\u00c9crit par\" \/>\n\t<meta name=\"twitter:data1\" content=\"La R\u00e9daction\" \/>\n\t<meta name=\"twitter:label2\" content=\"Dur\u00e9e de lecture estim\u00e9e\" \/>\n\t<meta name=\"twitter:data2\" content=\"2 minutes\" \/>\n<script type=\"application\/ld+json\" class=\"yoast-schema-graph\">{\"@context\":\"https:\/\/schema.org\",\"@graph\":[{\"@type\":\"Article\",\"@id\":\"https:\/\/universnews224.com\/index.php\/me-mohamed-traoreon-ne-peut-pas-engager-des-poursuites-contre-des-personnes-qui-sont-decedees\/#article\",\"isPartOf\":{\"@id\":\"https:\/\/universnews224.com\/index.php\/me-mohamed-traoreon-ne-peut-pas-engager-des-poursuites-contre-des-personnes-qui-sont-decedees\/\"},\"author\":{\"name\":\"La R\u00e9daction\",\"@id\":\"https:\/\/universnews224.com\/#\/schema\/person\/a4b7d4f94a4716df60456a491260485e\"},\"headline\":\"Me Mohamed Traor\u00e9:\u00abOn ne peut pas engager des poursuites contre des personnes qui sont d\u00e9c\u00e9d\u00e9es\u00bb\",\"datePublished\":\"2022-11-04T17:42:53+00:00\",\"dateModified\":\"2022-11-04T17:42:54+00:00\",\"mainEntityOfPage\":{\"@id\":\"https:\/\/universnews224.com\/index.php\/me-mohamed-traoreon-ne-peut-pas-engager-des-poursuites-contre-des-personnes-qui-sont-decedees\/\"},\"wordCount\":332,\"publisher\":{\"@id\":\"https:\/\/universnews224.com\/#organization\"},\"keywords\":[\"La une\"],\"articleSection\":[\"ACTU\",\"POLITIQUE\"],\"inLanguage\":\"fr-FR\"},{\"@type\":\"WebPage\",\"@id\":\"https:\/\/universnews224.com\/index.php\/me-mohamed-traoreon-ne-peut-pas-engager-des-poursuites-contre-des-personnes-qui-sont-decedees\/\",\"url\":\"https:\/\/universnews224.com\/index.php\/me-mohamed-traoreon-ne-peut-pas-engager-des-poursuites-contre-des-personnes-qui-sont-decedees\/\",\"name\":\"Me Mohamed Traor\u00e9:\u00abOn ne peut pas engager des poursuites contre des personnes qui sont d\u00e9c\u00e9d\u00e9es\u00bb - UNIVERSNEWS224\",\"isPartOf\":{\"@id\":\"https:\/\/universnews224.com\/#website\"},\"datePublished\":\"2022-11-04T17:42:53+00:00\",\"dateModified\":\"2022-11-04T17:42:54+00:00\",\"inLanguage\":\"fr-FR\",\"potentialAction\":[{\"@type\":\"ReadAction\",\"target\":[\"https:\/\/universnews224.com\/index.php\/me-mohamed-traoreon-ne-peut-pas-engager-des-poursuites-contre-des-personnes-qui-sont-decedees\/\"]}]},{\"@type\":\"WebSite\",\"@id\":\"https:\/\/universnews224.com\/#website\",\"url\":\"https:\/\/universnews224.com\/\",\"name\":\"UNIVERSNEWS224\",\"description\":\"\",\"publisher\":{\"@id\":\"https:\/\/universnews224.com\/#organization\"},\"potentialAction\":[{\"@type\":\"SearchAction\",\"target\":{\"@type\":\"EntryPoint\",\"urlTemplate\":\"https:\/\/universnews224.com\/?s={search_term_string}\"},\"query-input\":\"required name=search_term_string\"}],\"inLanguage\":\"fr-FR\"},{\"@type\":\"Organization\",\"@id\":\"https:\/\/universnews224.com\/#organization\",\"name\":\"UNIVERSNEWS224\",\"url\":\"https:\/\/universnews224.com\/\",\"logo\":{\"@type\":\"ImageObject\",\"inLanguage\":\"fr-FR\",\"@id\":\"https:\/\/universnews224.com\/#\/schema\/logo\/image\/\",\"url\":\"https:\/\/universnews224.com\/wp-content\/uploads\/2022\/08\/cropped-cropped-logoban.jpg\",\"contentUrl\":\"https:\/\/universnews224.com\/wp-content\/uploads\/2022\/08\/cropped-cropped-logoban.jpg\",\"width\":1080,\"height\":138,\"caption\":\"UNIVERSNEWS224\"},\"image\":{\"@id\":\"https:\/\/universnews224.com\/#\/schema\/logo\/image\/\"}},{\"@type\":\"Person\",\"@id\":\"https:\/\/universnews224.com\/#\/schema\/person\/a4b7d4f94a4716df60456a491260485e\",\"name\":\"La R\u00e9daction\",\"image\":{\"@type\":\"ImageObject\",\"inLanguage\":\"fr-FR\",\"@id\":\"https:\/\/universnews224.com\/#\/schema\/person\/image\/\",\"url\":\"https:\/\/secure.gravatar.com\/avatar\/edb90acc7752b23e1b3307ad36c14f0d?s=96&d=mm&r=g\",\"contentUrl\":\"https:\/\/secure.gravatar.com\/avatar\/edb90acc7752b23e1b3307ad36c14f0d?s=96&d=mm&r=g\",\"caption\":\"La R\u00e9daction\"},\"sameAs\":[\"https:\/\/universnews224.com\"],\"url\":\"https:\/\/universnews224.com\/index.php\/author\/m-camara\/\"}]}<\/script>\n<!-- \/ Yoast SEO plugin. -->","yoast_head_json":{"title":"Me Mohamed Traor\u00e9:\u00abOn ne peut pas engager des poursuites contre des personnes qui sont d\u00e9c\u00e9d\u00e9es\u00bb - UNIVERSNEWS224","robots":{"index":"index","follow":"follow","max-snippet":"max-snippet:-1","max-image-preview":"max-image-preview:large","max-video-preview":"max-video-preview:-1"},"canonical":"https:\/\/universnews224.com\/index.php\/me-mohamed-traoreon-ne-peut-pas-engager-des-poursuites-contre-des-personnes-qui-sont-decedees\/","og_locale":"fr_FR","og_type":"article","og_title":"Me Mohamed Traor\u00e9:\u00abOn ne peut pas engager des poursuites contre des personnes qui sont d\u00e9c\u00e9d\u00e9es\u00bb - UNIVERSNEWS224","og_description":"Dans une correspondance adress\u00e9e aux procureurs g\u00e9n\u00e9raux des cours d\u2019appel de Conakry et Kankan, le","og_url":"https:\/\/universnews224.com\/index.php\/me-mohamed-traoreon-ne-peut-pas-engager-des-poursuites-contre-des-personnes-qui-sont-decedees\/","og_site_name":"UNIVERSNEWS224","article_published_time":"2022-11-04T17:42:53+00:00","article_modified_time":"2022-11-04T17:42:54+00:00","og_image":[{"width":640,"height":430,"url":"https:\/\/universnews224.com\/wp-content\/uploads\/2022\/11\/61E363FE-3589-44C4-BDDA-D0FB6B9DC15E.jpeg","type":"image\/jpeg"}],"author":"La R\u00e9daction","twitter_misc":{"\u00c9crit par":"La R\u00e9daction","Dur\u00e9e de lecture estim\u00e9e":"2 minutes"},"schema":{"@context":"https:\/\/schema.org","@graph":[{"@type":"Article","@id":"https:\/\/universnews224.com\/index.php\/me-mohamed-traoreon-ne-peut-pas-engager-des-poursuites-contre-des-personnes-qui-sont-decedees\/#article","isPartOf":{"@id":"https:\/\/universnews224.com\/index.php\/me-mohamed-traoreon-ne-peut-pas-engager-des-poursuites-contre-des-personnes-qui-sont-decedees\/"},"author":{"name":"La R\u00e9daction","@id":"https:\/\/universnews224.com\/#\/schema\/person\/a4b7d4f94a4716df60456a491260485e"},"headline":"Me Mohamed Traor\u00e9:\u00abOn ne peut pas engager des poursuites contre des personnes qui sont d\u00e9c\u00e9d\u00e9es\u00bb","datePublished":"2022-11-04T17:42:53+00:00","dateModified":"2022-11-04T17:42:54+00:00","mainEntityOfPage":{"@id":"https:\/\/universnews224.com\/index.php\/me-mohamed-traoreon-ne-peut-pas-engager-des-poursuites-contre-des-personnes-qui-sont-decedees\/"},"wordCount":332,"publisher":{"@id":"https:\/\/universnews224.com\/#organization"},"keywords":["La une"],"articleSection":["ACTU","POLITIQUE"],"inLanguage":"fr-FR"},{"@type":"WebPage","@id":"https:\/\/universnews224.com\/index.php\/me-mohamed-traoreon-ne-peut-pas-engager-des-poursuites-contre-des-personnes-qui-sont-decedees\/","url":"https:\/\/universnews224.com\/index.php\/me-mohamed-traoreon-ne-peut-pas-engager-des-poursuites-contre-des-personnes-qui-sont-decedees\/","name":"Me Mohamed Traor\u00e9:\u00abOn ne peut pas engager des poursuites contre des personnes qui sont d\u00e9c\u00e9d\u00e9es\u00bb - UNIVERSNEWS224","isPartOf":{"@id":"https:\/\/universnews224.com\/#website"},"datePublished":"2022-11-04T17:42:53+00:00","dateModified":"2022-11-04T17:42:54+00:00","inLanguage":"fr-FR","potentialAction":[{"@type":"ReadAction","target":["https:\/\/universnews224.com\/index.php\/me-mohamed-traoreon-ne-peut-pas-engager-des-poursuites-contre-des-personnes-qui-sont-decedees\/"]}]},{"@type":"WebSite","@id":"https:\/\/universnews224.com\/#website","url":"https:\/\/universnews224.com\/","name":"UNIVERSNEWS224","description":"","publisher":{"@id":"https:\/\/universnews224.com\/#organization"},"potentialAction":[{"@type":"SearchAction","target":{"@type":"EntryPoint","urlTemplate":"https:\/\/universnews224.com\/?s={search_term_string}"},"query-input":"required name=search_term_string"}],"inLanguage":"fr-FR"},{"@type":"Organization","@id":"https:\/\/universnews224.com\/#organization","name":"UNIVERSNEWS224","url":"https:\/\/universnews224.com\/","logo":{"@type":"ImageObject","inLanguage":"fr-FR","@id":"https:\/\/universnews224.com\/#\/schema\/logo\/image\/","url":"https:\/\/universnews224.com\/wp-content\/uploads\/2022\/08\/cropped-cropped-logoban.jpg","contentUrl":"https:\/\/universnews224.com\/wp-content\/uploads\/2022\/08\/cropped-cropped-logoban.jpg","width":1080,"height":138,"caption":"UNIVERSNEWS224"},"image":{"@id":"https:\/\/universnews224.com\/#\/schema\/logo\/image\/"}},{"@type":"Person","@id":"https:\/\/universnews224.com\/#\/schema\/person\/a4b7d4f94a4716df60456a491260485e","name":"La R\u00e9daction","image":{"@type":"ImageObject","inLanguage":"fr-FR","@id":"https:\/\/universnews224.com\/#\/schema\/person\/image\/","url":"https:\/\/secure.gravatar.com\/avatar\/edb90acc7752b23e1b3307ad36c14f0d?s=96&d=mm&r=g","contentUrl":"https:\/\/secure.gravatar.com\/avatar\/edb90acc7752b23e1b3307ad36c14f0d?s=96&d=mm&r=g","caption":"La R\u00e9daction"},"sameAs":["https:\/\/universnews224.com"],"url":"https:\/\/universnews224.com\/index.php\/author\/m-camara\/"}]}},"_links":{"self":[{"href":"https:\/\/universnews224.com\/index.php\/wp-json\/wp\/v2\/posts\/2397"}],"collection":[{"href":"https:\/\/universnews224.com\/index.php\/wp-json\/wp\/v2\/posts"}],"about":[{"href":"https:\/\/universnews224.com\/index.php\/wp-json\/wp\/v2\/types\/post"}],"author":[{"embeddable":true,"href":"https:\/\/universnews224.com\/index.php\/wp-json\/wp\/v2\/users\/2"}],"replies":[{"embeddable":true,"href":"https:\/\/universnews224.com\/index.php\/wp-json\/wp\/v2\/comments?post=2397"}],"version-history":[{"count":1,"href":"https:\/\/universnews224.com\/index.php\/wp-json\/wp\/v2\/posts\/2397\/revisions"}],"predecessor-version":[{"id":2399,"href":"https:\/\/universnews224.com\/index.php\/wp-json\/wp\/v2\/posts\/2397\/revisions\/2399"}],"wp:featuredmedia":[{"embeddable":true,"href":"https:\/\/universnews224.com\/index.php\/wp-json\/wp\/v2\/media\/2398"}],"wp:attachment":[{"href":"https:\/\/universnews224.com\/index.php\/wp-json\/wp\/v2\/media?parent=2397"}],"wp:term":[{"taxonomy":"category","embeddable":true,"href":"https:\/\/universnews224.com\/index.php\/wp-json\/wp\/v2\/categories?post=2397"},{"taxonomy":"post_tag","embeddable":true,"href":"https:\/\/universnews224.com\/index.php\/wp-json\/wp\/v2\/tags?post=2397"}],"curies":[{"name":"wp","href":"https:\/\/api.w.org\/{rel}","templated":true}]}}