{"id":2403,"date":"2022-11-06T00:03:27","date_gmt":"2022-11-05T23:03:27","guid":{"rendered":"https:\/\/universnews224.com\/?p=2403"},"modified":"2022-11-06T00:03:27","modified_gmt":"2022-11-05T23:03:27","slug":"detention-de-kabinet-sylla-ses-avocats-denoncent-une-pratique-dun-autre-age-declaration","status":"publish","type":"post","link":"https:\/\/universnews224.com\/index.php\/detention-de-kabinet-sylla-ses-avocats-denoncent-une-pratique-dun-autre-age-declaration\/","title":{"rendered":"D\u00e9tention de Kabinet Sylla: ses avocats d\u00e9noncent \u2018\u2019une pratique d\u2019un autre \u00e2ge\u2019\u2019 (d\u00e9claration)"},"content":{"rendered":"<p>Les conseils de Kabinet Sylla alias Bill Gates \u00e9taient face \u00e0 la presse ce samedi 05 novembre 2022, pour apporter des pr\u00e9cisions sur l\u2019inculpation et le placement en d\u00e9tention de leur client.<\/p>\n<p>Dans leur d\u00e9claration, Maitre Lancin\u00e9 Sylla, Almamy Samory Traor\u00e9 et Joachim Gbilimou ont soulev\u00e9 une batterie d\u2019anomalies au compte de la proc\u00e9dure.<\/p>\n<p>Selon ces avocats au barreau de Guin\u00e9e, les rapports des multiples enqu\u00eates men\u00e9es par les autorit\u00e9s judiciaires \u00e0 ce propos, n\u2019ont en aucun cas mentionn\u00e9 l\u2019existence d\u2019un seul indice pouvant inculper, l\u2019ancien intendant de la pr\u00e9sidence de la r\u00e9publique.<\/p>\n<p>C\u2019est pourquoi, ils ont sit\u00f4t introduit un recours de mise en libert\u00e9 et de disculpation en faveur de ce cadre guin\u00e9en, qui fut tr\u00e8s proche d\u2019Alpha Cond\u00e9 \u00e9vinc\u00e9 par le Groupement des Forces Sp\u00e9ciales, le 05 septembre 2021.<\/p>\n<p><strong>Ci-dessous copie dudit document:<\/strong><\/p>\n<p>&nbsp;<\/p>\n<p>En notre qualit\u00e9 de conseils de Monsieur Kabinet SYLLA, actionnaire unique de la soci\u00e9t\u00e9 Group Djoma S.A, inculp\u00e9 et plac\u00e9 en d\u00e9tention pr\u00e9ventive le 03 novembre 2022, avons l\u2019honneur de porter \u00e0 la connaissance de l\u2019opinion nationale et internationale ce qui suit.<\/p>\n<p>Par r\u00e9quisitoire introductif en date du 27 janvier 2022, Monsieur le Procureur sp\u00e9cial pr\u00e8s la Cour de r\u00e9pression des infractions \u00e9conomiques et financi\u00e8res a saisi la chambre d\u2019instruction de ladite Cour \u00e0 l\u2019effet d\u2019ouvrir une information judiciaire contre Djoma S.A, Djoma Logistique et Djoma Groupe S.A pour des faits de corruption dans le secteur priv\u00e9, d\u00e9tournement de deniers publics, recel de fonds public, enrichissement illicite, concussion, abus d\u2019autorit\u00e9, blanchiment de capitaux et complicit\u00e9.<\/p>\n<p>S\u2019\u00e9tant aper\u00e7ue qu\u2019il n\u2019existait au dossier de la proc\u00e9dure aucun indice grave ou concordant permettant d\u2019inculper ces personnes morales, la chambre d\u2019instruction de la CRIEF a saisi la Direction Centrale des Investigations de la Gendarmerie Nationale d\u2019une commission rogatoire.<\/p>\n<div class=\"jeg_ad jeg_ad_article jnews_content_inline_ads \">\n<div class=\"ads-wrapper align-center \">\n<div class=\"ads_code\"><ins class=\"adsbygoogle\" data-ad-client=\"ca-pub-1870189416508001\" data-ad-slot=\"5141807392\" data-ad-format=\"auto\" data-full-width-responsive=\"true\"><\/ins>En ex\u00e9cution de cette commission rogatoire, cette direction a transmis \u00e0 la chambre d\u2019instruction trois (3) proc\u00e8s-verbaux d\u2019audition de madame TRAOR\u00c9 Fatoumata DIAKITE (administratrice g\u00e9n\u00e9rale de Djoma Group), un (1) proc\u00e8s-verbal d\u2019audition de Monsieur Kabinet SYLLA, un (1) proc\u00e8s-verbal d\u2019investigation (Douane), un (1) proc\u00e8s-verbal d\u2019investigation (enrichissement) et le proc\u00e8s-verbal de synth\u00e8se en date du 21 Mars 2022.<\/p>\n<p>Ces enqu\u00eates sur commission rogatoire ont conclu qu\u2019il n\u2019existe aucune raison plausible de nature \u00e0 entra\u00eener des poursuites contre monsieur Kabinet SYLLA et madame TRAOR\u00c9 Fatoumata DIAKITE qui, d\u2019ailleurs, ne sont pas vis\u00e9s par le r\u00e9quisitoire de monsieur le Procureur sp\u00e9cial.<\/p>\n<p>Suite \u00e0 la transmission des proc\u00e8s-verbaux susvis\u00e9s r\u00e9sultant des enqu\u00eates sur commission rogatoire, nous avons re\u00e7u, en notre qualit\u00e9 de conseils de monsieur Kabinet SYLLA et madame TRAOR\u00c9 Fatoumata DIAKITE, la lettre de convocation en date du 15 avril 2022 \u00e0 l\u2019effet de se pr\u00e9senter avec nos clients susnomm\u00e9s \u00e0 l\u2019audience de premi\u00e8re comparution devant la chambre d\u2019instruction pour des faits de corruption dans le secteur priv\u00e9, d\u00e9tournement de deniers publics, recel de fonds public, enrichissement illicite, concussion, abus d\u2019autorit\u00e9, blanchiment de capitaux et complicit\u00e9.<\/p>\n<p>Aussit\u00f4t, par acte dat\u00e9 \u00e0 Conakry du 29 avril 2022, nous avons adress\u00e9 aux Magistrats de la chambre d\u2019instruction des observations dans lesquelles, nous avons relev\u00e9 l\u2019inexistence de tout indice grave ou concordant de nature \u00e0 justifier une quelconque inculpation de nos clients et ce, sur le fondement de l\u2019article 143 du Code de proc\u00e9dure p\u00e9nale subordonnant, \u00e0 peine de nullit\u00e9, l\u2019inculpation \u00e0 l\u2019existence d\u2019indices graves ou concordants.<\/p>\n<p>Face \u00e0 la pertinence de ces observations, la chambre de l\u2019instruction a renvoy\u00e9 sine die cette audience en nous informant qu\u2019elle nous appellera d\u00e8s que n\u00e9cessaire.<\/p>\n<p>C\u2019est dans ces circonstances que la chambre d\u2019instruction a pris, elle-m\u00eame, l\u2019initiative de saisir la chambre sp\u00e9ciale de contr\u00f4le de l\u2019instruction, par voie d\u2019ordonnance N <sup>0 <\/sup>069\/CI\/CRIEF\/2022 en date du 09 mai 2022 intitul\u00e9e \u00ab\u00a0ordonnance aux fins de saisine de la Chambre sp\u00e9ciale de contr\u00f4le de l\u2019instruction\u00a0\u00bb, \u00e0 l\u2019effet d\u2019obtenir l\u2019annulation du proc\u00e8s-verbal de synth\u00e8se en date du 21 mars 2022.<\/p>\n<p>Par arr\u00eat N <sup>0 <\/sup>018 en date du 05 juillet 2022, la Chambre sp\u00e9ciale de contr\u00f4le de l\u2019instruction a d\u00e9clar\u00e9 irrecevable la demande d\u2019annulation de la Chambre d\u2019instruction et l\u2019a renvoy\u00e9e \u00e0 mieux se pourvoir pour lui avoir soumis ladite demande par voie d\u2019ordonnance alors qu\u2019elle aurait d\u00fb le faire par voie de requ\u00eate.<\/p>\n<p>Il appara\u00eet de tout ce qui pr\u00e9c\u00e8de qu\u2019en sollicitant l\u2019annulation du proc\u00e8s-verbal de synth\u00e8se en date du 21 mars 2022, la chambre de l\u2019instruction de la CRIEF s\u2019accorde avec monsieur Kabinet SYLLA et madame TRAOR\u00c9 Fatoumata DIAKITE qu\u2019il n\u2019existe au dossier de la proc\u00e9dure aucuns indices graves ou concordants.<\/p>\n<p>Il en est de m\u00eame pour la partie civile, l\u2019\u00c9tat guin\u00e9en qui, dans ses conclusions en date du 18 juillet 2022, avait lui aussi demand\u00e9 l\u2019annulation du m\u00eame proc\u00e8s-verbal de synth\u00e8se.<\/p>\n<p>Du coup, les conclusions de ce proc\u00e8s-verbal de synth\u00e8se qui est le reflet des \u00e9l\u00e9ments du dossier de la proc\u00e9dure et r\u00e9alis\u00e9 sous l\u2019\u00e9gide de la chambre de l\u2019instruction, \u00e0 travers la Direction Centrale des Investigations de la Gendarmerie Nationale font obstacle \u00e0 toute inculpation dans la mesure o\u00f9 il est l\u2019expression de l\u2019inexistence de tous indices graves ou concordants.<\/p>\n<p>D\u2019ailleurs, cette annulation n\u2019aurait jamais \u00e9t\u00e9 demand\u00e9e si les conclusions \u00e9taient en faveur des poursuites contre nos clients. Ce qui met en \u00e9vidence la pr\u00e9\u00e9minence de la pr\u00e9somption de culpabilit\u00e9 au d\u00e9triment de celle d\u2019innocence, pourtant seule consacr\u00e9e par notre droit positif.<\/p>\n<p>Toujours est-il, cette annulation n\u2019a pas \u00e9t\u00e9 obtenue.<\/p>\n<p>Contre toute attente et alors qu\u2019il n\u2019existe aucun nouvel \u00e9l\u00e9ment au dossier, post\u00e9rieur au d\u00e9p\u00f4t des conclusions dudit rapport, monsieur Kabinet SYLLA a \u00e9t\u00e9 convoqu\u00e9 pour un interrogatoire de premi\u00e8re comparution qui s\u2019est tenu le 03 novembre 2022, au cours duquel, il a \u00e9t\u00e9 inculp\u00e9 et plac\u00e9 en d\u00e9tention pr\u00e9ventive en d\u00e9pit de l\u2019absence de tous indices graves ou concordants.<\/p>\n<p>Tels sont, sur le plan juridique, les circonstances regrettables dans lesquelles, monsieur Kabinet SYLLA a \u00e9t\u00e9, en toute ill\u00e9galit\u00e9, inculp\u00e9 et plac\u00e9 en d\u00e9tention pr\u00e9ventive.<\/p>\n<p>C\u2019est pourquoi, nous, Avocats de Monsieur Kabinet SYLLA dit \u00ab\u00a0Bill Gates\u00a0\u00bb d\u00e9non\u00e7ons avec la derni\u00e8re \u00e9nergie cette pratique d\u2019un autre \u00e2ge qui n\u2019est nullement en faveur de l\u2019Etat de droit que nous entendons construire.<\/p>\n<p>C\u2019est m\u00eame contraire au slogan des nouvelles autorit\u00e9s, selon lequel, <sup>M<\/sup>ia justice serait la boussole sous cette transition\u00a0\u00bb.<\/p>\n<p>Esp\u00e9rant que le droit finira par l\u2019emporter sur l\u2019arbitraire dont monsieur Kabinet SYLLA est victime aux yeux de tous car, nous, ses conseils, nous nous battrons jusqu\u2019\u00e0 la victoire finale.<\/p>\n<p>Pour preuve, \u00e0 date, une requ\u00eate aux fins d\u2019annulation de son inculpation, une d\u00e9claration d\u2019appel contre l\u2019ordonnance de son placement en d\u00e9tention pr\u00e9ventive et une requ\u00eate aux fins d\u2019examen imm\u00e9diat de cet appel sont d\u00e9j\u00e0 d\u00e9pos\u00e9es.<\/p>\n<p>Vive l\u2019\u00c9tat de droit.<\/p>\n<p>Conakry, le 04 Novembre 2022<\/p>\n<h3>LE C0LLECTIF<\/h3>\n<p><u>Me Joachim GBILIMOU<\/u><\/p>\n<p>Avocat \u00e0 la Cour<\/p>\n<p><u>Me Lancin\u00e9 SYLLA <\/u><\/p>\n<p>Avocat \u00e0 la Cour<\/p>\n<p><u>Me Almamy Samory TRAORE<\/u><\/p>\n<p>Avocat \u00e0 la Cour<\/p>\n<\/div>\n<\/div>\n<\/div>\n","protected":false},"excerpt":{"rendered":"<p>Les conseils de Kabinet Sylla alias Bill Gates \u00e9taient face \u00e0 la presse ce samedi<\/p>\n","protected":false},"author":2,"featured_media":2404,"comment_status":"closed","ping_status":"open","sticky":false,"template":"","format":"standard","meta":[],"categories":[3,4],"tags":[229],"yoast_head":"<!-- This site is optimized with the Yoast SEO plugin v19.13 - https:\/\/yoast.com\/wordpress\/plugins\/seo\/ -->\n<title>D\u00e9tention de Kabinet Sylla: ses avocats d\u00e9noncent \u2018\u2019une pratique d\u2019un autre \u00e2ge\u2019\u2019 (d\u00e9claration) - UNIVERSNEWS224<\/title>\n<meta name=\"robots\" content=\"index, follow, max-snippet:-1, max-image-preview:large, max-video-preview:-1\" \/>\n<link rel=\"canonical\" href=\"https:\/\/universnews224.com\/index.php\/detention-de-kabinet-sylla-ses-avocats-denoncent-une-pratique-dun-autre-age-declaration\/\" \/>\n<meta property=\"og:locale\" content=\"fr_FR\" \/>\n<meta property=\"og:type\" content=\"article\" \/>\n<meta property=\"og:title\" content=\"D\u00e9tention de Kabinet Sylla: ses avocats d\u00e9noncent \u2018\u2019une pratique d\u2019un autre \u00e2ge\u2019\u2019 (d\u00e9claration) - UNIVERSNEWS224\" \/>\n<meta property=\"og:description\" content=\"Les conseils de Kabinet Sylla alias Bill Gates \u00e9taient face \u00e0 la presse ce samedi\" \/>\n<meta property=\"og:url\" content=\"https:\/\/universnews224.com\/index.php\/detention-de-kabinet-sylla-ses-avocats-denoncent-une-pratique-dun-autre-age-declaration\/\" \/>\n<meta property=\"og:site_name\" content=\"UNIVERSNEWS224\" \/>\n<meta property=\"article:published_time\" content=\"2022-11-05T23:03:27+00:00\" \/>\n<meta property=\"og:image\" content=\"https:\/\/universnews224.com\/wp-content\/uploads\/2022\/11\/4940C81A-7BE7-475E-9F25-001887437F25.png\" \/>\n\t<meta property=\"og:image:width\" content=\"700\" \/>\n\t<meta property=\"og:image:height\" content=\"435\" \/>\n\t<meta property=\"og:image:type\" content=\"image\/png\" \/>\n<meta name=\"author\" content=\"La R\u00e9daction\" \/>\n<meta name=\"twitter:label1\" content=\"\u00c9crit par\" \/>\n\t<meta name=\"twitter:data1\" content=\"La R\u00e9daction\" \/>\n\t<meta name=\"twitter:label2\" content=\"Dur\u00e9e de lecture estim\u00e9e\" \/>\n\t<meta name=\"twitter:data2\" content=\"6 minutes\" \/>\n<script type=\"application\/ld+json\" class=\"yoast-schema-graph\">{\"@context\":\"https:\/\/schema.org\",\"@graph\":[{\"@type\":\"Article\",\"@id\":\"https:\/\/universnews224.com\/index.php\/detention-de-kabinet-sylla-ses-avocats-denoncent-une-pratique-dun-autre-age-declaration\/#article\",\"isPartOf\":{\"@id\":\"https:\/\/universnews224.com\/index.php\/detention-de-kabinet-sylla-ses-avocats-denoncent-une-pratique-dun-autre-age-declaration\/\"},\"author\":{\"name\":\"La R\u00e9daction\",\"@id\":\"https:\/\/universnews224.com\/#\/schema\/person\/a4b7d4f94a4716df60456a491260485e\"},\"headline\":\"D\u00e9tention de Kabinet Sylla: ses avocats d\u00e9noncent \u2018\u2019une pratique d\u2019un autre \u00e2ge\u2019\u2019 (d\u00e9claration)\",\"datePublished\":\"2022-11-05T23:03:27+00:00\",\"dateModified\":\"2022-11-05T23:03:27+00:00\",\"mainEntityOfPage\":{\"@id\":\"https:\/\/universnews224.com\/index.php\/detention-de-kabinet-sylla-ses-avocats-denoncent-une-pratique-dun-autre-age-declaration\/\"},\"wordCount\":1273,\"publisher\":{\"@id\":\"https:\/\/universnews224.com\/#organization\"},\"keywords\":[\"La une\"],\"articleSection\":[\"ACTU\",\"POLITIQUE\"],\"inLanguage\":\"fr-FR\"},{\"@type\":\"WebPage\",\"@id\":\"https:\/\/universnews224.com\/index.php\/detention-de-kabinet-sylla-ses-avocats-denoncent-une-pratique-dun-autre-age-declaration\/\",\"url\":\"https:\/\/universnews224.com\/index.php\/detention-de-kabinet-sylla-ses-avocats-denoncent-une-pratique-dun-autre-age-declaration\/\",\"name\":\"D\u00e9tention de Kabinet Sylla: ses avocats d\u00e9noncent \u2018\u2019une pratique d\u2019un autre \u00e2ge\u2019\u2019 (d\u00e9claration) - UNIVERSNEWS224\",\"isPartOf\":{\"@id\":\"https:\/\/universnews224.com\/#website\"},\"datePublished\":\"2022-11-05T23:03:27+00:00\",\"dateModified\":\"2022-11-05T23:03:27+00:00\",\"inLanguage\":\"fr-FR\",\"potentialAction\":[{\"@type\":\"ReadAction\",\"target\":[\"https:\/\/universnews224.com\/index.php\/detention-de-kabinet-sylla-ses-avocats-denoncent-une-pratique-dun-autre-age-declaration\/\"]}]},{\"@type\":\"WebSite\",\"@id\":\"https:\/\/universnews224.com\/#website\",\"url\":\"https:\/\/universnews224.com\/\",\"name\":\"UNIVERSNEWS224\",\"description\":\"\",\"publisher\":{\"@id\":\"https:\/\/universnews224.com\/#organization\"},\"potentialAction\":[{\"@type\":\"SearchAction\",\"target\":{\"@type\":\"EntryPoint\",\"urlTemplate\":\"https:\/\/universnews224.com\/?s={search_term_string}\"},\"query-input\":\"required name=search_term_string\"}],\"inLanguage\":\"fr-FR\"},{\"@type\":\"Organization\",\"@id\":\"https:\/\/universnews224.com\/#organization\",\"name\":\"UNIVERSNEWS224\",\"url\":\"https:\/\/universnews224.com\/\",\"logo\":{\"@type\":\"ImageObject\",\"inLanguage\":\"fr-FR\",\"@id\":\"https:\/\/universnews224.com\/#\/schema\/logo\/image\/\",\"url\":\"https:\/\/universnews224.com\/wp-content\/uploads\/2022\/08\/cropped-cropped-logoban.jpg\",\"contentUrl\":\"https:\/\/universnews224.com\/wp-content\/uploads\/2022\/08\/cropped-cropped-logoban.jpg\",\"width\":1080,\"height\":138,\"caption\":\"UNIVERSNEWS224\"},\"image\":{\"@id\":\"https:\/\/universnews224.com\/#\/schema\/logo\/image\/\"}},{\"@type\":\"Person\",\"@id\":\"https:\/\/universnews224.com\/#\/schema\/person\/a4b7d4f94a4716df60456a491260485e\",\"name\":\"La R\u00e9daction\",\"image\":{\"@type\":\"ImageObject\",\"inLanguage\":\"fr-FR\",\"@id\":\"https:\/\/universnews224.com\/#\/schema\/person\/image\/\",\"url\":\"https:\/\/secure.gravatar.com\/avatar\/edb90acc7752b23e1b3307ad36c14f0d?s=96&d=mm&r=g\",\"contentUrl\":\"https:\/\/secure.gravatar.com\/avatar\/edb90acc7752b23e1b3307ad36c14f0d?s=96&d=mm&r=g\",\"caption\":\"La R\u00e9daction\"},\"sameAs\":[\"https:\/\/universnews224.com\"],\"url\":\"https:\/\/universnews224.com\/index.php\/author\/m-camara\/\"}]}<\/script>\n<!-- \/ Yoast SEO plugin. -->","yoast_head_json":{"title":"D\u00e9tention de Kabinet Sylla: ses avocats d\u00e9noncent \u2018\u2019une pratique d\u2019un autre \u00e2ge\u2019\u2019 (d\u00e9claration) - UNIVERSNEWS224","robots":{"index":"index","follow":"follow","max-snippet":"max-snippet:-1","max-image-preview":"max-image-preview:large","max-video-preview":"max-video-preview:-1"},"canonical":"https:\/\/universnews224.com\/index.php\/detention-de-kabinet-sylla-ses-avocats-denoncent-une-pratique-dun-autre-age-declaration\/","og_locale":"fr_FR","og_type":"article","og_title":"D\u00e9tention de Kabinet Sylla: ses avocats d\u00e9noncent \u2018\u2019une pratique d\u2019un autre \u00e2ge\u2019\u2019 (d\u00e9claration) - UNIVERSNEWS224","og_description":"Les conseils de Kabinet Sylla alias Bill Gates \u00e9taient face \u00e0 la presse ce samedi","og_url":"https:\/\/universnews224.com\/index.php\/detention-de-kabinet-sylla-ses-avocats-denoncent-une-pratique-dun-autre-age-declaration\/","og_site_name":"UNIVERSNEWS224","article_published_time":"2022-11-05T23:03:27+00:00","og_image":[{"width":700,"height":435,"url":"https:\/\/universnews224.com\/wp-content\/uploads\/2022\/11\/4940C81A-7BE7-475E-9F25-001887437F25.png","type":"image\/png"}],"author":"La R\u00e9daction","twitter_misc":{"\u00c9crit par":"La R\u00e9daction","Dur\u00e9e de lecture estim\u00e9e":"6 minutes"},"schema":{"@context":"https:\/\/schema.org","@graph":[{"@type":"Article","@id":"https:\/\/universnews224.com\/index.php\/detention-de-kabinet-sylla-ses-avocats-denoncent-une-pratique-dun-autre-age-declaration\/#article","isPartOf":{"@id":"https:\/\/universnews224.com\/index.php\/detention-de-kabinet-sylla-ses-avocats-denoncent-une-pratique-dun-autre-age-declaration\/"},"author":{"name":"La R\u00e9daction","@id":"https:\/\/universnews224.com\/#\/schema\/person\/a4b7d4f94a4716df60456a491260485e"},"headline":"D\u00e9tention de Kabinet Sylla: ses avocats d\u00e9noncent \u2018\u2019une pratique d\u2019un autre \u00e2ge\u2019\u2019 (d\u00e9claration)","datePublished":"2022-11-05T23:03:27+00:00","dateModified":"2022-11-05T23:03:27+00:00","mainEntityOfPage":{"@id":"https:\/\/universnews224.com\/index.php\/detention-de-kabinet-sylla-ses-avocats-denoncent-une-pratique-dun-autre-age-declaration\/"},"wordCount":1273,"publisher":{"@id":"https:\/\/universnews224.com\/#organization"},"keywords":["La une"],"articleSection":["ACTU","POLITIQUE"],"inLanguage":"fr-FR"},{"@type":"WebPage","@id":"https:\/\/universnews224.com\/index.php\/detention-de-kabinet-sylla-ses-avocats-denoncent-une-pratique-dun-autre-age-declaration\/","url":"https:\/\/universnews224.com\/index.php\/detention-de-kabinet-sylla-ses-avocats-denoncent-une-pratique-dun-autre-age-declaration\/","name":"D\u00e9tention de Kabinet Sylla: ses avocats d\u00e9noncent \u2018\u2019une pratique d\u2019un autre \u00e2ge\u2019\u2019 (d\u00e9claration) - UNIVERSNEWS224","isPartOf":{"@id":"https:\/\/universnews224.com\/#website"},"datePublished":"2022-11-05T23:03:27+00:00","dateModified":"2022-11-05T23:03:27+00:00","inLanguage":"fr-FR","potentialAction":[{"@type":"ReadAction","target":["https:\/\/universnews224.com\/index.php\/detention-de-kabinet-sylla-ses-avocats-denoncent-une-pratique-dun-autre-age-declaration\/"]}]},{"@type":"WebSite","@id":"https:\/\/universnews224.com\/#website","url":"https:\/\/universnews224.com\/","name":"UNIVERSNEWS224","description":"","publisher":{"@id":"https:\/\/universnews224.com\/#organization"},"potentialAction":[{"@type":"SearchAction","target":{"@type":"EntryPoint","urlTemplate":"https:\/\/universnews224.com\/?s={search_term_string}"},"query-input":"required name=search_term_string"}],"inLanguage":"fr-FR"},{"@type":"Organization","@id":"https:\/\/universnews224.com\/#organization","name":"UNIVERSNEWS224","url":"https:\/\/universnews224.com\/","logo":{"@type":"ImageObject","inLanguage":"fr-FR","@id":"https:\/\/universnews224.com\/#\/schema\/logo\/image\/","url":"https:\/\/universnews224.com\/wp-content\/uploads\/2022\/08\/cropped-cropped-logoban.jpg","contentUrl":"https:\/\/universnews224.com\/wp-content\/uploads\/2022\/08\/cropped-cropped-logoban.jpg","width":1080,"height":138,"caption":"UNIVERSNEWS224"},"image":{"@id":"https:\/\/universnews224.com\/#\/schema\/logo\/image\/"}},{"@type":"Person","@id":"https:\/\/universnews224.com\/#\/schema\/person\/a4b7d4f94a4716df60456a491260485e","name":"La R\u00e9daction","image":{"@type":"ImageObject","inLanguage":"fr-FR","@id":"https:\/\/universnews224.com\/#\/schema\/person\/image\/","url":"https:\/\/secure.gravatar.com\/avatar\/edb90acc7752b23e1b3307ad36c14f0d?s=96&d=mm&r=g","contentUrl":"https:\/\/secure.gravatar.com\/avatar\/edb90acc7752b23e1b3307ad36c14f0d?s=96&d=mm&r=g","caption":"La R\u00e9daction"},"sameAs":["https:\/\/universnews224.com"],"url":"https:\/\/universnews224.com\/index.php\/author\/m-camara\/"}]}},"_links":{"self":[{"href":"https:\/\/universnews224.com\/index.php\/wp-json\/wp\/v2\/posts\/2403"}],"collection":[{"href":"https:\/\/universnews224.com\/index.php\/wp-json\/wp\/v2\/posts"}],"about":[{"href":"https:\/\/universnews224.com\/index.php\/wp-json\/wp\/v2\/types\/post"}],"author":[{"embeddable":true,"href":"https:\/\/universnews224.com\/index.php\/wp-json\/wp\/v2\/users\/2"}],"replies":[{"embeddable":true,"href":"https:\/\/universnews224.com\/index.php\/wp-json\/wp\/v2\/comments?post=2403"}],"version-history":[{"count":1,"href":"https:\/\/universnews224.com\/index.php\/wp-json\/wp\/v2\/posts\/2403\/revisions"}],"predecessor-version":[{"id":2405,"href":"https:\/\/universnews224.com\/index.php\/wp-json\/wp\/v2\/posts\/2403\/revisions\/2405"}],"wp:featuredmedia":[{"embeddable":true,"href":"https:\/\/universnews224.com\/index.php\/wp-json\/wp\/v2\/media\/2404"}],"wp:attachment":[{"href":"https:\/\/universnews224.com\/index.php\/wp-json\/wp\/v2\/media?parent=2403"}],"wp:term":[{"taxonomy":"category","embeddable":true,"href":"https:\/\/universnews224.com\/index.php\/wp-json\/wp\/v2\/categories?post=2403"},{"taxonomy":"post_tag","embeddable":true,"href":"https:\/\/universnews224.com\/index.php\/wp-json\/wp\/v2\/tags?post=2403"}],"curies":[{"name":"wp","href":"https:\/\/api.w.org\/{rel}","templated":true}]}}