{"id":2418,"date":"2022-11-06T22:28:50","date_gmt":"2022-11-06T21:28:50","guid":{"rendered":"https:\/\/universnews224.com\/?p=2418"},"modified":"2022-11-06T22:28:50","modified_gmt":"2022-11-06T21:28:50","slug":"urgent-ministre-yaya-sow-et-7-cadres-de-son-departement-suspendus-par-le-premier-ministre","status":"publish","type":"post","link":"https:\/\/universnews224.com\/index.php\/urgent-ministre-yaya-sow-et-7-cadres-de-son-departement-suspendus-par-le-premier-ministre\/","title":{"rendered":"Urgent: Ministre Yaya Sow et 7 cadres de son d\u00e9partement suspendus par le premier ministre."},"content":{"rendered":"<p>Dans une note lue dans la soir\u00e9e de ce dimanche 7 novembre 2022 \u00e0 la t\u00e9l\u00e9vision nationale, le Premier ministre, chef du gouvernement, Bernard Goumou a suspendu \u00e0 titre conservatoire \u00e0 compter du lundi 7 novembre 2022, le ministre des Infrastructures et des Transports et 7 de ses collaborateurs directs. Ce sont :<\/p>\n<p>1-Yaya Sow, ministre des Infrastructures et des Transports<\/p>\n<p>2- M. Patrice Toupou, secr\u00e9taire g\u00e9n\u00e9ral<\/p>\n<p>3- M. Cheick Ahmed Tidiane Camara, chef de cabinet<\/p>\n<p>4- M. Demba Kourouma, conseiller principal<\/p>\n<p>5- M. Rodric Georges Loua, conseiller juridique<\/p>\n<p>6- M. Aly Cond\u00e9, Directeur g\u00e9n\u00e9ral du Fonds d\u2019Entretien Routier<\/p>\n<p>7- M. Saa Yolande Camara, Directeur national de l\u2019Entretien Routier<\/p>\n<p>8- M. Bangaly Kourouma, personne responsable des march\u00e9s publics<\/p>\n<p>Selon la m\u00eame note, le ministre de l\u2019Urbanisme, de l\u2019Habitat et de l\u2019Am\u00e9nagement du Territoire assurera l\u2019int\u00e9rim durant la proc\u00e9dure.<\/p>\n<p>Camara Mamadouba<br \/>\n661 46 04 10<\/p>\n","protected":false},"excerpt":{"rendered":"<p>Dans une note lue dans la soir\u00e9e de ce dimanche 7 novembre 2022 \u00e0 la<\/p>\n","protected":false},"author":2,"featured_media":2419,"comment_status":"closed","ping_status":"open","sticky":false,"template":"","format":"standard","meta":[],"categories":[3],"tags":[229],"yoast_head":"<!-- This site is optimized with the Yoast SEO plugin v19.13 - https:\/\/yoast.com\/wordpress\/plugins\/seo\/ -->\n<title>Urgent: Ministre Yaya Sow et 7 cadres de son d\u00e9partement suspendus par le premier ministre. - UNIVERSNEWS224<\/title>\n<meta name=\"robots\" content=\"index, follow, max-snippet:-1, max-image-preview:large, max-video-preview:-1\" \/>\n<link rel=\"canonical\" href=\"https:\/\/universnews224.com\/index.php\/urgent-ministre-yaya-sow-et-7-cadres-de-son-departement-suspendus-par-le-premier-ministre\/\" \/>\n<meta property=\"og:locale\" content=\"fr_FR\" \/>\n<meta property=\"og:type\" content=\"article\" \/>\n<meta property=\"og:title\" content=\"Urgent: Ministre Yaya Sow et 7 cadres de son d\u00e9partement suspendus par le premier ministre. - UNIVERSNEWS224\" \/>\n<meta property=\"og:description\" content=\"Dans une note lue dans la soir\u00e9e de ce dimanche 7 novembre 2022 \u00e0 la\" \/>\n<meta property=\"og:url\" content=\"https:\/\/universnews224.com\/index.php\/urgent-ministre-yaya-sow-et-7-cadres-de-son-departement-suspendus-par-le-premier-ministre\/\" \/>\n<meta property=\"og:site_name\" content=\"UNIVERSNEWS224\" \/>\n<meta property=\"article:published_time\" content=\"2022-11-06T21:28:50+00:00\" \/>\n<meta property=\"og:image\" content=\"https:\/\/universnews224.com\/wp-content\/uploads\/2022\/11\/E0804928-0B01-4773-9675-0D4B256D152B.jpeg\" \/>\n\t<meta property=\"og:image:width\" content=\"1080\" \/>\n\t<meta property=\"og:image:height\" content=\"916\" \/>\n\t<meta property=\"og:image:type\" content=\"image\/jpeg\" \/>\n<meta name=\"author\" content=\"La R\u00e9daction\" \/>\n<meta name=\"twitter:label1\" content=\"\u00c9crit par\" \/>\n\t<meta name=\"twitter:data1\" content=\"La R\u00e9daction\" \/>\n\t<meta name=\"twitter:label2\" content=\"Dur\u00e9e de lecture estim\u00e9e\" \/>\n\t<meta name=\"twitter:data2\" content=\"1 minute\" \/>\n<script type=\"application\/ld+json\" class=\"yoast-schema-graph\">{\"@context\":\"https:\/\/schema.org\",\"@graph\":[{\"@type\":\"Article\",\"@id\":\"https:\/\/universnews224.com\/index.php\/urgent-ministre-yaya-sow-et-7-cadres-de-son-departement-suspendus-par-le-premier-ministre\/#article\",\"isPartOf\":{\"@id\":\"https:\/\/universnews224.com\/index.php\/urgent-ministre-yaya-sow-et-7-cadres-de-son-departement-suspendus-par-le-premier-ministre\/\"},\"author\":{\"name\":\"La R\u00e9daction\",\"@id\":\"https:\/\/universnews224.com\/#\/schema\/person\/a4b7d4f94a4716df60456a491260485e\"},\"headline\":\"Urgent: Ministre Yaya Sow et 7 cadres de son d\u00e9partement suspendus par le premier ministre.\",\"datePublished\":\"2022-11-06T21:28:50+00:00\",\"dateModified\":\"2022-11-06T21:28:50+00:00\",\"mainEntityOfPage\":{\"@id\":\"https:\/\/universnews224.com\/index.php\/urgent-ministre-yaya-sow-et-7-cadres-de-son-departement-suspendus-par-le-premier-ministre\/\"},\"wordCount\":165,\"publisher\":{\"@id\":\"https:\/\/universnews224.com\/#organization\"},\"keywords\":[\"La une\"],\"articleSection\":[\"ACTU\"],\"inLanguage\":\"fr-FR\"},{\"@type\":\"WebPage\",\"@id\":\"https:\/\/universnews224.com\/index.php\/urgent-ministre-yaya-sow-et-7-cadres-de-son-departement-suspendus-par-le-premier-ministre\/\",\"url\":\"https:\/\/universnews224.com\/index.php\/urgent-ministre-yaya-sow-et-7-cadres-de-son-departement-suspendus-par-le-premier-ministre\/\",\"name\":\"Urgent: Ministre Yaya Sow et 7 cadres de son d\u00e9partement suspendus par le premier ministre. - UNIVERSNEWS224\",\"isPartOf\":{\"@id\":\"https:\/\/universnews224.com\/#website\"},\"datePublished\":\"2022-11-06T21:28:50+00:00\",\"dateModified\":\"2022-11-06T21:28:50+00:00\",\"inLanguage\":\"fr-FR\",\"potentialAction\":[{\"@type\":\"ReadAction\",\"target\":[\"https:\/\/universnews224.com\/index.php\/urgent-ministre-yaya-sow-et-7-cadres-de-son-departement-suspendus-par-le-premier-ministre\/\"]}]},{\"@type\":\"WebSite\",\"@id\":\"https:\/\/universnews224.com\/#website\",\"url\":\"https:\/\/universnews224.com\/\",\"name\":\"UNIVERSNEWS224\",\"description\":\"\",\"publisher\":{\"@id\":\"https:\/\/universnews224.com\/#organization\"},\"potentialAction\":[{\"@type\":\"SearchAction\",\"target\":{\"@type\":\"EntryPoint\",\"urlTemplate\":\"https:\/\/universnews224.com\/?s={search_term_string}\"},\"query-input\":\"required name=search_term_string\"}],\"inLanguage\":\"fr-FR\"},{\"@type\":\"Organization\",\"@id\":\"https:\/\/universnews224.com\/#organization\",\"name\":\"UNIVERSNEWS224\",\"url\":\"https:\/\/universnews224.com\/\",\"logo\":{\"@type\":\"ImageObject\",\"inLanguage\":\"fr-FR\",\"@id\":\"https:\/\/universnews224.com\/#\/schema\/logo\/image\/\",\"url\":\"https:\/\/universnews224.com\/wp-content\/uploads\/2022\/08\/cropped-cropped-logoban.jpg\",\"contentUrl\":\"https:\/\/universnews224.com\/wp-content\/uploads\/2022\/08\/cropped-cropped-logoban.jpg\",\"width\":1080,\"height\":138,\"caption\":\"UNIVERSNEWS224\"},\"image\":{\"@id\":\"https:\/\/universnews224.com\/#\/schema\/logo\/image\/\"}},{\"@type\":\"Person\",\"@id\":\"https:\/\/universnews224.com\/#\/schema\/person\/a4b7d4f94a4716df60456a491260485e\",\"name\":\"La R\u00e9daction\",\"image\":{\"@type\":\"ImageObject\",\"inLanguage\":\"fr-FR\",\"@id\":\"https:\/\/universnews224.com\/#\/schema\/person\/image\/\",\"url\":\"https:\/\/secure.gravatar.com\/avatar\/edb90acc7752b23e1b3307ad36c14f0d?s=96&d=mm&r=g\",\"contentUrl\":\"https:\/\/secure.gravatar.com\/avatar\/edb90acc7752b23e1b3307ad36c14f0d?s=96&d=mm&r=g\",\"caption\":\"La R\u00e9daction\"},\"sameAs\":[\"https:\/\/universnews224.com\"],\"url\":\"https:\/\/universnews224.com\/index.php\/author\/m-camara\/\"}]}<\/script>\n<!-- \/ Yoast SEO plugin. -->","yoast_head_json":{"title":"Urgent: Ministre Yaya Sow et 7 cadres de son d\u00e9partement suspendus par le premier ministre. - UNIVERSNEWS224","robots":{"index":"index","follow":"follow","max-snippet":"max-snippet:-1","max-image-preview":"max-image-preview:large","max-video-preview":"max-video-preview:-1"},"canonical":"https:\/\/universnews224.com\/index.php\/urgent-ministre-yaya-sow-et-7-cadres-de-son-departement-suspendus-par-le-premier-ministre\/","og_locale":"fr_FR","og_type":"article","og_title":"Urgent: Ministre Yaya Sow et 7 cadres de son d\u00e9partement suspendus par le premier ministre. - UNIVERSNEWS224","og_description":"Dans une note lue dans la soir\u00e9e de ce dimanche 7 novembre 2022 \u00e0 la","og_url":"https:\/\/universnews224.com\/index.php\/urgent-ministre-yaya-sow-et-7-cadres-de-son-departement-suspendus-par-le-premier-ministre\/","og_site_name":"UNIVERSNEWS224","article_published_time":"2022-11-06T21:28:50+00:00","og_image":[{"width":1080,"height":916,"url":"https:\/\/universnews224.com\/wp-content\/uploads\/2022\/11\/E0804928-0B01-4773-9675-0D4B256D152B.jpeg","type":"image\/jpeg"}],"author":"La R\u00e9daction","twitter_misc":{"\u00c9crit par":"La R\u00e9daction","Dur\u00e9e de lecture estim\u00e9e":"1 minute"},"schema":{"@context":"https:\/\/schema.org","@graph":[{"@type":"Article","@id":"https:\/\/universnews224.com\/index.php\/urgent-ministre-yaya-sow-et-7-cadres-de-son-departement-suspendus-par-le-premier-ministre\/#article","isPartOf":{"@id":"https:\/\/universnews224.com\/index.php\/urgent-ministre-yaya-sow-et-7-cadres-de-son-departement-suspendus-par-le-premier-ministre\/"},"author":{"name":"La R\u00e9daction","@id":"https:\/\/universnews224.com\/#\/schema\/person\/a4b7d4f94a4716df60456a491260485e"},"headline":"Urgent: Ministre Yaya Sow et 7 cadres de son d\u00e9partement suspendus par le premier ministre.","datePublished":"2022-11-06T21:28:50+00:00","dateModified":"2022-11-06T21:28:50+00:00","mainEntityOfPage":{"@id":"https:\/\/universnews224.com\/index.php\/urgent-ministre-yaya-sow-et-7-cadres-de-son-departement-suspendus-par-le-premier-ministre\/"},"wordCount":165,"publisher":{"@id":"https:\/\/universnews224.com\/#organization"},"keywords":["La une"],"articleSection":["ACTU"],"inLanguage":"fr-FR"},{"@type":"WebPage","@id":"https:\/\/universnews224.com\/index.php\/urgent-ministre-yaya-sow-et-7-cadres-de-son-departement-suspendus-par-le-premier-ministre\/","url":"https:\/\/universnews224.com\/index.php\/urgent-ministre-yaya-sow-et-7-cadres-de-son-departement-suspendus-par-le-premier-ministre\/","name":"Urgent: Ministre Yaya Sow et 7 cadres de son d\u00e9partement suspendus par le premier ministre. - UNIVERSNEWS224","isPartOf":{"@id":"https:\/\/universnews224.com\/#website"},"datePublished":"2022-11-06T21:28:50+00:00","dateModified":"2022-11-06T21:28:50+00:00","inLanguage":"fr-FR","potentialAction":[{"@type":"ReadAction","target":["https:\/\/universnews224.com\/index.php\/urgent-ministre-yaya-sow-et-7-cadres-de-son-departement-suspendus-par-le-premier-ministre\/"]}]},{"@type":"WebSite","@id":"https:\/\/universnews224.com\/#website","url":"https:\/\/universnews224.com\/","name":"UNIVERSNEWS224","description":"","publisher":{"@id":"https:\/\/universnews224.com\/#organization"},"potentialAction":[{"@type":"SearchAction","target":{"@type":"EntryPoint","urlTemplate":"https:\/\/universnews224.com\/?s={search_term_string}"},"query-input":"required name=search_term_string"}],"inLanguage":"fr-FR"},{"@type":"Organization","@id":"https:\/\/universnews224.com\/#organization","name":"UNIVERSNEWS224","url":"https:\/\/universnews224.com\/","logo":{"@type":"ImageObject","inLanguage":"fr-FR","@id":"https:\/\/universnews224.com\/#\/schema\/logo\/image\/","url":"https:\/\/universnews224.com\/wp-content\/uploads\/2022\/08\/cropped-cropped-logoban.jpg","contentUrl":"https:\/\/universnews224.com\/wp-content\/uploads\/2022\/08\/cropped-cropped-logoban.jpg","width":1080,"height":138,"caption":"UNIVERSNEWS224"},"image":{"@id":"https:\/\/universnews224.com\/#\/schema\/logo\/image\/"}},{"@type":"Person","@id":"https:\/\/universnews224.com\/#\/schema\/person\/a4b7d4f94a4716df60456a491260485e","name":"La R\u00e9daction","image":{"@type":"ImageObject","inLanguage":"fr-FR","@id":"https:\/\/universnews224.com\/#\/schema\/person\/image\/","url":"https:\/\/secure.gravatar.com\/avatar\/edb90acc7752b23e1b3307ad36c14f0d?s=96&d=mm&r=g","contentUrl":"https:\/\/secure.gravatar.com\/avatar\/edb90acc7752b23e1b3307ad36c14f0d?s=96&d=mm&r=g","caption":"La R\u00e9daction"},"sameAs":["https:\/\/universnews224.com"],"url":"https:\/\/universnews224.com\/index.php\/author\/m-camara\/"}]}},"_links":{"self":[{"href":"https:\/\/universnews224.com\/index.php\/wp-json\/wp\/v2\/posts\/2418"}],"collection":[{"href":"https:\/\/universnews224.com\/index.php\/wp-json\/wp\/v2\/posts"}],"about":[{"href":"https:\/\/universnews224.com\/index.php\/wp-json\/wp\/v2\/types\/post"}],"author":[{"embeddable":true,"href":"https:\/\/universnews224.com\/index.php\/wp-json\/wp\/v2\/users\/2"}],"replies":[{"embeddable":true,"href":"https:\/\/universnews224.com\/index.php\/wp-json\/wp\/v2\/comments?post=2418"}],"version-history":[{"count":1,"href":"https:\/\/universnews224.com\/index.php\/wp-json\/wp\/v2\/posts\/2418\/revisions"}],"predecessor-version":[{"id":2420,"href":"https:\/\/universnews224.com\/index.php\/wp-json\/wp\/v2\/posts\/2418\/revisions\/2420"}],"wp:featuredmedia":[{"embeddable":true,"href":"https:\/\/universnews224.com\/index.php\/wp-json\/wp\/v2\/media\/2419"}],"wp:attachment":[{"href":"https:\/\/universnews224.com\/index.php\/wp-json\/wp\/v2\/media?parent=2418"}],"wp:term":[{"taxonomy":"category","embeddable":true,"href":"https:\/\/universnews224.com\/index.php\/wp-json\/wp\/v2\/categories?post=2418"},{"taxonomy":"post_tag","embeddable":true,"href":"https:\/\/universnews224.com\/index.php\/wp-json\/wp\/v2\/tags?post=2418"}],"curies":[{"name":"wp","href":"https:\/\/api.w.org\/{rel}","templated":true}]}}