{"id":2421,"date":"2022-11-07T12:00:55","date_gmt":"2022-11-07T11:00:55","guid":{"rendered":"https:\/\/universnews224.com\/?p=2421"},"modified":"2022-11-07T12:00:55","modified_gmt":"2022-11-07T11:00:55","slug":"yaya-sow-apres-sa-suspension-je-suis-serein","status":"publish","type":"post","link":"https:\/\/universnews224.com\/index.php\/yaya-sow-apres-sa-suspension-je-suis-serein\/","title":{"rendered":"Yaya Sow apr\u00e8s sa suspension: \u00abJe suis serein\u00bb"},"content":{"rendered":"<p>Dans une note lue dans la soir\u00e9e de ce dimanche 7 novembre 2022 \u00e0 la t\u00e9l\u00e9vision nationale, le Premier ministre, chef du gouvernement, Bernard Goumou a suspendu \u00e0 titre conservatoire \u00e0 compter du lundi 7 novembre 2022, le ministre des Infrastructures et des Transports et 7 de ses collaborateurs directs.<\/p>\n<p>\u00c0 quelques heures de cet acte, le ministre concern\u00e9 a accord\u00e9 une interview \u00e0 nos confr\u00e8res de Guin\u00e9enews dans laquelle, il a donn\u00e9 les raisons de sa suspension.<\/p>\n<p>Ci-dessous sa r\u00e9action.<br \/>\nfaits :<\/p>\n<p>\u00ab Je suis serein. Le Premier Ministre me suspend par un arr\u00eat\u00e9, alors que je suis nomm\u00e9 par un d\u00e9cret pr\u00e9sidentiel. Moi, c\u2019est le vendredi que j\u2019ai appris que le secr\u00e9taire g\u00e9n\u00e9ral Patrice Toupou a organis\u00e9 une r\u00e9union dans son bureau, qui a \u00e9t\u00e9 enregistr\u00e9e, \u00e0 l\u2019insu des participants. Ont particip\u00e9 \u00e0 cette r\u00e9union, le secr\u00e9taire g\u00e9n\u00e9ral, le directeur national de l\u2019entretien routier[DNER] que j\u2019avais suspendu et que le Premier ministre m\u2019avait oblig\u00e9 \u00e0 faire ramener, le directeur du Fonds d\u2019Entretien Routier. Au cours de cette r\u00e9union, ils ont parl\u00e9 de partage de march\u00e9s. Mais, je n\u2019\u00e9tais pas \u00e0 cette r\u00e9union, le chef de cabinet non plus, ni le conseiller principal. Maintenant, au lieu de suspendre Patrice Toupou et Saa Yolande Camara qui sont impliqu\u00e9s dans cette histoire, on cr\u00e9e l\u2019amalgame en mettant tout le monde. Nous n\u2019avons pas assist\u00e9 \u00e0 cette r\u00e9union, c\u2019est l\u2019un d\u2019entre eux qui a enregistr\u00e9, donc c\u2019est entre eux. Quand j\u2019avais suspendu Saa Yolande, le Premier Ministre n\u2019\u00e9tait pas content. Il avait tout fait pour que je le remette \u00e0 son poste, alors qu\u2019il avait commis une faute grave. Donc, il \u00e9tait en sursis, et j\u2019ai appris que c\u2019est lui qui enregistrait les autres. Il a plein de soci\u00e9t\u00e9s. Et Saa est revenu, apr\u00e8s sa suspension, pour se venger. C\u2019est donc un complot, en disant dans l\u2019audio que le ministre a demand\u00e9 \u00e7a, alors qu\u2019il n\u2019en est rien. C\u2019est juste que Saa voulait se venger de moi, et le Premier ministre l\u2019a accompagn\u00e9 dans ce projet. Je n\u2019ai jamais interf\u00e9r\u00e9 dans un march\u00e9. J\u2019ai r\u00e9sili\u00e9 ici un march\u00e9 de KPC ! En plus, j\u2019ai une pension de retraite de fonctionnaire international de 11.000 dollars par mois \u00bb.<\/p>\n","protected":false},"excerpt":{"rendered":"<p>Dans une note lue dans la soir\u00e9e de ce dimanche 7 novembre 2022 \u00e0 la<\/p>\n","protected":false},"author":2,"featured_media":2422,"comment_status":"closed","ping_status":"open","sticky":false,"template":"","format":"standard","meta":[],"categories":[3,4],"tags":[229],"yoast_head":"<!-- This site is optimized with the Yoast SEO plugin v19.13 - https:\/\/yoast.com\/wordpress\/plugins\/seo\/ -->\n<title>Yaya Sow apr\u00e8s sa suspension: \u00abJe suis serein\u00bb - UNIVERSNEWS224<\/title>\n<meta name=\"robots\" content=\"index, follow, max-snippet:-1, max-image-preview:large, max-video-preview:-1\" \/>\n<link rel=\"canonical\" href=\"https:\/\/universnews224.com\/index.php\/yaya-sow-apres-sa-suspension-je-suis-serein\/\" \/>\n<meta property=\"og:locale\" content=\"fr_FR\" \/>\n<meta property=\"og:type\" content=\"article\" \/>\n<meta property=\"og:title\" content=\"Yaya Sow apr\u00e8s sa suspension: \u00abJe suis serein\u00bb - UNIVERSNEWS224\" \/>\n<meta property=\"og:description\" content=\"Dans une note lue dans la soir\u00e9e de ce dimanche 7 novembre 2022 \u00e0 la\" \/>\n<meta property=\"og:url\" content=\"https:\/\/universnews224.com\/index.php\/yaya-sow-apres-sa-suspension-je-suis-serein\/\" \/>\n<meta property=\"og:site_name\" content=\"UNIVERSNEWS224\" \/>\n<meta property=\"article:published_time\" content=\"2022-11-07T11:00:55+00:00\" \/>\n<meta property=\"og:image\" content=\"https:\/\/universnews224.com\/wp-content\/uploads\/2022\/11\/341E8F18-A8A1-4283-82A4-5B0A5CEC7A1B.jpeg\" \/>\n\t<meta property=\"og:image:width\" content=\"700\" \/>\n\t<meta property=\"og:image:height\" content=\"400\" \/>\n\t<meta property=\"og:image:type\" content=\"image\/jpeg\" \/>\n<meta name=\"author\" content=\"La R\u00e9daction\" \/>\n<meta name=\"twitter:label1\" content=\"\u00c9crit par\" \/>\n\t<meta name=\"twitter:data1\" content=\"La R\u00e9daction\" \/>\n\t<meta name=\"twitter:label2\" content=\"Dur\u00e9e de lecture estim\u00e9e\" \/>\n\t<meta name=\"twitter:data2\" content=\"2 minutes\" \/>\n<script type=\"application\/ld+json\" class=\"yoast-schema-graph\">{\"@context\":\"https:\/\/schema.org\",\"@graph\":[{\"@type\":\"Article\",\"@id\":\"https:\/\/universnews224.com\/index.php\/yaya-sow-apres-sa-suspension-je-suis-serein\/#article\",\"isPartOf\":{\"@id\":\"https:\/\/universnews224.com\/index.php\/yaya-sow-apres-sa-suspension-je-suis-serein\/\"},\"author\":{\"name\":\"La R\u00e9daction\",\"@id\":\"https:\/\/universnews224.com\/#\/schema\/person\/a4b7d4f94a4716df60456a491260485e\"},\"headline\":\"Yaya Sow apr\u00e8s sa suspension: \u00abJe suis serein\u00bb\",\"datePublished\":\"2022-11-07T11:00:55+00:00\",\"dateModified\":\"2022-11-07T11:00:55+00:00\",\"mainEntityOfPage\":{\"@id\":\"https:\/\/universnews224.com\/index.php\/yaya-sow-apres-sa-suspension-je-suis-serein\/\"},\"wordCount\":411,\"publisher\":{\"@id\":\"https:\/\/universnews224.com\/#organization\"},\"keywords\":[\"La une\"],\"articleSection\":[\"ACTU\",\"POLITIQUE\"],\"inLanguage\":\"fr-FR\"},{\"@type\":\"WebPage\",\"@id\":\"https:\/\/universnews224.com\/index.php\/yaya-sow-apres-sa-suspension-je-suis-serein\/\",\"url\":\"https:\/\/universnews224.com\/index.php\/yaya-sow-apres-sa-suspension-je-suis-serein\/\",\"name\":\"Yaya Sow apr\u00e8s sa suspension: \u00abJe suis serein\u00bb - UNIVERSNEWS224\",\"isPartOf\":{\"@id\":\"https:\/\/universnews224.com\/#website\"},\"datePublished\":\"2022-11-07T11:00:55+00:00\",\"dateModified\":\"2022-11-07T11:00:55+00:00\",\"inLanguage\":\"fr-FR\",\"potentialAction\":[{\"@type\":\"ReadAction\",\"target\":[\"https:\/\/universnews224.com\/index.php\/yaya-sow-apres-sa-suspension-je-suis-serein\/\"]}]},{\"@type\":\"WebSite\",\"@id\":\"https:\/\/universnews224.com\/#website\",\"url\":\"https:\/\/universnews224.com\/\",\"name\":\"UNIVERSNEWS224\",\"description\":\"\",\"publisher\":{\"@id\":\"https:\/\/universnews224.com\/#organization\"},\"potentialAction\":[{\"@type\":\"SearchAction\",\"target\":{\"@type\":\"EntryPoint\",\"urlTemplate\":\"https:\/\/universnews224.com\/?s={search_term_string}\"},\"query-input\":\"required name=search_term_string\"}],\"inLanguage\":\"fr-FR\"},{\"@type\":\"Organization\",\"@id\":\"https:\/\/universnews224.com\/#organization\",\"name\":\"UNIVERSNEWS224\",\"url\":\"https:\/\/universnews224.com\/\",\"logo\":{\"@type\":\"ImageObject\",\"inLanguage\":\"fr-FR\",\"@id\":\"https:\/\/universnews224.com\/#\/schema\/logo\/image\/\",\"url\":\"https:\/\/universnews224.com\/wp-content\/uploads\/2022\/08\/cropped-cropped-logoban.jpg\",\"contentUrl\":\"https:\/\/universnews224.com\/wp-content\/uploads\/2022\/08\/cropped-cropped-logoban.jpg\",\"width\":1080,\"height\":138,\"caption\":\"UNIVERSNEWS224\"},\"image\":{\"@id\":\"https:\/\/universnews224.com\/#\/schema\/logo\/image\/\"}},{\"@type\":\"Person\",\"@id\":\"https:\/\/universnews224.com\/#\/schema\/person\/a4b7d4f94a4716df60456a491260485e\",\"name\":\"La R\u00e9daction\",\"image\":{\"@type\":\"ImageObject\",\"inLanguage\":\"fr-FR\",\"@id\":\"https:\/\/universnews224.com\/#\/schema\/person\/image\/\",\"url\":\"https:\/\/secure.gravatar.com\/avatar\/edb90acc7752b23e1b3307ad36c14f0d?s=96&d=mm&r=g\",\"contentUrl\":\"https:\/\/secure.gravatar.com\/avatar\/edb90acc7752b23e1b3307ad36c14f0d?s=96&d=mm&r=g\",\"caption\":\"La R\u00e9daction\"},\"sameAs\":[\"https:\/\/universnews224.com\"],\"url\":\"https:\/\/universnews224.com\/index.php\/author\/m-camara\/\"}]}<\/script>\n<!-- \/ Yoast SEO plugin. -->","yoast_head_json":{"title":"Yaya Sow apr\u00e8s sa suspension: \u00abJe suis serein\u00bb - UNIVERSNEWS224","robots":{"index":"index","follow":"follow","max-snippet":"max-snippet:-1","max-image-preview":"max-image-preview:large","max-video-preview":"max-video-preview:-1"},"canonical":"https:\/\/universnews224.com\/index.php\/yaya-sow-apres-sa-suspension-je-suis-serein\/","og_locale":"fr_FR","og_type":"article","og_title":"Yaya Sow apr\u00e8s sa suspension: \u00abJe suis serein\u00bb - UNIVERSNEWS224","og_description":"Dans une note lue dans la soir\u00e9e de ce dimanche 7 novembre 2022 \u00e0 la","og_url":"https:\/\/universnews224.com\/index.php\/yaya-sow-apres-sa-suspension-je-suis-serein\/","og_site_name":"UNIVERSNEWS224","article_published_time":"2022-11-07T11:00:55+00:00","og_image":[{"width":700,"height":400,"url":"https:\/\/universnews224.com\/wp-content\/uploads\/2022\/11\/341E8F18-A8A1-4283-82A4-5B0A5CEC7A1B.jpeg","type":"image\/jpeg"}],"author":"La R\u00e9daction","twitter_misc":{"\u00c9crit par":"La R\u00e9daction","Dur\u00e9e de lecture estim\u00e9e":"2 minutes"},"schema":{"@context":"https:\/\/schema.org","@graph":[{"@type":"Article","@id":"https:\/\/universnews224.com\/index.php\/yaya-sow-apres-sa-suspension-je-suis-serein\/#article","isPartOf":{"@id":"https:\/\/universnews224.com\/index.php\/yaya-sow-apres-sa-suspension-je-suis-serein\/"},"author":{"name":"La R\u00e9daction","@id":"https:\/\/universnews224.com\/#\/schema\/person\/a4b7d4f94a4716df60456a491260485e"},"headline":"Yaya Sow apr\u00e8s sa suspension: \u00abJe suis serein\u00bb","datePublished":"2022-11-07T11:00:55+00:00","dateModified":"2022-11-07T11:00:55+00:00","mainEntityOfPage":{"@id":"https:\/\/universnews224.com\/index.php\/yaya-sow-apres-sa-suspension-je-suis-serein\/"},"wordCount":411,"publisher":{"@id":"https:\/\/universnews224.com\/#organization"},"keywords":["La une"],"articleSection":["ACTU","POLITIQUE"],"inLanguage":"fr-FR"},{"@type":"WebPage","@id":"https:\/\/universnews224.com\/index.php\/yaya-sow-apres-sa-suspension-je-suis-serein\/","url":"https:\/\/universnews224.com\/index.php\/yaya-sow-apres-sa-suspension-je-suis-serein\/","name":"Yaya Sow apr\u00e8s sa suspension: \u00abJe suis serein\u00bb - UNIVERSNEWS224","isPartOf":{"@id":"https:\/\/universnews224.com\/#website"},"datePublished":"2022-11-07T11:00:55+00:00","dateModified":"2022-11-07T11:00:55+00:00","inLanguage":"fr-FR","potentialAction":[{"@type":"ReadAction","target":["https:\/\/universnews224.com\/index.php\/yaya-sow-apres-sa-suspension-je-suis-serein\/"]}]},{"@type":"WebSite","@id":"https:\/\/universnews224.com\/#website","url":"https:\/\/universnews224.com\/","name":"UNIVERSNEWS224","description":"","publisher":{"@id":"https:\/\/universnews224.com\/#organization"},"potentialAction":[{"@type":"SearchAction","target":{"@type":"EntryPoint","urlTemplate":"https:\/\/universnews224.com\/?s={search_term_string}"},"query-input":"required name=search_term_string"}],"inLanguage":"fr-FR"},{"@type":"Organization","@id":"https:\/\/universnews224.com\/#organization","name":"UNIVERSNEWS224","url":"https:\/\/universnews224.com\/","logo":{"@type":"ImageObject","inLanguage":"fr-FR","@id":"https:\/\/universnews224.com\/#\/schema\/logo\/image\/","url":"https:\/\/universnews224.com\/wp-content\/uploads\/2022\/08\/cropped-cropped-logoban.jpg","contentUrl":"https:\/\/universnews224.com\/wp-content\/uploads\/2022\/08\/cropped-cropped-logoban.jpg","width":1080,"height":138,"caption":"UNIVERSNEWS224"},"image":{"@id":"https:\/\/universnews224.com\/#\/schema\/logo\/image\/"}},{"@type":"Person","@id":"https:\/\/universnews224.com\/#\/schema\/person\/a4b7d4f94a4716df60456a491260485e","name":"La R\u00e9daction","image":{"@type":"ImageObject","inLanguage":"fr-FR","@id":"https:\/\/universnews224.com\/#\/schema\/person\/image\/","url":"https:\/\/secure.gravatar.com\/avatar\/edb90acc7752b23e1b3307ad36c14f0d?s=96&d=mm&r=g","contentUrl":"https:\/\/secure.gravatar.com\/avatar\/edb90acc7752b23e1b3307ad36c14f0d?s=96&d=mm&r=g","caption":"La R\u00e9daction"},"sameAs":["https:\/\/universnews224.com"],"url":"https:\/\/universnews224.com\/index.php\/author\/m-camara\/"}]}},"_links":{"self":[{"href":"https:\/\/universnews224.com\/index.php\/wp-json\/wp\/v2\/posts\/2421"}],"collection":[{"href":"https:\/\/universnews224.com\/index.php\/wp-json\/wp\/v2\/posts"}],"about":[{"href":"https:\/\/universnews224.com\/index.php\/wp-json\/wp\/v2\/types\/post"}],"author":[{"embeddable":true,"href":"https:\/\/universnews224.com\/index.php\/wp-json\/wp\/v2\/users\/2"}],"replies":[{"embeddable":true,"href":"https:\/\/universnews224.com\/index.php\/wp-json\/wp\/v2\/comments?post=2421"}],"version-history":[{"count":1,"href":"https:\/\/universnews224.com\/index.php\/wp-json\/wp\/v2\/posts\/2421\/revisions"}],"predecessor-version":[{"id":2423,"href":"https:\/\/universnews224.com\/index.php\/wp-json\/wp\/v2\/posts\/2421\/revisions\/2423"}],"wp:featuredmedia":[{"embeddable":true,"href":"https:\/\/universnews224.com\/index.php\/wp-json\/wp\/v2\/media\/2422"}],"wp:attachment":[{"href":"https:\/\/universnews224.com\/index.php\/wp-json\/wp\/v2\/media?parent=2421"}],"wp:term":[{"taxonomy":"category","embeddable":true,"href":"https:\/\/universnews224.com\/index.php\/wp-json\/wp\/v2\/categories?post=2421"},{"taxonomy":"post_tag","embeddable":true,"href":"https:\/\/universnews224.com\/index.php\/wp-json\/wp\/v2\/tags?post=2421"}],"curies":[{"name":"wp","href":"https:\/\/api.w.org\/{rel}","templated":true}]}}