{"id":2424,"date":"2022-11-07T15:13:50","date_gmt":"2022-11-07T14:13:50","guid":{"rendered":"https:\/\/universnews224.com\/?p=2424"},"modified":"2022-11-07T15:13:50","modified_gmt":"2022-11-07T14:13:50","slug":"nouveaux-horaires-de-travail-les-centrales-syndicales-haussent-le-ton-et-demandent-le-report-du-decret","status":"publish","type":"post","link":"https:\/\/universnews224.com\/index.php\/nouveaux-horaires-de-travail-les-centrales-syndicales-haussent-le-ton-et-demandent-le-report-du-decret\/","title":{"rendered":"Nouveaux horaires de travail: les centrales syndicales haussent le ton et demandent le report du d\u00e9cret."},"content":{"rendered":"<div>Suite au d\u00e9cretD\/2022\/0527\/PRG\/CNRD\/SGG\/ du pr\u00e9sident de la transition, publi\u00e9 le 02 Novembre 2022 instituant les nouveaux horaires de travail en Guin\u00e9e, les Centrales Syndicales CNT, USTG ont ce tenu une rencontre ce lundi, 7 novembre 2022 pour se prononcer cet changement des heures de travail.<\/div>\n<div><\/div>\n<div>Dans une d\u00e9claration rendue \u00e0 cet effet, les centrales syndicales ont exprim\u00e9 leur profonde frustration face \u00e0 cette d\u00e9cision du pr\u00e9sident de la transition.<\/div>\n<div><\/div>\n<div>Plus loin, les centrales syndicales \u00a0invitent , le Chef de l&rsquo;Etat \u00e0 rapporter le dit D\u00e9cret afin de permettre l&rsquo;ouverture des consultations pr\u00e9alables avec les partenaires sociaux.<\/div>\n<div><\/div>\n<div><\/div>\n<div>\u00a0 \u00a0 \u00a0 \u00a0 \u00a0 \u00a0 \u00a0 \u00a0 \u00a0Ci-dessous<\/div>\n<div><\/div>\n<div>C&rsquo;est avec un sentiment de profonde frustration que les travailleurs\/ses de Guin\u00e9e ont appris \u00e0 travers les m\u00e9dias d&rsquo;Etat, le contenu du D\u00e9cret D\/2022\/0527\/PRG\/CNRD\/SGG\/publi\u00e9 le 02 Novembre 2022 instituant les nouveaux horaires de travail en Guin\u00e9e, soient:<\/div>\n<div><\/div>\n<div>De 8 heures \u00e0 18 heures du Lundi au Jeudi avec une pause de 2H qui commence \u00e0 12H00 et prend fin \u00e0 14H00 et de 8 heures \u00e0 17 heures pour le Vendredi avec une pause de 2H qui commence \u00e0 13H00 et prend \u00e0 15H00.<\/div>\n<div><\/div>\n<div>Cette d\u00e9cision ne tient pas compte des r\u00e9serves et recommandations exprim\u00e9es lors de la rencontre tenue le 13 juin 2022 au cabinet du Ministre du Travail et de la Fonction Publique sous la Pr\u00e9sidence du Secr\u00e9taire G\u00e9n\u00e9ral du dit d\u00e9partement. Elle est ainsi est une violation manifeste des principes et r\u00e8gles du Dialogue social qui recommandent entre autres, une large concertation des partenaires sociaux sur toute question traitant des conditions de travail et de vie des travailleurs\/ses.<\/div>\n<div><\/div>\n<div>Le D\u00e9cret porte un s\u00e9rieux revers aux acquis obtenus de haute lutte par les Travailleurs\/ses de Guin\u00e9e tout au long de l&rsquo;\u00e9volution de notre pays.<\/div>\n<div><\/div>\n<div>En effet, institu\u00e9e par le D\u00e9cret \/N\u00b061 \/PRG du 26 janvier 1963 soient cinq ans apr\u00e8s l&rsquo;accession de notre pays \u00e0 l&rsquo;ind\u00e9pendance, la journ\u00e9e du travail continu, est une proc\u00e9dure de flexibilit\u00e9 du travail qui tient aussi compte des conditions de mobilit\u00e9 des travailleurs. Or, ces conditions requi\u00e8rent entre autres la mise \u00e0 disposition en quantit\u00e9 et qualit\u00e9 suffisante de moyens de d\u00e9placements pour permettre aux agents d&rsquo;\u00eatre ponctuels aux lieux de travail. Ce qui est loin d&rsquo;\u00eatre le cas surtout pour la ville de Conakry qui se caract\u00e9rise de nos jours par:<\/div>\n<div><\/div>\n<div>Une quasi inexistence de moyens de transport collectifs devant assurer correctement le d\u00e9placement des travailleurs\/ses de leurs domiciles vers les lieux de travail et inversement;<\/div>\n<div><\/div>\n<div>&#8211; La concentration de la presque totalit\u00e9 des Services de l&rsquo;Administration dans la Commune de Kaloum qui n&rsquo;a que deux voies d&rsquo;acc\u00e8s avec d&rsquo;interminables bouchons eux-m\u00eames aggrav\u00e9s par un parc automobile en croissance exponentielle chaque mois; &#8211; Le manque de restaurants et autres services traiteurs de qualit\u00e9 sur les lieux de travail permettant aux travailleurs de manger d\u00e9cemment et aux heures de pause indiqu\u00e9es;<\/div>\n<div><\/div>\n<div>&#8211; L&rsquo;arr\u00eat de l&rsquo;unique train nagu\u00e8re utilis\u00e9 pour assurer la desserte de la banlieue et des environs du \u00ab\u00a0Grand Conakry\u00a0\u00bb;<\/div>\n<div><\/div>\n<div>A ces facteurs, s&rsquo;ajoutent d&rsquo;autres et non des moindres comme : L&rsquo;ins\u00e9curit\u00e9 caract\u00e9ris\u00e9e par les violences physiques, les vols -y compris \u00e0 main arm\u00e9e- surtout la nuit pour la majorit\u00e9 des quartiers de Conakry ; L&rsquo;inexistance d&rsquo;une vie de famille pour tous les travailleurs. L&rsquo;\u00e9tat de d\u00e9gradation pouss\u00e9e de la voirie urbaine; L&rsquo;absence de logements sociaux suffisants et de qualit\u00e9 pour r\u00e9pondre aux besoins des agents de l&rsquo;Etat ; &#8211; La politique de bas salaires qui tranchent avec le co\u00fbt sans cesse croissant du panier de la m\u00e9nag\u00e8re;<\/div>\n<div><\/div>\n<div>&#8211; L&rsquo;absence de protection sociale; La violation des accords tripartites ayant permis la cr\u00e9ation de I&rsquo;INAMO.<\/div>\n<div><\/div>\n<div>Face \u00e0 une telle situation et en d\u00e9pit de plusieurs appels aux respects des accords tripartites sign\u00e9s, le Mouvement Syndical Guin\u00e9en condamne et rejette \u00e9nergiquement toute pratique qui viole les principes sacr\u00e9s du dialogue social.<\/div>\n<div><\/div>\n<div>Il invite en cons\u00e9quence, le Chef de l&rsquo;Etat \u00e0 rapporter le dit D\u00e9cret afin de permettre l&rsquo;ouverture des consultations pr\u00e9alables avec les partenaires sociaux.<\/div>\n<div><\/div>\n<div>Cette sagesse aura l&rsquo;avantage de poser les bases d&rsquo;un diagnostic exhaustif des besoins des travailleurs et dont la satisfaction, \u00e0 travers une planification efficiente, permettra aux int\u00e9ress\u00e9s d&rsquo;accomplir convenablement et efficacement leur t\u00e2che quotidienne sur la base d&rsquo;un contrat de performance.<\/div>\n<div><\/div>\n<div>Elle aura \u00e9galement l&rsquo;avantage certain de renforcer les bases du dialogue social \u00e0 tous les niveaux, permettant ainsi \u00e0 notre pays de faire l&rsquo;\u00e9conomie de conflits sociaux souvent co\u00fbteux et \u00e0 l&rsquo;issue incertaine.<\/div>\n<div><\/div>\n<div>Le Mouvement Syndical Guin\u00e9en saisit cette occasion pour inviter les travailleurs\/ses de tous les secteurs d&rsquo;activit\u00e9 \u00e0 la vigilance et \u00e0 l&rsquo;unit\u00e9 pour parer \u00e0 toute man\u0153uvre ou mesure administrative pouvant les fragiliser sur leurs lieux de travail.<\/div>\n<div><\/div>\n<div>Il r\u00e9it\u00e8re \u00e9galement sa d\u00e9termination sans r\u00e9serve \u00e0 pr\u00e9server tous les acquis sociaux des travailleurs\/ses souvent obtenus au prix de leur sang.<\/div>\n<div><\/div>\n<div>Vive l&rsquo;unit\u00e9 syndicale !<\/div>\n<div><\/div>\n<div>Vive les travailleurs\/ses de Guin\u00e9e!<\/div>\n<div><\/div>\n<div>Vive le dialogue social!<\/div>\n<div><\/div>\n<div>Vive le Mouvement Syndical Guin\u00e9en !<\/div>\n<div><\/div>\n<div>Conakry, le 07 Novembre 2022<\/div>\n<div><\/div>\n<div>Le Mouvement syndical guin\u00e9en.<\/div>\n","protected":false},"excerpt":{"rendered":"<p>Suite au d\u00e9cretD\/2022\/0527\/PRG\/CNRD\/SGG\/ du pr\u00e9sident de la transition, publi\u00e9 le 02 Novembre 2022 instituant les<\/p>\n","protected":false},"author":2,"featured_media":2425,"comment_status":"closed","ping_status":"open","sticky":false,"template":"","format":"standard","meta":[],"categories":[3],"tags":[229],"yoast_head":"<!-- This site is optimized with the Yoast SEO plugin v19.13 - https:\/\/yoast.com\/wordpress\/plugins\/seo\/ -->\n<title>Nouveaux horaires de travail: les centrales syndicales haussent le ton et demandent le report du d\u00e9cret. - UNIVERSNEWS224<\/title>\n<meta name=\"robots\" content=\"index, follow, max-snippet:-1, max-image-preview:large, max-video-preview:-1\" \/>\n<link rel=\"canonical\" href=\"https:\/\/universnews224.com\/index.php\/nouveaux-horaires-de-travail-les-centrales-syndicales-haussent-le-ton-et-demandent-le-report-du-decret\/\" \/>\n<meta property=\"og:locale\" content=\"fr_FR\" \/>\n<meta property=\"og:type\" content=\"article\" \/>\n<meta property=\"og:title\" content=\"Nouveaux horaires de travail: les centrales syndicales haussent le ton et demandent le report du d\u00e9cret. - UNIVERSNEWS224\" \/>\n<meta property=\"og:description\" content=\"Suite au d\u00e9cretD\/2022\/0527\/PRG\/CNRD\/SGG\/ du pr\u00e9sident de la transition, publi\u00e9 le 02 Novembre 2022 instituant les\" \/>\n<meta property=\"og:url\" content=\"https:\/\/universnews224.com\/index.php\/nouveaux-horaires-de-travail-les-centrales-syndicales-haussent-le-ton-et-demandent-le-report-du-decret\/\" \/>\n<meta property=\"og:site_name\" content=\"UNIVERSNEWS224\" \/>\n<meta property=\"article:published_time\" content=\"2022-11-07T14:13:50+00:00\" \/>\n<meta property=\"og:image\" content=\"https:\/\/universnews224.com\/wp-content\/uploads\/2022\/11\/9AF6F5E5-8073-4B21-B9BB-E72A24ED10F9.jpeg\" \/>\n\t<meta property=\"og:image:width\" content=\"1080\" \/>\n\t<meta property=\"og:image:height\" content=\"809\" \/>\n\t<meta property=\"og:image:type\" content=\"image\/jpeg\" \/>\n<meta name=\"author\" content=\"La R\u00e9daction\" \/>\n<meta name=\"twitter:label1\" content=\"\u00c9crit par\" \/>\n\t<meta name=\"twitter:data1\" content=\"La R\u00e9daction\" \/>\n\t<meta name=\"twitter:label2\" content=\"Dur\u00e9e de lecture estim\u00e9e\" \/>\n\t<meta name=\"twitter:data2\" content=\"5 minutes\" \/>\n<script type=\"application\/ld+json\" class=\"yoast-schema-graph\">{\"@context\":\"https:\/\/schema.org\",\"@graph\":[{\"@type\":\"Article\",\"@id\":\"https:\/\/universnews224.com\/index.php\/nouveaux-horaires-de-travail-les-centrales-syndicales-haussent-le-ton-et-demandent-le-report-du-decret\/#article\",\"isPartOf\":{\"@id\":\"https:\/\/universnews224.com\/index.php\/nouveaux-horaires-de-travail-les-centrales-syndicales-haussent-le-ton-et-demandent-le-report-du-decret\/\"},\"author\":{\"name\":\"La R\u00e9daction\",\"@id\":\"https:\/\/universnews224.com\/#\/schema\/person\/a4b7d4f94a4716df60456a491260485e\"},\"headline\":\"Nouveaux horaires de travail: les centrales syndicales haussent le ton et demandent le report du d\u00e9cret.\",\"datePublished\":\"2022-11-07T14:13:50+00:00\",\"dateModified\":\"2022-11-07T14:13:50+00:00\",\"mainEntityOfPage\":{\"@id\":\"https:\/\/universnews224.com\/index.php\/nouveaux-horaires-de-travail-les-centrales-syndicales-haussent-le-ton-et-demandent-le-report-du-decret\/\"},\"wordCount\":874,\"publisher\":{\"@id\":\"https:\/\/universnews224.com\/#organization\"},\"keywords\":[\"La une\"],\"articleSection\":[\"ACTU\"],\"inLanguage\":\"fr-FR\"},{\"@type\":\"WebPage\",\"@id\":\"https:\/\/universnews224.com\/index.php\/nouveaux-horaires-de-travail-les-centrales-syndicales-haussent-le-ton-et-demandent-le-report-du-decret\/\",\"url\":\"https:\/\/universnews224.com\/index.php\/nouveaux-horaires-de-travail-les-centrales-syndicales-haussent-le-ton-et-demandent-le-report-du-decret\/\",\"name\":\"Nouveaux horaires de travail: les centrales syndicales haussent le ton et demandent le report du d\u00e9cret. - UNIVERSNEWS224\",\"isPartOf\":{\"@id\":\"https:\/\/universnews224.com\/#website\"},\"datePublished\":\"2022-11-07T14:13:50+00:00\",\"dateModified\":\"2022-11-07T14:13:50+00:00\",\"inLanguage\":\"fr-FR\",\"potentialAction\":[{\"@type\":\"ReadAction\",\"target\":[\"https:\/\/universnews224.com\/index.php\/nouveaux-horaires-de-travail-les-centrales-syndicales-haussent-le-ton-et-demandent-le-report-du-decret\/\"]}]},{\"@type\":\"WebSite\",\"@id\":\"https:\/\/universnews224.com\/#website\",\"url\":\"https:\/\/universnews224.com\/\",\"name\":\"UNIVERSNEWS224\",\"description\":\"\",\"publisher\":{\"@id\":\"https:\/\/universnews224.com\/#organization\"},\"potentialAction\":[{\"@type\":\"SearchAction\",\"target\":{\"@type\":\"EntryPoint\",\"urlTemplate\":\"https:\/\/universnews224.com\/?s={search_term_string}\"},\"query-input\":\"required name=search_term_string\"}],\"inLanguage\":\"fr-FR\"},{\"@type\":\"Organization\",\"@id\":\"https:\/\/universnews224.com\/#organization\",\"name\":\"UNIVERSNEWS224\",\"url\":\"https:\/\/universnews224.com\/\",\"logo\":{\"@type\":\"ImageObject\",\"inLanguage\":\"fr-FR\",\"@id\":\"https:\/\/universnews224.com\/#\/schema\/logo\/image\/\",\"url\":\"https:\/\/universnews224.com\/wp-content\/uploads\/2022\/08\/cropped-cropped-logoban.jpg\",\"contentUrl\":\"https:\/\/universnews224.com\/wp-content\/uploads\/2022\/08\/cropped-cropped-logoban.jpg\",\"width\":1080,\"height\":138,\"caption\":\"UNIVERSNEWS224\"},\"image\":{\"@id\":\"https:\/\/universnews224.com\/#\/schema\/logo\/image\/\"}},{\"@type\":\"Person\",\"@id\":\"https:\/\/universnews224.com\/#\/schema\/person\/a4b7d4f94a4716df60456a491260485e\",\"name\":\"La R\u00e9daction\",\"image\":{\"@type\":\"ImageObject\",\"inLanguage\":\"fr-FR\",\"@id\":\"https:\/\/universnews224.com\/#\/schema\/person\/image\/\",\"url\":\"https:\/\/secure.gravatar.com\/avatar\/edb90acc7752b23e1b3307ad36c14f0d?s=96&d=mm&r=g\",\"contentUrl\":\"https:\/\/secure.gravatar.com\/avatar\/edb90acc7752b23e1b3307ad36c14f0d?s=96&d=mm&r=g\",\"caption\":\"La R\u00e9daction\"},\"sameAs\":[\"https:\/\/universnews224.com\"],\"url\":\"https:\/\/universnews224.com\/index.php\/author\/m-camara\/\"}]}<\/script>\n<!-- \/ Yoast SEO plugin. -->","yoast_head_json":{"title":"Nouveaux horaires de travail: les centrales syndicales haussent le ton et demandent le report du d\u00e9cret. - UNIVERSNEWS224","robots":{"index":"index","follow":"follow","max-snippet":"max-snippet:-1","max-image-preview":"max-image-preview:large","max-video-preview":"max-video-preview:-1"},"canonical":"https:\/\/universnews224.com\/index.php\/nouveaux-horaires-de-travail-les-centrales-syndicales-haussent-le-ton-et-demandent-le-report-du-decret\/","og_locale":"fr_FR","og_type":"article","og_title":"Nouveaux horaires de travail: les centrales syndicales haussent le ton et demandent le report du d\u00e9cret. - UNIVERSNEWS224","og_description":"Suite au d\u00e9cretD\/2022\/0527\/PRG\/CNRD\/SGG\/ du pr\u00e9sident de la transition, publi\u00e9 le 02 Novembre 2022 instituant les","og_url":"https:\/\/universnews224.com\/index.php\/nouveaux-horaires-de-travail-les-centrales-syndicales-haussent-le-ton-et-demandent-le-report-du-decret\/","og_site_name":"UNIVERSNEWS224","article_published_time":"2022-11-07T14:13:50+00:00","og_image":[{"width":1080,"height":809,"url":"https:\/\/universnews224.com\/wp-content\/uploads\/2022\/11\/9AF6F5E5-8073-4B21-B9BB-E72A24ED10F9.jpeg","type":"image\/jpeg"}],"author":"La R\u00e9daction","twitter_misc":{"\u00c9crit par":"La R\u00e9daction","Dur\u00e9e de lecture estim\u00e9e":"5 minutes"},"schema":{"@context":"https:\/\/schema.org","@graph":[{"@type":"Article","@id":"https:\/\/universnews224.com\/index.php\/nouveaux-horaires-de-travail-les-centrales-syndicales-haussent-le-ton-et-demandent-le-report-du-decret\/#article","isPartOf":{"@id":"https:\/\/universnews224.com\/index.php\/nouveaux-horaires-de-travail-les-centrales-syndicales-haussent-le-ton-et-demandent-le-report-du-decret\/"},"author":{"name":"La R\u00e9daction","@id":"https:\/\/universnews224.com\/#\/schema\/person\/a4b7d4f94a4716df60456a491260485e"},"headline":"Nouveaux horaires de travail: les centrales syndicales haussent le ton et demandent le report du d\u00e9cret.","datePublished":"2022-11-07T14:13:50+00:00","dateModified":"2022-11-07T14:13:50+00:00","mainEntityOfPage":{"@id":"https:\/\/universnews224.com\/index.php\/nouveaux-horaires-de-travail-les-centrales-syndicales-haussent-le-ton-et-demandent-le-report-du-decret\/"},"wordCount":874,"publisher":{"@id":"https:\/\/universnews224.com\/#organization"},"keywords":["La une"],"articleSection":["ACTU"],"inLanguage":"fr-FR"},{"@type":"WebPage","@id":"https:\/\/universnews224.com\/index.php\/nouveaux-horaires-de-travail-les-centrales-syndicales-haussent-le-ton-et-demandent-le-report-du-decret\/","url":"https:\/\/universnews224.com\/index.php\/nouveaux-horaires-de-travail-les-centrales-syndicales-haussent-le-ton-et-demandent-le-report-du-decret\/","name":"Nouveaux horaires de travail: les centrales syndicales haussent le ton et demandent le report du d\u00e9cret. - UNIVERSNEWS224","isPartOf":{"@id":"https:\/\/universnews224.com\/#website"},"datePublished":"2022-11-07T14:13:50+00:00","dateModified":"2022-11-07T14:13:50+00:00","inLanguage":"fr-FR","potentialAction":[{"@type":"ReadAction","target":["https:\/\/universnews224.com\/index.php\/nouveaux-horaires-de-travail-les-centrales-syndicales-haussent-le-ton-et-demandent-le-report-du-decret\/"]}]},{"@type":"WebSite","@id":"https:\/\/universnews224.com\/#website","url":"https:\/\/universnews224.com\/","name":"UNIVERSNEWS224","description":"","publisher":{"@id":"https:\/\/universnews224.com\/#organization"},"potentialAction":[{"@type":"SearchAction","target":{"@type":"EntryPoint","urlTemplate":"https:\/\/universnews224.com\/?s={search_term_string}"},"query-input":"required name=search_term_string"}],"inLanguage":"fr-FR"},{"@type":"Organization","@id":"https:\/\/universnews224.com\/#organization","name":"UNIVERSNEWS224","url":"https:\/\/universnews224.com\/","logo":{"@type":"ImageObject","inLanguage":"fr-FR","@id":"https:\/\/universnews224.com\/#\/schema\/logo\/image\/","url":"https:\/\/universnews224.com\/wp-content\/uploads\/2022\/08\/cropped-cropped-logoban.jpg","contentUrl":"https:\/\/universnews224.com\/wp-content\/uploads\/2022\/08\/cropped-cropped-logoban.jpg","width":1080,"height":138,"caption":"UNIVERSNEWS224"},"image":{"@id":"https:\/\/universnews224.com\/#\/schema\/logo\/image\/"}},{"@type":"Person","@id":"https:\/\/universnews224.com\/#\/schema\/person\/a4b7d4f94a4716df60456a491260485e","name":"La R\u00e9daction","image":{"@type":"ImageObject","inLanguage":"fr-FR","@id":"https:\/\/universnews224.com\/#\/schema\/person\/image\/","url":"https:\/\/secure.gravatar.com\/avatar\/edb90acc7752b23e1b3307ad36c14f0d?s=96&d=mm&r=g","contentUrl":"https:\/\/secure.gravatar.com\/avatar\/edb90acc7752b23e1b3307ad36c14f0d?s=96&d=mm&r=g","caption":"La R\u00e9daction"},"sameAs":["https:\/\/universnews224.com"],"url":"https:\/\/universnews224.com\/index.php\/author\/m-camara\/"}]}},"_links":{"self":[{"href":"https:\/\/universnews224.com\/index.php\/wp-json\/wp\/v2\/posts\/2424"}],"collection":[{"href":"https:\/\/universnews224.com\/index.php\/wp-json\/wp\/v2\/posts"}],"about":[{"href":"https:\/\/universnews224.com\/index.php\/wp-json\/wp\/v2\/types\/post"}],"author":[{"embeddable":true,"href":"https:\/\/universnews224.com\/index.php\/wp-json\/wp\/v2\/users\/2"}],"replies":[{"embeddable":true,"href":"https:\/\/universnews224.com\/index.php\/wp-json\/wp\/v2\/comments?post=2424"}],"version-history":[{"count":1,"href":"https:\/\/universnews224.com\/index.php\/wp-json\/wp\/v2\/posts\/2424\/revisions"}],"predecessor-version":[{"id":2426,"href":"https:\/\/universnews224.com\/index.php\/wp-json\/wp\/v2\/posts\/2424\/revisions\/2426"}],"wp:featuredmedia":[{"embeddable":true,"href":"https:\/\/universnews224.com\/index.php\/wp-json\/wp\/v2\/media\/2425"}],"wp:attachment":[{"href":"https:\/\/universnews224.com\/index.php\/wp-json\/wp\/v2\/media?parent=2424"}],"wp:term":[{"taxonomy":"category","embeddable":true,"href":"https:\/\/universnews224.com\/index.php\/wp-json\/wp\/v2\/categories?post=2424"},{"taxonomy":"post_tag","embeddable":true,"href":"https:\/\/universnews224.com\/index.php\/wp-json\/wp\/v2\/tags?post=2424"}],"curies":[{"name":"wp","href":"https:\/\/api.w.org\/{rel}","templated":true}]}}