{"id":2430,"date":"2022-11-08T12:35:41","date_gmt":"2022-11-08T11:35:41","guid":{"rendered":"https:\/\/universnews224.com\/?p=2430"},"modified":"2022-11-08T12:35:41","modified_gmt":"2022-11-08T11:35:41","slug":"sante-le-ministre-de-la-sante-dresse-le-bilan-de-son-departement","status":"publish","type":"post","link":"https:\/\/universnews224.com\/index.php\/sante-le-ministre-de-la-sante-dresse-le-bilan-de-son-departement\/","title":{"rendered":"Sant\u00e9 : Le ministre de la Sant\u00e9 dress\u00e9 le bilan de son d\u00e9partement."},"content":{"rendered":"<div style=\"text-align: left\">Le Ministre en charge de la sant\u00e9 et de l&rsquo;hygi\u00e8ne publique, Dr Mamadou P\u00e8th\u00e8 Diallo a anim\u00e9 une conf\u00e9rence de presse ce lundi 07 novembre 2022 \u00e0 Conakry pour faire l\u2019\u00e9tat des lieux de son d\u00e9partement tout en pr\u00e9sentant le bilan et perspectives devant un parterre de journalistes.<\/div>\n<div><\/div>\n<div><\/div>\n<div>Pour entamer son intervention, le ministre de la sant\u00e9 a expos\u00e9 son bilan et les perspectives tout en rappelant qu&rsquo;il n&rsquo;y avait pas de secteur qui \u00e9tait plus beaucoup concern\u00e9 au yeux du gouvernement de la transition du CNRD, que celui de la sant\u00e9. Car, c&rsquo;est un secteur qui ne se nourrit pas de statistique le, ce sont la vie des hommes et des femmes ou de leurs enfants, de leurs \u00e9pouses, de leurs voisins, de leurs communaut\u00e9s et de l&rsquo;ensemble du peuple de Guin\u00e9e.<\/div>\n<div><\/div>\n<div>\u00a0\u00ab Il faut que les guin\u00e9ens comprennent que la lutte contre les faux m\u00e9dicaments ne signifie pas que le gouvernement de la transition s&rsquo;attaque aux int\u00e9r\u00eats des guin\u00e9ens ou s&rsquo;attaque \u00e0 ce qui vivent certains guin\u00e9ens, absolument pas. Ceux de guin\u00e9ens et des guin\u00e9ens qui ont l&rsquo;autorisations, la comp\u00e9tences et la formations ont vu leurs agr\u00e9ments renouvel\u00e9s. \u00a0Ceux qui sont ferm\u00e9s et pensent qu&rsquo;ils peuvent faire cet m\u00e9tier, nous les avons demand\u00e9s de nous envoyer des demandes approbations pour que nous approvisionnons leurs agr\u00e9ments pour pouvoir exercer en tant que pharmacien. Mais plus loin ce qui est important en tenant compte du fait qu&rsquo;il y a un manque de point de vente de m\u00e9dicament et de pharmacie dans certains pr\u00e9fecture. Le gouvernement \u00e0 travers le minist\u00e8re de la sant\u00e9 a d\u00e9cid\u00e9 de mettre en place un programme de s\u00e9lection d&rsquo;installation et d&rsquo;accompagnement \u00a0de jeunes pharmaciens. Nous avons recrut\u00e9 pour une premi\u00e8re fois plus d&rsquo;une trentaine de jeunes que nous allons accompagner l&rsquo;ann\u00e9e prochaine et nous allons poursuivre le m\u00eame efforts, l&rsquo;ambition \u00e0 terme c&rsquo;est de mailler tout le pays avec les points de vente soit des pharmacies o\u00f9 des points de vente des m\u00e9dicaments pour que chacun puisse aller s&rsquo;approvisionner en m\u00e9dicament \u00bb, lance t-il.<\/div>\n<div><\/div>\n<div><\/div>\n<div>Pour finir, il parle enfin de l&rsquo;h\u00e9modialyse : \u00ab le Pr\u00e9sident de la transition, Colonel Mamadi Doumbouya instruit a ce que l&rsquo;h\u00f4pital continue \u00e0 offrir ce service \u00e0 nos compatriotes de fa\u00e7on gratuite. On nous a donn\u00e9 des ressources n\u00e9cessaires. Mais, compte tenue de l&rsquo;exigu\u00eft\u00e9 du centre de Donka, le Pr\u00e9sident de la transition a pris des dispositions en donnant des instructions au minist\u00e8re de la sant\u00e9 de construire huit centres de dialyse \u00e0 l&rsquo;int\u00e9rieur du pays. La pose de la premi\u00e8re pierre desdits centre qui se fera de fa\u00e7on synchronis\u00e9e \u00bb, a pr\u00e9cis\u00e9 Dr P\u00e8th\u00e8 Diallo.<\/div>\n<div><\/div>\n<div>Alass Sylla<\/div>\n","protected":false},"excerpt":{"rendered":"<p>Le Ministre en charge de la sant\u00e9 et de l&rsquo;hygi\u00e8ne publique, Dr Mamadou P\u00e8th\u00e8 Diallo<\/p>\n","protected":false},"author":2,"featured_media":2431,"comment_status":"closed","ping_status":"open","sticky":false,"template":"","format":"standard","meta":[],"categories":[3],"tags":[229],"yoast_head":"<!-- This site is optimized with the Yoast SEO plugin v19.13 - https:\/\/yoast.com\/wordpress\/plugins\/seo\/ -->\n<title>Sant\u00e9 : Le ministre de la Sant\u00e9 dress\u00e9 le bilan de son d\u00e9partement. - UNIVERSNEWS224<\/title>\n<meta name=\"robots\" content=\"index, follow, max-snippet:-1, max-image-preview:large, max-video-preview:-1\" \/>\n<link rel=\"canonical\" href=\"https:\/\/universnews224.com\/index.php\/sante-le-ministre-de-la-sante-dresse-le-bilan-de-son-departement\/\" \/>\n<meta property=\"og:locale\" content=\"fr_FR\" \/>\n<meta property=\"og:type\" content=\"article\" \/>\n<meta property=\"og:title\" content=\"Sant\u00e9 : Le ministre de la Sant\u00e9 dress\u00e9 le bilan de son d\u00e9partement. - UNIVERSNEWS224\" \/>\n<meta property=\"og:description\" content=\"Le Ministre en charge de la sant\u00e9 et de l&rsquo;hygi\u00e8ne publique, Dr Mamadou P\u00e8th\u00e8 Diallo\" \/>\n<meta property=\"og:url\" content=\"https:\/\/universnews224.com\/index.php\/sante-le-ministre-de-la-sante-dresse-le-bilan-de-son-departement\/\" \/>\n<meta property=\"og:site_name\" content=\"UNIVERSNEWS224\" \/>\n<meta property=\"article:published_time\" content=\"2022-11-08T11:35:41+00:00\" \/>\n<meta property=\"og:image\" content=\"https:\/\/universnews224.com\/wp-content\/uploads\/2022\/11\/FD9BDD6E-6865-40AF-B823-2A2E5B6DAC0F.jpeg\" \/>\n\t<meta property=\"og:image:width\" content=\"1024\" \/>\n\t<meta property=\"og:image:height\" content=\"768\" \/>\n\t<meta property=\"og:image:type\" content=\"image\/jpeg\" \/>\n<meta name=\"author\" content=\"La R\u00e9daction\" \/>\n<meta name=\"twitter:label1\" content=\"\u00c9crit par\" \/>\n\t<meta name=\"twitter:data1\" content=\"La R\u00e9daction\" \/>\n\t<meta name=\"twitter:label2\" content=\"Dur\u00e9e de lecture estim\u00e9e\" \/>\n\t<meta name=\"twitter:data2\" content=\"3 minutes\" \/>\n<script type=\"application\/ld+json\" class=\"yoast-schema-graph\">{\"@context\":\"https:\/\/schema.org\",\"@graph\":[{\"@type\":\"Article\",\"@id\":\"https:\/\/universnews224.com\/index.php\/sante-le-ministre-de-la-sante-dresse-le-bilan-de-son-departement\/#article\",\"isPartOf\":{\"@id\":\"https:\/\/universnews224.com\/index.php\/sante-le-ministre-de-la-sante-dresse-le-bilan-de-son-departement\/\"},\"author\":{\"name\":\"La R\u00e9daction\",\"@id\":\"https:\/\/universnews224.com\/#\/schema\/person\/a4b7d4f94a4716df60456a491260485e\"},\"headline\":\"Sant\u00e9 : Le ministre de la Sant\u00e9 dress\u00e9 le bilan de son d\u00e9partement.\",\"datePublished\":\"2022-11-08T11:35:41+00:00\",\"dateModified\":\"2022-11-08T11:35:41+00:00\",\"mainEntityOfPage\":{\"@id\":\"https:\/\/universnews224.com\/index.php\/sante-le-ministre-de-la-sante-dresse-le-bilan-de-son-departement\/\"},\"wordCount\":483,\"publisher\":{\"@id\":\"https:\/\/universnews224.com\/#organization\"},\"keywords\":[\"La une\"],\"articleSection\":[\"ACTU\"],\"inLanguage\":\"fr-FR\"},{\"@type\":\"WebPage\",\"@id\":\"https:\/\/universnews224.com\/index.php\/sante-le-ministre-de-la-sante-dresse-le-bilan-de-son-departement\/\",\"url\":\"https:\/\/universnews224.com\/index.php\/sante-le-ministre-de-la-sante-dresse-le-bilan-de-son-departement\/\",\"name\":\"Sant\u00e9 : Le ministre de la Sant\u00e9 dress\u00e9 le bilan de son d\u00e9partement. - UNIVERSNEWS224\",\"isPartOf\":{\"@id\":\"https:\/\/universnews224.com\/#website\"},\"datePublished\":\"2022-11-08T11:35:41+00:00\",\"dateModified\":\"2022-11-08T11:35:41+00:00\",\"inLanguage\":\"fr-FR\",\"potentialAction\":[{\"@type\":\"ReadAction\",\"target\":[\"https:\/\/universnews224.com\/index.php\/sante-le-ministre-de-la-sante-dresse-le-bilan-de-son-departement\/\"]}]},{\"@type\":\"WebSite\",\"@id\":\"https:\/\/universnews224.com\/#website\",\"url\":\"https:\/\/universnews224.com\/\",\"name\":\"UNIVERSNEWS224\",\"description\":\"\",\"publisher\":{\"@id\":\"https:\/\/universnews224.com\/#organization\"},\"potentialAction\":[{\"@type\":\"SearchAction\",\"target\":{\"@type\":\"EntryPoint\",\"urlTemplate\":\"https:\/\/universnews224.com\/?s={search_term_string}\"},\"query-input\":\"required name=search_term_string\"}],\"inLanguage\":\"fr-FR\"},{\"@type\":\"Organization\",\"@id\":\"https:\/\/universnews224.com\/#organization\",\"name\":\"UNIVERSNEWS224\",\"url\":\"https:\/\/universnews224.com\/\",\"logo\":{\"@type\":\"ImageObject\",\"inLanguage\":\"fr-FR\",\"@id\":\"https:\/\/universnews224.com\/#\/schema\/logo\/image\/\",\"url\":\"https:\/\/universnews224.com\/wp-content\/uploads\/2022\/08\/cropped-cropped-logoban.jpg\",\"contentUrl\":\"https:\/\/universnews224.com\/wp-content\/uploads\/2022\/08\/cropped-cropped-logoban.jpg\",\"width\":1080,\"height\":138,\"caption\":\"UNIVERSNEWS224\"},\"image\":{\"@id\":\"https:\/\/universnews224.com\/#\/schema\/logo\/image\/\"}},{\"@type\":\"Person\",\"@id\":\"https:\/\/universnews224.com\/#\/schema\/person\/a4b7d4f94a4716df60456a491260485e\",\"name\":\"La R\u00e9daction\",\"image\":{\"@type\":\"ImageObject\",\"inLanguage\":\"fr-FR\",\"@id\":\"https:\/\/universnews224.com\/#\/schema\/person\/image\/\",\"url\":\"https:\/\/secure.gravatar.com\/avatar\/edb90acc7752b23e1b3307ad36c14f0d?s=96&d=mm&r=g\",\"contentUrl\":\"https:\/\/secure.gravatar.com\/avatar\/edb90acc7752b23e1b3307ad36c14f0d?s=96&d=mm&r=g\",\"caption\":\"La R\u00e9daction\"},\"sameAs\":[\"https:\/\/universnews224.com\"],\"url\":\"https:\/\/universnews224.com\/index.php\/author\/m-camara\/\"}]}<\/script>\n<!-- \/ Yoast SEO plugin. -->","yoast_head_json":{"title":"Sant\u00e9 : Le ministre de la Sant\u00e9 dress\u00e9 le bilan de son d\u00e9partement. - UNIVERSNEWS224","robots":{"index":"index","follow":"follow","max-snippet":"max-snippet:-1","max-image-preview":"max-image-preview:large","max-video-preview":"max-video-preview:-1"},"canonical":"https:\/\/universnews224.com\/index.php\/sante-le-ministre-de-la-sante-dresse-le-bilan-de-son-departement\/","og_locale":"fr_FR","og_type":"article","og_title":"Sant\u00e9 : Le ministre de la Sant\u00e9 dress\u00e9 le bilan de son d\u00e9partement. - UNIVERSNEWS224","og_description":"Le Ministre en charge de la sant\u00e9 et de l&rsquo;hygi\u00e8ne publique, Dr Mamadou P\u00e8th\u00e8 Diallo","og_url":"https:\/\/universnews224.com\/index.php\/sante-le-ministre-de-la-sante-dresse-le-bilan-de-son-departement\/","og_site_name":"UNIVERSNEWS224","article_published_time":"2022-11-08T11:35:41+00:00","og_image":[{"width":1024,"height":768,"url":"https:\/\/universnews224.com\/wp-content\/uploads\/2022\/11\/FD9BDD6E-6865-40AF-B823-2A2E5B6DAC0F.jpeg","type":"image\/jpeg"}],"author":"La R\u00e9daction","twitter_misc":{"\u00c9crit par":"La R\u00e9daction","Dur\u00e9e de lecture estim\u00e9e":"3 minutes"},"schema":{"@context":"https:\/\/schema.org","@graph":[{"@type":"Article","@id":"https:\/\/universnews224.com\/index.php\/sante-le-ministre-de-la-sante-dresse-le-bilan-de-son-departement\/#article","isPartOf":{"@id":"https:\/\/universnews224.com\/index.php\/sante-le-ministre-de-la-sante-dresse-le-bilan-de-son-departement\/"},"author":{"name":"La R\u00e9daction","@id":"https:\/\/universnews224.com\/#\/schema\/person\/a4b7d4f94a4716df60456a491260485e"},"headline":"Sant\u00e9 : Le ministre de la Sant\u00e9 dress\u00e9 le bilan de son d\u00e9partement.","datePublished":"2022-11-08T11:35:41+00:00","dateModified":"2022-11-08T11:35:41+00:00","mainEntityOfPage":{"@id":"https:\/\/universnews224.com\/index.php\/sante-le-ministre-de-la-sante-dresse-le-bilan-de-son-departement\/"},"wordCount":483,"publisher":{"@id":"https:\/\/universnews224.com\/#organization"},"keywords":["La une"],"articleSection":["ACTU"],"inLanguage":"fr-FR"},{"@type":"WebPage","@id":"https:\/\/universnews224.com\/index.php\/sante-le-ministre-de-la-sante-dresse-le-bilan-de-son-departement\/","url":"https:\/\/universnews224.com\/index.php\/sante-le-ministre-de-la-sante-dresse-le-bilan-de-son-departement\/","name":"Sant\u00e9 : Le ministre de la Sant\u00e9 dress\u00e9 le bilan de son d\u00e9partement. - UNIVERSNEWS224","isPartOf":{"@id":"https:\/\/universnews224.com\/#website"},"datePublished":"2022-11-08T11:35:41+00:00","dateModified":"2022-11-08T11:35:41+00:00","inLanguage":"fr-FR","potentialAction":[{"@type":"ReadAction","target":["https:\/\/universnews224.com\/index.php\/sante-le-ministre-de-la-sante-dresse-le-bilan-de-son-departement\/"]}]},{"@type":"WebSite","@id":"https:\/\/universnews224.com\/#website","url":"https:\/\/universnews224.com\/","name":"UNIVERSNEWS224","description":"","publisher":{"@id":"https:\/\/universnews224.com\/#organization"},"potentialAction":[{"@type":"SearchAction","target":{"@type":"EntryPoint","urlTemplate":"https:\/\/universnews224.com\/?s={search_term_string}"},"query-input":"required name=search_term_string"}],"inLanguage":"fr-FR"},{"@type":"Organization","@id":"https:\/\/universnews224.com\/#organization","name":"UNIVERSNEWS224","url":"https:\/\/universnews224.com\/","logo":{"@type":"ImageObject","inLanguage":"fr-FR","@id":"https:\/\/universnews224.com\/#\/schema\/logo\/image\/","url":"https:\/\/universnews224.com\/wp-content\/uploads\/2022\/08\/cropped-cropped-logoban.jpg","contentUrl":"https:\/\/universnews224.com\/wp-content\/uploads\/2022\/08\/cropped-cropped-logoban.jpg","width":1080,"height":138,"caption":"UNIVERSNEWS224"},"image":{"@id":"https:\/\/universnews224.com\/#\/schema\/logo\/image\/"}},{"@type":"Person","@id":"https:\/\/universnews224.com\/#\/schema\/person\/a4b7d4f94a4716df60456a491260485e","name":"La R\u00e9daction","image":{"@type":"ImageObject","inLanguage":"fr-FR","@id":"https:\/\/universnews224.com\/#\/schema\/person\/image\/","url":"https:\/\/secure.gravatar.com\/avatar\/edb90acc7752b23e1b3307ad36c14f0d?s=96&d=mm&r=g","contentUrl":"https:\/\/secure.gravatar.com\/avatar\/edb90acc7752b23e1b3307ad36c14f0d?s=96&d=mm&r=g","caption":"La R\u00e9daction"},"sameAs":["https:\/\/universnews224.com"],"url":"https:\/\/universnews224.com\/index.php\/author\/m-camara\/"}]}},"_links":{"self":[{"href":"https:\/\/universnews224.com\/index.php\/wp-json\/wp\/v2\/posts\/2430"}],"collection":[{"href":"https:\/\/universnews224.com\/index.php\/wp-json\/wp\/v2\/posts"}],"about":[{"href":"https:\/\/universnews224.com\/index.php\/wp-json\/wp\/v2\/types\/post"}],"author":[{"embeddable":true,"href":"https:\/\/universnews224.com\/index.php\/wp-json\/wp\/v2\/users\/2"}],"replies":[{"embeddable":true,"href":"https:\/\/universnews224.com\/index.php\/wp-json\/wp\/v2\/comments?post=2430"}],"version-history":[{"count":1,"href":"https:\/\/universnews224.com\/index.php\/wp-json\/wp\/v2\/posts\/2430\/revisions"}],"predecessor-version":[{"id":2432,"href":"https:\/\/universnews224.com\/index.php\/wp-json\/wp\/v2\/posts\/2430\/revisions\/2432"}],"wp:featuredmedia":[{"embeddable":true,"href":"https:\/\/universnews224.com\/index.php\/wp-json\/wp\/v2\/media\/2431"}],"wp:attachment":[{"href":"https:\/\/universnews224.com\/index.php\/wp-json\/wp\/v2\/media?parent=2430"}],"wp:term":[{"taxonomy":"category","embeddable":true,"href":"https:\/\/universnews224.com\/index.php\/wp-json\/wp\/v2\/categories?post=2430"},{"taxonomy":"post_tag","embeddable":true,"href":"https:\/\/universnews224.com\/index.php\/wp-json\/wp\/v2\/tags?post=2430"}],"curies":[{"name":"wp","href":"https:\/\/api.w.org\/{rel}","templated":true}]}}