{"id":2442,"date":"2022-11-08T21:58:12","date_gmt":"2022-11-08T20:58:12","guid":{"rendered":"https:\/\/universnews224.com\/?p=2442"},"modified":"2022-11-08T21:58:12","modified_gmt":"2022-11-08T20:58:12","slug":"greve-de-la-faim-de-fonike-mangue-et-ibrahima-diallo-vers-louverture-du-proces-me-bea","status":"publish","type":"post","link":"https:\/\/universnews224.com\/index.php\/greve-de-la-faim-de-fonike-mangue-et-ibrahima-diallo-vers-louverture-du-proces-me-bea\/","title":{"rendered":"Gr\u00e8ve de la faim de Fonik\u00e9 Mangu\u00e8 et Ibrahima Diallo: vers l\u2019ouverture du proc\u00e8s, Me B\u00e9a."},"content":{"rendered":"<div dir=\"ltr\"><strong>Deux (2) jours apr\u00e8s le d\u00e9clenchement d\u2019une gr\u00e8ve de la faim pour exiger leurs jugements , Oumar Sylla\u00ab Fonk\u00e9 Mangu\u00e8 et Ibrahima Diallo tous, responsables du FNDC dissout seront seront bient\u00f4t jug\u00e9s devant le tribunal correctionnel de Dixinn. C\u2019est du moins \u00a0ce qu\u2019a affirm\u00e9 ce mardi, 8 novembre 2022, Me Salif B\u00e9avogui, l\u2019un des avocats des avocats de la d\u00e9fense.\u00a0<\/strong><\/div>\n<div dir=\"ltr\"><\/div>\n<div dir=\"ltr\"><\/div>\n<div dir=\"ltr\">\u00ab\u00c0 deux jours de d\u00e9clenchement de cette gr\u00e8ve de la faim, <em>il y a un ouf de soulagement, je suis tr\u00e8s heureux de l\u2019annoncer. En d\u00e9but d\u2019apr\u00e8s-mdi, le doyen des juges d\u2019instruction nous a appel\u00e9 et il nous a notifi\u00e9 son ordonnance de faim d\u2019instruction, appel\u00e9e ordonnance de renvoi devant le tribunal correctionnel de Dixinn. Donc, dans son travail, il a finalement \u00e9cart\u00e9 purement et simplement les infractions qualifi\u00e9es de destruction d\u2019\u00e9difices, d\u2019incendies volontaires, de coups et blessures volontaires, de pillages, d\u2019associations de malfaiteurs. Donc, nos clients ont \u00e9t\u00e9 d\u00e9charg\u00e9s \u00a0de ces infractions. Par contre ils ont \u00e9t\u00e9 renvoy\u00e9s de devant le tribunal pour des faits qualifi\u00e9s de participation d\u00e9lictueuse \u00e0 un attroupement, complicit\u00e9 de destruction d\u2019\u00e9difices priv\u00e9s et publics, complicit\u00e9 de coups et blessures volontaires. Donc, c\u2019est un ouf de soulagement, apr\u00e8s deux jours du d\u00e9clenchement de la gr\u00e8ve de la faim que finalement une ordonnance de renvoi devant le tribunal correctionnel soit prise et qui met un terme \u00e0 l\u2019instruction que le juge d\u2019instruction est entrain de mener. D\u00e9sormais, nous allons directement devant la juridiction de jugement. L\u00e0 aussi, notre souhait n\u2019est pas qu\u2019il y ait assez de temps.D\u00e8s qu\u2019il y a cette ordonnance, je \u00a0souhaite que le proc\u00e8s se tienne la semaine prochaine afin que justice soit rendue<\/em>\u00bb, a t-il indiqu\u00e9.<\/p>\n<p>\u00c0 la question de savoir apr\u00e8s cette premi\u00e8re victoire des ses clients, si Fonik\u00e9 Mangu\u00e8 et Ibrahima Diallo font maintenir leur gr\u00e8ve de la faim? Me B\u00e9a r\u00e9pond:<\/p><\/div>\n<div dir=\"ltr\"><\/div>\n<div dir=\"ltr\">\u00ab<em>Nous acheminons in\u00e9luctablement vers l\u2019ouverture du proc\u00e8s. Nos clients sont courant, ils d\u00e9cideront s\u2019il faut continuer \u00e0 maintenir cette gr\u00e8ve de la faim aux cons\u00e9quences sanitaires d\u00e9sagr\u00e9ables ou s\u2019il faut arr\u00eater cette mesure en attendant que le proc\u00e8s ne soit organis\u00e9. Mais, notre souhait est que le proc\u00e8s soit organis\u00e9 le plus rapidement que possible\u00bb<\/em>, a t-il martel\u00e9.<\/p>\n<\/div>\n","protected":false},"excerpt":{"rendered":"<p>Deux (2) jours apr\u00e8s le d\u00e9clenchement d\u2019une gr\u00e8ve de la faim pour exiger leurs jugements<\/p>\n","protected":false},"author":2,"featured_media":2428,"comment_status":"closed","ping_status":"open","sticky":false,"template":"","format":"standard","meta":[],"categories":[3,4],"tags":[229],"yoast_head":"<!-- This site is optimized with the Yoast SEO plugin v19.13 - https:\/\/yoast.com\/wordpress\/plugins\/seo\/ -->\n<title>Gr\u00e8ve de la faim de Fonik\u00e9 Mangu\u00e8 et Ibrahima Diallo: vers l\u2019ouverture du proc\u00e8s, Me B\u00e9a. - UNIVERSNEWS224<\/title>\n<meta name=\"robots\" content=\"index, follow, max-snippet:-1, max-image-preview:large, max-video-preview:-1\" \/>\n<link rel=\"canonical\" href=\"https:\/\/universnews224.com\/index.php\/greve-de-la-faim-de-fonike-mangue-et-ibrahima-diallo-vers-louverture-du-proces-me-bea\/\" \/>\n<meta property=\"og:locale\" content=\"fr_FR\" \/>\n<meta property=\"og:type\" content=\"article\" \/>\n<meta property=\"og:title\" content=\"Gr\u00e8ve de la faim de Fonik\u00e9 Mangu\u00e8 et Ibrahima Diallo: vers l\u2019ouverture du proc\u00e8s, Me B\u00e9a. - UNIVERSNEWS224\" \/>\n<meta property=\"og:description\" content=\"Deux (2) jours apr\u00e8s le d\u00e9clenchement d\u2019une gr\u00e8ve de la faim pour exiger leurs jugements\" \/>\n<meta property=\"og:url\" content=\"https:\/\/universnews224.com\/index.php\/greve-de-la-faim-de-fonike-mangue-et-ibrahima-diallo-vers-louverture-du-proces-me-bea\/\" \/>\n<meta property=\"og:site_name\" content=\"UNIVERSNEWS224\" \/>\n<meta property=\"article:published_time\" content=\"2022-11-08T20:58:12+00:00\" \/>\n<meta property=\"og:image\" content=\"https:\/\/universnews224.com\/wp-content\/uploads\/2022\/11\/997E8601-7315-4262-B283-F9E64404E6CF.jpeg\" \/>\n\t<meta property=\"og:image:width\" content=\"1080\" \/>\n\t<meta property=\"og:image:height\" content=\"886\" \/>\n\t<meta property=\"og:image:type\" content=\"image\/jpeg\" \/>\n<meta name=\"author\" content=\"La R\u00e9daction\" \/>\n<meta name=\"twitter:label1\" content=\"\u00c9crit par\" \/>\n\t<meta name=\"twitter:data1\" content=\"La R\u00e9daction\" \/>\n\t<meta name=\"twitter:label2\" content=\"Dur\u00e9e de lecture estim\u00e9e\" \/>\n\t<meta name=\"twitter:data2\" content=\"2 minutes\" \/>\n<script type=\"application\/ld+json\" class=\"yoast-schema-graph\">{\"@context\":\"https:\/\/schema.org\",\"@graph\":[{\"@type\":\"Article\",\"@id\":\"https:\/\/universnews224.com\/index.php\/greve-de-la-faim-de-fonike-mangue-et-ibrahima-diallo-vers-louverture-du-proces-me-bea\/#article\",\"isPartOf\":{\"@id\":\"https:\/\/universnews224.com\/index.php\/greve-de-la-faim-de-fonike-mangue-et-ibrahima-diallo-vers-louverture-du-proces-me-bea\/\"},\"author\":{\"name\":\"La R\u00e9daction\",\"@id\":\"https:\/\/universnews224.com\/#\/schema\/person\/a4b7d4f94a4716df60456a491260485e\"},\"headline\":\"Gr\u00e8ve de la faim de Fonik\u00e9 Mangu\u00e8 et Ibrahima Diallo: vers l\u2019ouverture du proc\u00e8s, Me B\u00e9a.\",\"datePublished\":\"2022-11-08T20:58:12+00:00\",\"dateModified\":\"2022-11-08T20:58:12+00:00\",\"mainEntityOfPage\":{\"@id\":\"https:\/\/universnews224.com\/index.php\/greve-de-la-faim-de-fonike-mangue-et-ibrahima-diallo-vers-louverture-du-proces-me-bea\/\"},\"wordCount\":434,\"publisher\":{\"@id\":\"https:\/\/universnews224.com\/#organization\"},\"keywords\":[\"La une\"],\"articleSection\":[\"ACTU\",\"POLITIQUE\"],\"inLanguage\":\"fr-FR\"},{\"@type\":\"WebPage\",\"@id\":\"https:\/\/universnews224.com\/index.php\/greve-de-la-faim-de-fonike-mangue-et-ibrahima-diallo-vers-louverture-du-proces-me-bea\/\",\"url\":\"https:\/\/universnews224.com\/index.php\/greve-de-la-faim-de-fonike-mangue-et-ibrahima-diallo-vers-louverture-du-proces-me-bea\/\",\"name\":\"Gr\u00e8ve de la faim de Fonik\u00e9 Mangu\u00e8 et Ibrahima Diallo: vers l\u2019ouverture du proc\u00e8s, Me B\u00e9a. - UNIVERSNEWS224\",\"isPartOf\":{\"@id\":\"https:\/\/universnews224.com\/#website\"},\"datePublished\":\"2022-11-08T20:58:12+00:00\",\"dateModified\":\"2022-11-08T20:58:12+00:00\",\"inLanguage\":\"fr-FR\",\"potentialAction\":[{\"@type\":\"ReadAction\",\"target\":[\"https:\/\/universnews224.com\/index.php\/greve-de-la-faim-de-fonike-mangue-et-ibrahima-diallo-vers-louverture-du-proces-me-bea\/\"]}]},{\"@type\":\"WebSite\",\"@id\":\"https:\/\/universnews224.com\/#website\",\"url\":\"https:\/\/universnews224.com\/\",\"name\":\"UNIVERSNEWS224\",\"description\":\"\",\"publisher\":{\"@id\":\"https:\/\/universnews224.com\/#organization\"},\"potentialAction\":[{\"@type\":\"SearchAction\",\"target\":{\"@type\":\"EntryPoint\",\"urlTemplate\":\"https:\/\/universnews224.com\/?s={search_term_string}\"},\"query-input\":\"required name=search_term_string\"}],\"inLanguage\":\"fr-FR\"},{\"@type\":\"Organization\",\"@id\":\"https:\/\/universnews224.com\/#organization\",\"name\":\"UNIVERSNEWS224\",\"url\":\"https:\/\/universnews224.com\/\",\"logo\":{\"@type\":\"ImageObject\",\"inLanguage\":\"fr-FR\",\"@id\":\"https:\/\/universnews224.com\/#\/schema\/logo\/image\/\",\"url\":\"https:\/\/universnews224.com\/wp-content\/uploads\/2022\/08\/cropped-cropped-logoban.jpg\",\"contentUrl\":\"https:\/\/universnews224.com\/wp-content\/uploads\/2022\/08\/cropped-cropped-logoban.jpg\",\"width\":1080,\"height\":138,\"caption\":\"UNIVERSNEWS224\"},\"image\":{\"@id\":\"https:\/\/universnews224.com\/#\/schema\/logo\/image\/\"}},{\"@type\":\"Person\",\"@id\":\"https:\/\/universnews224.com\/#\/schema\/person\/a4b7d4f94a4716df60456a491260485e\",\"name\":\"La R\u00e9daction\",\"image\":{\"@type\":\"ImageObject\",\"inLanguage\":\"fr-FR\",\"@id\":\"https:\/\/universnews224.com\/#\/schema\/person\/image\/\",\"url\":\"https:\/\/secure.gravatar.com\/avatar\/edb90acc7752b23e1b3307ad36c14f0d?s=96&d=mm&r=g\",\"contentUrl\":\"https:\/\/secure.gravatar.com\/avatar\/edb90acc7752b23e1b3307ad36c14f0d?s=96&d=mm&r=g\",\"caption\":\"La R\u00e9daction\"},\"sameAs\":[\"https:\/\/universnews224.com\"],\"url\":\"https:\/\/universnews224.com\/index.php\/author\/m-camara\/\"}]}<\/script>\n<!-- \/ Yoast SEO plugin. -->","yoast_head_json":{"title":"Gr\u00e8ve de la faim de Fonik\u00e9 Mangu\u00e8 et Ibrahima Diallo: vers l\u2019ouverture du proc\u00e8s, Me B\u00e9a. - UNIVERSNEWS224","robots":{"index":"index","follow":"follow","max-snippet":"max-snippet:-1","max-image-preview":"max-image-preview:large","max-video-preview":"max-video-preview:-1"},"canonical":"https:\/\/universnews224.com\/index.php\/greve-de-la-faim-de-fonike-mangue-et-ibrahima-diallo-vers-louverture-du-proces-me-bea\/","og_locale":"fr_FR","og_type":"article","og_title":"Gr\u00e8ve de la faim de Fonik\u00e9 Mangu\u00e8 et Ibrahima Diallo: vers l\u2019ouverture du proc\u00e8s, Me B\u00e9a. - UNIVERSNEWS224","og_description":"Deux (2) jours apr\u00e8s le d\u00e9clenchement d\u2019une gr\u00e8ve de la faim pour exiger leurs jugements","og_url":"https:\/\/universnews224.com\/index.php\/greve-de-la-faim-de-fonike-mangue-et-ibrahima-diallo-vers-louverture-du-proces-me-bea\/","og_site_name":"UNIVERSNEWS224","article_published_time":"2022-11-08T20:58:12+00:00","og_image":[{"width":1080,"height":886,"url":"https:\/\/universnews224.com\/wp-content\/uploads\/2022\/11\/997E8601-7315-4262-B283-F9E64404E6CF.jpeg","type":"image\/jpeg"}],"author":"La R\u00e9daction","twitter_misc":{"\u00c9crit par":"La R\u00e9daction","Dur\u00e9e de lecture estim\u00e9e":"2 minutes"},"schema":{"@context":"https:\/\/schema.org","@graph":[{"@type":"Article","@id":"https:\/\/universnews224.com\/index.php\/greve-de-la-faim-de-fonike-mangue-et-ibrahima-diallo-vers-louverture-du-proces-me-bea\/#article","isPartOf":{"@id":"https:\/\/universnews224.com\/index.php\/greve-de-la-faim-de-fonike-mangue-et-ibrahima-diallo-vers-louverture-du-proces-me-bea\/"},"author":{"name":"La R\u00e9daction","@id":"https:\/\/universnews224.com\/#\/schema\/person\/a4b7d4f94a4716df60456a491260485e"},"headline":"Gr\u00e8ve de la faim de Fonik\u00e9 Mangu\u00e8 et Ibrahima Diallo: vers l\u2019ouverture du proc\u00e8s, Me B\u00e9a.","datePublished":"2022-11-08T20:58:12+00:00","dateModified":"2022-11-08T20:58:12+00:00","mainEntityOfPage":{"@id":"https:\/\/universnews224.com\/index.php\/greve-de-la-faim-de-fonike-mangue-et-ibrahima-diallo-vers-louverture-du-proces-me-bea\/"},"wordCount":434,"publisher":{"@id":"https:\/\/universnews224.com\/#organization"},"keywords":["La une"],"articleSection":["ACTU","POLITIQUE"],"inLanguage":"fr-FR"},{"@type":"WebPage","@id":"https:\/\/universnews224.com\/index.php\/greve-de-la-faim-de-fonike-mangue-et-ibrahima-diallo-vers-louverture-du-proces-me-bea\/","url":"https:\/\/universnews224.com\/index.php\/greve-de-la-faim-de-fonike-mangue-et-ibrahima-diallo-vers-louverture-du-proces-me-bea\/","name":"Gr\u00e8ve de la faim de Fonik\u00e9 Mangu\u00e8 et Ibrahima Diallo: vers l\u2019ouverture du proc\u00e8s, Me B\u00e9a. - UNIVERSNEWS224","isPartOf":{"@id":"https:\/\/universnews224.com\/#website"},"datePublished":"2022-11-08T20:58:12+00:00","dateModified":"2022-11-08T20:58:12+00:00","inLanguage":"fr-FR","potentialAction":[{"@type":"ReadAction","target":["https:\/\/universnews224.com\/index.php\/greve-de-la-faim-de-fonike-mangue-et-ibrahima-diallo-vers-louverture-du-proces-me-bea\/"]}]},{"@type":"WebSite","@id":"https:\/\/universnews224.com\/#website","url":"https:\/\/universnews224.com\/","name":"UNIVERSNEWS224","description":"","publisher":{"@id":"https:\/\/universnews224.com\/#organization"},"potentialAction":[{"@type":"SearchAction","target":{"@type":"EntryPoint","urlTemplate":"https:\/\/universnews224.com\/?s={search_term_string}"},"query-input":"required name=search_term_string"}],"inLanguage":"fr-FR"},{"@type":"Organization","@id":"https:\/\/universnews224.com\/#organization","name":"UNIVERSNEWS224","url":"https:\/\/universnews224.com\/","logo":{"@type":"ImageObject","inLanguage":"fr-FR","@id":"https:\/\/universnews224.com\/#\/schema\/logo\/image\/","url":"https:\/\/universnews224.com\/wp-content\/uploads\/2022\/08\/cropped-cropped-logoban.jpg","contentUrl":"https:\/\/universnews224.com\/wp-content\/uploads\/2022\/08\/cropped-cropped-logoban.jpg","width":1080,"height":138,"caption":"UNIVERSNEWS224"},"image":{"@id":"https:\/\/universnews224.com\/#\/schema\/logo\/image\/"}},{"@type":"Person","@id":"https:\/\/universnews224.com\/#\/schema\/person\/a4b7d4f94a4716df60456a491260485e","name":"La R\u00e9daction","image":{"@type":"ImageObject","inLanguage":"fr-FR","@id":"https:\/\/universnews224.com\/#\/schema\/person\/image\/","url":"https:\/\/secure.gravatar.com\/avatar\/edb90acc7752b23e1b3307ad36c14f0d?s=96&d=mm&r=g","contentUrl":"https:\/\/secure.gravatar.com\/avatar\/edb90acc7752b23e1b3307ad36c14f0d?s=96&d=mm&r=g","caption":"La R\u00e9daction"},"sameAs":["https:\/\/universnews224.com"],"url":"https:\/\/universnews224.com\/index.php\/author\/m-camara\/"}]}},"_links":{"self":[{"href":"https:\/\/universnews224.com\/index.php\/wp-json\/wp\/v2\/posts\/2442"}],"collection":[{"href":"https:\/\/universnews224.com\/index.php\/wp-json\/wp\/v2\/posts"}],"about":[{"href":"https:\/\/universnews224.com\/index.php\/wp-json\/wp\/v2\/types\/post"}],"author":[{"embeddable":true,"href":"https:\/\/universnews224.com\/index.php\/wp-json\/wp\/v2\/users\/2"}],"replies":[{"embeddable":true,"href":"https:\/\/universnews224.com\/index.php\/wp-json\/wp\/v2\/comments?post=2442"}],"version-history":[{"count":1,"href":"https:\/\/universnews224.com\/index.php\/wp-json\/wp\/v2\/posts\/2442\/revisions"}],"predecessor-version":[{"id":2443,"href":"https:\/\/universnews224.com\/index.php\/wp-json\/wp\/v2\/posts\/2442\/revisions\/2443"}],"wp:featuredmedia":[{"embeddable":true,"href":"https:\/\/universnews224.com\/index.php\/wp-json\/wp\/v2\/media\/2428"}],"wp:attachment":[{"href":"https:\/\/universnews224.com\/index.php\/wp-json\/wp\/v2\/media?parent=2442"}],"wp:term":[{"taxonomy":"category","embeddable":true,"href":"https:\/\/universnews224.com\/index.php\/wp-json\/wp\/v2\/categories?post=2442"},{"taxonomy":"post_tag","embeddable":true,"href":"https:\/\/universnews224.com\/index.php\/wp-json\/wp\/v2\/tags?post=2442"}],"curies":[{"name":"wp","href":"https:\/\/api.w.org\/{rel}","templated":true}]}}