{"id":2444,"date":"2022-11-09T11:36:13","date_gmt":"2022-11-09T10:36:13","guid":{"rendered":"https:\/\/universnews224.com\/?p=2444"},"modified":"2022-11-09T11:36:13","modified_gmt":"2022-11-09T10:36:13","slug":"horaires-de-travail-face-a-la-menace-des-syndicats-mamadi-doumbouya-abdique-decret","status":"publish","type":"post","link":"https:\/\/universnews224.com\/index.php\/horaires-de-travail-face-a-la-menace-des-syndicats-mamadi-doumbouya-abdique-decret\/","title":{"rendered":"Horaires De Travail: Face \u00c0 La Menace Des Syndicats, Mamadi Doumbouya Abdique (D\u00e9cret)"},"content":{"rendered":"<p>C\u2019est une premi\u00e8re victoire pour les centrales syndicales guin\u00e9ennes apr\u00e8s avoir menac\u00e9 de se faire entendre contre la d\u00e9cision jug\u00e9e unilat\u00e9rale du gouvernement rallongeant les heures de travail dans la fonction publique.<\/p>\n<p>Dans un d\u00e9cret publi\u00e9 ce mardi 8 novembre 2022, le pr\u00e9sident de la transition a d\u00e9cid\u00e9 de modifier les horaires de d\u00e9but et de fin de travail pour le secteur public r\u00e9cemment fix\u00e9s.<\/p>\n<p>D\u00e9sormais, dans l\u2019administration publique, les horaires de travail sont fix\u00e9s comme suit :<\/p>\n<div class=\"jeg_ad jeg_ad_article jnews_content_inline_ads \">\n<div class=\"ads-wrapper align-center \">\n<div class=\"ads_code\"><ins class=\"adsbygoogle\" data-ad-client=\"ca-pub-1870189416508001\" data-ad-slot=\"5141807392\" data-ad-format=\"auto\" data-full-width-responsive=\"true\"><\/ins>&nbsp;<\/p>\n<ul>\n<li>Du lundi au jeudi : de 8h00 \u00e0 17h00 avec une pause d\u2019une heure qui d\u00e9bute \u00e0 12h00 pour prendre fin \u00e0 13h00 ;<\/li>\n<li>Le vendredi de 8h00 \u00e0 17h00 avec une pause de deux heures d\u00e9marrant \u00e0 13h00 pour s\u2019achever \u00e0 15h00.<\/li>\n<\/ul>\n<p>Selon le contenu de l\u2019article 2 dudit <em>\u00ab les dispositions ci-dessus ne s\u2019appliquent pas aux personnels des pharmacies, dispensaires, services m\u00e9dicaux, \u00e9tablissements d\u2019enseignement ainsi qu\u2019aux personnels des magasins de vente ; aux personnels des services tels que la police, les douanes, les conservateurs de la nature, les gardes p\u00e9nitentiaires, les ports et a\u00e9roports, les postes et t\u00e9l\u00e9communications, l\u2019information, les stations m\u00e9t\u00e9orologiques qui ont des r\u00e9gimes sp\u00e9ciaux et resteront soumis \u00e0 ces r\u00e9gimes. \u00bb, <\/em>pr\u00e9cise-t-il.<\/p>\n<\/div>\n<\/div>\n<\/div>\n","protected":false},"excerpt":{"rendered":"<p>C\u2019est une premi\u00e8re victoire pour les centrales syndicales guin\u00e9ennes apr\u00e8s avoir menac\u00e9 de se faire<\/p>\n","protected":false},"author":2,"featured_media":2053,"comment_status":"closed","ping_status":"open","sticky":false,"template":"","format":"standard","meta":[],"categories":[3,4],"tags":[229],"yoast_head":"<!-- This site is optimized with the Yoast SEO plugin v19.13 - https:\/\/yoast.com\/wordpress\/plugins\/seo\/ -->\n<title>Horaires De Travail: Face \u00c0 La Menace Des Syndicats, Mamadi Doumbouya Abdique (D\u00e9cret) - UNIVERSNEWS224<\/title>\n<meta name=\"robots\" content=\"index, follow, max-snippet:-1, max-image-preview:large, max-video-preview:-1\" \/>\n<link rel=\"canonical\" href=\"https:\/\/universnews224.com\/index.php\/horaires-de-travail-face-a-la-menace-des-syndicats-mamadi-doumbouya-abdique-decret\/\" \/>\n<meta property=\"og:locale\" content=\"fr_FR\" \/>\n<meta property=\"og:type\" content=\"article\" \/>\n<meta property=\"og:title\" content=\"Horaires De Travail: Face \u00c0 La Menace Des Syndicats, Mamadi Doumbouya Abdique (D\u00e9cret) - UNIVERSNEWS224\" \/>\n<meta property=\"og:description\" content=\"C\u2019est une premi\u00e8re victoire pour les centrales syndicales guin\u00e9ennes apr\u00e8s avoir menac\u00e9 de se faire\" \/>\n<meta property=\"og:url\" content=\"https:\/\/universnews224.com\/index.php\/horaires-de-travail-face-a-la-menace-des-syndicats-mamadi-doumbouya-abdique-decret\/\" \/>\n<meta property=\"og:site_name\" content=\"UNIVERSNEWS224\" \/>\n<meta property=\"article:published_time\" content=\"2022-11-09T10:36:13+00:00\" \/>\n<meta property=\"og:image\" content=\"https:\/\/universnews224.com\/wp-content\/uploads\/2022\/09\/955A8727-0DD2-4D58-8A29-5870544D1B0C.jpeg\" \/>\n\t<meta property=\"og:image:width\" content=\"700\" \/>\n\t<meta property=\"og:image:height\" content=\"494\" \/>\n\t<meta property=\"og:image:type\" content=\"image\/jpeg\" \/>\n<meta name=\"author\" content=\"La R\u00e9daction\" \/>\n<meta name=\"twitter:label1\" content=\"\u00c9crit par\" \/>\n\t<meta name=\"twitter:data1\" content=\"La R\u00e9daction\" \/>\n\t<meta name=\"twitter:label2\" content=\"Dur\u00e9e de lecture estim\u00e9e\" \/>\n\t<meta name=\"twitter:data2\" content=\"1 minute\" \/>\n<script type=\"application\/ld+json\" class=\"yoast-schema-graph\">{\"@context\":\"https:\/\/schema.org\",\"@graph\":[{\"@type\":\"Article\",\"@id\":\"https:\/\/universnews224.com\/index.php\/horaires-de-travail-face-a-la-menace-des-syndicats-mamadi-doumbouya-abdique-decret\/#article\",\"isPartOf\":{\"@id\":\"https:\/\/universnews224.com\/index.php\/horaires-de-travail-face-a-la-menace-des-syndicats-mamadi-doumbouya-abdique-decret\/\"},\"author\":{\"name\":\"La R\u00e9daction\",\"@id\":\"https:\/\/universnews224.com\/#\/schema\/person\/a4b7d4f94a4716df60456a491260485e\"},\"headline\":\"Horaires De Travail: Face \u00c0 La Menace Des Syndicats, Mamadi Doumbouya Abdique (D\u00e9cret)\",\"datePublished\":\"2022-11-09T10:36:13+00:00\",\"dateModified\":\"2022-11-09T10:36:13+00:00\",\"mainEntityOfPage\":{\"@id\":\"https:\/\/universnews224.com\/index.php\/horaires-de-travail-face-a-la-menace-des-syndicats-mamadi-doumbouya-abdique-decret\/\"},\"wordCount\":229,\"publisher\":{\"@id\":\"https:\/\/universnews224.com\/#organization\"},\"keywords\":[\"La une\"],\"articleSection\":[\"ACTU\",\"POLITIQUE\"],\"inLanguage\":\"fr-FR\"},{\"@type\":\"WebPage\",\"@id\":\"https:\/\/universnews224.com\/index.php\/horaires-de-travail-face-a-la-menace-des-syndicats-mamadi-doumbouya-abdique-decret\/\",\"url\":\"https:\/\/universnews224.com\/index.php\/horaires-de-travail-face-a-la-menace-des-syndicats-mamadi-doumbouya-abdique-decret\/\",\"name\":\"Horaires De Travail: Face \u00c0 La Menace Des Syndicats, Mamadi Doumbouya Abdique (D\u00e9cret) - UNIVERSNEWS224\",\"isPartOf\":{\"@id\":\"https:\/\/universnews224.com\/#website\"},\"datePublished\":\"2022-11-09T10:36:13+00:00\",\"dateModified\":\"2022-11-09T10:36:13+00:00\",\"inLanguage\":\"fr-FR\",\"potentialAction\":[{\"@type\":\"ReadAction\",\"target\":[\"https:\/\/universnews224.com\/index.php\/horaires-de-travail-face-a-la-menace-des-syndicats-mamadi-doumbouya-abdique-decret\/\"]}]},{\"@type\":\"WebSite\",\"@id\":\"https:\/\/universnews224.com\/#website\",\"url\":\"https:\/\/universnews224.com\/\",\"name\":\"UNIVERSNEWS224\",\"description\":\"\",\"publisher\":{\"@id\":\"https:\/\/universnews224.com\/#organization\"},\"potentialAction\":[{\"@type\":\"SearchAction\",\"target\":{\"@type\":\"EntryPoint\",\"urlTemplate\":\"https:\/\/universnews224.com\/?s={search_term_string}\"},\"query-input\":\"required name=search_term_string\"}],\"inLanguage\":\"fr-FR\"},{\"@type\":\"Organization\",\"@id\":\"https:\/\/universnews224.com\/#organization\",\"name\":\"UNIVERSNEWS224\",\"url\":\"https:\/\/universnews224.com\/\",\"logo\":{\"@type\":\"ImageObject\",\"inLanguage\":\"fr-FR\",\"@id\":\"https:\/\/universnews224.com\/#\/schema\/logo\/image\/\",\"url\":\"https:\/\/universnews224.com\/wp-content\/uploads\/2022\/08\/cropped-cropped-logoban.jpg\",\"contentUrl\":\"https:\/\/universnews224.com\/wp-content\/uploads\/2022\/08\/cropped-cropped-logoban.jpg\",\"width\":1080,\"height\":138,\"caption\":\"UNIVERSNEWS224\"},\"image\":{\"@id\":\"https:\/\/universnews224.com\/#\/schema\/logo\/image\/\"}},{\"@type\":\"Person\",\"@id\":\"https:\/\/universnews224.com\/#\/schema\/person\/a4b7d4f94a4716df60456a491260485e\",\"name\":\"La R\u00e9daction\",\"image\":{\"@type\":\"ImageObject\",\"inLanguage\":\"fr-FR\",\"@id\":\"https:\/\/universnews224.com\/#\/schema\/person\/image\/\",\"url\":\"https:\/\/secure.gravatar.com\/avatar\/edb90acc7752b23e1b3307ad36c14f0d?s=96&d=mm&r=g\",\"contentUrl\":\"https:\/\/secure.gravatar.com\/avatar\/edb90acc7752b23e1b3307ad36c14f0d?s=96&d=mm&r=g\",\"caption\":\"La R\u00e9daction\"},\"sameAs\":[\"https:\/\/universnews224.com\"],\"url\":\"https:\/\/universnews224.com\/index.php\/author\/m-camara\/\"}]}<\/script>\n<!-- \/ Yoast SEO plugin. -->","yoast_head_json":{"title":"Horaires De Travail: Face \u00c0 La Menace Des Syndicats, Mamadi Doumbouya Abdique (D\u00e9cret) - UNIVERSNEWS224","robots":{"index":"index","follow":"follow","max-snippet":"max-snippet:-1","max-image-preview":"max-image-preview:large","max-video-preview":"max-video-preview:-1"},"canonical":"https:\/\/universnews224.com\/index.php\/horaires-de-travail-face-a-la-menace-des-syndicats-mamadi-doumbouya-abdique-decret\/","og_locale":"fr_FR","og_type":"article","og_title":"Horaires De Travail: Face \u00c0 La Menace Des Syndicats, Mamadi Doumbouya Abdique (D\u00e9cret) - UNIVERSNEWS224","og_description":"C\u2019est une premi\u00e8re victoire pour les centrales syndicales guin\u00e9ennes apr\u00e8s avoir menac\u00e9 de se faire","og_url":"https:\/\/universnews224.com\/index.php\/horaires-de-travail-face-a-la-menace-des-syndicats-mamadi-doumbouya-abdique-decret\/","og_site_name":"UNIVERSNEWS224","article_published_time":"2022-11-09T10:36:13+00:00","og_image":[{"width":700,"height":494,"url":"https:\/\/universnews224.com\/wp-content\/uploads\/2022\/09\/955A8727-0DD2-4D58-8A29-5870544D1B0C.jpeg","type":"image\/jpeg"}],"author":"La R\u00e9daction","twitter_misc":{"\u00c9crit par":"La R\u00e9daction","Dur\u00e9e de lecture estim\u00e9e":"1 minute"},"schema":{"@context":"https:\/\/schema.org","@graph":[{"@type":"Article","@id":"https:\/\/universnews224.com\/index.php\/horaires-de-travail-face-a-la-menace-des-syndicats-mamadi-doumbouya-abdique-decret\/#article","isPartOf":{"@id":"https:\/\/universnews224.com\/index.php\/horaires-de-travail-face-a-la-menace-des-syndicats-mamadi-doumbouya-abdique-decret\/"},"author":{"name":"La R\u00e9daction","@id":"https:\/\/universnews224.com\/#\/schema\/person\/a4b7d4f94a4716df60456a491260485e"},"headline":"Horaires De Travail: Face \u00c0 La Menace Des Syndicats, Mamadi Doumbouya Abdique (D\u00e9cret)","datePublished":"2022-11-09T10:36:13+00:00","dateModified":"2022-11-09T10:36:13+00:00","mainEntityOfPage":{"@id":"https:\/\/universnews224.com\/index.php\/horaires-de-travail-face-a-la-menace-des-syndicats-mamadi-doumbouya-abdique-decret\/"},"wordCount":229,"publisher":{"@id":"https:\/\/universnews224.com\/#organization"},"keywords":["La une"],"articleSection":["ACTU","POLITIQUE"],"inLanguage":"fr-FR"},{"@type":"WebPage","@id":"https:\/\/universnews224.com\/index.php\/horaires-de-travail-face-a-la-menace-des-syndicats-mamadi-doumbouya-abdique-decret\/","url":"https:\/\/universnews224.com\/index.php\/horaires-de-travail-face-a-la-menace-des-syndicats-mamadi-doumbouya-abdique-decret\/","name":"Horaires De Travail: Face \u00c0 La Menace Des Syndicats, Mamadi Doumbouya Abdique (D\u00e9cret) - UNIVERSNEWS224","isPartOf":{"@id":"https:\/\/universnews224.com\/#website"},"datePublished":"2022-11-09T10:36:13+00:00","dateModified":"2022-11-09T10:36:13+00:00","inLanguage":"fr-FR","potentialAction":[{"@type":"ReadAction","target":["https:\/\/universnews224.com\/index.php\/horaires-de-travail-face-a-la-menace-des-syndicats-mamadi-doumbouya-abdique-decret\/"]}]},{"@type":"WebSite","@id":"https:\/\/universnews224.com\/#website","url":"https:\/\/universnews224.com\/","name":"UNIVERSNEWS224","description":"","publisher":{"@id":"https:\/\/universnews224.com\/#organization"},"potentialAction":[{"@type":"SearchAction","target":{"@type":"EntryPoint","urlTemplate":"https:\/\/universnews224.com\/?s={search_term_string}"},"query-input":"required name=search_term_string"}],"inLanguage":"fr-FR"},{"@type":"Organization","@id":"https:\/\/universnews224.com\/#organization","name":"UNIVERSNEWS224","url":"https:\/\/universnews224.com\/","logo":{"@type":"ImageObject","inLanguage":"fr-FR","@id":"https:\/\/universnews224.com\/#\/schema\/logo\/image\/","url":"https:\/\/universnews224.com\/wp-content\/uploads\/2022\/08\/cropped-cropped-logoban.jpg","contentUrl":"https:\/\/universnews224.com\/wp-content\/uploads\/2022\/08\/cropped-cropped-logoban.jpg","width":1080,"height":138,"caption":"UNIVERSNEWS224"},"image":{"@id":"https:\/\/universnews224.com\/#\/schema\/logo\/image\/"}},{"@type":"Person","@id":"https:\/\/universnews224.com\/#\/schema\/person\/a4b7d4f94a4716df60456a491260485e","name":"La R\u00e9daction","image":{"@type":"ImageObject","inLanguage":"fr-FR","@id":"https:\/\/universnews224.com\/#\/schema\/person\/image\/","url":"https:\/\/secure.gravatar.com\/avatar\/edb90acc7752b23e1b3307ad36c14f0d?s=96&d=mm&r=g","contentUrl":"https:\/\/secure.gravatar.com\/avatar\/edb90acc7752b23e1b3307ad36c14f0d?s=96&d=mm&r=g","caption":"La R\u00e9daction"},"sameAs":["https:\/\/universnews224.com"],"url":"https:\/\/universnews224.com\/index.php\/author\/m-camara\/"}]}},"_links":{"self":[{"href":"https:\/\/universnews224.com\/index.php\/wp-json\/wp\/v2\/posts\/2444"}],"collection":[{"href":"https:\/\/universnews224.com\/index.php\/wp-json\/wp\/v2\/posts"}],"about":[{"href":"https:\/\/universnews224.com\/index.php\/wp-json\/wp\/v2\/types\/post"}],"author":[{"embeddable":true,"href":"https:\/\/universnews224.com\/index.php\/wp-json\/wp\/v2\/users\/2"}],"replies":[{"embeddable":true,"href":"https:\/\/universnews224.com\/index.php\/wp-json\/wp\/v2\/comments?post=2444"}],"version-history":[{"count":1,"href":"https:\/\/universnews224.com\/index.php\/wp-json\/wp\/v2\/posts\/2444\/revisions"}],"predecessor-version":[{"id":2445,"href":"https:\/\/universnews224.com\/index.php\/wp-json\/wp\/v2\/posts\/2444\/revisions\/2445"}],"wp:featuredmedia":[{"embeddable":true,"href":"https:\/\/universnews224.com\/index.php\/wp-json\/wp\/v2\/media\/2053"}],"wp:attachment":[{"href":"https:\/\/universnews224.com\/index.php\/wp-json\/wp\/v2\/media?parent=2444"}],"wp:term":[{"taxonomy":"category","embeddable":true,"href":"https:\/\/universnews224.com\/index.php\/wp-json\/wp\/v2\/categories?post=2444"},{"taxonomy":"post_tag","embeddable":true,"href":"https:\/\/universnews224.com\/index.php\/wp-json\/wp\/v2\/tags?post=2444"}],"curies":[{"name":"wp","href":"https:\/\/api.w.org\/{rel}","templated":true}]}}