{"id":2446,"date":"2022-11-09T21:53:24","date_gmt":"2022-11-09T20:53:24","guid":{"rendered":"https:\/\/universnews224.com\/?p=2446"},"modified":"2022-11-09T21:53:24","modified_gmt":"2022-11-09T20:53:24","slug":"aly-toure-a-date-nous-avons-enregistre-au-sein-du-parquet-special-de-la-crief-101-procedures","status":"publish","type":"post","link":"https:\/\/universnews224.com\/index.php\/aly-toure-a-date-nous-avons-enregistre-au-sein-du-parquet-special-de-la-crief-101-procedures\/","title":{"rendered":"Aly Tour\u00e9\u00ab \u00c0 date, nous avons enregistr\u00e9 au sein du parquet sp\u00e9cial de la CRIEF, 101 proc\u00e9dures\u00bb"},"content":{"rendered":"<p>Le procureur sp\u00e9cial de la Cour de R\u00e9pression des Infractions \u00c9conomiques et Financi\u00e8res, Aly Tour\u00e9 a anim\u00e9 une conf\u00e9rence de presse ce mercredi, 9 novembre 2022 pour se prononcer sur l\u2019\u00e9tat d\u2019avancement des dossiers pendant la CRIEF.<\/p>\n<p>Selon Aly Tour\u00e9, \u00e0 date la CRIEF a enregistr\u00e9 101 proc\u00e9dures dont 7 class\u00e9es sans suite.<\/p>\n<p>\u00ab A date, nous avons enregistr\u00e9 au sein du parquet sp\u00e9cial de la CRIEF, 101 proc\u00e9dures. Ces 101 proc\u00e9dures sont reparties en termes d\u2019orientation proc\u00e9durale comme suit : 78 dossiers ont \u00e9t\u00e9 transmis \u00e0 la chambre de l\u2019instruction, 14 dossiers ont \u00e9t\u00e9 orient\u00e9s en citation direct, un dossier re\u00e7u en opposition, un dossier orient\u00e9 en flagrant d\u00e9lit. Depuis qu\u2019on a commenc\u00e9 \u00e0 recevoir les proc\u00e8s-verbaux, il y a sept (7) proc\u00e9dures qui ont \u00e9t\u00e9 class\u00e9es sans suite. C\u2019est-\u00e0-dire sept proc\u00e9dures dans lesquelles nous n\u2019avons pas trouv\u00e9 d\u2019infractions \u00e0 la loi p\u00e9nale qui rentre dans la comp\u00e9tence de la CRIEF et qui m\u00e9ritent poursuite \u00e0 notre niveau. Voici donc comment sont repartis les dossiers qui ont re\u00e7us au niveau de la CRIEF\u00bb, a t-il martel\u00e9.<\/p>\n<p>Camara Mamadouba<\/p>\n","protected":false},"excerpt":{"rendered":"<p>Le procureur sp\u00e9cial de la Cour de R\u00e9pression des Infractions \u00c9conomiques et Financi\u00e8res, Aly Tour\u00e9<\/p>\n","protected":false},"author":2,"featured_media":2447,"comment_status":"closed","ping_status":"open","sticky":false,"template":"","format":"standard","meta":[],"categories":[3,4],"tags":[229],"yoast_head":"<!-- This site is optimized with the Yoast SEO plugin v19.13 - https:\/\/yoast.com\/wordpress\/plugins\/seo\/ -->\n<title>Aly Tour\u00e9\u00ab \u00c0 date, nous avons enregistr\u00e9 au sein du parquet sp\u00e9cial de la CRIEF, 101 proc\u00e9dures\u00bb - UNIVERSNEWS224<\/title>\n<meta name=\"robots\" content=\"index, follow, max-snippet:-1, max-image-preview:large, max-video-preview:-1\" \/>\n<link rel=\"canonical\" href=\"https:\/\/universnews224.com\/index.php\/aly-toure-a-date-nous-avons-enregistre-au-sein-du-parquet-special-de-la-crief-101-procedures\/\" \/>\n<meta property=\"og:locale\" content=\"fr_FR\" \/>\n<meta property=\"og:type\" content=\"article\" \/>\n<meta property=\"og:title\" content=\"Aly Tour\u00e9\u00ab \u00c0 date, nous avons enregistr\u00e9 au sein du parquet sp\u00e9cial de la CRIEF, 101 proc\u00e9dures\u00bb - UNIVERSNEWS224\" \/>\n<meta property=\"og:description\" content=\"Le procureur sp\u00e9cial de la Cour de R\u00e9pression des Infractions \u00c9conomiques et Financi\u00e8res, Aly Tour\u00e9\" \/>\n<meta property=\"og:url\" content=\"https:\/\/universnews224.com\/index.php\/aly-toure-a-date-nous-avons-enregistre-au-sein-du-parquet-special-de-la-crief-101-procedures\/\" \/>\n<meta property=\"og:site_name\" content=\"UNIVERSNEWS224\" \/>\n<meta property=\"article:published_time\" content=\"2022-11-09T20:53:24+00:00\" \/>\n<meta property=\"og:image\" content=\"https:\/\/universnews224.com\/wp-content\/uploads\/2022\/11\/10ADC924-4E67-4FB0-9FAB-7996699470C1.jpeg\" \/>\n\t<meta property=\"og:image:width\" content=\"1080\" \/>\n\t<meta property=\"og:image:height\" content=\"810\" \/>\n\t<meta property=\"og:image:type\" content=\"image\/jpeg\" \/>\n<meta name=\"author\" content=\"La R\u00e9daction\" \/>\n<meta name=\"twitter:label1\" content=\"\u00c9crit par\" \/>\n\t<meta name=\"twitter:data1\" content=\"La R\u00e9daction\" \/>\n\t<meta name=\"twitter:label2\" content=\"Dur\u00e9e de lecture estim\u00e9e\" \/>\n\t<meta name=\"twitter:data2\" content=\"1 minute\" \/>\n<script type=\"application\/ld+json\" class=\"yoast-schema-graph\">{\"@context\":\"https:\/\/schema.org\",\"@graph\":[{\"@type\":\"Article\",\"@id\":\"https:\/\/universnews224.com\/index.php\/aly-toure-a-date-nous-avons-enregistre-au-sein-du-parquet-special-de-la-crief-101-procedures\/#article\",\"isPartOf\":{\"@id\":\"https:\/\/universnews224.com\/index.php\/aly-toure-a-date-nous-avons-enregistre-au-sein-du-parquet-special-de-la-crief-101-procedures\/\"},\"author\":{\"name\":\"La R\u00e9daction\",\"@id\":\"https:\/\/universnews224.com\/#\/schema\/person\/a4b7d4f94a4716df60456a491260485e\"},\"headline\":\"Aly Tour\u00e9\u00ab \u00c0 date, nous avons enregistr\u00e9 au sein du parquet sp\u00e9cial de la CRIEF, 101 proc\u00e9dures\u00bb\",\"datePublished\":\"2022-11-09T20:53:24+00:00\",\"dateModified\":\"2022-11-09T20:53:24+00:00\",\"mainEntityOfPage\":{\"@id\":\"https:\/\/universnews224.com\/index.php\/aly-toure-a-date-nous-avons-enregistre-au-sein-du-parquet-special-de-la-crief-101-procedures\/\"},\"wordCount\":210,\"publisher\":{\"@id\":\"https:\/\/universnews224.com\/#organization\"},\"keywords\":[\"La une\"],\"articleSection\":[\"ACTU\",\"POLITIQUE\"],\"inLanguage\":\"fr-FR\"},{\"@type\":\"WebPage\",\"@id\":\"https:\/\/universnews224.com\/index.php\/aly-toure-a-date-nous-avons-enregistre-au-sein-du-parquet-special-de-la-crief-101-procedures\/\",\"url\":\"https:\/\/universnews224.com\/index.php\/aly-toure-a-date-nous-avons-enregistre-au-sein-du-parquet-special-de-la-crief-101-procedures\/\",\"name\":\"Aly Tour\u00e9\u00ab \u00c0 date, nous avons enregistr\u00e9 au sein du parquet sp\u00e9cial de la CRIEF, 101 proc\u00e9dures\u00bb - UNIVERSNEWS224\",\"isPartOf\":{\"@id\":\"https:\/\/universnews224.com\/#website\"},\"datePublished\":\"2022-11-09T20:53:24+00:00\",\"dateModified\":\"2022-11-09T20:53:24+00:00\",\"inLanguage\":\"fr-FR\",\"potentialAction\":[{\"@type\":\"ReadAction\",\"target\":[\"https:\/\/universnews224.com\/index.php\/aly-toure-a-date-nous-avons-enregistre-au-sein-du-parquet-special-de-la-crief-101-procedures\/\"]}]},{\"@type\":\"WebSite\",\"@id\":\"https:\/\/universnews224.com\/#website\",\"url\":\"https:\/\/universnews224.com\/\",\"name\":\"UNIVERSNEWS224\",\"description\":\"\",\"publisher\":{\"@id\":\"https:\/\/universnews224.com\/#organization\"},\"potentialAction\":[{\"@type\":\"SearchAction\",\"target\":{\"@type\":\"EntryPoint\",\"urlTemplate\":\"https:\/\/universnews224.com\/?s={search_term_string}\"},\"query-input\":\"required name=search_term_string\"}],\"inLanguage\":\"fr-FR\"},{\"@type\":\"Organization\",\"@id\":\"https:\/\/universnews224.com\/#organization\",\"name\":\"UNIVERSNEWS224\",\"url\":\"https:\/\/universnews224.com\/\",\"logo\":{\"@type\":\"ImageObject\",\"inLanguage\":\"fr-FR\",\"@id\":\"https:\/\/universnews224.com\/#\/schema\/logo\/image\/\",\"url\":\"https:\/\/universnews224.com\/wp-content\/uploads\/2022\/08\/cropped-cropped-logoban.jpg\",\"contentUrl\":\"https:\/\/universnews224.com\/wp-content\/uploads\/2022\/08\/cropped-cropped-logoban.jpg\",\"width\":1080,\"height\":138,\"caption\":\"UNIVERSNEWS224\"},\"image\":{\"@id\":\"https:\/\/universnews224.com\/#\/schema\/logo\/image\/\"}},{\"@type\":\"Person\",\"@id\":\"https:\/\/universnews224.com\/#\/schema\/person\/a4b7d4f94a4716df60456a491260485e\",\"name\":\"La R\u00e9daction\",\"image\":{\"@type\":\"ImageObject\",\"inLanguage\":\"fr-FR\",\"@id\":\"https:\/\/universnews224.com\/#\/schema\/person\/image\/\",\"url\":\"https:\/\/secure.gravatar.com\/avatar\/edb90acc7752b23e1b3307ad36c14f0d?s=96&d=mm&r=g\",\"contentUrl\":\"https:\/\/secure.gravatar.com\/avatar\/edb90acc7752b23e1b3307ad36c14f0d?s=96&d=mm&r=g\",\"caption\":\"La R\u00e9daction\"},\"sameAs\":[\"https:\/\/universnews224.com\"],\"url\":\"https:\/\/universnews224.com\/index.php\/author\/m-camara\/\"}]}<\/script>\n<!-- \/ Yoast SEO plugin. -->","yoast_head_json":{"title":"Aly Tour\u00e9\u00ab \u00c0 date, nous avons enregistr\u00e9 au sein du parquet sp\u00e9cial de la CRIEF, 101 proc\u00e9dures\u00bb - UNIVERSNEWS224","robots":{"index":"index","follow":"follow","max-snippet":"max-snippet:-1","max-image-preview":"max-image-preview:large","max-video-preview":"max-video-preview:-1"},"canonical":"https:\/\/universnews224.com\/index.php\/aly-toure-a-date-nous-avons-enregistre-au-sein-du-parquet-special-de-la-crief-101-procedures\/","og_locale":"fr_FR","og_type":"article","og_title":"Aly Tour\u00e9\u00ab \u00c0 date, nous avons enregistr\u00e9 au sein du parquet sp\u00e9cial de la CRIEF, 101 proc\u00e9dures\u00bb - UNIVERSNEWS224","og_description":"Le procureur sp\u00e9cial de la Cour de R\u00e9pression des Infractions \u00c9conomiques et Financi\u00e8res, Aly Tour\u00e9","og_url":"https:\/\/universnews224.com\/index.php\/aly-toure-a-date-nous-avons-enregistre-au-sein-du-parquet-special-de-la-crief-101-procedures\/","og_site_name":"UNIVERSNEWS224","article_published_time":"2022-11-09T20:53:24+00:00","og_image":[{"width":1080,"height":810,"url":"https:\/\/universnews224.com\/wp-content\/uploads\/2022\/11\/10ADC924-4E67-4FB0-9FAB-7996699470C1.jpeg","type":"image\/jpeg"}],"author":"La R\u00e9daction","twitter_misc":{"\u00c9crit par":"La R\u00e9daction","Dur\u00e9e de lecture estim\u00e9e":"1 minute"},"schema":{"@context":"https:\/\/schema.org","@graph":[{"@type":"Article","@id":"https:\/\/universnews224.com\/index.php\/aly-toure-a-date-nous-avons-enregistre-au-sein-du-parquet-special-de-la-crief-101-procedures\/#article","isPartOf":{"@id":"https:\/\/universnews224.com\/index.php\/aly-toure-a-date-nous-avons-enregistre-au-sein-du-parquet-special-de-la-crief-101-procedures\/"},"author":{"name":"La R\u00e9daction","@id":"https:\/\/universnews224.com\/#\/schema\/person\/a4b7d4f94a4716df60456a491260485e"},"headline":"Aly Tour\u00e9\u00ab \u00c0 date, nous avons enregistr\u00e9 au sein du parquet sp\u00e9cial de la CRIEF, 101 proc\u00e9dures\u00bb","datePublished":"2022-11-09T20:53:24+00:00","dateModified":"2022-11-09T20:53:24+00:00","mainEntityOfPage":{"@id":"https:\/\/universnews224.com\/index.php\/aly-toure-a-date-nous-avons-enregistre-au-sein-du-parquet-special-de-la-crief-101-procedures\/"},"wordCount":210,"publisher":{"@id":"https:\/\/universnews224.com\/#organization"},"keywords":["La une"],"articleSection":["ACTU","POLITIQUE"],"inLanguage":"fr-FR"},{"@type":"WebPage","@id":"https:\/\/universnews224.com\/index.php\/aly-toure-a-date-nous-avons-enregistre-au-sein-du-parquet-special-de-la-crief-101-procedures\/","url":"https:\/\/universnews224.com\/index.php\/aly-toure-a-date-nous-avons-enregistre-au-sein-du-parquet-special-de-la-crief-101-procedures\/","name":"Aly Tour\u00e9\u00ab \u00c0 date, nous avons enregistr\u00e9 au sein du parquet sp\u00e9cial de la CRIEF, 101 proc\u00e9dures\u00bb - UNIVERSNEWS224","isPartOf":{"@id":"https:\/\/universnews224.com\/#website"},"datePublished":"2022-11-09T20:53:24+00:00","dateModified":"2022-11-09T20:53:24+00:00","inLanguage":"fr-FR","potentialAction":[{"@type":"ReadAction","target":["https:\/\/universnews224.com\/index.php\/aly-toure-a-date-nous-avons-enregistre-au-sein-du-parquet-special-de-la-crief-101-procedures\/"]}]},{"@type":"WebSite","@id":"https:\/\/universnews224.com\/#website","url":"https:\/\/universnews224.com\/","name":"UNIVERSNEWS224","description":"","publisher":{"@id":"https:\/\/universnews224.com\/#organization"},"potentialAction":[{"@type":"SearchAction","target":{"@type":"EntryPoint","urlTemplate":"https:\/\/universnews224.com\/?s={search_term_string}"},"query-input":"required name=search_term_string"}],"inLanguage":"fr-FR"},{"@type":"Organization","@id":"https:\/\/universnews224.com\/#organization","name":"UNIVERSNEWS224","url":"https:\/\/universnews224.com\/","logo":{"@type":"ImageObject","inLanguage":"fr-FR","@id":"https:\/\/universnews224.com\/#\/schema\/logo\/image\/","url":"https:\/\/universnews224.com\/wp-content\/uploads\/2022\/08\/cropped-cropped-logoban.jpg","contentUrl":"https:\/\/universnews224.com\/wp-content\/uploads\/2022\/08\/cropped-cropped-logoban.jpg","width":1080,"height":138,"caption":"UNIVERSNEWS224"},"image":{"@id":"https:\/\/universnews224.com\/#\/schema\/logo\/image\/"}},{"@type":"Person","@id":"https:\/\/universnews224.com\/#\/schema\/person\/a4b7d4f94a4716df60456a491260485e","name":"La R\u00e9daction","image":{"@type":"ImageObject","inLanguage":"fr-FR","@id":"https:\/\/universnews224.com\/#\/schema\/person\/image\/","url":"https:\/\/secure.gravatar.com\/avatar\/edb90acc7752b23e1b3307ad36c14f0d?s=96&d=mm&r=g","contentUrl":"https:\/\/secure.gravatar.com\/avatar\/edb90acc7752b23e1b3307ad36c14f0d?s=96&d=mm&r=g","caption":"La R\u00e9daction"},"sameAs":["https:\/\/universnews224.com"],"url":"https:\/\/universnews224.com\/index.php\/author\/m-camara\/"}]}},"_links":{"self":[{"href":"https:\/\/universnews224.com\/index.php\/wp-json\/wp\/v2\/posts\/2446"}],"collection":[{"href":"https:\/\/universnews224.com\/index.php\/wp-json\/wp\/v2\/posts"}],"about":[{"href":"https:\/\/universnews224.com\/index.php\/wp-json\/wp\/v2\/types\/post"}],"author":[{"embeddable":true,"href":"https:\/\/universnews224.com\/index.php\/wp-json\/wp\/v2\/users\/2"}],"replies":[{"embeddable":true,"href":"https:\/\/universnews224.com\/index.php\/wp-json\/wp\/v2\/comments?post=2446"}],"version-history":[{"count":1,"href":"https:\/\/universnews224.com\/index.php\/wp-json\/wp\/v2\/posts\/2446\/revisions"}],"predecessor-version":[{"id":2448,"href":"https:\/\/universnews224.com\/index.php\/wp-json\/wp\/v2\/posts\/2446\/revisions\/2448"}],"wp:featuredmedia":[{"embeddable":true,"href":"https:\/\/universnews224.com\/index.php\/wp-json\/wp\/v2\/media\/2447"}],"wp:attachment":[{"href":"https:\/\/universnews224.com\/index.php\/wp-json\/wp\/v2\/media?parent=2446"}],"wp:term":[{"taxonomy":"category","embeddable":true,"href":"https:\/\/universnews224.com\/index.php\/wp-json\/wp\/v2\/categories?post=2446"},{"taxonomy":"post_tag","embeddable":true,"href":"https:\/\/universnews224.com\/index.php\/wp-json\/wp\/v2\/tags?post=2446"}],"curies":[{"name":"wp","href":"https:\/\/api.w.org\/{rel}","templated":true}]}}