{"id":2468,"date":"2022-11-14T15:45:09","date_gmt":"2022-11-14T14:45:09","guid":{"rendered":"https:\/\/universnews224.com\/?p=2468"},"modified":"2022-11-14T15:45:09","modified_gmt":"2022-11-14T14:45:09","slug":"colonel-abdoulaye-cherif-sur-lexistence-des-fosses-communes-je-jure-je-nen-sais-rien","status":"publish","type":"post","link":"https:\/\/universnews224.com\/index.php\/colonel-abdoulaye-cherif-sur-lexistence-des-fosses-communes-je-jure-je-nen-sais-rien\/","title":{"rendered":"Colonel Abdoulaye Ch\u00e9rif sur l\u2019existence des fosses communes: \u201cje jure, je n\u2019en sais rien\u201d"},"content":{"rendered":"<p>Depuis le d\u00e9but de l\u2019audience de ce lundi, 14 novembre 2022, le colonel Abdoulaye Ch\u00e9rif Diaby, ministre de la sant\u00e9 lors du massacre du 28 septembre 2009, continue de r\u00e9pondre aux questions des parties au proc\u00e8s.<\/p>\n<p>&nbsp;<\/p>\n<div class=\"jeg_ad jeg_ad_article jnews_content_inline_3_ads  \">\n<div class=\"ads-wrapper align-center \"><\/div>\n<\/div>\n<p>Sur son implication pr\u00e9sum\u00e9e dans le massacre au stade de Conakry en 2009, le colonel Abdoulaye Ch\u00e9rif Diaby nie le faits et dit avoir \u00e9t\u00e9 mis devant les faits accomplis.<\/p>\n<p>&nbsp;<\/p>\n<p>\u201cJe n\u2019\u00e9tais pas au stade. Moi, on m\u2019a mis devant le faits accomplis avec des bless\u00e9s issus des \u00e9v\u00e9nements au stade\u201d, a-t-il dit.<\/p>\n<p>&nbsp;<\/p>\n<p>Questionn\u00e9 sur l\u2019existence des fosses communes, l\u2019ancien ministre de la Sant\u00e9 laisse entendre:<\/p>\n<p>&nbsp;<\/p>\n<p>\u00ab\u00a0Je jure, je n\u2019en sais rien de l\u2019existence des fosses communes\u00a0\u00bb, a-t-il dit.<\/p>\n<p>&nbsp;<\/p>\n<p>A Donka, au lendemain du carnage au stade de Conakry, plusieurs bless\u00e9s avaient \u00e9t\u00e9 admis au CHU de Donka pour des soins intensifs. Lors de son passage dans ce CHU, le colonel Diaby aurait tenu des propos injurieux \u00e0 l\u2019encontre de quelques malades, apprend-on. Des all\u00e9gations qu\u2019il balaie d\u2019un revers de main \u00e0 la barre.<\/p>\n<p>&nbsp;<\/p>\n<p>\u00ab\u00a0J\u2019ai pas donn\u00e9 un coup de pied \u00e0 un malade et j\u2019ai pas emp\u00each\u00e9 les m\u00e9decins de s\u2019occuper des bless\u00e9s\u00a0\u00bb, se d\u00e9fend-il.<\/p>\n<p>Lerevelateur224<\/p>\n<p>&nbsp;<\/p>\n","protected":false},"excerpt":{"rendered":"<p>Depuis le d\u00e9but de l\u2019audience de ce lundi, 14 novembre 2022, le colonel Abdoulaye Ch\u00e9rif<\/p>\n","protected":false},"author":2,"featured_media":2469,"comment_status":"closed","ping_status":"open","sticky":false,"template":"","format":"standard","meta":[],"categories":[3,4],"tags":[229],"yoast_head":"<!-- This site is optimized with the Yoast SEO plugin v19.13 - https:\/\/yoast.com\/wordpress\/plugins\/seo\/ -->\n<title>Colonel Abdoulaye Ch\u00e9rif sur l\u2019existence des fosses communes: \u201cje jure, je n\u2019en sais rien\u201d - UNIVERSNEWS224<\/title>\n<meta name=\"robots\" content=\"index, follow, max-snippet:-1, max-image-preview:large, max-video-preview:-1\" \/>\n<link rel=\"canonical\" href=\"https:\/\/universnews224.com\/index.php\/colonel-abdoulaye-cherif-sur-lexistence-des-fosses-communes-je-jure-je-nen-sais-rien\/\" \/>\n<meta property=\"og:locale\" content=\"fr_FR\" \/>\n<meta property=\"og:type\" content=\"article\" \/>\n<meta property=\"og:title\" content=\"Colonel Abdoulaye Ch\u00e9rif sur l\u2019existence des fosses communes: \u201cje jure, je n\u2019en sais rien\u201d - UNIVERSNEWS224\" \/>\n<meta property=\"og:description\" content=\"Depuis le d\u00e9but de l\u2019audience de ce lundi, 14 novembre 2022, le colonel Abdoulaye Ch\u00e9rif\" \/>\n<meta property=\"og:url\" content=\"https:\/\/universnews224.com\/index.php\/colonel-abdoulaye-cherif-sur-lexistence-des-fosses-communes-je-jure-je-nen-sais-rien\/\" \/>\n<meta property=\"og:site_name\" content=\"UNIVERSNEWS224\" \/>\n<meta property=\"article:published_time\" content=\"2022-11-14T14:45:09+00:00\" \/>\n<meta property=\"og:image\" content=\"https:\/\/universnews224.com\/wp-content\/uploads\/2022\/11\/007DFFE2-FFF5-4209-AE96-4246552103D8.jpeg\" \/>\n\t<meta property=\"og:image:width\" content=\"960\" \/>\n\t<meta property=\"og:image:height\" content=\"640\" \/>\n\t<meta property=\"og:image:type\" content=\"image\/jpeg\" \/>\n<meta name=\"author\" content=\"La R\u00e9daction\" \/>\n<meta name=\"twitter:label1\" content=\"\u00c9crit par\" \/>\n\t<meta name=\"twitter:data1\" content=\"La R\u00e9daction\" \/>\n\t<meta name=\"twitter:label2\" content=\"Dur\u00e9e de lecture estim\u00e9e\" \/>\n\t<meta name=\"twitter:data2\" content=\"1 minute\" \/>\n<script type=\"application\/ld+json\" class=\"yoast-schema-graph\">{\"@context\":\"https:\/\/schema.org\",\"@graph\":[{\"@type\":\"Article\",\"@id\":\"https:\/\/universnews224.com\/index.php\/colonel-abdoulaye-cherif-sur-lexistence-des-fosses-communes-je-jure-je-nen-sais-rien\/#article\",\"isPartOf\":{\"@id\":\"https:\/\/universnews224.com\/index.php\/colonel-abdoulaye-cherif-sur-lexistence-des-fosses-communes-je-jure-je-nen-sais-rien\/\"},\"author\":{\"name\":\"La R\u00e9daction\",\"@id\":\"https:\/\/universnews224.com\/#\/schema\/person\/a4b7d4f94a4716df60456a491260485e\"},\"headline\":\"Colonel Abdoulaye Ch\u00e9rif sur l\u2019existence des fosses communes: \u201cje jure, je n\u2019en sais rien\u201d\",\"datePublished\":\"2022-11-14T14:45:09+00:00\",\"dateModified\":\"2022-11-14T14:45:09+00:00\",\"mainEntityOfPage\":{\"@id\":\"https:\/\/universnews224.com\/index.php\/colonel-abdoulaye-cherif-sur-lexistence-des-fosses-communes-je-jure-je-nen-sais-rien\/\"},\"wordCount\":237,\"publisher\":{\"@id\":\"https:\/\/universnews224.com\/#organization\"},\"keywords\":[\"La une\"],\"articleSection\":[\"ACTU\",\"POLITIQUE\"],\"inLanguage\":\"fr-FR\"},{\"@type\":\"WebPage\",\"@id\":\"https:\/\/universnews224.com\/index.php\/colonel-abdoulaye-cherif-sur-lexistence-des-fosses-communes-je-jure-je-nen-sais-rien\/\",\"url\":\"https:\/\/universnews224.com\/index.php\/colonel-abdoulaye-cherif-sur-lexistence-des-fosses-communes-je-jure-je-nen-sais-rien\/\",\"name\":\"Colonel Abdoulaye Ch\u00e9rif sur l\u2019existence des fosses communes: \u201cje jure, je n\u2019en sais rien\u201d - UNIVERSNEWS224\",\"isPartOf\":{\"@id\":\"https:\/\/universnews224.com\/#website\"},\"datePublished\":\"2022-11-14T14:45:09+00:00\",\"dateModified\":\"2022-11-14T14:45:09+00:00\",\"inLanguage\":\"fr-FR\",\"potentialAction\":[{\"@type\":\"ReadAction\",\"target\":[\"https:\/\/universnews224.com\/index.php\/colonel-abdoulaye-cherif-sur-lexistence-des-fosses-communes-je-jure-je-nen-sais-rien\/\"]}]},{\"@type\":\"WebSite\",\"@id\":\"https:\/\/universnews224.com\/#website\",\"url\":\"https:\/\/universnews224.com\/\",\"name\":\"UNIVERSNEWS224\",\"description\":\"\",\"publisher\":{\"@id\":\"https:\/\/universnews224.com\/#organization\"},\"potentialAction\":[{\"@type\":\"SearchAction\",\"target\":{\"@type\":\"EntryPoint\",\"urlTemplate\":\"https:\/\/universnews224.com\/?s={search_term_string}\"},\"query-input\":\"required name=search_term_string\"}],\"inLanguage\":\"fr-FR\"},{\"@type\":\"Organization\",\"@id\":\"https:\/\/universnews224.com\/#organization\",\"name\":\"UNIVERSNEWS224\",\"url\":\"https:\/\/universnews224.com\/\",\"logo\":{\"@type\":\"ImageObject\",\"inLanguage\":\"fr-FR\",\"@id\":\"https:\/\/universnews224.com\/#\/schema\/logo\/image\/\",\"url\":\"https:\/\/universnews224.com\/wp-content\/uploads\/2022\/08\/cropped-cropped-logoban.jpg\",\"contentUrl\":\"https:\/\/universnews224.com\/wp-content\/uploads\/2022\/08\/cropped-cropped-logoban.jpg\",\"width\":1080,\"height\":138,\"caption\":\"UNIVERSNEWS224\"},\"image\":{\"@id\":\"https:\/\/universnews224.com\/#\/schema\/logo\/image\/\"}},{\"@type\":\"Person\",\"@id\":\"https:\/\/universnews224.com\/#\/schema\/person\/a4b7d4f94a4716df60456a491260485e\",\"name\":\"La R\u00e9daction\",\"image\":{\"@type\":\"ImageObject\",\"inLanguage\":\"fr-FR\",\"@id\":\"https:\/\/universnews224.com\/#\/schema\/person\/image\/\",\"url\":\"https:\/\/secure.gravatar.com\/avatar\/edb90acc7752b23e1b3307ad36c14f0d?s=96&d=mm&r=g\",\"contentUrl\":\"https:\/\/secure.gravatar.com\/avatar\/edb90acc7752b23e1b3307ad36c14f0d?s=96&d=mm&r=g\",\"caption\":\"La R\u00e9daction\"},\"sameAs\":[\"https:\/\/universnews224.com\"],\"url\":\"https:\/\/universnews224.com\/index.php\/author\/m-camara\/\"}]}<\/script>\n<!-- \/ Yoast SEO plugin. -->","yoast_head_json":{"title":"Colonel Abdoulaye Ch\u00e9rif sur l\u2019existence des fosses communes: \u201cje jure, je n\u2019en sais rien\u201d - UNIVERSNEWS224","robots":{"index":"index","follow":"follow","max-snippet":"max-snippet:-1","max-image-preview":"max-image-preview:large","max-video-preview":"max-video-preview:-1"},"canonical":"https:\/\/universnews224.com\/index.php\/colonel-abdoulaye-cherif-sur-lexistence-des-fosses-communes-je-jure-je-nen-sais-rien\/","og_locale":"fr_FR","og_type":"article","og_title":"Colonel Abdoulaye Ch\u00e9rif sur l\u2019existence des fosses communes: \u201cje jure, je n\u2019en sais rien\u201d - UNIVERSNEWS224","og_description":"Depuis le d\u00e9but de l\u2019audience de ce lundi, 14 novembre 2022, le colonel Abdoulaye Ch\u00e9rif","og_url":"https:\/\/universnews224.com\/index.php\/colonel-abdoulaye-cherif-sur-lexistence-des-fosses-communes-je-jure-je-nen-sais-rien\/","og_site_name":"UNIVERSNEWS224","article_published_time":"2022-11-14T14:45:09+00:00","og_image":[{"width":960,"height":640,"url":"https:\/\/universnews224.com\/wp-content\/uploads\/2022\/11\/007DFFE2-FFF5-4209-AE96-4246552103D8.jpeg","type":"image\/jpeg"}],"author":"La R\u00e9daction","twitter_misc":{"\u00c9crit par":"La R\u00e9daction","Dur\u00e9e de lecture estim\u00e9e":"1 minute"},"schema":{"@context":"https:\/\/schema.org","@graph":[{"@type":"Article","@id":"https:\/\/universnews224.com\/index.php\/colonel-abdoulaye-cherif-sur-lexistence-des-fosses-communes-je-jure-je-nen-sais-rien\/#article","isPartOf":{"@id":"https:\/\/universnews224.com\/index.php\/colonel-abdoulaye-cherif-sur-lexistence-des-fosses-communes-je-jure-je-nen-sais-rien\/"},"author":{"name":"La R\u00e9daction","@id":"https:\/\/universnews224.com\/#\/schema\/person\/a4b7d4f94a4716df60456a491260485e"},"headline":"Colonel Abdoulaye Ch\u00e9rif sur l\u2019existence des fosses communes: \u201cje jure, je n\u2019en sais rien\u201d","datePublished":"2022-11-14T14:45:09+00:00","dateModified":"2022-11-14T14:45:09+00:00","mainEntityOfPage":{"@id":"https:\/\/universnews224.com\/index.php\/colonel-abdoulaye-cherif-sur-lexistence-des-fosses-communes-je-jure-je-nen-sais-rien\/"},"wordCount":237,"publisher":{"@id":"https:\/\/universnews224.com\/#organization"},"keywords":["La une"],"articleSection":["ACTU","POLITIQUE"],"inLanguage":"fr-FR"},{"@type":"WebPage","@id":"https:\/\/universnews224.com\/index.php\/colonel-abdoulaye-cherif-sur-lexistence-des-fosses-communes-je-jure-je-nen-sais-rien\/","url":"https:\/\/universnews224.com\/index.php\/colonel-abdoulaye-cherif-sur-lexistence-des-fosses-communes-je-jure-je-nen-sais-rien\/","name":"Colonel Abdoulaye Ch\u00e9rif sur l\u2019existence des fosses communes: \u201cje jure, je n\u2019en sais rien\u201d - UNIVERSNEWS224","isPartOf":{"@id":"https:\/\/universnews224.com\/#website"},"datePublished":"2022-11-14T14:45:09+00:00","dateModified":"2022-11-14T14:45:09+00:00","inLanguage":"fr-FR","potentialAction":[{"@type":"ReadAction","target":["https:\/\/universnews224.com\/index.php\/colonel-abdoulaye-cherif-sur-lexistence-des-fosses-communes-je-jure-je-nen-sais-rien\/"]}]},{"@type":"WebSite","@id":"https:\/\/universnews224.com\/#website","url":"https:\/\/universnews224.com\/","name":"UNIVERSNEWS224","description":"","publisher":{"@id":"https:\/\/universnews224.com\/#organization"},"potentialAction":[{"@type":"SearchAction","target":{"@type":"EntryPoint","urlTemplate":"https:\/\/universnews224.com\/?s={search_term_string}"},"query-input":"required name=search_term_string"}],"inLanguage":"fr-FR"},{"@type":"Organization","@id":"https:\/\/universnews224.com\/#organization","name":"UNIVERSNEWS224","url":"https:\/\/universnews224.com\/","logo":{"@type":"ImageObject","inLanguage":"fr-FR","@id":"https:\/\/universnews224.com\/#\/schema\/logo\/image\/","url":"https:\/\/universnews224.com\/wp-content\/uploads\/2022\/08\/cropped-cropped-logoban.jpg","contentUrl":"https:\/\/universnews224.com\/wp-content\/uploads\/2022\/08\/cropped-cropped-logoban.jpg","width":1080,"height":138,"caption":"UNIVERSNEWS224"},"image":{"@id":"https:\/\/universnews224.com\/#\/schema\/logo\/image\/"}},{"@type":"Person","@id":"https:\/\/universnews224.com\/#\/schema\/person\/a4b7d4f94a4716df60456a491260485e","name":"La R\u00e9daction","image":{"@type":"ImageObject","inLanguage":"fr-FR","@id":"https:\/\/universnews224.com\/#\/schema\/person\/image\/","url":"https:\/\/secure.gravatar.com\/avatar\/edb90acc7752b23e1b3307ad36c14f0d?s=96&d=mm&r=g","contentUrl":"https:\/\/secure.gravatar.com\/avatar\/edb90acc7752b23e1b3307ad36c14f0d?s=96&d=mm&r=g","caption":"La R\u00e9daction"},"sameAs":["https:\/\/universnews224.com"],"url":"https:\/\/universnews224.com\/index.php\/author\/m-camara\/"}]}},"_links":{"self":[{"href":"https:\/\/universnews224.com\/index.php\/wp-json\/wp\/v2\/posts\/2468"}],"collection":[{"href":"https:\/\/universnews224.com\/index.php\/wp-json\/wp\/v2\/posts"}],"about":[{"href":"https:\/\/universnews224.com\/index.php\/wp-json\/wp\/v2\/types\/post"}],"author":[{"embeddable":true,"href":"https:\/\/universnews224.com\/index.php\/wp-json\/wp\/v2\/users\/2"}],"replies":[{"embeddable":true,"href":"https:\/\/universnews224.com\/index.php\/wp-json\/wp\/v2\/comments?post=2468"}],"version-history":[{"count":1,"href":"https:\/\/universnews224.com\/index.php\/wp-json\/wp\/v2\/posts\/2468\/revisions"}],"predecessor-version":[{"id":2470,"href":"https:\/\/universnews224.com\/index.php\/wp-json\/wp\/v2\/posts\/2468\/revisions\/2470"}],"wp:featuredmedia":[{"embeddable":true,"href":"https:\/\/universnews224.com\/index.php\/wp-json\/wp\/v2\/media\/2469"}],"wp:attachment":[{"href":"https:\/\/universnews224.com\/index.php\/wp-json\/wp\/v2\/media?parent=2468"}],"wp:term":[{"taxonomy":"category","embeddable":true,"href":"https:\/\/universnews224.com\/index.php\/wp-json\/wp\/v2\/categories?post=2468"},{"taxonomy":"post_tag","embeddable":true,"href":"https:\/\/universnews224.com\/index.php\/wp-json\/wp\/v2\/tags?post=2468"}],"curies":[{"name":"wp","href":"https:\/\/api.w.org\/{rel}","templated":true}]}}