{"id":2471,"date":"2022-11-14T16:57:08","date_gmt":"2022-11-14T15:57:08","guid":{"rendered":"https:\/\/universnews224.com\/?p=2471"},"modified":"2022-11-14T16:59:07","modified_gmt":"2022-11-14T15:59:07","slug":"le-premier-ministre-dr-bernard-goumou-lance-les-travaux-des-etats-generaux-du-foncier-en-guinee","status":"publish","type":"post","link":"https:\/\/universnews224.com\/index.php\/le-premier-ministre-dr-bernard-goumou-lance-les-travaux-des-etats-generaux-du-foncier-en-guinee\/","title":{"rendered":"Le premier ministre, Dr Bernard Goumou lance les travaux des Etats G\u00e9n\u00e9raux du foncier en Guin\u00e9e."},"content":{"rendered":"<div>Le Minist\u00e8re de l\u2019Urbanisme, de l\u2019Habitat et de l\u2019Am\u00e9nagement du Territoire (MUHAT) en collaboration avec le Minist\u00e8re de l\u2019Agriculture et de l\u2019Elevage (MAE) et le soutien normal des Partenaires Techniques et Financiers (PTF) de la Guin\u00e9e \u00e0 organis\u00e9 ce lundi 14 novembre 2022, \u00e0 Conakry les Etats G\u00e9n\u00e9raux du Foncier les 14 au 17 du m\u00eame mois.<\/div>\n<div><\/div>\n<div><\/div>\n<div><\/div>\n<div>Un forum de grande taille regroupant 300 participants environ, dont entre autres : \u00a0des experts internationaux sp\u00e9cialistes des questions fonci\u00e8res, des cadres et agents de d\u00e9partements sectoriels, des repr\u00e9sentants des Partenaires Techniques et Financiers (PTFs), du monde universitaire, des experts des ordres professionnels, des membres des organisations paysannes, des leaders communautaires et des coutumiers&#8230;<\/div>\n<div><\/div>\n<div><\/div>\n<div><\/div>\n<div><\/div>\n<div>Dans son discours de circonstance, le ministre de l\u2019Urbanisme, de l\u2019Habitat et de l&rsquo;am\u00e9nagement du territoire Colonel Ibrahima Sory Bangoura \u00a0affirme que \u00a0: <a href=\"https:\/\/universnews224.com\/wp-content\/uploads\/2022\/11\/0650EE7D-52EB-4246-8B72-1788733BD901.jpeg\"><img loading=\"lazy\" class=\"alignnone size-medium wp-image-2473\" src=\"https:\/\/universnews224.com\/wp-content\/uploads\/2022\/11\/0650EE7D-52EB-4246-8B72-1788733BD901-300x169.jpeg\" alt=\"\" width=\"300\" height=\"169\" srcset=\"https:\/\/universnews224.com\/wp-content\/uploads\/2022\/11\/0650EE7D-52EB-4246-8B72-1788733BD901-300x169.jpeg 300w, https:\/\/universnews224.com\/wp-content\/uploads\/2022\/11\/0650EE7D-52EB-4246-8B72-1788733BD901-768x432.jpeg 768w, https:\/\/universnews224.com\/wp-content\/uploads\/2022\/11\/0650EE7D-52EB-4246-8B72-1788733BD901-800x450.jpeg 800w, https:\/\/universnews224.com\/wp-content\/uploads\/2022\/11\/0650EE7D-52EB-4246-8B72-1788733BD901.jpeg 1024w\" sizes=\"(max-width: 300px) 100vw, 300px\" \/><\/a><\/div>\n<div><\/div>\n<div><\/div>\n<div><\/div>\n<div>\u00ab Les Etats G\u00e9n\u00e9raux du Foncier visent \u00e0 asseoir des bases solides d\u2019une r\u00e9forme fonci\u00e8re garantissant la s\u00e9curit\u00e9 fonci\u00e8re. La pr\u00e9servation des domaines de l\u2019Etat, la promotion des investissements publics et priv\u00e9s en milieu rural et urbain ainsi que le d\u00e9veloppement des activit\u00e9s de production \u00e9conomique dans un climat social apais\u00e9. On le sait, malgr\u00e9 l\u2019existence d\u2019un cadre l\u00e9gislatif et r\u00e9glementaire, la Guin\u00e9e fait face \u00e0 des d\u00e9fis dans la mise en \u0153uvre de sa l\u00e9gislation et sa r\u00e9glementation fonci\u00e8re. Face \u00e0 une d\u00e9mographie galopante, la pression fonci\u00e8re est (de plus en plus forte) et les conflits fonciers se multiplient. Les cours et tribunaux du pays g\u00e8rent ainsi au quotidien ces conflits et leurs cons\u00e9quences \u00bb.<\/div>\n<div><\/div>\n<div><\/div>\n<div><\/div>\n<div><\/div>\n<div>Selon lui, durant les 4 jours en pl\u00e9ni\u00e8res, les participants doivent de formuler des recommandations et proposer des solutions pertinentes d\u2019am\u00e9lioration du syst\u00e8me de gouvernance fonci\u00e8re en Guin\u00e9e.<a href=\"https:\/\/universnews224.com\/wp-content\/uploads\/2022\/11\/A6E40E0E-44D7-47C5-8BEB-F508937532A2.jpeg\"><img loading=\"lazy\" class=\"alignnone size-medium wp-image-2474\" src=\"https:\/\/universnews224.com\/wp-content\/uploads\/2022\/11\/A6E40E0E-44D7-47C5-8BEB-F508937532A2-300x225.jpeg\" alt=\"\" width=\"300\" height=\"225\" srcset=\"https:\/\/universnews224.com\/wp-content\/uploads\/2022\/11\/A6E40E0E-44D7-47C5-8BEB-F508937532A2-300x225.jpeg 300w, https:\/\/universnews224.com\/wp-content\/uploads\/2022\/11\/A6E40E0E-44D7-47C5-8BEB-F508937532A2-1024x768.jpeg 1024w, https:\/\/universnews224.com\/wp-content\/uploads\/2022\/11\/A6E40E0E-44D7-47C5-8BEB-F508937532A2-768x576.jpeg 768w, https:\/\/universnews224.com\/wp-content\/uploads\/2022\/11\/A6E40E0E-44D7-47C5-8BEB-F508937532A2-720x540.jpeg 720w, https:\/\/universnews224.com\/wp-content\/uploads\/2022\/11\/A6E40E0E-44D7-47C5-8BEB-F508937532A2.jpeg 1080w\" sizes=\"(max-width: 300px) 100vw, 300px\" \/><\/a><\/div>\n<div><\/div>\n<div><\/div>\n<div>\n\u00ab Sur la base des th\u00e9matiques repertori\u00e9es, les participants doivent identifier et diagnostiquer les enjeux, d\u00e9fis et probl\u00e9matiques de la gouvernance fonci\u00e8re ; pr\u00e9coniser des mesures coh\u00e9rentes assorties de m\u00e9canismes efficaces de r\u00e8glement des conflits fonciers ; partager des informations, des bonnes pratiques et des exp\u00e9riences sur les politiques fonci\u00e8res en Afrique et ailleurs ; et surtout, mettre en place un m\u00e9canisme de suivi pour une mise en \u0153uvre efficace des recommandations des EGF \u00bb, a mentionn\u00e9 le colonel I.S.B.<\/div>\n<div><\/div>\n<div><\/div>\n<div><\/div>\n<div><\/div>\n<div>De son c\u00f4t\u00e9, le premier ministre Dr Bernard Goumou a son tour remerci\u00e9 les organisateurs et les partenaires pour la tenue de cette activit\u00e9 fonci\u00e8re qui, dans sa premi\u00e8re fois dans notre pays. Il assure \u00e9galement au nom du pr\u00e9sident de la transition et l&rsquo;ensemble du gouvernement tout le soutien \u00a0total durant ces \u00c9tats g\u00e9n\u00e9raux et les recommandations qui ont seront issue.<\/div>\n<div><\/div>\n<div><\/div>\n<div><a href=\"https:\/\/universnews224.com\/wp-content\/uploads\/2022\/11\/26BCD992-C266-4805-BFCC-92C467E817DF.jpeg\"><img loading=\"lazy\" class=\"alignnone size-medium wp-image-2475\" src=\"https:\/\/universnews224.com\/wp-content\/uploads\/2022\/11\/26BCD992-C266-4805-BFCC-92C467E817DF-300x290.jpeg\" alt=\"\" width=\"300\" height=\"290\" srcset=\"https:\/\/universnews224.com\/wp-content\/uploads\/2022\/11\/26BCD992-C266-4805-BFCC-92C467E817DF-300x290.jpeg 300w, https:\/\/universnews224.com\/wp-content\/uploads\/2022\/11\/26BCD992-C266-4805-BFCC-92C467E817DF-768x742.jpeg 768w, https:\/\/universnews224.com\/wp-content\/uploads\/2022\/11\/26BCD992-C266-4805-BFCC-92C467E817DF.jpeg 1000w\" sizes=\"(max-width: 300px) 100vw, 300px\" \/><\/a><\/div>\n<div><\/div>\n<div><\/div>\n<div>Aliass Sylla.<\/div>\n","protected":false},"excerpt":{"rendered":"<p>Le Minist\u00e8re de l\u2019Urbanisme, de l\u2019Habitat et de l\u2019Am\u00e9nagement du Territoire (MUHAT) en collaboration avec<\/p>\n","protected":false},"author":2,"featured_media":2472,"comment_status":"closed","ping_status":"open","sticky":false,"template":"","format":"standard","meta":[],"categories":[3,5],"tags":[229],"yoast_head":"<!-- This site is optimized with the Yoast SEO plugin v19.13 - https:\/\/yoast.com\/wordpress\/plugins\/seo\/ -->\n<title>Le premier ministre, Dr Bernard Goumou lance les travaux des Etats G\u00e9n\u00e9raux du foncier en Guin\u00e9e. - UNIVERSNEWS224<\/title>\n<meta name=\"robots\" content=\"index, follow, max-snippet:-1, max-image-preview:large, max-video-preview:-1\" \/>\n<link rel=\"canonical\" href=\"https:\/\/universnews224.com\/index.php\/le-premier-ministre-dr-bernard-goumou-lance-les-travaux-des-etats-generaux-du-foncier-en-guinee\/\" \/>\n<meta property=\"og:locale\" content=\"fr_FR\" \/>\n<meta property=\"og:type\" content=\"article\" \/>\n<meta property=\"og:title\" content=\"Le premier ministre, Dr Bernard Goumou lance les travaux des Etats G\u00e9n\u00e9raux du foncier en Guin\u00e9e. - UNIVERSNEWS224\" \/>\n<meta property=\"og:description\" content=\"Le Minist\u00e8re de l\u2019Urbanisme, de l\u2019Habitat et de l\u2019Am\u00e9nagement du Territoire (MUHAT) en collaboration avec\" \/>\n<meta property=\"og:url\" content=\"https:\/\/universnews224.com\/index.php\/le-premier-ministre-dr-bernard-goumou-lance-les-travaux-des-etats-generaux-du-foncier-en-guinee\/\" \/>\n<meta property=\"og:site_name\" content=\"UNIVERSNEWS224\" \/>\n<meta property=\"article:published_time\" content=\"2022-11-14T15:57:08+00:00\" \/>\n<meta property=\"article:modified_time\" content=\"2022-11-14T15:59:07+00:00\" \/>\n<meta property=\"og:image\" content=\"https:\/\/universnews224.com\/wp-content\/uploads\/2022\/11\/805B0DF9-B962-4564-9AFD-F7AB2A78F0D1.jpeg\" \/>\n\t<meta property=\"og:image:width\" content=\"1080\" \/>\n\t<meta property=\"og:image:height\" content=\"810\" \/>\n\t<meta property=\"og:image:type\" content=\"image\/jpeg\" \/>\n<meta name=\"author\" content=\"La R\u00e9daction\" \/>\n<meta name=\"twitter:label1\" content=\"\u00c9crit par\" \/>\n\t<meta name=\"twitter:data1\" content=\"La R\u00e9daction\" \/>\n\t<meta name=\"twitter:label2\" content=\"Dur\u00e9e de lecture estim\u00e9e\" \/>\n\t<meta name=\"twitter:data2\" content=\"3 minutes\" \/>\n<script type=\"application\/ld+json\" class=\"yoast-schema-graph\">{\"@context\":\"https:\/\/schema.org\",\"@graph\":[{\"@type\":\"Article\",\"@id\":\"https:\/\/universnews224.com\/index.php\/le-premier-ministre-dr-bernard-goumou-lance-les-travaux-des-etats-generaux-du-foncier-en-guinee\/#article\",\"isPartOf\":{\"@id\":\"https:\/\/universnews224.com\/index.php\/le-premier-ministre-dr-bernard-goumou-lance-les-travaux-des-etats-generaux-du-foncier-en-guinee\/\"},\"author\":{\"name\":\"La R\u00e9daction\",\"@id\":\"https:\/\/universnews224.com\/#\/schema\/person\/a4b7d4f94a4716df60456a491260485e\"},\"headline\":\"Le premier ministre, Dr Bernard Goumou lance les travaux des Etats G\u00e9n\u00e9raux du foncier en Guin\u00e9e.\",\"datePublished\":\"2022-11-14T15:57:08+00:00\",\"dateModified\":\"2022-11-14T15:59:07+00:00\",\"mainEntityOfPage\":{\"@id\":\"https:\/\/universnews224.com\/index.php\/le-premier-ministre-dr-bernard-goumou-lance-les-travaux-des-etats-generaux-du-foncier-en-guinee\/\"},\"wordCount\":492,\"publisher\":{\"@id\":\"https:\/\/universnews224.com\/#organization\"},\"keywords\":[\"La une\"],\"articleSection\":[\"ACTU\",\"SOCI\u00c9T\u00c9\"],\"inLanguage\":\"fr-FR\"},{\"@type\":\"WebPage\",\"@id\":\"https:\/\/universnews224.com\/index.php\/le-premier-ministre-dr-bernard-goumou-lance-les-travaux-des-etats-generaux-du-foncier-en-guinee\/\",\"url\":\"https:\/\/universnews224.com\/index.php\/le-premier-ministre-dr-bernard-goumou-lance-les-travaux-des-etats-generaux-du-foncier-en-guinee\/\",\"name\":\"Le premier ministre, Dr Bernard Goumou lance les travaux des Etats G\u00e9n\u00e9raux du foncier en Guin\u00e9e. - UNIVERSNEWS224\",\"isPartOf\":{\"@id\":\"https:\/\/universnews224.com\/#website\"},\"datePublished\":\"2022-11-14T15:57:08+00:00\",\"dateModified\":\"2022-11-14T15:59:07+00:00\",\"inLanguage\":\"fr-FR\",\"potentialAction\":[{\"@type\":\"ReadAction\",\"target\":[\"https:\/\/universnews224.com\/index.php\/le-premier-ministre-dr-bernard-goumou-lance-les-travaux-des-etats-generaux-du-foncier-en-guinee\/\"]}]},{\"@type\":\"WebSite\",\"@id\":\"https:\/\/universnews224.com\/#website\",\"url\":\"https:\/\/universnews224.com\/\",\"name\":\"UNIVERSNEWS224\",\"description\":\"\",\"publisher\":{\"@id\":\"https:\/\/universnews224.com\/#organization\"},\"potentialAction\":[{\"@type\":\"SearchAction\",\"target\":{\"@type\":\"EntryPoint\",\"urlTemplate\":\"https:\/\/universnews224.com\/?s={search_term_string}\"},\"query-input\":\"required name=search_term_string\"}],\"inLanguage\":\"fr-FR\"},{\"@type\":\"Organization\",\"@id\":\"https:\/\/universnews224.com\/#organization\",\"name\":\"UNIVERSNEWS224\",\"url\":\"https:\/\/universnews224.com\/\",\"logo\":{\"@type\":\"ImageObject\",\"inLanguage\":\"fr-FR\",\"@id\":\"https:\/\/universnews224.com\/#\/schema\/logo\/image\/\",\"url\":\"https:\/\/universnews224.com\/wp-content\/uploads\/2022\/08\/cropped-cropped-logoban.jpg\",\"contentUrl\":\"https:\/\/universnews224.com\/wp-content\/uploads\/2022\/08\/cropped-cropped-logoban.jpg\",\"width\":1080,\"height\":138,\"caption\":\"UNIVERSNEWS224\"},\"image\":{\"@id\":\"https:\/\/universnews224.com\/#\/schema\/logo\/image\/\"}},{\"@type\":\"Person\",\"@id\":\"https:\/\/universnews224.com\/#\/schema\/person\/a4b7d4f94a4716df60456a491260485e\",\"name\":\"La R\u00e9daction\",\"image\":{\"@type\":\"ImageObject\",\"inLanguage\":\"fr-FR\",\"@id\":\"https:\/\/universnews224.com\/#\/schema\/person\/image\/\",\"url\":\"https:\/\/secure.gravatar.com\/avatar\/edb90acc7752b23e1b3307ad36c14f0d?s=96&d=mm&r=g\",\"contentUrl\":\"https:\/\/secure.gravatar.com\/avatar\/edb90acc7752b23e1b3307ad36c14f0d?s=96&d=mm&r=g\",\"caption\":\"La R\u00e9daction\"},\"sameAs\":[\"https:\/\/universnews224.com\"],\"url\":\"https:\/\/universnews224.com\/index.php\/author\/m-camara\/\"}]}<\/script>\n<!-- \/ Yoast SEO plugin. -->","yoast_head_json":{"title":"Le premier ministre, Dr Bernard Goumou lance les travaux des Etats G\u00e9n\u00e9raux du foncier en Guin\u00e9e. - UNIVERSNEWS224","robots":{"index":"index","follow":"follow","max-snippet":"max-snippet:-1","max-image-preview":"max-image-preview:large","max-video-preview":"max-video-preview:-1"},"canonical":"https:\/\/universnews224.com\/index.php\/le-premier-ministre-dr-bernard-goumou-lance-les-travaux-des-etats-generaux-du-foncier-en-guinee\/","og_locale":"fr_FR","og_type":"article","og_title":"Le premier ministre, Dr Bernard Goumou lance les travaux des Etats G\u00e9n\u00e9raux du foncier en Guin\u00e9e. - UNIVERSNEWS224","og_description":"Le Minist\u00e8re de l\u2019Urbanisme, de l\u2019Habitat et de l\u2019Am\u00e9nagement du Territoire (MUHAT) en collaboration avec","og_url":"https:\/\/universnews224.com\/index.php\/le-premier-ministre-dr-bernard-goumou-lance-les-travaux-des-etats-generaux-du-foncier-en-guinee\/","og_site_name":"UNIVERSNEWS224","article_published_time":"2022-11-14T15:57:08+00:00","article_modified_time":"2022-11-14T15:59:07+00:00","og_image":[{"width":1080,"height":810,"url":"https:\/\/universnews224.com\/wp-content\/uploads\/2022\/11\/805B0DF9-B962-4564-9AFD-F7AB2A78F0D1.jpeg","type":"image\/jpeg"}],"author":"La R\u00e9daction","twitter_misc":{"\u00c9crit par":"La R\u00e9daction","Dur\u00e9e de lecture estim\u00e9e":"3 minutes"},"schema":{"@context":"https:\/\/schema.org","@graph":[{"@type":"Article","@id":"https:\/\/universnews224.com\/index.php\/le-premier-ministre-dr-bernard-goumou-lance-les-travaux-des-etats-generaux-du-foncier-en-guinee\/#article","isPartOf":{"@id":"https:\/\/universnews224.com\/index.php\/le-premier-ministre-dr-bernard-goumou-lance-les-travaux-des-etats-generaux-du-foncier-en-guinee\/"},"author":{"name":"La R\u00e9daction","@id":"https:\/\/universnews224.com\/#\/schema\/person\/a4b7d4f94a4716df60456a491260485e"},"headline":"Le premier ministre, Dr Bernard Goumou lance les travaux des Etats G\u00e9n\u00e9raux du foncier en Guin\u00e9e.","datePublished":"2022-11-14T15:57:08+00:00","dateModified":"2022-11-14T15:59:07+00:00","mainEntityOfPage":{"@id":"https:\/\/universnews224.com\/index.php\/le-premier-ministre-dr-bernard-goumou-lance-les-travaux-des-etats-generaux-du-foncier-en-guinee\/"},"wordCount":492,"publisher":{"@id":"https:\/\/universnews224.com\/#organization"},"keywords":["La une"],"articleSection":["ACTU","SOCI\u00c9T\u00c9"],"inLanguage":"fr-FR"},{"@type":"WebPage","@id":"https:\/\/universnews224.com\/index.php\/le-premier-ministre-dr-bernard-goumou-lance-les-travaux-des-etats-generaux-du-foncier-en-guinee\/","url":"https:\/\/universnews224.com\/index.php\/le-premier-ministre-dr-bernard-goumou-lance-les-travaux-des-etats-generaux-du-foncier-en-guinee\/","name":"Le premier ministre, Dr Bernard Goumou lance les travaux des Etats G\u00e9n\u00e9raux du foncier en Guin\u00e9e. - UNIVERSNEWS224","isPartOf":{"@id":"https:\/\/universnews224.com\/#website"},"datePublished":"2022-11-14T15:57:08+00:00","dateModified":"2022-11-14T15:59:07+00:00","inLanguage":"fr-FR","potentialAction":[{"@type":"ReadAction","target":["https:\/\/universnews224.com\/index.php\/le-premier-ministre-dr-bernard-goumou-lance-les-travaux-des-etats-generaux-du-foncier-en-guinee\/"]}]},{"@type":"WebSite","@id":"https:\/\/universnews224.com\/#website","url":"https:\/\/universnews224.com\/","name":"UNIVERSNEWS224","description":"","publisher":{"@id":"https:\/\/universnews224.com\/#organization"},"potentialAction":[{"@type":"SearchAction","target":{"@type":"EntryPoint","urlTemplate":"https:\/\/universnews224.com\/?s={search_term_string}"},"query-input":"required name=search_term_string"}],"inLanguage":"fr-FR"},{"@type":"Organization","@id":"https:\/\/universnews224.com\/#organization","name":"UNIVERSNEWS224","url":"https:\/\/universnews224.com\/","logo":{"@type":"ImageObject","inLanguage":"fr-FR","@id":"https:\/\/universnews224.com\/#\/schema\/logo\/image\/","url":"https:\/\/universnews224.com\/wp-content\/uploads\/2022\/08\/cropped-cropped-logoban.jpg","contentUrl":"https:\/\/universnews224.com\/wp-content\/uploads\/2022\/08\/cropped-cropped-logoban.jpg","width":1080,"height":138,"caption":"UNIVERSNEWS224"},"image":{"@id":"https:\/\/universnews224.com\/#\/schema\/logo\/image\/"}},{"@type":"Person","@id":"https:\/\/universnews224.com\/#\/schema\/person\/a4b7d4f94a4716df60456a491260485e","name":"La R\u00e9daction","image":{"@type":"ImageObject","inLanguage":"fr-FR","@id":"https:\/\/universnews224.com\/#\/schema\/person\/image\/","url":"https:\/\/secure.gravatar.com\/avatar\/edb90acc7752b23e1b3307ad36c14f0d?s=96&d=mm&r=g","contentUrl":"https:\/\/secure.gravatar.com\/avatar\/edb90acc7752b23e1b3307ad36c14f0d?s=96&d=mm&r=g","caption":"La R\u00e9daction"},"sameAs":["https:\/\/universnews224.com"],"url":"https:\/\/universnews224.com\/index.php\/author\/m-camara\/"}]}},"_links":{"self":[{"href":"https:\/\/universnews224.com\/index.php\/wp-json\/wp\/v2\/posts\/2471"}],"collection":[{"href":"https:\/\/universnews224.com\/index.php\/wp-json\/wp\/v2\/posts"}],"about":[{"href":"https:\/\/universnews224.com\/index.php\/wp-json\/wp\/v2\/types\/post"}],"author":[{"embeddable":true,"href":"https:\/\/universnews224.com\/index.php\/wp-json\/wp\/v2\/users\/2"}],"replies":[{"embeddable":true,"href":"https:\/\/universnews224.com\/index.php\/wp-json\/wp\/v2\/comments?post=2471"}],"version-history":[{"count":3,"href":"https:\/\/universnews224.com\/index.php\/wp-json\/wp\/v2\/posts\/2471\/revisions"}],"predecessor-version":[{"id":2478,"href":"https:\/\/universnews224.com\/index.php\/wp-json\/wp\/v2\/posts\/2471\/revisions\/2478"}],"wp:featuredmedia":[{"embeddable":true,"href":"https:\/\/universnews224.com\/index.php\/wp-json\/wp\/v2\/media\/2472"}],"wp:attachment":[{"href":"https:\/\/universnews224.com\/index.php\/wp-json\/wp\/v2\/media?parent=2471"}],"wp:term":[{"taxonomy":"category","embeddable":true,"href":"https:\/\/universnews224.com\/index.php\/wp-json\/wp\/v2\/categories?post=2471"},{"taxonomy":"post_tag","embeddable":true,"href":"https:\/\/universnews224.com\/index.php\/wp-json\/wp\/v2\/tags?post=2471"}],"curies":[{"name":"wp","href":"https:\/\/api.w.org\/{rel}","templated":true}]}}