{"id":2482,"date":"2022-11-15T15:02:13","date_gmt":"2022-11-15T14:02:13","guid":{"rendered":"https:\/\/universnews224.com\/?p=2482"},"modified":"2022-11-15T15:02:13","modified_gmt":"2022-11-15T14:02:13","slug":"fonike-mengue-et-ibrahima-diallo-suspendent-leur-greve-de-la-faim-declaration","status":"publish","type":"post","link":"https:\/\/universnews224.com\/index.php\/fonike-mengue-et-ibrahima-diallo-suspendent-leur-greve-de-la-faim-declaration\/","title":{"rendered":"Fonike Mengu\u00e8 et Ibrahima Diallo suspendent leur gr\u00e8ve de la faim (d\u00e9claration)"},"content":{"rendered":"<p>Nous, Oumar Sylla Fonik\u00e8 Mangu\u00e8 et Ibrahima Diallo, leaders de la coordination nationale du FNDC, actuels prisonniers politiques du CNRD, prenons acte de la demande de nos conseils \u00e0 suspendre notre gr\u00e8ve de la faim que nous avons entam\u00e9e depuis le 7 novembre 2022 pour d\u00e9noncer l\u2019instrumentalisation de la justice par les putschistes Guin\u00e9ens, notre d\u00e9tention ill\u00e9gale prolong\u00e9e mais aussi et surtout exiger notre droit \u00e0 un proc\u00e8s juste et \u00e9quitable.<br \/>\n\u00c0 travers notre d\u00e9marche de qu\u00eate de la justice et de l\u2019\u00c9tat de droit dans notre pays, l\u2019opinion publique nationale et internationale est \u00e9lucid\u00e9e sur l\u2019instrumentalisation de la justice guin\u00e9enne par la n\u00e9buleuse CNRD<br \/>\ncontre les voies cr\u00e9dibles et plus l\u00e9gitimes qui exigent le retour rapide \u00e0 l\u2019ordre constitutionnel.<br \/>\nAinsi, nous prenons acte des \u00e9volutions que nos conseils ont fait \u00e9tat dans la proc\u00e9dure et nous restons convaincus que nous sommes des otages et prisonniers personnels du chef de la junte Mamady Doumbouya et ses sbires.<br \/>\nNous remercions le peuple de Guin\u00e9e dans sa majorit\u00e9 pour le soutien et la sympathie \u00e0 notre situation et \u00e0 la cause que nous d\u00e9fendons.<br \/>\nNous informons l\u2019opinion nationale et internationale ainsi que les organisations de d\u00e9fense des droits de l\u2019homme que nous acc\u00e9dons \u00e0 la demande de nos conseils et par cons\u00e9quent, nous suspendons notre gr\u00e8ve de la faim \u00e0 compter de ce jour 15 novembre.<br \/>\nEnsemble unis et solidaires, nous vaincrons ! Conakry, le 15 novembre 2022<\/p>\n<p><strong>OUMAR Sylla Fonik\u00e8 Mangu\u00e8 (Coordonnateur) <\/strong><\/p>\n<p><strong>IBRAHIMA Diallo (Directeur des Operations)<\/strong><\/p>\n","protected":false},"excerpt":{"rendered":"<p>Nous, Oumar Sylla Fonik\u00e8 Mangu\u00e8 et Ibrahima Diallo, leaders de la coordination nationale du FNDC,<\/p>\n","protected":false},"author":2,"featured_media":2483,"comment_status":"closed","ping_status":"open","sticky":false,"template":"","format":"standard","meta":[],"categories":[3,4],"tags":[229],"yoast_head":"<!-- This site is optimized with the Yoast SEO plugin v19.13 - https:\/\/yoast.com\/wordpress\/plugins\/seo\/ -->\n<title>Fonike Mengu\u00e8 et Ibrahima Diallo suspendent leur gr\u00e8ve de la faim (d\u00e9claration) - UNIVERSNEWS224<\/title>\n<meta name=\"robots\" content=\"index, follow, max-snippet:-1, max-image-preview:large, max-video-preview:-1\" \/>\n<link rel=\"canonical\" href=\"https:\/\/universnews224.com\/index.php\/fonike-mengue-et-ibrahima-diallo-suspendent-leur-greve-de-la-faim-declaration\/\" \/>\n<meta property=\"og:locale\" content=\"fr_FR\" \/>\n<meta property=\"og:type\" content=\"article\" \/>\n<meta property=\"og:title\" content=\"Fonike Mengu\u00e8 et Ibrahima Diallo suspendent leur gr\u00e8ve de la faim (d\u00e9claration) - UNIVERSNEWS224\" \/>\n<meta property=\"og:description\" content=\"Nous, Oumar Sylla Fonik\u00e8 Mangu\u00e8 et Ibrahima Diallo, leaders de la coordination nationale du FNDC,\" \/>\n<meta property=\"og:url\" content=\"https:\/\/universnews224.com\/index.php\/fonike-mengue-et-ibrahima-diallo-suspendent-leur-greve-de-la-faim-declaration\/\" \/>\n<meta property=\"og:site_name\" content=\"UNIVERSNEWS224\" \/>\n<meta property=\"article:published_time\" content=\"2022-11-15T14:02:13+00:00\" \/>\n<meta property=\"og:image\" content=\"https:\/\/universnews224.com\/wp-content\/uploads\/2022\/11\/09EF0877-2CFB-45B4-967B-19438C144AF5.jpeg\" \/>\n\t<meta property=\"og:image:width\" content=\"1080\" \/>\n\t<meta property=\"og:image:height\" content=\"886\" \/>\n\t<meta property=\"og:image:type\" content=\"image\/jpeg\" \/>\n<meta name=\"author\" content=\"La R\u00e9daction\" \/>\n<meta name=\"twitter:label1\" content=\"\u00c9crit par\" \/>\n\t<meta name=\"twitter:data1\" content=\"La R\u00e9daction\" \/>\n\t<meta name=\"twitter:label2\" content=\"Dur\u00e9e de lecture estim\u00e9e\" \/>\n\t<meta name=\"twitter:data2\" content=\"2 minutes\" \/>\n<script type=\"application\/ld+json\" class=\"yoast-schema-graph\">{\"@context\":\"https:\/\/schema.org\",\"@graph\":[{\"@type\":\"Article\",\"@id\":\"https:\/\/universnews224.com\/index.php\/fonike-mengue-et-ibrahima-diallo-suspendent-leur-greve-de-la-faim-declaration\/#article\",\"isPartOf\":{\"@id\":\"https:\/\/universnews224.com\/index.php\/fonike-mengue-et-ibrahima-diallo-suspendent-leur-greve-de-la-faim-declaration\/\"},\"author\":{\"name\":\"La R\u00e9daction\",\"@id\":\"https:\/\/universnews224.com\/#\/schema\/person\/a4b7d4f94a4716df60456a491260485e\"},\"headline\":\"Fonike Mengu\u00e8 et Ibrahima Diallo suspendent leur gr\u00e8ve de la faim (d\u00e9claration)\",\"datePublished\":\"2022-11-15T14:02:13+00:00\",\"dateModified\":\"2022-11-15T14:02:13+00:00\",\"mainEntityOfPage\":{\"@id\":\"https:\/\/universnews224.com\/index.php\/fonike-mengue-et-ibrahima-diallo-suspendent-leur-greve-de-la-faim-declaration\/\"},\"wordCount\":275,\"publisher\":{\"@id\":\"https:\/\/universnews224.com\/#organization\"},\"keywords\":[\"La une\"],\"articleSection\":[\"ACTU\",\"POLITIQUE\"],\"inLanguage\":\"fr-FR\"},{\"@type\":\"WebPage\",\"@id\":\"https:\/\/universnews224.com\/index.php\/fonike-mengue-et-ibrahima-diallo-suspendent-leur-greve-de-la-faim-declaration\/\",\"url\":\"https:\/\/universnews224.com\/index.php\/fonike-mengue-et-ibrahima-diallo-suspendent-leur-greve-de-la-faim-declaration\/\",\"name\":\"Fonike Mengu\u00e8 et Ibrahima Diallo suspendent leur gr\u00e8ve de la faim (d\u00e9claration) - UNIVERSNEWS224\",\"isPartOf\":{\"@id\":\"https:\/\/universnews224.com\/#website\"},\"datePublished\":\"2022-11-15T14:02:13+00:00\",\"dateModified\":\"2022-11-15T14:02:13+00:00\",\"inLanguage\":\"fr-FR\",\"potentialAction\":[{\"@type\":\"ReadAction\",\"target\":[\"https:\/\/universnews224.com\/index.php\/fonike-mengue-et-ibrahima-diallo-suspendent-leur-greve-de-la-faim-declaration\/\"]}]},{\"@type\":\"WebSite\",\"@id\":\"https:\/\/universnews224.com\/#website\",\"url\":\"https:\/\/universnews224.com\/\",\"name\":\"UNIVERSNEWS224\",\"description\":\"\",\"publisher\":{\"@id\":\"https:\/\/universnews224.com\/#organization\"},\"potentialAction\":[{\"@type\":\"SearchAction\",\"target\":{\"@type\":\"EntryPoint\",\"urlTemplate\":\"https:\/\/universnews224.com\/?s={search_term_string}\"},\"query-input\":\"required name=search_term_string\"}],\"inLanguage\":\"fr-FR\"},{\"@type\":\"Organization\",\"@id\":\"https:\/\/universnews224.com\/#organization\",\"name\":\"UNIVERSNEWS224\",\"url\":\"https:\/\/universnews224.com\/\",\"logo\":{\"@type\":\"ImageObject\",\"inLanguage\":\"fr-FR\",\"@id\":\"https:\/\/universnews224.com\/#\/schema\/logo\/image\/\",\"url\":\"https:\/\/universnews224.com\/wp-content\/uploads\/2022\/08\/cropped-cropped-logoban.jpg\",\"contentUrl\":\"https:\/\/universnews224.com\/wp-content\/uploads\/2022\/08\/cropped-cropped-logoban.jpg\",\"width\":1080,\"height\":138,\"caption\":\"UNIVERSNEWS224\"},\"image\":{\"@id\":\"https:\/\/universnews224.com\/#\/schema\/logo\/image\/\"}},{\"@type\":\"Person\",\"@id\":\"https:\/\/universnews224.com\/#\/schema\/person\/a4b7d4f94a4716df60456a491260485e\",\"name\":\"La R\u00e9daction\",\"image\":{\"@type\":\"ImageObject\",\"inLanguage\":\"fr-FR\",\"@id\":\"https:\/\/universnews224.com\/#\/schema\/person\/image\/\",\"url\":\"https:\/\/secure.gravatar.com\/avatar\/edb90acc7752b23e1b3307ad36c14f0d?s=96&d=mm&r=g\",\"contentUrl\":\"https:\/\/secure.gravatar.com\/avatar\/edb90acc7752b23e1b3307ad36c14f0d?s=96&d=mm&r=g\",\"caption\":\"La R\u00e9daction\"},\"sameAs\":[\"https:\/\/universnews224.com\"],\"url\":\"https:\/\/universnews224.com\/index.php\/author\/m-camara\/\"}]}<\/script>\n<!-- \/ Yoast SEO plugin. -->","yoast_head_json":{"title":"Fonike Mengu\u00e8 et Ibrahima Diallo suspendent leur gr\u00e8ve de la faim (d\u00e9claration) - UNIVERSNEWS224","robots":{"index":"index","follow":"follow","max-snippet":"max-snippet:-1","max-image-preview":"max-image-preview:large","max-video-preview":"max-video-preview:-1"},"canonical":"https:\/\/universnews224.com\/index.php\/fonike-mengue-et-ibrahima-diallo-suspendent-leur-greve-de-la-faim-declaration\/","og_locale":"fr_FR","og_type":"article","og_title":"Fonike Mengu\u00e8 et Ibrahima Diallo suspendent leur gr\u00e8ve de la faim (d\u00e9claration) - UNIVERSNEWS224","og_description":"Nous, Oumar Sylla Fonik\u00e8 Mangu\u00e8 et Ibrahima Diallo, leaders de la coordination nationale du FNDC,","og_url":"https:\/\/universnews224.com\/index.php\/fonike-mengue-et-ibrahima-diallo-suspendent-leur-greve-de-la-faim-declaration\/","og_site_name":"UNIVERSNEWS224","article_published_time":"2022-11-15T14:02:13+00:00","og_image":[{"width":1080,"height":886,"url":"https:\/\/universnews224.com\/wp-content\/uploads\/2022\/11\/09EF0877-2CFB-45B4-967B-19438C144AF5.jpeg","type":"image\/jpeg"}],"author":"La R\u00e9daction","twitter_misc":{"\u00c9crit par":"La R\u00e9daction","Dur\u00e9e de lecture estim\u00e9e":"2 minutes"},"schema":{"@context":"https:\/\/schema.org","@graph":[{"@type":"Article","@id":"https:\/\/universnews224.com\/index.php\/fonike-mengue-et-ibrahima-diallo-suspendent-leur-greve-de-la-faim-declaration\/#article","isPartOf":{"@id":"https:\/\/universnews224.com\/index.php\/fonike-mengue-et-ibrahima-diallo-suspendent-leur-greve-de-la-faim-declaration\/"},"author":{"name":"La R\u00e9daction","@id":"https:\/\/universnews224.com\/#\/schema\/person\/a4b7d4f94a4716df60456a491260485e"},"headline":"Fonike Mengu\u00e8 et Ibrahima Diallo suspendent leur gr\u00e8ve de la faim (d\u00e9claration)","datePublished":"2022-11-15T14:02:13+00:00","dateModified":"2022-11-15T14:02:13+00:00","mainEntityOfPage":{"@id":"https:\/\/universnews224.com\/index.php\/fonike-mengue-et-ibrahima-diallo-suspendent-leur-greve-de-la-faim-declaration\/"},"wordCount":275,"publisher":{"@id":"https:\/\/universnews224.com\/#organization"},"keywords":["La une"],"articleSection":["ACTU","POLITIQUE"],"inLanguage":"fr-FR"},{"@type":"WebPage","@id":"https:\/\/universnews224.com\/index.php\/fonike-mengue-et-ibrahima-diallo-suspendent-leur-greve-de-la-faim-declaration\/","url":"https:\/\/universnews224.com\/index.php\/fonike-mengue-et-ibrahima-diallo-suspendent-leur-greve-de-la-faim-declaration\/","name":"Fonike Mengu\u00e8 et Ibrahima Diallo suspendent leur gr\u00e8ve de la faim (d\u00e9claration) - UNIVERSNEWS224","isPartOf":{"@id":"https:\/\/universnews224.com\/#website"},"datePublished":"2022-11-15T14:02:13+00:00","dateModified":"2022-11-15T14:02:13+00:00","inLanguage":"fr-FR","potentialAction":[{"@type":"ReadAction","target":["https:\/\/universnews224.com\/index.php\/fonike-mengue-et-ibrahima-diallo-suspendent-leur-greve-de-la-faim-declaration\/"]}]},{"@type":"WebSite","@id":"https:\/\/universnews224.com\/#website","url":"https:\/\/universnews224.com\/","name":"UNIVERSNEWS224","description":"","publisher":{"@id":"https:\/\/universnews224.com\/#organization"},"potentialAction":[{"@type":"SearchAction","target":{"@type":"EntryPoint","urlTemplate":"https:\/\/universnews224.com\/?s={search_term_string}"},"query-input":"required name=search_term_string"}],"inLanguage":"fr-FR"},{"@type":"Organization","@id":"https:\/\/universnews224.com\/#organization","name":"UNIVERSNEWS224","url":"https:\/\/universnews224.com\/","logo":{"@type":"ImageObject","inLanguage":"fr-FR","@id":"https:\/\/universnews224.com\/#\/schema\/logo\/image\/","url":"https:\/\/universnews224.com\/wp-content\/uploads\/2022\/08\/cropped-cropped-logoban.jpg","contentUrl":"https:\/\/universnews224.com\/wp-content\/uploads\/2022\/08\/cropped-cropped-logoban.jpg","width":1080,"height":138,"caption":"UNIVERSNEWS224"},"image":{"@id":"https:\/\/universnews224.com\/#\/schema\/logo\/image\/"}},{"@type":"Person","@id":"https:\/\/universnews224.com\/#\/schema\/person\/a4b7d4f94a4716df60456a491260485e","name":"La R\u00e9daction","image":{"@type":"ImageObject","inLanguage":"fr-FR","@id":"https:\/\/universnews224.com\/#\/schema\/person\/image\/","url":"https:\/\/secure.gravatar.com\/avatar\/edb90acc7752b23e1b3307ad36c14f0d?s=96&d=mm&r=g","contentUrl":"https:\/\/secure.gravatar.com\/avatar\/edb90acc7752b23e1b3307ad36c14f0d?s=96&d=mm&r=g","caption":"La R\u00e9daction"},"sameAs":["https:\/\/universnews224.com"],"url":"https:\/\/universnews224.com\/index.php\/author\/m-camara\/"}]}},"_links":{"self":[{"href":"https:\/\/universnews224.com\/index.php\/wp-json\/wp\/v2\/posts\/2482"}],"collection":[{"href":"https:\/\/universnews224.com\/index.php\/wp-json\/wp\/v2\/posts"}],"about":[{"href":"https:\/\/universnews224.com\/index.php\/wp-json\/wp\/v2\/types\/post"}],"author":[{"embeddable":true,"href":"https:\/\/universnews224.com\/index.php\/wp-json\/wp\/v2\/users\/2"}],"replies":[{"embeddable":true,"href":"https:\/\/universnews224.com\/index.php\/wp-json\/wp\/v2\/comments?post=2482"}],"version-history":[{"count":1,"href":"https:\/\/universnews224.com\/index.php\/wp-json\/wp\/v2\/posts\/2482\/revisions"}],"predecessor-version":[{"id":2484,"href":"https:\/\/universnews224.com\/index.php\/wp-json\/wp\/v2\/posts\/2482\/revisions\/2484"}],"wp:featuredmedia":[{"embeddable":true,"href":"https:\/\/universnews224.com\/index.php\/wp-json\/wp\/v2\/media\/2483"}],"wp:attachment":[{"href":"https:\/\/universnews224.com\/index.php\/wp-json\/wp\/v2\/media?parent=2482"}],"wp:term":[{"taxonomy":"category","embeddable":true,"href":"https:\/\/universnews224.com\/index.php\/wp-json\/wp\/v2\/categories?post=2482"},{"taxonomy":"post_tag","embeddable":true,"href":"https:\/\/universnews224.com\/index.php\/wp-json\/wp\/v2\/tags?post=2482"}],"curies":[{"name":"wp","href":"https:\/\/api.w.org\/{rel}","templated":true}]}}