{"id":2486,"date":"2022-11-17T15:21:58","date_gmt":"2022-11-17T14:21:58","guid":{"rendered":"https:\/\/universnews224.com\/?p=2486"},"modified":"2022-11-17T15:21:58","modified_gmt":"2022-11-17T14:21:58","slug":"dr-fode-cisse-sur-son-acquittement-par-la-criefje-prends-ce-proces-comme-une-lecon-apprise","status":"publish","type":"post","link":"https:\/\/universnews224.com\/index.php\/dr-fode-cisse-sur-son-acquittement-par-la-criefje-prends-ce-proces-comme-une-lecon-apprise\/","title":{"rendered":"Dr Fod\u00e9 Ciss\u00e9 sur son acquittement par la CRIEF:\u00abJe prends ce proc\u00e8s comme une le\u00e7on apprise"},"content":{"rendered":"<p>L\u2019ancien Directeur G\u00e9n\u00e9ral de la Caisse Nationale Pr\u00e9voyance Sociale s\u2019est prononc\u00e9 sur son acquittement par la CRIEF dans une affaire de d\u00e9tournement des deniers publics.<\/p>\n<p>Interrog\u00e9 sur cette question par nos confr\u00e8res de la radio Espace Fm dans l\u2019\u00e9mission les GG, Dr Fod\u00e9 Ciss\u00e9 qui est aujourd\u2019hui \u00e0 la t\u00eate du mouvement \u00abMarche pour la Paix et Progr\u00e8s\u00bb a indiqu\u00e9 que ce proc\u00e8s a \u00e9t\u00e9 pour lui une le\u00e7on.<\/p>\n<p>&nbsp;<\/p>\n<p>\u201dLa lecture que j\u2019ai faite de mon acquittement, ce qui est pass\u00e9 est pass\u00e9. Parce que vous avez tous suivi l\u2019histoire, c\u2019\u00e9tait un proc\u00e8s public, le non lieu a \u00e9t\u00e9 tenu. Moi, je prends ce proc\u00e8s comme une le\u00e7on apprise. La le\u00e7on apprise, c\u2019est que, quand la justice dit le droit, \u00e7a assure la population(\u2026)Accus\u00e9 ne veut pas dire qu\u2019on est couple, c\u2019est tr\u00e8s important. Quand on observe aujourd\u2019hui, beaucoup de choses se passent, beaucoup de choses se disent sur la justice. En le\u00e7on apprise, c\u2019est que si on a fait confiance en sa justice et on a le courage de l\u2019affronter et que cette justice dise le droit, \u00e7a assure la population\u00bb, a t-il martel\u00e9.<\/p>\n<p>Camara Mamadouba<\/p>\n","protected":false},"excerpt":{"rendered":"<p>L\u2019ancien Directeur G\u00e9n\u00e9ral de la Caisse Nationale Pr\u00e9voyance Sociale s\u2019est prononc\u00e9 sur son acquittement par<\/p>\n","protected":false},"author":2,"featured_media":2487,"comment_status":"closed","ping_status":"open","sticky":false,"template":"","format":"standard","meta":[],"categories":[3,4],"tags":[229],"yoast_head":"<!-- This site is optimized with the Yoast SEO plugin v19.13 - https:\/\/yoast.com\/wordpress\/plugins\/seo\/ -->\n<title>Dr Fod\u00e9 Ciss\u00e9 sur son acquittement par la CRIEF:\u00abJe prends ce proc\u00e8s comme une le\u00e7on apprise - UNIVERSNEWS224<\/title>\n<meta name=\"robots\" content=\"index, follow, max-snippet:-1, max-image-preview:large, max-video-preview:-1\" \/>\n<link rel=\"canonical\" href=\"https:\/\/universnews224.com\/index.php\/dr-fode-cisse-sur-son-acquittement-par-la-criefje-prends-ce-proces-comme-une-lecon-apprise\/\" \/>\n<meta property=\"og:locale\" content=\"fr_FR\" \/>\n<meta property=\"og:type\" content=\"article\" \/>\n<meta property=\"og:title\" content=\"Dr Fod\u00e9 Ciss\u00e9 sur son acquittement par la CRIEF:\u00abJe prends ce proc\u00e8s comme une le\u00e7on apprise - UNIVERSNEWS224\" \/>\n<meta property=\"og:description\" content=\"L\u2019ancien Directeur G\u00e9n\u00e9ral de la Caisse Nationale Pr\u00e9voyance Sociale s\u2019est prononc\u00e9 sur son acquittement par\" \/>\n<meta property=\"og:url\" content=\"https:\/\/universnews224.com\/index.php\/dr-fode-cisse-sur-son-acquittement-par-la-criefje-prends-ce-proces-comme-une-lecon-apprise\/\" \/>\n<meta property=\"og:site_name\" content=\"UNIVERSNEWS224\" \/>\n<meta property=\"article:published_time\" content=\"2022-11-17T14:21:58+00:00\" \/>\n<meta property=\"og:image\" content=\"https:\/\/universnews224.com\/wp-content\/uploads\/2022\/11\/16A3CB3D-00E7-4734-BD36-BB0D58FE8FF5.jpeg\" \/>\n\t<meta property=\"og:image:width\" content=\"700\" \/>\n\t<meta property=\"og:image:height\" content=\"413\" \/>\n\t<meta property=\"og:image:type\" content=\"image\/jpeg\" \/>\n<meta name=\"author\" content=\"La R\u00e9daction\" \/>\n<meta name=\"twitter:label1\" content=\"\u00c9crit par\" \/>\n\t<meta name=\"twitter:data1\" content=\"La R\u00e9daction\" \/>\n\t<meta name=\"twitter:label2\" content=\"Dur\u00e9e de lecture estim\u00e9e\" \/>\n\t<meta name=\"twitter:data2\" content=\"1 minute\" \/>\n<script type=\"application\/ld+json\" class=\"yoast-schema-graph\">{\"@context\":\"https:\/\/schema.org\",\"@graph\":[{\"@type\":\"Article\",\"@id\":\"https:\/\/universnews224.com\/index.php\/dr-fode-cisse-sur-son-acquittement-par-la-criefje-prends-ce-proces-comme-une-lecon-apprise\/#article\",\"isPartOf\":{\"@id\":\"https:\/\/universnews224.com\/index.php\/dr-fode-cisse-sur-son-acquittement-par-la-criefje-prends-ce-proces-comme-une-lecon-apprise\/\"},\"author\":{\"name\":\"La R\u00e9daction\",\"@id\":\"https:\/\/universnews224.com\/#\/schema\/person\/a4b7d4f94a4716df60456a491260485e\"},\"headline\":\"Dr Fod\u00e9 Ciss\u00e9 sur son acquittement par la CRIEF:\u00abJe prends ce proc\u00e8s comme une le\u00e7on apprise\",\"datePublished\":\"2022-11-17T14:21:58+00:00\",\"dateModified\":\"2022-11-17T14:21:58+00:00\",\"mainEntityOfPage\":{\"@id\":\"https:\/\/universnews224.com\/index.php\/dr-fode-cisse-sur-son-acquittement-par-la-criefje-prends-ce-proces-comme-une-lecon-apprise\/\"},\"wordCount\":235,\"publisher\":{\"@id\":\"https:\/\/universnews224.com\/#organization\"},\"keywords\":[\"La une\"],\"articleSection\":[\"ACTU\",\"POLITIQUE\"],\"inLanguage\":\"fr-FR\"},{\"@type\":\"WebPage\",\"@id\":\"https:\/\/universnews224.com\/index.php\/dr-fode-cisse-sur-son-acquittement-par-la-criefje-prends-ce-proces-comme-une-lecon-apprise\/\",\"url\":\"https:\/\/universnews224.com\/index.php\/dr-fode-cisse-sur-son-acquittement-par-la-criefje-prends-ce-proces-comme-une-lecon-apprise\/\",\"name\":\"Dr Fod\u00e9 Ciss\u00e9 sur son acquittement par la CRIEF:\u00abJe prends ce proc\u00e8s comme une le\u00e7on apprise - UNIVERSNEWS224\",\"isPartOf\":{\"@id\":\"https:\/\/universnews224.com\/#website\"},\"datePublished\":\"2022-11-17T14:21:58+00:00\",\"dateModified\":\"2022-11-17T14:21:58+00:00\",\"inLanguage\":\"fr-FR\",\"potentialAction\":[{\"@type\":\"ReadAction\",\"target\":[\"https:\/\/universnews224.com\/index.php\/dr-fode-cisse-sur-son-acquittement-par-la-criefje-prends-ce-proces-comme-une-lecon-apprise\/\"]}]},{\"@type\":\"WebSite\",\"@id\":\"https:\/\/universnews224.com\/#website\",\"url\":\"https:\/\/universnews224.com\/\",\"name\":\"UNIVERSNEWS224\",\"description\":\"\",\"publisher\":{\"@id\":\"https:\/\/universnews224.com\/#organization\"},\"potentialAction\":[{\"@type\":\"SearchAction\",\"target\":{\"@type\":\"EntryPoint\",\"urlTemplate\":\"https:\/\/universnews224.com\/?s={search_term_string}\"},\"query-input\":\"required name=search_term_string\"}],\"inLanguage\":\"fr-FR\"},{\"@type\":\"Organization\",\"@id\":\"https:\/\/universnews224.com\/#organization\",\"name\":\"UNIVERSNEWS224\",\"url\":\"https:\/\/universnews224.com\/\",\"logo\":{\"@type\":\"ImageObject\",\"inLanguage\":\"fr-FR\",\"@id\":\"https:\/\/universnews224.com\/#\/schema\/logo\/image\/\",\"url\":\"https:\/\/universnews224.com\/wp-content\/uploads\/2022\/08\/cropped-cropped-logoban.jpg\",\"contentUrl\":\"https:\/\/universnews224.com\/wp-content\/uploads\/2022\/08\/cropped-cropped-logoban.jpg\",\"width\":1080,\"height\":138,\"caption\":\"UNIVERSNEWS224\"},\"image\":{\"@id\":\"https:\/\/universnews224.com\/#\/schema\/logo\/image\/\"}},{\"@type\":\"Person\",\"@id\":\"https:\/\/universnews224.com\/#\/schema\/person\/a4b7d4f94a4716df60456a491260485e\",\"name\":\"La R\u00e9daction\",\"image\":{\"@type\":\"ImageObject\",\"inLanguage\":\"fr-FR\",\"@id\":\"https:\/\/universnews224.com\/#\/schema\/person\/image\/\",\"url\":\"https:\/\/secure.gravatar.com\/avatar\/edb90acc7752b23e1b3307ad36c14f0d?s=96&d=mm&r=g\",\"contentUrl\":\"https:\/\/secure.gravatar.com\/avatar\/edb90acc7752b23e1b3307ad36c14f0d?s=96&d=mm&r=g\",\"caption\":\"La R\u00e9daction\"},\"sameAs\":[\"https:\/\/universnews224.com\"],\"url\":\"https:\/\/universnews224.com\/index.php\/author\/m-camara\/\"}]}<\/script>\n<!-- \/ Yoast SEO plugin. -->","yoast_head_json":{"title":"Dr Fod\u00e9 Ciss\u00e9 sur son acquittement par la CRIEF:\u00abJe prends ce proc\u00e8s comme une le\u00e7on apprise - UNIVERSNEWS224","robots":{"index":"index","follow":"follow","max-snippet":"max-snippet:-1","max-image-preview":"max-image-preview:large","max-video-preview":"max-video-preview:-1"},"canonical":"https:\/\/universnews224.com\/index.php\/dr-fode-cisse-sur-son-acquittement-par-la-criefje-prends-ce-proces-comme-une-lecon-apprise\/","og_locale":"fr_FR","og_type":"article","og_title":"Dr Fod\u00e9 Ciss\u00e9 sur son acquittement par la CRIEF:\u00abJe prends ce proc\u00e8s comme une le\u00e7on apprise - UNIVERSNEWS224","og_description":"L\u2019ancien Directeur G\u00e9n\u00e9ral de la Caisse Nationale Pr\u00e9voyance Sociale s\u2019est prononc\u00e9 sur son acquittement par","og_url":"https:\/\/universnews224.com\/index.php\/dr-fode-cisse-sur-son-acquittement-par-la-criefje-prends-ce-proces-comme-une-lecon-apprise\/","og_site_name":"UNIVERSNEWS224","article_published_time":"2022-11-17T14:21:58+00:00","og_image":[{"width":700,"height":413,"url":"https:\/\/universnews224.com\/wp-content\/uploads\/2022\/11\/16A3CB3D-00E7-4734-BD36-BB0D58FE8FF5.jpeg","type":"image\/jpeg"}],"author":"La R\u00e9daction","twitter_misc":{"\u00c9crit par":"La R\u00e9daction","Dur\u00e9e de lecture estim\u00e9e":"1 minute"},"schema":{"@context":"https:\/\/schema.org","@graph":[{"@type":"Article","@id":"https:\/\/universnews224.com\/index.php\/dr-fode-cisse-sur-son-acquittement-par-la-criefje-prends-ce-proces-comme-une-lecon-apprise\/#article","isPartOf":{"@id":"https:\/\/universnews224.com\/index.php\/dr-fode-cisse-sur-son-acquittement-par-la-criefje-prends-ce-proces-comme-une-lecon-apprise\/"},"author":{"name":"La R\u00e9daction","@id":"https:\/\/universnews224.com\/#\/schema\/person\/a4b7d4f94a4716df60456a491260485e"},"headline":"Dr Fod\u00e9 Ciss\u00e9 sur son acquittement par la CRIEF:\u00abJe prends ce proc\u00e8s comme une le\u00e7on apprise","datePublished":"2022-11-17T14:21:58+00:00","dateModified":"2022-11-17T14:21:58+00:00","mainEntityOfPage":{"@id":"https:\/\/universnews224.com\/index.php\/dr-fode-cisse-sur-son-acquittement-par-la-criefje-prends-ce-proces-comme-une-lecon-apprise\/"},"wordCount":235,"publisher":{"@id":"https:\/\/universnews224.com\/#organization"},"keywords":["La une"],"articleSection":["ACTU","POLITIQUE"],"inLanguage":"fr-FR"},{"@type":"WebPage","@id":"https:\/\/universnews224.com\/index.php\/dr-fode-cisse-sur-son-acquittement-par-la-criefje-prends-ce-proces-comme-une-lecon-apprise\/","url":"https:\/\/universnews224.com\/index.php\/dr-fode-cisse-sur-son-acquittement-par-la-criefje-prends-ce-proces-comme-une-lecon-apprise\/","name":"Dr Fod\u00e9 Ciss\u00e9 sur son acquittement par la CRIEF:\u00abJe prends ce proc\u00e8s comme une le\u00e7on apprise - UNIVERSNEWS224","isPartOf":{"@id":"https:\/\/universnews224.com\/#website"},"datePublished":"2022-11-17T14:21:58+00:00","dateModified":"2022-11-17T14:21:58+00:00","inLanguage":"fr-FR","potentialAction":[{"@type":"ReadAction","target":["https:\/\/universnews224.com\/index.php\/dr-fode-cisse-sur-son-acquittement-par-la-criefje-prends-ce-proces-comme-une-lecon-apprise\/"]}]},{"@type":"WebSite","@id":"https:\/\/universnews224.com\/#website","url":"https:\/\/universnews224.com\/","name":"UNIVERSNEWS224","description":"","publisher":{"@id":"https:\/\/universnews224.com\/#organization"},"potentialAction":[{"@type":"SearchAction","target":{"@type":"EntryPoint","urlTemplate":"https:\/\/universnews224.com\/?s={search_term_string}"},"query-input":"required name=search_term_string"}],"inLanguage":"fr-FR"},{"@type":"Organization","@id":"https:\/\/universnews224.com\/#organization","name":"UNIVERSNEWS224","url":"https:\/\/universnews224.com\/","logo":{"@type":"ImageObject","inLanguage":"fr-FR","@id":"https:\/\/universnews224.com\/#\/schema\/logo\/image\/","url":"https:\/\/universnews224.com\/wp-content\/uploads\/2022\/08\/cropped-cropped-logoban.jpg","contentUrl":"https:\/\/universnews224.com\/wp-content\/uploads\/2022\/08\/cropped-cropped-logoban.jpg","width":1080,"height":138,"caption":"UNIVERSNEWS224"},"image":{"@id":"https:\/\/universnews224.com\/#\/schema\/logo\/image\/"}},{"@type":"Person","@id":"https:\/\/universnews224.com\/#\/schema\/person\/a4b7d4f94a4716df60456a491260485e","name":"La R\u00e9daction","image":{"@type":"ImageObject","inLanguage":"fr-FR","@id":"https:\/\/universnews224.com\/#\/schema\/person\/image\/","url":"https:\/\/secure.gravatar.com\/avatar\/edb90acc7752b23e1b3307ad36c14f0d?s=96&d=mm&r=g","contentUrl":"https:\/\/secure.gravatar.com\/avatar\/edb90acc7752b23e1b3307ad36c14f0d?s=96&d=mm&r=g","caption":"La R\u00e9daction"},"sameAs":["https:\/\/universnews224.com"],"url":"https:\/\/universnews224.com\/index.php\/author\/m-camara\/"}]}},"_links":{"self":[{"href":"https:\/\/universnews224.com\/index.php\/wp-json\/wp\/v2\/posts\/2486"}],"collection":[{"href":"https:\/\/universnews224.com\/index.php\/wp-json\/wp\/v2\/posts"}],"about":[{"href":"https:\/\/universnews224.com\/index.php\/wp-json\/wp\/v2\/types\/post"}],"author":[{"embeddable":true,"href":"https:\/\/universnews224.com\/index.php\/wp-json\/wp\/v2\/users\/2"}],"replies":[{"embeddable":true,"href":"https:\/\/universnews224.com\/index.php\/wp-json\/wp\/v2\/comments?post=2486"}],"version-history":[{"count":1,"href":"https:\/\/universnews224.com\/index.php\/wp-json\/wp\/v2\/posts\/2486\/revisions"}],"predecessor-version":[{"id":2488,"href":"https:\/\/universnews224.com\/index.php\/wp-json\/wp\/v2\/posts\/2486\/revisions\/2488"}],"wp:featuredmedia":[{"embeddable":true,"href":"https:\/\/universnews224.com\/index.php\/wp-json\/wp\/v2\/media\/2487"}],"wp:attachment":[{"href":"https:\/\/universnews224.com\/index.php\/wp-json\/wp\/v2\/media?parent=2486"}],"wp:term":[{"taxonomy":"category","embeddable":true,"href":"https:\/\/universnews224.com\/index.php\/wp-json\/wp\/v2\/categories?post=2486"},{"taxonomy":"post_tag","embeddable":true,"href":"https:\/\/universnews224.com\/index.php\/wp-json\/wp\/v2\/tags?post=2486"}],"curies":[{"name":"wp","href":"https:\/\/api.w.org\/{rel}","templated":true}]}}