{"id":2495,"date":"2022-11-18T21:37:50","date_gmt":"2022-11-18T20:37:50","guid":{"rendered":"https:\/\/universnews224.com\/?p=2495"},"modified":"2022-11-18T21:37:50","modified_gmt":"2022-11-18T20:37:50","slug":"alhoussein-makanera-faya-sest-toujours-presente-comme-opposant-dans-une-situation-ou-il-nest-pas-opposant","status":"publish","type":"post","link":"https:\/\/universnews224.com\/index.php\/alhoussein-makanera-faya-sest-toujours-presente-comme-opposant-dans-une-situation-ou-il-nest-pas-opposant\/","title":{"rendered":"Alhoussein Makan\u00e9ra : \u00ab Faya s\u2019est toujours pr\u00e9sent\u00e9 comme opposant dans une situation o\u00f9 il n\u2019est pas opposant\u00bb"},"content":{"rendered":"<p>Lors de sa r\u00e9cente sortie m\u00e9diatique, le leader du Lib\u00e9ral Lib\u00e9ral, Dr Faya Millimono qui s\u2019exprimait sur pr\u00e9tendu \u00e9change t\u00e9l\u00e9phonique entre Cellou et Alpha a accus\u00e9 le principal opposant d\u2019avoir toujours \u00e9t\u00e9 un alli\u00e9 d\u2019Alpha.<\/p>\n<p>S\u2019exprimant sur cette actualit\u00e9 chez nos confr\u00e8res de Djoma m\u00e9dia dans l\u2019\u00e9mission \u00ab On refait le monde \u00bb, le pr\u00e9sident FND n\u2019a \u00e9t\u00e9 du tout tendre \u00e0 l\u2019\u00e9gard de Dr Faya Millimono.<\/p>\n<p>Selon Alhoussein Makan\u00e9ra Kak\u00e9, Dr Faya Millimono fait semblant d\u2019\u00eatre opposant alors qu\u2019il ne l\u2019est pas.<\/p>\n<p>\u00abLa diff\u00e9rence entre Faya et Cellou est \u00e9vidente. Cellou n\u2019a jamais ni\u00e9 de n\u00e9gocier avec Alpha. D\u00e8s fois, il dit qu\u2019Alpha ne respecte pas. Faya lui, il se cache pour faire semblant qu\u2019il est opposant alors qu\u2019il ne l\u2019est pas, c\u2019est ce qui est grave en politique. Je vais vous dire quelque chose. En Guin\u00e9e, notre probl\u00e8me c\u2019est quoi, c\u2019est hypocrisie. Il n\u2019y a aucun homme qui ne change pas d\u2019id\u00e9e. \u00a0C\u2019est les princes qui ne changent \u00a0pas, c\u2019est -\u00e0-dire la libert\u00e9, la d\u00e9mocratie, pour \u00e7a, c\u2019est un principe. Mais dire que je pense que tel est bon aujourd\u2019hui, je suis avec lui, je trouve qu\u2019il est mauvais, je continue avec lui, tu n\u2019es plus constant. Quand on veut \u00eatre constant dans une situation changeante, on change avec la situation sinon on n\u2019est plus constant. Faya s\u2019est toujours pr\u00e9sent\u00e9 comme opposant dans une situation o\u00f9 il n\u2019est pas opposant. C\u2019est qui n\u2019est pas bon en politique. Faire semblant, participer \u00e0 un dialogue, tu dis que tu es opposant, \u00e0 la fin du dialogue. Lorsque tout le monde est d\u2019accord, tu dis que tu n\u2019es pas d\u2019accord, tu fais semblant de faire que tu es opposant, alors que tu es avec l\u2019autre, c\u2019est ce qui n\u2019est pas bon\u00bb, a t-il martel\u00e9.<\/p>\n<p>Camara Mamadouba<\/p>\n<p>&nbsp;<\/p>\n","protected":false},"excerpt":{"rendered":"<p>Lors de sa r\u00e9cente sortie m\u00e9diatique, le leader du Lib\u00e9ral Lib\u00e9ral, Dr Faya Millimono qui<\/p>\n","protected":false},"author":2,"featured_media":2496,"comment_status":"closed","ping_status":"open","sticky":false,"template":"","format":"standard","meta":[],"categories":[3],"tags":[229],"yoast_head":"<!-- This site is optimized with the Yoast SEO plugin v19.13 - https:\/\/yoast.com\/wordpress\/plugins\/seo\/ -->\n<title>Alhoussein Makan\u00e9ra : \u00ab Faya s\u2019est toujours pr\u00e9sent\u00e9 comme opposant dans une situation o\u00f9 il n\u2019est pas opposant\u00bb - UNIVERSNEWS224<\/title>\n<meta name=\"robots\" content=\"index, follow, max-snippet:-1, max-image-preview:large, max-video-preview:-1\" \/>\n<link rel=\"canonical\" href=\"https:\/\/universnews224.com\/index.php\/alhoussein-makanera-faya-sest-toujours-presente-comme-opposant-dans-une-situation-ou-il-nest-pas-opposant\/\" \/>\n<meta property=\"og:locale\" content=\"fr_FR\" \/>\n<meta property=\"og:type\" content=\"article\" \/>\n<meta property=\"og:title\" content=\"Alhoussein Makan\u00e9ra : \u00ab Faya s\u2019est toujours pr\u00e9sent\u00e9 comme opposant dans une situation o\u00f9 il n\u2019est pas opposant\u00bb - UNIVERSNEWS224\" \/>\n<meta property=\"og:description\" content=\"Lors de sa r\u00e9cente sortie m\u00e9diatique, le leader du Lib\u00e9ral Lib\u00e9ral, Dr Faya Millimono qui\" \/>\n<meta property=\"og:url\" content=\"https:\/\/universnews224.com\/index.php\/alhoussein-makanera-faya-sest-toujours-presente-comme-opposant-dans-une-situation-ou-il-nest-pas-opposant\/\" \/>\n<meta property=\"og:site_name\" content=\"UNIVERSNEWS224\" \/>\n<meta property=\"article:published_time\" content=\"2022-11-18T20:37:50+00:00\" \/>\n<meta property=\"og:image\" content=\"https:\/\/universnews224.com\/wp-content\/uploads\/2022\/11\/BE235989-A211-4614-B7F4-09D9B3729111.jpeg\" \/>\n\t<meta property=\"og:image:width\" content=\"480\" \/>\n\t<meta property=\"og:image:height\" content=\"360\" \/>\n\t<meta property=\"og:image:type\" content=\"image\/jpeg\" \/>\n<meta name=\"author\" content=\"La R\u00e9daction\" \/>\n<meta name=\"twitter:label1\" content=\"\u00c9crit par\" \/>\n\t<meta name=\"twitter:data1\" content=\"La R\u00e9daction\" \/>\n\t<meta name=\"twitter:label2\" content=\"Dur\u00e9e de lecture estim\u00e9e\" \/>\n\t<meta name=\"twitter:data2\" content=\"2 minutes\" \/>\n<script type=\"application\/ld+json\" class=\"yoast-schema-graph\">{\"@context\":\"https:\/\/schema.org\",\"@graph\":[{\"@type\":\"Article\",\"@id\":\"https:\/\/universnews224.com\/index.php\/alhoussein-makanera-faya-sest-toujours-presente-comme-opposant-dans-une-situation-ou-il-nest-pas-opposant\/#article\",\"isPartOf\":{\"@id\":\"https:\/\/universnews224.com\/index.php\/alhoussein-makanera-faya-sest-toujours-presente-comme-opposant-dans-une-situation-ou-il-nest-pas-opposant\/\"},\"author\":{\"name\":\"La R\u00e9daction\",\"@id\":\"https:\/\/universnews224.com\/#\/schema\/person\/a4b7d4f94a4716df60456a491260485e\"},\"headline\":\"Alhoussein Makan\u00e9ra : \u00ab Faya s\u2019est toujours pr\u00e9sent\u00e9 comme opposant dans une situation o\u00f9 il n\u2019est pas opposant\u00bb\",\"datePublished\":\"2022-11-18T20:37:50+00:00\",\"dateModified\":\"2022-11-18T20:37:50+00:00\",\"mainEntityOfPage\":{\"@id\":\"https:\/\/universnews224.com\/index.php\/alhoussein-makanera-faya-sest-toujours-presente-comme-opposant-dans-une-situation-ou-il-nest-pas-opposant\/\"},\"wordCount\":368,\"publisher\":{\"@id\":\"https:\/\/universnews224.com\/#organization\"},\"keywords\":[\"La une\"],\"articleSection\":[\"ACTU\"],\"inLanguage\":\"fr-FR\"},{\"@type\":\"WebPage\",\"@id\":\"https:\/\/universnews224.com\/index.php\/alhoussein-makanera-faya-sest-toujours-presente-comme-opposant-dans-une-situation-ou-il-nest-pas-opposant\/\",\"url\":\"https:\/\/universnews224.com\/index.php\/alhoussein-makanera-faya-sest-toujours-presente-comme-opposant-dans-une-situation-ou-il-nest-pas-opposant\/\",\"name\":\"Alhoussein Makan\u00e9ra : \u00ab Faya s\u2019est toujours pr\u00e9sent\u00e9 comme opposant dans une situation o\u00f9 il n\u2019est pas opposant\u00bb - UNIVERSNEWS224\",\"isPartOf\":{\"@id\":\"https:\/\/universnews224.com\/#website\"},\"datePublished\":\"2022-11-18T20:37:50+00:00\",\"dateModified\":\"2022-11-18T20:37:50+00:00\",\"inLanguage\":\"fr-FR\",\"potentialAction\":[{\"@type\":\"ReadAction\",\"target\":[\"https:\/\/universnews224.com\/index.php\/alhoussein-makanera-faya-sest-toujours-presente-comme-opposant-dans-une-situation-ou-il-nest-pas-opposant\/\"]}]},{\"@type\":\"WebSite\",\"@id\":\"https:\/\/universnews224.com\/#website\",\"url\":\"https:\/\/universnews224.com\/\",\"name\":\"UNIVERSNEWS224\",\"description\":\"\",\"publisher\":{\"@id\":\"https:\/\/universnews224.com\/#organization\"},\"potentialAction\":[{\"@type\":\"SearchAction\",\"target\":{\"@type\":\"EntryPoint\",\"urlTemplate\":\"https:\/\/universnews224.com\/?s={search_term_string}\"},\"query-input\":\"required name=search_term_string\"}],\"inLanguage\":\"fr-FR\"},{\"@type\":\"Organization\",\"@id\":\"https:\/\/universnews224.com\/#organization\",\"name\":\"UNIVERSNEWS224\",\"url\":\"https:\/\/universnews224.com\/\",\"logo\":{\"@type\":\"ImageObject\",\"inLanguage\":\"fr-FR\",\"@id\":\"https:\/\/universnews224.com\/#\/schema\/logo\/image\/\",\"url\":\"https:\/\/universnews224.com\/wp-content\/uploads\/2022\/08\/cropped-cropped-logoban.jpg\",\"contentUrl\":\"https:\/\/universnews224.com\/wp-content\/uploads\/2022\/08\/cropped-cropped-logoban.jpg\",\"width\":1080,\"height\":138,\"caption\":\"UNIVERSNEWS224\"},\"image\":{\"@id\":\"https:\/\/universnews224.com\/#\/schema\/logo\/image\/\"}},{\"@type\":\"Person\",\"@id\":\"https:\/\/universnews224.com\/#\/schema\/person\/a4b7d4f94a4716df60456a491260485e\",\"name\":\"La R\u00e9daction\",\"image\":{\"@type\":\"ImageObject\",\"inLanguage\":\"fr-FR\",\"@id\":\"https:\/\/universnews224.com\/#\/schema\/person\/image\/\",\"url\":\"https:\/\/secure.gravatar.com\/avatar\/edb90acc7752b23e1b3307ad36c14f0d?s=96&d=mm&r=g\",\"contentUrl\":\"https:\/\/secure.gravatar.com\/avatar\/edb90acc7752b23e1b3307ad36c14f0d?s=96&d=mm&r=g\",\"caption\":\"La R\u00e9daction\"},\"sameAs\":[\"https:\/\/universnews224.com\"],\"url\":\"https:\/\/universnews224.com\/index.php\/author\/m-camara\/\"}]}<\/script>\n<!-- \/ Yoast SEO plugin. -->","yoast_head_json":{"title":"Alhoussein Makan\u00e9ra : \u00ab Faya s\u2019est toujours pr\u00e9sent\u00e9 comme opposant dans une situation o\u00f9 il n\u2019est pas opposant\u00bb - UNIVERSNEWS224","robots":{"index":"index","follow":"follow","max-snippet":"max-snippet:-1","max-image-preview":"max-image-preview:large","max-video-preview":"max-video-preview:-1"},"canonical":"https:\/\/universnews224.com\/index.php\/alhoussein-makanera-faya-sest-toujours-presente-comme-opposant-dans-une-situation-ou-il-nest-pas-opposant\/","og_locale":"fr_FR","og_type":"article","og_title":"Alhoussein Makan\u00e9ra : \u00ab Faya s\u2019est toujours pr\u00e9sent\u00e9 comme opposant dans une situation o\u00f9 il n\u2019est pas opposant\u00bb - UNIVERSNEWS224","og_description":"Lors de sa r\u00e9cente sortie m\u00e9diatique, le leader du Lib\u00e9ral Lib\u00e9ral, Dr Faya Millimono qui","og_url":"https:\/\/universnews224.com\/index.php\/alhoussein-makanera-faya-sest-toujours-presente-comme-opposant-dans-une-situation-ou-il-nest-pas-opposant\/","og_site_name":"UNIVERSNEWS224","article_published_time":"2022-11-18T20:37:50+00:00","og_image":[{"width":480,"height":360,"url":"https:\/\/universnews224.com\/wp-content\/uploads\/2022\/11\/BE235989-A211-4614-B7F4-09D9B3729111.jpeg","type":"image\/jpeg"}],"author":"La R\u00e9daction","twitter_misc":{"\u00c9crit par":"La R\u00e9daction","Dur\u00e9e de lecture estim\u00e9e":"2 minutes"},"schema":{"@context":"https:\/\/schema.org","@graph":[{"@type":"Article","@id":"https:\/\/universnews224.com\/index.php\/alhoussein-makanera-faya-sest-toujours-presente-comme-opposant-dans-une-situation-ou-il-nest-pas-opposant\/#article","isPartOf":{"@id":"https:\/\/universnews224.com\/index.php\/alhoussein-makanera-faya-sest-toujours-presente-comme-opposant-dans-une-situation-ou-il-nest-pas-opposant\/"},"author":{"name":"La R\u00e9daction","@id":"https:\/\/universnews224.com\/#\/schema\/person\/a4b7d4f94a4716df60456a491260485e"},"headline":"Alhoussein Makan\u00e9ra : \u00ab Faya s\u2019est toujours pr\u00e9sent\u00e9 comme opposant dans une situation o\u00f9 il n\u2019est pas opposant\u00bb","datePublished":"2022-11-18T20:37:50+00:00","dateModified":"2022-11-18T20:37:50+00:00","mainEntityOfPage":{"@id":"https:\/\/universnews224.com\/index.php\/alhoussein-makanera-faya-sest-toujours-presente-comme-opposant-dans-une-situation-ou-il-nest-pas-opposant\/"},"wordCount":368,"publisher":{"@id":"https:\/\/universnews224.com\/#organization"},"keywords":["La une"],"articleSection":["ACTU"],"inLanguage":"fr-FR"},{"@type":"WebPage","@id":"https:\/\/universnews224.com\/index.php\/alhoussein-makanera-faya-sest-toujours-presente-comme-opposant-dans-une-situation-ou-il-nest-pas-opposant\/","url":"https:\/\/universnews224.com\/index.php\/alhoussein-makanera-faya-sest-toujours-presente-comme-opposant-dans-une-situation-ou-il-nest-pas-opposant\/","name":"Alhoussein Makan\u00e9ra : \u00ab Faya s\u2019est toujours pr\u00e9sent\u00e9 comme opposant dans une situation o\u00f9 il n\u2019est pas opposant\u00bb - UNIVERSNEWS224","isPartOf":{"@id":"https:\/\/universnews224.com\/#website"},"datePublished":"2022-11-18T20:37:50+00:00","dateModified":"2022-11-18T20:37:50+00:00","inLanguage":"fr-FR","potentialAction":[{"@type":"ReadAction","target":["https:\/\/universnews224.com\/index.php\/alhoussein-makanera-faya-sest-toujours-presente-comme-opposant-dans-une-situation-ou-il-nest-pas-opposant\/"]}]},{"@type":"WebSite","@id":"https:\/\/universnews224.com\/#website","url":"https:\/\/universnews224.com\/","name":"UNIVERSNEWS224","description":"","publisher":{"@id":"https:\/\/universnews224.com\/#organization"},"potentialAction":[{"@type":"SearchAction","target":{"@type":"EntryPoint","urlTemplate":"https:\/\/universnews224.com\/?s={search_term_string}"},"query-input":"required name=search_term_string"}],"inLanguage":"fr-FR"},{"@type":"Organization","@id":"https:\/\/universnews224.com\/#organization","name":"UNIVERSNEWS224","url":"https:\/\/universnews224.com\/","logo":{"@type":"ImageObject","inLanguage":"fr-FR","@id":"https:\/\/universnews224.com\/#\/schema\/logo\/image\/","url":"https:\/\/universnews224.com\/wp-content\/uploads\/2022\/08\/cropped-cropped-logoban.jpg","contentUrl":"https:\/\/universnews224.com\/wp-content\/uploads\/2022\/08\/cropped-cropped-logoban.jpg","width":1080,"height":138,"caption":"UNIVERSNEWS224"},"image":{"@id":"https:\/\/universnews224.com\/#\/schema\/logo\/image\/"}},{"@type":"Person","@id":"https:\/\/universnews224.com\/#\/schema\/person\/a4b7d4f94a4716df60456a491260485e","name":"La R\u00e9daction","image":{"@type":"ImageObject","inLanguage":"fr-FR","@id":"https:\/\/universnews224.com\/#\/schema\/person\/image\/","url":"https:\/\/secure.gravatar.com\/avatar\/edb90acc7752b23e1b3307ad36c14f0d?s=96&d=mm&r=g","contentUrl":"https:\/\/secure.gravatar.com\/avatar\/edb90acc7752b23e1b3307ad36c14f0d?s=96&d=mm&r=g","caption":"La R\u00e9daction"},"sameAs":["https:\/\/universnews224.com"],"url":"https:\/\/universnews224.com\/index.php\/author\/m-camara\/"}]}},"_links":{"self":[{"href":"https:\/\/universnews224.com\/index.php\/wp-json\/wp\/v2\/posts\/2495"}],"collection":[{"href":"https:\/\/universnews224.com\/index.php\/wp-json\/wp\/v2\/posts"}],"about":[{"href":"https:\/\/universnews224.com\/index.php\/wp-json\/wp\/v2\/types\/post"}],"author":[{"embeddable":true,"href":"https:\/\/universnews224.com\/index.php\/wp-json\/wp\/v2\/users\/2"}],"replies":[{"embeddable":true,"href":"https:\/\/universnews224.com\/index.php\/wp-json\/wp\/v2\/comments?post=2495"}],"version-history":[{"count":1,"href":"https:\/\/universnews224.com\/index.php\/wp-json\/wp\/v2\/posts\/2495\/revisions"}],"predecessor-version":[{"id":2497,"href":"https:\/\/universnews224.com\/index.php\/wp-json\/wp\/v2\/posts\/2495\/revisions\/2497"}],"wp:featuredmedia":[{"embeddable":true,"href":"https:\/\/universnews224.com\/index.php\/wp-json\/wp\/v2\/media\/2496"}],"wp:attachment":[{"href":"https:\/\/universnews224.com\/index.php\/wp-json\/wp\/v2\/media?parent=2495"}],"wp:term":[{"taxonomy":"category","embeddable":true,"href":"https:\/\/universnews224.com\/index.php\/wp-json\/wp\/v2\/categories?post=2495"},{"taxonomy":"post_tag","embeddable":true,"href":"https:\/\/universnews224.com\/index.php\/wp-json\/wp\/v2\/tags?post=2495"}],"curies":[{"name":"wp","href":"https:\/\/api.w.org\/{rel}","templated":true}]}}