{"id":2501,"date":"2022-11-18T21:46:56","date_gmt":"2022-11-18T20:46:56","guid":{"rendered":"https:\/\/universnews224.com\/?p=2501"},"modified":"2022-11-18T21:46:56","modified_gmt":"2022-11-18T20:46:56","slug":"culture-les-organisateurs-annoncent-les-couleurs-de-levenement-du-concept-deux-vedettes-sur-scene-a-conakry","status":"publish","type":"post","link":"https:\/\/universnews224.com\/index.php\/culture-les-organisateurs-annoncent-les-couleurs-de-levenement-du-concept-deux-vedettes-sur-scene-a-conakry\/","title":{"rendered":"Culture : les organisateurs annoncent les couleurs de l&rsquo;\u00e9v\u00e9nement du concept \u00a0\u00bbDeux vedettes sur sc\u00e8ne\u00a0\u00bb \u00e0 Conakry"},"content":{"rendered":"<p>Apr\u00e8s le succ\u00e8s de la premi\u00e8re \u00e9dition en 2020, c&rsquo;est le tour de la star malienne Faty Kouyat\u00e9 et Petit Kandia de se donner en spectacle, pr\u00e9vue pour le samedi 19 novembre 2022, au chapiteau du palais du peuple de Conakry.<br \/>\nL&rsquo;annonce a \u00e9t\u00e9 faite le jeudi 17 novembre au cours d&rsquo;une conf\u00e9rence de presse anim\u00e9 par les organisateurs de la deuxi\u00e8me \u00e9dition \u00a0\u00bb Deux vedettes sur sc\u00e8ne \u00a0\u00bb .<br \/>\nDans son intervention, le patron de l&rsquo;\u00e9v\u00e9nement de la deuxi\u00e8me \u00e9dition, Petit Kandia d\u00e9cline les grandes lignes cette deuxi\u00e8me session.<br \/>\n\u00ab On a commenc\u00e9 les r\u00e9p\u00e9titions, \u00e7a se passe tr\u00e8s bien. J\u2019esp\u00e8re bien que le concert va se passer comme pr\u00e9vu. On est entrain de pr\u00e9parer quelque chose qui va vraiment marquer nos fans. Parceque quand deux (2) Kouyat\u00e9 sont sur sc\u00e8ne, il ne faut pas se laisser faire. Il faut vraiment montrer de quoi vous \u00eates capables. Parceque, on dit souvent dans la langue du terroir que Dj\u00e9lima Kouyat\u00e9. Donc, pour \u00e7a, on va vraiment montrer ce qu\u2019on appelle Kouyat\u00e9 sur sc\u00e8ne. L\u2019\u00e9v\u00e9nement, c\u2019est le samedi 19 novembre au chapiteau \u00bb, a d\u00e9clar\u00e9 Petit Kandia.<br \/>\nPour sa part, la griotte malienne Faty Kouyat\u00e9 dira que qu&rsquo;elle ne peux pas quitter son pays et venir dans un autre pays o\u00f9 il y a mes amis griots sans les salu\u00e9 :<\/p>\n<p><a href=\"https:\/\/universnews224.com\/wp-content\/uploads\/2022\/11\/8D15396B-0EC8-4463-8635-0139316F7189.jpeg\"><img loading=\"lazy\" class=\"alignnone size-medium wp-image-2502\" src=\"https:\/\/universnews224.com\/wp-content\/uploads\/2022\/11\/8D15396B-0EC8-4463-8635-0139316F7189-300x169.jpeg\" alt=\"\" width=\"300\" height=\"169\" srcset=\"https:\/\/universnews224.com\/wp-content\/uploads\/2022\/11\/8D15396B-0EC8-4463-8635-0139316F7189-300x169.jpeg 300w, https:\/\/universnews224.com\/wp-content\/uploads\/2022\/11\/8D15396B-0EC8-4463-8635-0139316F7189-768x432.jpeg 768w, https:\/\/universnews224.com\/wp-content\/uploads\/2022\/11\/8D15396B-0EC8-4463-8635-0139316F7189-800x450.jpeg 800w, https:\/\/universnews224.com\/wp-content\/uploads\/2022\/11\/8D15396B-0EC8-4463-8635-0139316F7189.jpeg 1024w\" sizes=\"(max-width: 300px) 100vw, 300px\" \/><\/a><br \/>\n\u00ab Je suis griotte, je ne peux pas quitter le Mali pour la Guin\u00e9e non seulement sans dire merci aux griots de ce pays \u00e9tant griotte. Mais aussi, montrer \u00e0 ceux de la Guin\u00e9e que la Guin\u00e9e et le Mali sont deux poumons dans un m\u00eame corps. Je ne peux pas venir en Guin\u00e9e sans montrer que le colonel Assimi Go\u00efta et le colonel Mamadi Doumbouya sont des fr\u00e8res. Je suis venue en force avec de tr\u00e8s belles m\u00e9lodies. Venez voir les grandes surprise \u00bb, \u00e0 mentionn\u00e9 la star malienne.<br \/>\nSana Sylla<\/p>\n","protected":false},"excerpt":{"rendered":"<p>Apr\u00e8s le succ\u00e8s de la premi\u00e8re \u00e9dition en 2020, c&rsquo;est le tour de la star<\/p>\n","protected":false},"author":2,"featured_media":2502,"comment_status":"closed","ping_status":"open","sticky":false,"template":"","format":"standard","meta":[],"categories":[3,6],"tags":[229],"yoast_head":"<!-- This site is optimized with the Yoast SEO plugin v19.13 - https:\/\/yoast.com\/wordpress\/plugins\/seo\/ -->\n<title>Culture : les organisateurs annoncent les couleurs de l&#039;\u00e9v\u00e9nement du concept &#039;&#039;Deux vedettes sur sc\u00e8ne&#039;&#039; \u00e0 Conakry - UNIVERSNEWS224<\/title>\n<meta name=\"robots\" content=\"index, follow, max-snippet:-1, max-image-preview:large, max-video-preview:-1\" \/>\n<link rel=\"canonical\" href=\"https:\/\/universnews224.com\/index.php\/culture-les-organisateurs-annoncent-les-couleurs-de-levenement-du-concept-deux-vedettes-sur-scene-a-conakry\/\" \/>\n<meta property=\"og:locale\" content=\"fr_FR\" \/>\n<meta property=\"og:type\" content=\"article\" \/>\n<meta property=\"og:title\" content=\"Culture : les organisateurs annoncent les couleurs de l&#039;\u00e9v\u00e9nement du concept &#039;&#039;Deux vedettes sur sc\u00e8ne&#039;&#039; \u00e0 Conakry - UNIVERSNEWS224\" \/>\n<meta property=\"og:description\" content=\"Apr\u00e8s le succ\u00e8s de la premi\u00e8re \u00e9dition en 2020, c&rsquo;est le tour de la star\" \/>\n<meta property=\"og:url\" content=\"https:\/\/universnews224.com\/index.php\/culture-les-organisateurs-annoncent-les-couleurs-de-levenement-du-concept-deux-vedettes-sur-scene-a-conakry\/\" \/>\n<meta property=\"og:site_name\" content=\"UNIVERSNEWS224\" \/>\n<meta property=\"article:published_time\" content=\"2022-11-18T20:46:56+00:00\" \/>\n<meta property=\"og:image\" content=\"https:\/\/universnews224.com\/wp-content\/uploads\/2022\/11\/8D15396B-0EC8-4463-8635-0139316F7189.jpeg\" \/>\n\t<meta property=\"og:image:width\" content=\"1024\" \/>\n\t<meta property=\"og:image:height\" content=\"576\" \/>\n\t<meta property=\"og:image:type\" content=\"image\/jpeg\" \/>\n<meta name=\"author\" content=\"La R\u00e9daction\" \/>\n<meta name=\"twitter:label1\" content=\"\u00c9crit par\" \/>\n\t<meta name=\"twitter:data1\" content=\"La R\u00e9daction\" \/>\n\t<meta name=\"twitter:label2\" content=\"Dur\u00e9e de lecture estim\u00e9e\" \/>\n\t<meta name=\"twitter:data2\" content=\"2 minutes\" \/>\n<script type=\"application\/ld+json\" class=\"yoast-schema-graph\">{\"@context\":\"https:\/\/schema.org\",\"@graph\":[{\"@type\":\"Article\",\"@id\":\"https:\/\/universnews224.com\/index.php\/culture-les-organisateurs-annoncent-les-couleurs-de-levenement-du-concept-deux-vedettes-sur-scene-a-conakry\/#article\",\"isPartOf\":{\"@id\":\"https:\/\/universnews224.com\/index.php\/culture-les-organisateurs-annoncent-les-couleurs-de-levenement-du-concept-deux-vedettes-sur-scene-a-conakry\/\"},\"author\":{\"name\":\"La R\u00e9daction\",\"@id\":\"https:\/\/universnews224.com\/#\/schema\/person\/a4b7d4f94a4716df60456a491260485e\"},\"headline\":\"Culture : les organisateurs annoncent les couleurs de l&rsquo;\u00e9v\u00e9nement du concept \u00a0\u00bbDeux vedettes sur sc\u00e8ne\u00a0\u00bb \u00e0 Conakry\",\"datePublished\":\"2022-11-18T20:46:56+00:00\",\"dateModified\":\"2022-11-18T20:46:56+00:00\",\"mainEntityOfPage\":{\"@id\":\"https:\/\/universnews224.com\/index.php\/culture-les-organisateurs-annoncent-les-couleurs-de-levenement-du-concept-deux-vedettes-sur-scene-a-conakry\/\"},\"wordCount\":352,\"publisher\":{\"@id\":\"https:\/\/universnews224.com\/#organization\"},\"keywords\":[\"La une\"],\"articleSection\":[\"ACTU\",\"CULTURE\"],\"inLanguage\":\"fr-FR\"},{\"@type\":\"WebPage\",\"@id\":\"https:\/\/universnews224.com\/index.php\/culture-les-organisateurs-annoncent-les-couleurs-de-levenement-du-concept-deux-vedettes-sur-scene-a-conakry\/\",\"url\":\"https:\/\/universnews224.com\/index.php\/culture-les-organisateurs-annoncent-les-couleurs-de-levenement-du-concept-deux-vedettes-sur-scene-a-conakry\/\",\"name\":\"Culture : les organisateurs annoncent les couleurs de l'\u00e9v\u00e9nement du concept ''Deux vedettes sur sc\u00e8ne'' \u00e0 Conakry - UNIVERSNEWS224\",\"isPartOf\":{\"@id\":\"https:\/\/universnews224.com\/#website\"},\"datePublished\":\"2022-11-18T20:46:56+00:00\",\"dateModified\":\"2022-11-18T20:46:56+00:00\",\"inLanguage\":\"fr-FR\",\"potentialAction\":[{\"@type\":\"ReadAction\",\"target\":[\"https:\/\/universnews224.com\/index.php\/culture-les-organisateurs-annoncent-les-couleurs-de-levenement-du-concept-deux-vedettes-sur-scene-a-conakry\/\"]}]},{\"@type\":\"WebSite\",\"@id\":\"https:\/\/universnews224.com\/#website\",\"url\":\"https:\/\/universnews224.com\/\",\"name\":\"UNIVERSNEWS224\",\"description\":\"\",\"publisher\":{\"@id\":\"https:\/\/universnews224.com\/#organization\"},\"potentialAction\":[{\"@type\":\"SearchAction\",\"target\":{\"@type\":\"EntryPoint\",\"urlTemplate\":\"https:\/\/universnews224.com\/?s={search_term_string}\"},\"query-input\":\"required name=search_term_string\"}],\"inLanguage\":\"fr-FR\"},{\"@type\":\"Organization\",\"@id\":\"https:\/\/universnews224.com\/#organization\",\"name\":\"UNIVERSNEWS224\",\"url\":\"https:\/\/universnews224.com\/\",\"logo\":{\"@type\":\"ImageObject\",\"inLanguage\":\"fr-FR\",\"@id\":\"https:\/\/universnews224.com\/#\/schema\/logo\/image\/\",\"url\":\"https:\/\/universnews224.com\/wp-content\/uploads\/2022\/08\/cropped-cropped-logoban.jpg\",\"contentUrl\":\"https:\/\/universnews224.com\/wp-content\/uploads\/2022\/08\/cropped-cropped-logoban.jpg\",\"width\":1080,\"height\":138,\"caption\":\"UNIVERSNEWS224\"},\"image\":{\"@id\":\"https:\/\/universnews224.com\/#\/schema\/logo\/image\/\"}},{\"@type\":\"Person\",\"@id\":\"https:\/\/universnews224.com\/#\/schema\/person\/a4b7d4f94a4716df60456a491260485e\",\"name\":\"La R\u00e9daction\",\"image\":{\"@type\":\"ImageObject\",\"inLanguage\":\"fr-FR\",\"@id\":\"https:\/\/universnews224.com\/#\/schema\/person\/image\/\",\"url\":\"https:\/\/secure.gravatar.com\/avatar\/edb90acc7752b23e1b3307ad36c14f0d?s=96&d=mm&r=g\",\"contentUrl\":\"https:\/\/secure.gravatar.com\/avatar\/edb90acc7752b23e1b3307ad36c14f0d?s=96&d=mm&r=g\",\"caption\":\"La R\u00e9daction\"},\"sameAs\":[\"https:\/\/universnews224.com\"],\"url\":\"https:\/\/universnews224.com\/index.php\/author\/m-camara\/\"}]}<\/script>\n<!-- \/ Yoast SEO plugin. -->","yoast_head_json":{"title":"Culture : les organisateurs annoncent les couleurs de l'\u00e9v\u00e9nement du concept ''Deux vedettes sur sc\u00e8ne'' \u00e0 Conakry - UNIVERSNEWS224","robots":{"index":"index","follow":"follow","max-snippet":"max-snippet:-1","max-image-preview":"max-image-preview:large","max-video-preview":"max-video-preview:-1"},"canonical":"https:\/\/universnews224.com\/index.php\/culture-les-organisateurs-annoncent-les-couleurs-de-levenement-du-concept-deux-vedettes-sur-scene-a-conakry\/","og_locale":"fr_FR","og_type":"article","og_title":"Culture : les organisateurs annoncent les couleurs de l'\u00e9v\u00e9nement du concept ''Deux vedettes sur sc\u00e8ne'' \u00e0 Conakry - UNIVERSNEWS224","og_description":"Apr\u00e8s le succ\u00e8s de la premi\u00e8re \u00e9dition en 2020, c&rsquo;est le tour de la star","og_url":"https:\/\/universnews224.com\/index.php\/culture-les-organisateurs-annoncent-les-couleurs-de-levenement-du-concept-deux-vedettes-sur-scene-a-conakry\/","og_site_name":"UNIVERSNEWS224","article_published_time":"2022-11-18T20:46:56+00:00","og_image":[{"width":1024,"height":576,"url":"https:\/\/universnews224.com\/wp-content\/uploads\/2022\/11\/8D15396B-0EC8-4463-8635-0139316F7189.jpeg","type":"image\/jpeg"}],"author":"La R\u00e9daction","twitter_misc":{"\u00c9crit par":"La R\u00e9daction","Dur\u00e9e de lecture estim\u00e9e":"2 minutes"},"schema":{"@context":"https:\/\/schema.org","@graph":[{"@type":"Article","@id":"https:\/\/universnews224.com\/index.php\/culture-les-organisateurs-annoncent-les-couleurs-de-levenement-du-concept-deux-vedettes-sur-scene-a-conakry\/#article","isPartOf":{"@id":"https:\/\/universnews224.com\/index.php\/culture-les-organisateurs-annoncent-les-couleurs-de-levenement-du-concept-deux-vedettes-sur-scene-a-conakry\/"},"author":{"name":"La R\u00e9daction","@id":"https:\/\/universnews224.com\/#\/schema\/person\/a4b7d4f94a4716df60456a491260485e"},"headline":"Culture : les organisateurs annoncent les couleurs de l&rsquo;\u00e9v\u00e9nement du concept \u00a0\u00bbDeux vedettes sur sc\u00e8ne\u00a0\u00bb \u00e0 Conakry","datePublished":"2022-11-18T20:46:56+00:00","dateModified":"2022-11-18T20:46:56+00:00","mainEntityOfPage":{"@id":"https:\/\/universnews224.com\/index.php\/culture-les-organisateurs-annoncent-les-couleurs-de-levenement-du-concept-deux-vedettes-sur-scene-a-conakry\/"},"wordCount":352,"publisher":{"@id":"https:\/\/universnews224.com\/#organization"},"keywords":["La une"],"articleSection":["ACTU","CULTURE"],"inLanguage":"fr-FR"},{"@type":"WebPage","@id":"https:\/\/universnews224.com\/index.php\/culture-les-organisateurs-annoncent-les-couleurs-de-levenement-du-concept-deux-vedettes-sur-scene-a-conakry\/","url":"https:\/\/universnews224.com\/index.php\/culture-les-organisateurs-annoncent-les-couleurs-de-levenement-du-concept-deux-vedettes-sur-scene-a-conakry\/","name":"Culture : les organisateurs annoncent les couleurs de l'\u00e9v\u00e9nement du concept ''Deux vedettes sur sc\u00e8ne'' \u00e0 Conakry - UNIVERSNEWS224","isPartOf":{"@id":"https:\/\/universnews224.com\/#website"},"datePublished":"2022-11-18T20:46:56+00:00","dateModified":"2022-11-18T20:46:56+00:00","inLanguage":"fr-FR","potentialAction":[{"@type":"ReadAction","target":["https:\/\/universnews224.com\/index.php\/culture-les-organisateurs-annoncent-les-couleurs-de-levenement-du-concept-deux-vedettes-sur-scene-a-conakry\/"]}]},{"@type":"WebSite","@id":"https:\/\/universnews224.com\/#website","url":"https:\/\/universnews224.com\/","name":"UNIVERSNEWS224","description":"","publisher":{"@id":"https:\/\/universnews224.com\/#organization"},"potentialAction":[{"@type":"SearchAction","target":{"@type":"EntryPoint","urlTemplate":"https:\/\/universnews224.com\/?s={search_term_string}"},"query-input":"required name=search_term_string"}],"inLanguage":"fr-FR"},{"@type":"Organization","@id":"https:\/\/universnews224.com\/#organization","name":"UNIVERSNEWS224","url":"https:\/\/universnews224.com\/","logo":{"@type":"ImageObject","inLanguage":"fr-FR","@id":"https:\/\/universnews224.com\/#\/schema\/logo\/image\/","url":"https:\/\/universnews224.com\/wp-content\/uploads\/2022\/08\/cropped-cropped-logoban.jpg","contentUrl":"https:\/\/universnews224.com\/wp-content\/uploads\/2022\/08\/cropped-cropped-logoban.jpg","width":1080,"height":138,"caption":"UNIVERSNEWS224"},"image":{"@id":"https:\/\/universnews224.com\/#\/schema\/logo\/image\/"}},{"@type":"Person","@id":"https:\/\/universnews224.com\/#\/schema\/person\/a4b7d4f94a4716df60456a491260485e","name":"La R\u00e9daction","image":{"@type":"ImageObject","inLanguage":"fr-FR","@id":"https:\/\/universnews224.com\/#\/schema\/person\/image\/","url":"https:\/\/secure.gravatar.com\/avatar\/edb90acc7752b23e1b3307ad36c14f0d?s=96&d=mm&r=g","contentUrl":"https:\/\/secure.gravatar.com\/avatar\/edb90acc7752b23e1b3307ad36c14f0d?s=96&d=mm&r=g","caption":"La R\u00e9daction"},"sameAs":["https:\/\/universnews224.com"],"url":"https:\/\/universnews224.com\/index.php\/author\/m-camara\/"}]}},"_links":{"self":[{"href":"https:\/\/universnews224.com\/index.php\/wp-json\/wp\/v2\/posts\/2501"}],"collection":[{"href":"https:\/\/universnews224.com\/index.php\/wp-json\/wp\/v2\/posts"}],"about":[{"href":"https:\/\/universnews224.com\/index.php\/wp-json\/wp\/v2\/types\/post"}],"author":[{"embeddable":true,"href":"https:\/\/universnews224.com\/index.php\/wp-json\/wp\/v2\/users\/2"}],"replies":[{"embeddable":true,"href":"https:\/\/universnews224.com\/index.php\/wp-json\/wp\/v2\/comments?post=2501"}],"version-history":[{"count":1,"href":"https:\/\/universnews224.com\/index.php\/wp-json\/wp\/v2\/posts\/2501\/revisions"}],"predecessor-version":[{"id":2503,"href":"https:\/\/universnews224.com\/index.php\/wp-json\/wp\/v2\/posts\/2501\/revisions\/2503"}],"wp:featuredmedia":[{"embeddable":true,"href":"https:\/\/universnews224.com\/index.php\/wp-json\/wp\/v2\/media\/2502"}],"wp:attachment":[{"href":"https:\/\/universnews224.com\/index.php\/wp-json\/wp\/v2\/media?parent=2501"}],"wp:term":[{"taxonomy":"category","embeddable":true,"href":"https:\/\/universnews224.com\/index.php\/wp-json\/wp\/v2\/categories?post=2501"},{"taxonomy":"post_tag","embeddable":true,"href":"https:\/\/universnews224.com\/index.php\/wp-json\/wp\/v2\/tags?post=2501"}],"curies":[{"name":"wp","href":"https:\/\/api.w.org\/{rel}","templated":true}]}}