{"id":2516,"date":"2022-11-21T17:33:02","date_gmt":"2022-11-21T16:33:02","guid":{"rendered":"https:\/\/universnews224.com\/?p=2516"},"modified":"2022-11-21T17:35:52","modified_gmt":"2022-11-21T16:35:52","slug":"festival-du-garba-les-organisateurs-annoncent-les-couleur-de-la-deuxieme-edition","status":"publish","type":"post","link":"https:\/\/universnews224.com\/index.php\/festival-du-garba-les-organisateurs-annoncent-les-couleur-de-la-deuxieme-edition\/","title":{"rendered":"Festival du Garba  : les organisateurs annoncent les couleur de la deuxi\u00e8me \u00e9dition"},"content":{"rendered":"<div>La structure Rise\u2019up \u00c9vent \u00e0 travers son directeur g\u00e9n\u00e9ral Mamadou Daye Bah a annonc\u00e9 ce lundi 21 novembre 2022 lors d&rsquo;une conf\u00e9rence de presse de la deuxi\u00e8me \u00e9dition du festival gastronomique d\u00e9nomm\u00e9 \u00a0festival de Garba \u00a0\u00e0 Conakry.<\/div>\n<div><\/div>\n<div>Cette deuxi\u00e8me \u00e9dition qui se d\u00e9roulera du 25, 26 et 27 novembre au belv\u00e9d\u00e8re, permettra d\u2019en tirer un moyen d\u2019int\u00e9gration entre le peuple guin\u00e9en et celui ivoirien selon le coordonnateur g\u00e9n\u00e9ral Mamadou Bah Daye.<\/div>\n<div><a href=\"https:\/\/universnews224.com\/wp-content\/uploads\/2022\/11\/C781D951-2F42-452F-80E4-6EC4BDAC1A45.jpeg\"><img loading=\"lazy\" class=\"alignnone size-medium wp-image-2518\" src=\"https:\/\/universnews224.com\/wp-content\/uploads\/2022\/11\/C781D951-2F42-452F-80E4-6EC4BDAC1A45-300x169.jpeg\" alt=\"\" width=\"300\" height=\"169\" srcset=\"https:\/\/universnews224.com\/wp-content\/uploads\/2022\/11\/C781D951-2F42-452F-80E4-6EC4BDAC1A45-300x169.jpeg 300w, https:\/\/universnews224.com\/wp-content\/uploads\/2022\/11\/C781D951-2F42-452F-80E4-6EC4BDAC1A45-768x432.jpeg 768w, https:\/\/universnews224.com\/wp-content\/uploads\/2022\/11\/C781D951-2F42-452F-80E4-6EC4BDAC1A45-800x450.jpeg 800w, https:\/\/universnews224.com\/wp-content\/uploads\/2022\/11\/C781D951-2F42-452F-80E4-6EC4BDAC1A45.jpeg 1024w\" sizes=\"(max-width: 300px) 100vw, 300px\" \/><\/a><\/div>\n<div><\/div>\n<div>\u00ab Le Festival de garba est un festival gastronomique au tour du garba production essentiellement local fruit du m\u00e9lange de semoule de manioc commun\u00e9ment appel\u00e9 Attieke qui est une sp\u00e9cialit\u00e9 ivoirienne. C\u2019est pour c\u00e9l\u00e9brer cette gastronomie ivoirienne aujourd\u2019hui, devenue panafricaine et pour en faire un moyen d\u2019int\u00e9gration entre nos deux peuples que nous avons d\u00e9cid\u00e9 d\u2019organiser le festival du garba en Guin\u00e9e. Aujourd&rsquo;hui \u00e0 Conakry, on ne compte pas moins d&rsquo;une centaine de vendeurs de Garba . Le Garba a su conqu\u00e9rir le c\u0153ur des guin\u00e9ens dans leur ensemble et aujourd&rsquo;hui fortement consomm\u00e9 et commercialis\u00e9 au d\u00e9but par des ivoiriens mais de plus en plus par nos concitoyennes. Au programme, nous aurons une animation DJ et la pr\u00e9sence de nombreux artistes guin\u00e9ens en vogue et un espace de jeux pour les enfants \u00bb a-t-il affirm\u00e9<\/div>\n<div><\/div>\n<div>Et d&rsquo;ajouter, \u00ab Cette seconde \u00e9dition qui se tiendra toujours \u00e0 l&rsquo;espace de loisirs Belv\u00e9d\u00e8re de nombreux changements ont \u00e9t\u00e9 apport\u00e9s. Ce sont entre autres: \u00a0l&rsquo;extension du site a tout le belv\u00e9d\u00e8re. Ainsi, nous occuperons tout le belv\u00e9d\u00e8re contrairement \u00e0 la premi\u00e8re \u00e9dition o\u00f9 \u00a0nous \u00e9tions que sur le petit espace arriere. L&rsquo;augmentation du nombre de restauratrices pour la satisfaction de la clientele en quantit\u00e9 et en qualit\u00e9, qui passe ainsi de 10 \u00e0 20 restauratrices afin de couvrir la forte demande des festivaliers; La billetterie avec des tickets bracelets pour une meilleure s\u00e9curisation de l&rsquo;\u00e9v\u00e8nement; La mise en place de tickets de restauration avec 04 sp\u00e9cialit\u00e9s propos\u00e9es \u00e0 des prix homologu\u00e9s entre tous les restaurants. D\u00e9ploiement d&rsquo;une brigade mixte de s\u00e9curit\u00e9 compos\u00e9e des \u00e9l\u00e9ments de la brigade des m\u0153urs et d&rsquo;une s\u00e9curit\u00e9 priv\u00e9e de la place \u00bb, a conclu le coordonnateur.<\/div>\n<div><\/div>\n<div><\/div>\n<div>Sana Sylla<\/div>\n","protected":false},"excerpt":{"rendered":"<p>La structure Rise\u2019up \u00c9vent \u00e0 travers son directeur g\u00e9n\u00e9ral Mamadou Daye Bah a annonc\u00e9 ce<\/p>\n","protected":false},"author":2,"featured_media":2517,"comment_status":"closed","ping_status":"open","sticky":false,"template":"","format":"standard","meta":[],"categories":[1],"tags":[229],"yoast_head":"<!-- This site is optimized with the Yoast SEO plugin v19.13 - https:\/\/yoast.com\/wordpress\/plugins\/seo\/ -->\n<title>Festival du Garba : les organisateurs annoncent les couleur de la deuxi\u00e8me \u00e9dition - UNIVERSNEWS224<\/title>\n<meta name=\"robots\" content=\"index, follow, max-snippet:-1, max-image-preview:large, max-video-preview:-1\" \/>\n<link rel=\"canonical\" href=\"https:\/\/universnews224.com\/index.php\/festival-du-garba-les-organisateurs-annoncent-les-couleur-de-la-deuxieme-edition\/\" \/>\n<meta property=\"og:locale\" content=\"fr_FR\" \/>\n<meta property=\"og:type\" content=\"article\" \/>\n<meta property=\"og:title\" content=\"Festival du Garba : les organisateurs annoncent les couleur de la deuxi\u00e8me \u00e9dition - UNIVERSNEWS224\" \/>\n<meta property=\"og:description\" content=\"La structure Rise\u2019up \u00c9vent \u00e0 travers son directeur g\u00e9n\u00e9ral Mamadou Daye Bah a annonc\u00e9 ce\" \/>\n<meta property=\"og:url\" content=\"https:\/\/universnews224.com\/index.php\/festival-du-garba-les-organisateurs-annoncent-les-couleur-de-la-deuxieme-edition\/\" \/>\n<meta property=\"og:site_name\" content=\"UNIVERSNEWS224\" \/>\n<meta property=\"article:published_time\" content=\"2022-11-21T16:33:02+00:00\" \/>\n<meta property=\"article:modified_time\" content=\"2022-11-21T16:35:52+00:00\" \/>\n<meta property=\"og:image\" content=\"https:\/\/universnews224.com\/wp-content\/uploads\/2022\/11\/5E4C4F0C-E8B8-464A-A044-593E91D120F5.jpeg\" \/>\n\t<meta property=\"og:image:width\" content=\"1024\" \/>\n\t<meta property=\"og:image:height\" content=\"576\" \/>\n\t<meta property=\"og:image:type\" content=\"image\/jpeg\" \/>\n<meta name=\"author\" content=\"La R\u00e9daction\" \/>\n<meta name=\"twitter:label1\" content=\"\u00c9crit par\" \/>\n\t<meta name=\"twitter:data1\" content=\"La R\u00e9daction\" \/>\n\t<meta name=\"twitter:label2\" content=\"Dur\u00e9e de lecture estim\u00e9e\" \/>\n\t<meta name=\"twitter:data2\" content=\"2 minutes\" \/>\n<script type=\"application\/ld+json\" class=\"yoast-schema-graph\">{\"@context\":\"https:\/\/schema.org\",\"@graph\":[{\"@type\":\"Article\",\"@id\":\"https:\/\/universnews224.com\/index.php\/festival-du-garba-les-organisateurs-annoncent-les-couleur-de-la-deuxieme-edition\/#article\",\"isPartOf\":{\"@id\":\"https:\/\/universnews224.com\/index.php\/festival-du-garba-les-organisateurs-annoncent-les-couleur-de-la-deuxieme-edition\/\"},\"author\":{\"name\":\"La R\u00e9daction\",\"@id\":\"https:\/\/universnews224.com\/#\/schema\/person\/a4b7d4f94a4716df60456a491260485e\"},\"headline\":\"Festival du Garba : les organisateurs annoncent les couleur de la deuxi\u00e8me \u00e9dition\",\"datePublished\":\"2022-11-21T16:33:02+00:00\",\"dateModified\":\"2022-11-21T16:35:52+00:00\",\"mainEntityOfPage\":{\"@id\":\"https:\/\/universnews224.com\/index.php\/festival-du-garba-les-organisateurs-annoncent-les-couleur-de-la-deuxieme-edition\/\"},\"wordCount\":399,\"publisher\":{\"@id\":\"https:\/\/universnews224.com\/#organization\"},\"keywords\":[\"La une\"],\"inLanguage\":\"fr-FR\"},{\"@type\":\"WebPage\",\"@id\":\"https:\/\/universnews224.com\/index.php\/festival-du-garba-les-organisateurs-annoncent-les-couleur-de-la-deuxieme-edition\/\",\"url\":\"https:\/\/universnews224.com\/index.php\/festival-du-garba-les-organisateurs-annoncent-les-couleur-de-la-deuxieme-edition\/\",\"name\":\"Festival du Garba : les organisateurs annoncent les couleur de la deuxi\u00e8me \u00e9dition - UNIVERSNEWS224\",\"isPartOf\":{\"@id\":\"https:\/\/universnews224.com\/#website\"},\"datePublished\":\"2022-11-21T16:33:02+00:00\",\"dateModified\":\"2022-11-21T16:35:52+00:00\",\"inLanguage\":\"fr-FR\",\"potentialAction\":[{\"@type\":\"ReadAction\",\"target\":[\"https:\/\/universnews224.com\/index.php\/festival-du-garba-les-organisateurs-annoncent-les-couleur-de-la-deuxieme-edition\/\"]}]},{\"@type\":\"WebSite\",\"@id\":\"https:\/\/universnews224.com\/#website\",\"url\":\"https:\/\/universnews224.com\/\",\"name\":\"UNIVERSNEWS224\",\"description\":\"\",\"publisher\":{\"@id\":\"https:\/\/universnews224.com\/#organization\"},\"potentialAction\":[{\"@type\":\"SearchAction\",\"target\":{\"@type\":\"EntryPoint\",\"urlTemplate\":\"https:\/\/universnews224.com\/?s={search_term_string}\"},\"query-input\":\"required name=search_term_string\"}],\"inLanguage\":\"fr-FR\"},{\"@type\":\"Organization\",\"@id\":\"https:\/\/universnews224.com\/#organization\",\"name\":\"UNIVERSNEWS224\",\"url\":\"https:\/\/universnews224.com\/\",\"logo\":{\"@type\":\"ImageObject\",\"inLanguage\":\"fr-FR\",\"@id\":\"https:\/\/universnews224.com\/#\/schema\/logo\/image\/\",\"url\":\"https:\/\/universnews224.com\/wp-content\/uploads\/2022\/08\/cropped-cropped-logoban.jpg\",\"contentUrl\":\"https:\/\/universnews224.com\/wp-content\/uploads\/2022\/08\/cropped-cropped-logoban.jpg\",\"width\":1080,\"height\":138,\"caption\":\"UNIVERSNEWS224\"},\"image\":{\"@id\":\"https:\/\/universnews224.com\/#\/schema\/logo\/image\/\"}},{\"@type\":\"Person\",\"@id\":\"https:\/\/universnews224.com\/#\/schema\/person\/a4b7d4f94a4716df60456a491260485e\",\"name\":\"La R\u00e9daction\",\"image\":{\"@type\":\"ImageObject\",\"inLanguage\":\"fr-FR\",\"@id\":\"https:\/\/universnews224.com\/#\/schema\/person\/image\/\",\"url\":\"https:\/\/secure.gravatar.com\/avatar\/edb90acc7752b23e1b3307ad36c14f0d?s=96&d=mm&r=g\",\"contentUrl\":\"https:\/\/secure.gravatar.com\/avatar\/edb90acc7752b23e1b3307ad36c14f0d?s=96&d=mm&r=g\",\"caption\":\"La R\u00e9daction\"},\"sameAs\":[\"https:\/\/universnews224.com\"],\"url\":\"https:\/\/universnews224.com\/index.php\/author\/m-camara\/\"}]}<\/script>\n<!-- \/ Yoast SEO plugin. -->","yoast_head_json":{"title":"Festival du Garba : les organisateurs annoncent les couleur de la deuxi\u00e8me \u00e9dition - UNIVERSNEWS224","robots":{"index":"index","follow":"follow","max-snippet":"max-snippet:-1","max-image-preview":"max-image-preview:large","max-video-preview":"max-video-preview:-1"},"canonical":"https:\/\/universnews224.com\/index.php\/festival-du-garba-les-organisateurs-annoncent-les-couleur-de-la-deuxieme-edition\/","og_locale":"fr_FR","og_type":"article","og_title":"Festival du Garba : les organisateurs annoncent les couleur de la deuxi\u00e8me \u00e9dition - UNIVERSNEWS224","og_description":"La structure Rise\u2019up \u00c9vent \u00e0 travers son directeur g\u00e9n\u00e9ral Mamadou Daye Bah a annonc\u00e9 ce","og_url":"https:\/\/universnews224.com\/index.php\/festival-du-garba-les-organisateurs-annoncent-les-couleur-de-la-deuxieme-edition\/","og_site_name":"UNIVERSNEWS224","article_published_time":"2022-11-21T16:33:02+00:00","article_modified_time":"2022-11-21T16:35:52+00:00","og_image":[{"width":1024,"height":576,"url":"https:\/\/universnews224.com\/wp-content\/uploads\/2022\/11\/5E4C4F0C-E8B8-464A-A044-593E91D120F5.jpeg","type":"image\/jpeg"}],"author":"La R\u00e9daction","twitter_misc":{"\u00c9crit par":"La R\u00e9daction","Dur\u00e9e de lecture estim\u00e9e":"2 minutes"},"schema":{"@context":"https:\/\/schema.org","@graph":[{"@type":"Article","@id":"https:\/\/universnews224.com\/index.php\/festival-du-garba-les-organisateurs-annoncent-les-couleur-de-la-deuxieme-edition\/#article","isPartOf":{"@id":"https:\/\/universnews224.com\/index.php\/festival-du-garba-les-organisateurs-annoncent-les-couleur-de-la-deuxieme-edition\/"},"author":{"name":"La R\u00e9daction","@id":"https:\/\/universnews224.com\/#\/schema\/person\/a4b7d4f94a4716df60456a491260485e"},"headline":"Festival du Garba : les organisateurs annoncent les couleur de la deuxi\u00e8me \u00e9dition","datePublished":"2022-11-21T16:33:02+00:00","dateModified":"2022-11-21T16:35:52+00:00","mainEntityOfPage":{"@id":"https:\/\/universnews224.com\/index.php\/festival-du-garba-les-organisateurs-annoncent-les-couleur-de-la-deuxieme-edition\/"},"wordCount":399,"publisher":{"@id":"https:\/\/universnews224.com\/#organization"},"keywords":["La une"],"inLanguage":"fr-FR"},{"@type":"WebPage","@id":"https:\/\/universnews224.com\/index.php\/festival-du-garba-les-organisateurs-annoncent-les-couleur-de-la-deuxieme-edition\/","url":"https:\/\/universnews224.com\/index.php\/festival-du-garba-les-organisateurs-annoncent-les-couleur-de-la-deuxieme-edition\/","name":"Festival du Garba : les organisateurs annoncent les couleur de la deuxi\u00e8me \u00e9dition - UNIVERSNEWS224","isPartOf":{"@id":"https:\/\/universnews224.com\/#website"},"datePublished":"2022-11-21T16:33:02+00:00","dateModified":"2022-11-21T16:35:52+00:00","inLanguage":"fr-FR","potentialAction":[{"@type":"ReadAction","target":["https:\/\/universnews224.com\/index.php\/festival-du-garba-les-organisateurs-annoncent-les-couleur-de-la-deuxieme-edition\/"]}]},{"@type":"WebSite","@id":"https:\/\/universnews224.com\/#website","url":"https:\/\/universnews224.com\/","name":"UNIVERSNEWS224","description":"","publisher":{"@id":"https:\/\/universnews224.com\/#organization"},"potentialAction":[{"@type":"SearchAction","target":{"@type":"EntryPoint","urlTemplate":"https:\/\/universnews224.com\/?s={search_term_string}"},"query-input":"required name=search_term_string"}],"inLanguage":"fr-FR"},{"@type":"Organization","@id":"https:\/\/universnews224.com\/#organization","name":"UNIVERSNEWS224","url":"https:\/\/universnews224.com\/","logo":{"@type":"ImageObject","inLanguage":"fr-FR","@id":"https:\/\/universnews224.com\/#\/schema\/logo\/image\/","url":"https:\/\/universnews224.com\/wp-content\/uploads\/2022\/08\/cropped-cropped-logoban.jpg","contentUrl":"https:\/\/universnews224.com\/wp-content\/uploads\/2022\/08\/cropped-cropped-logoban.jpg","width":1080,"height":138,"caption":"UNIVERSNEWS224"},"image":{"@id":"https:\/\/universnews224.com\/#\/schema\/logo\/image\/"}},{"@type":"Person","@id":"https:\/\/universnews224.com\/#\/schema\/person\/a4b7d4f94a4716df60456a491260485e","name":"La R\u00e9daction","image":{"@type":"ImageObject","inLanguage":"fr-FR","@id":"https:\/\/universnews224.com\/#\/schema\/person\/image\/","url":"https:\/\/secure.gravatar.com\/avatar\/edb90acc7752b23e1b3307ad36c14f0d?s=96&d=mm&r=g","contentUrl":"https:\/\/secure.gravatar.com\/avatar\/edb90acc7752b23e1b3307ad36c14f0d?s=96&d=mm&r=g","caption":"La R\u00e9daction"},"sameAs":["https:\/\/universnews224.com"],"url":"https:\/\/universnews224.com\/index.php\/author\/m-camara\/"}]}},"_links":{"self":[{"href":"https:\/\/universnews224.com\/index.php\/wp-json\/wp\/v2\/posts\/2516"}],"collection":[{"href":"https:\/\/universnews224.com\/index.php\/wp-json\/wp\/v2\/posts"}],"about":[{"href":"https:\/\/universnews224.com\/index.php\/wp-json\/wp\/v2\/types\/post"}],"author":[{"embeddable":true,"href":"https:\/\/universnews224.com\/index.php\/wp-json\/wp\/v2\/users\/2"}],"replies":[{"embeddable":true,"href":"https:\/\/universnews224.com\/index.php\/wp-json\/wp\/v2\/comments?post=2516"}],"version-history":[{"count":1,"href":"https:\/\/universnews224.com\/index.php\/wp-json\/wp\/v2\/posts\/2516\/revisions"}],"predecessor-version":[{"id":2519,"href":"https:\/\/universnews224.com\/index.php\/wp-json\/wp\/v2\/posts\/2516\/revisions\/2519"}],"wp:featuredmedia":[{"embeddable":true,"href":"https:\/\/universnews224.com\/index.php\/wp-json\/wp\/v2\/media\/2517"}],"wp:attachment":[{"href":"https:\/\/universnews224.com\/index.php\/wp-json\/wp\/v2\/media?parent=2516"}],"wp:term":[{"taxonomy":"category","embeddable":true,"href":"https:\/\/universnews224.com\/index.php\/wp-json\/wp\/v2\/categories?post=2516"},{"taxonomy":"post_tag","embeddable":true,"href":"https:\/\/universnews224.com\/index.php\/wp-json\/wp\/v2\/tags?post=2516"}],"curies":[{"name":"wp","href":"https:\/\/api.w.org\/{rel}","templated":true}]}}