{"id":2525,"date":"2022-11-22T12:23:35","date_gmt":"2022-11-22T11:23:35","guid":{"rendered":"https:\/\/universnews224.com\/?p=2525"},"modified":"2022-11-22T12:23:35","modified_gmt":"2022-11-22T11:23:35","slug":"massacre-28-septembre-le-commandant-bienvenue-lamah-place-sous-mandat-de-depot-a-la-maison-centrale-avocat","status":"publish","type":"post","link":"https:\/\/universnews224.com\/index.php\/massacre-28-septembre-le-commandant-bienvenue-lamah-place-sous-mandat-de-depot-a-la-maison-centrale-avocat\/","title":{"rendered":"Massacre 28 septembre: le commandant Bienvenue Lamah plac\u00e9 sous mandat de d\u00e9p\u00f4t \u00e0 la maison centrale (avocat)"},"content":{"rendered":"<p>Cit\u00e9 par le commandant Aboubacar Sidiki Diakit\u00e9 dans l\u2019affaire du massacre du 28 septembre 2009, le commandant de la r\u00e9gion sp\u00e9ciale de la gendarmerie de la ville de Conakry, Bienvenue Lamah a \u00e9t\u00e9 plac\u00e9 sous mandat de d\u00e9p\u00f4t ce lundi \u00e0 la maison centrale de Conakry. Ce, apr\u00e8s 3 jours d\u2019audition au PM3 de Matam.<\/p>\n<div class=\"jeg_ad jeg_ad_article jnews_content_inline_3_ads  \">\n<div class=\"ads-wrapper align-center \"><\/div>\n<\/div>\n<p>&nbsp;<\/p>\n<p>Le commandant Bienvenue Lamah est poursuivi pour des faits de meurtres, assassinats, viol, pillages, incendie volontaire, vol \u00e0 main arm\u00e9e, coups et blessures volontaires, outrage \u00e0 agents de la force publique, torture, enl\u00e8vement et s\u00e9questration, non-assistance \u00e0 personne en danger, violences sexuelles, attentat \u00e0 la pudeur, d\u00e9tention ill\u00e9gale de mat\u00e9riels de guerre de premi\u00e8re cat\u00e9gorie et complicit\u00e9.<\/p>\n<p>&nbsp;<\/p>\n<p>Intervenant chez nos confr\u00e8re de fim fm ce mardi 22 novembre,\u00a0 Me Paul Yomba Kourouma, un des avocats de Toumba Diakit\u00e9 s\u2019est exprim\u00e9 sur cette arrestation.<\/p>\n<p>&nbsp;<\/p>\n<p>\u00bb J\u2019avais d\u00e9nonc\u00e9 y a longtemps les insuffisances, les infirmit\u00e9s que\u00a0 comportait l\u2019instruction faite par le pool des juges qui avait vraiment un go\u00fbt inachev\u00e9, qui n\u2019ob\u00e9issait vraiment pas aux normes, \u00e0 l\u2019orthodoxie. Nous avons dit qu\u2019il y avait m\u00eame des gens qui n\u2019avaient \u00e9t\u00e9 interrog\u00e9s qu\u2019en premi\u00e8re comparition et pour d\u2019autres la plus part, le dossier n\u2019a pas connu de confrontation. Et que, il n\u2019\u00e9tait vraiment pas en \u00e9tat d\u2019\u00eatre jug\u00e9 alors que le peuple de Guin\u00e9e devrait savoir r\u00e9ellement les raisons de toutes ces atrocit\u00e9s, de toutes ces douleurs que les familles ont endur\u00e9\u00a0 et que certains continuent de porter sur leur corps. Il y a eu vraiment une instruction b\u00e2cl\u00e9e, y avait des non-dits dans cette affaire. Des personnes avaient \u00e9t\u00e9 omises\u00a0 volontairement. Certains m\u00eame ont obtenu des mises en libert\u00e9 sans fondement alors qu\u2019ils sont \u00e0 l\u2019\u00e9picentre de cette affaire. C\u2019est le cas du genre, il n\u2019est pas le seul. Y a Th\u00e9odore qui doit venir, y a George qui doit \u00eatre l\u00e0 sinc\u00e8rement pour la manifestation de la v\u00e9rit\u00e9. C\u2019est pour cela d\u2019ailleurs que\u00a0 je loue les prouesses, la perficacit\u00e9 de ce jury,\u00a0 qui vient d\u2019\u00eatre nomm\u00e9 et qui dirige actuellement ce tribunal. Nous savons que le peuple de Guin\u00e9e verra effectivement les commanditaires \u00ab\u00a0.<\/p>\n<p>&nbsp;<\/p>\n","protected":false},"excerpt":{"rendered":"<p>Cit\u00e9 par le commandant Aboubacar Sidiki Diakit\u00e9 dans l\u2019affaire du massacre du 28 septembre 2009,<\/p>\n","protected":false},"author":2,"featured_media":2526,"comment_status":"closed","ping_status":"open","sticky":false,"template":"","format":"standard","meta":[],"categories":[1],"tags":[229],"yoast_head":"<!-- This site is optimized with the Yoast SEO plugin v19.13 - https:\/\/yoast.com\/wordpress\/plugins\/seo\/ -->\n<title>Massacre 28 septembre: le commandant Bienvenue Lamah plac\u00e9 sous mandat de d\u00e9p\u00f4t \u00e0 la maison centrale (avocat) - UNIVERSNEWS224<\/title>\n<meta name=\"robots\" content=\"index, follow, max-snippet:-1, max-image-preview:large, max-video-preview:-1\" \/>\n<link rel=\"canonical\" href=\"https:\/\/universnews224.com\/index.php\/massacre-28-septembre-le-commandant-bienvenue-lamah-place-sous-mandat-de-depot-a-la-maison-centrale-avocat\/\" \/>\n<meta property=\"og:locale\" content=\"fr_FR\" \/>\n<meta property=\"og:type\" content=\"article\" \/>\n<meta property=\"og:title\" content=\"Massacre 28 septembre: le commandant Bienvenue Lamah plac\u00e9 sous mandat de d\u00e9p\u00f4t \u00e0 la maison centrale (avocat) - UNIVERSNEWS224\" \/>\n<meta property=\"og:description\" content=\"Cit\u00e9 par le commandant Aboubacar Sidiki Diakit\u00e9 dans l\u2019affaire du massacre du 28 septembre 2009,\" \/>\n<meta property=\"og:url\" content=\"https:\/\/universnews224.com\/index.php\/massacre-28-septembre-le-commandant-bienvenue-lamah-place-sous-mandat-de-depot-a-la-maison-centrale-avocat\/\" \/>\n<meta property=\"og:site_name\" content=\"UNIVERSNEWS224\" \/>\n<meta property=\"article:published_time\" content=\"2022-11-22T11:23:35+00:00\" \/>\n<meta property=\"og:image\" content=\"https:\/\/universnews224.com\/wp-content\/uploads\/2022\/11\/D279D6B5-459F-4600-BDD2-2DD24FF35708.jpeg\" \/>\n\t<meta property=\"og:image:width\" content=\"523\" \/>\n\t<meta property=\"og:image:height\" content=\"396\" \/>\n\t<meta property=\"og:image:type\" content=\"image\/jpeg\" \/>\n<meta name=\"author\" content=\"La R\u00e9daction\" \/>\n<meta name=\"twitter:label1\" content=\"\u00c9crit par\" \/>\n\t<meta name=\"twitter:data1\" content=\"La R\u00e9daction\" \/>\n\t<meta name=\"twitter:label2\" content=\"Dur\u00e9e de lecture estim\u00e9e\" \/>\n\t<meta name=\"twitter:data2\" content=\"2 minutes\" \/>\n<script type=\"application\/ld+json\" class=\"yoast-schema-graph\">{\"@context\":\"https:\/\/schema.org\",\"@graph\":[{\"@type\":\"Article\",\"@id\":\"https:\/\/universnews224.com\/index.php\/massacre-28-septembre-le-commandant-bienvenue-lamah-place-sous-mandat-de-depot-a-la-maison-centrale-avocat\/#article\",\"isPartOf\":{\"@id\":\"https:\/\/universnews224.com\/index.php\/massacre-28-septembre-le-commandant-bienvenue-lamah-place-sous-mandat-de-depot-a-la-maison-centrale-avocat\/\"},\"author\":{\"name\":\"La R\u00e9daction\",\"@id\":\"https:\/\/universnews224.com\/#\/schema\/person\/a4b7d4f94a4716df60456a491260485e\"},\"headline\":\"Massacre 28 septembre: le commandant Bienvenue Lamah plac\u00e9 sous mandat de d\u00e9p\u00f4t \u00e0 la maison centrale (avocat)\",\"datePublished\":\"2022-11-22T11:23:35+00:00\",\"dateModified\":\"2022-11-22T11:23:35+00:00\",\"mainEntityOfPage\":{\"@id\":\"https:\/\/universnews224.com\/index.php\/massacre-28-septembre-le-commandant-bienvenue-lamah-place-sous-mandat-de-depot-a-la-maison-centrale-avocat\/\"},\"wordCount\":408,\"publisher\":{\"@id\":\"https:\/\/universnews224.com\/#organization\"},\"keywords\":[\"La une\"],\"inLanguage\":\"fr-FR\"},{\"@type\":\"WebPage\",\"@id\":\"https:\/\/universnews224.com\/index.php\/massacre-28-septembre-le-commandant-bienvenue-lamah-place-sous-mandat-de-depot-a-la-maison-centrale-avocat\/\",\"url\":\"https:\/\/universnews224.com\/index.php\/massacre-28-septembre-le-commandant-bienvenue-lamah-place-sous-mandat-de-depot-a-la-maison-centrale-avocat\/\",\"name\":\"Massacre 28 septembre: le commandant Bienvenue Lamah plac\u00e9 sous mandat de d\u00e9p\u00f4t \u00e0 la maison centrale (avocat) - UNIVERSNEWS224\",\"isPartOf\":{\"@id\":\"https:\/\/universnews224.com\/#website\"},\"datePublished\":\"2022-11-22T11:23:35+00:00\",\"dateModified\":\"2022-11-22T11:23:35+00:00\",\"inLanguage\":\"fr-FR\",\"potentialAction\":[{\"@type\":\"ReadAction\",\"target\":[\"https:\/\/universnews224.com\/index.php\/massacre-28-septembre-le-commandant-bienvenue-lamah-place-sous-mandat-de-depot-a-la-maison-centrale-avocat\/\"]}]},{\"@type\":\"WebSite\",\"@id\":\"https:\/\/universnews224.com\/#website\",\"url\":\"https:\/\/universnews224.com\/\",\"name\":\"UNIVERSNEWS224\",\"description\":\"\",\"publisher\":{\"@id\":\"https:\/\/universnews224.com\/#organization\"},\"potentialAction\":[{\"@type\":\"SearchAction\",\"target\":{\"@type\":\"EntryPoint\",\"urlTemplate\":\"https:\/\/universnews224.com\/?s={search_term_string}\"},\"query-input\":\"required name=search_term_string\"}],\"inLanguage\":\"fr-FR\"},{\"@type\":\"Organization\",\"@id\":\"https:\/\/universnews224.com\/#organization\",\"name\":\"UNIVERSNEWS224\",\"url\":\"https:\/\/universnews224.com\/\",\"logo\":{\"@type\":\"ImageObject\",\"inLanguage\":\"fr-FR\",\"@id\":\"https:\/\/universnews224.com\/#\/schema\/logo\/image\/\",\"url\":\"https:\/\/universnews224.com\/wp-content\/uploads\/2022\/08\/cropped-cropped-logoban.jpg\",\"contentUrl\":\"https:\/\/universnews224.com\/wp-content\/uploads\/2022\/08\/cropped-cropped-logoban.jpg\",\"width\":1080,\"height\":138,\"caption\":\"UNIVERSNEWS224\"},\"image\":{\"@id\":\"https:\/\/universnews224.com\/#\/schema\/logo\/image\/\"}},{\"@type\":\"Person\",\"@id\":\"https:\/\/universnews224.com\/#\/schema\/person\/a4b7d4f94a4716df60456a491260485e\",\"name\":\"La R\u00e9daction\",\"image\":{\"@type\":\"ImageObject\",\"inLanguage\":\"fr-FR\",\"@id\":\"https:\/\/universnews224.com\/#\/schema\/person\/image\/\",\"url\":\"https:\/\/secure.gravatar.com\/avatar\/edb90acc7752b23e1b3307ad36c14f0d?s=96&d=mm&r=g\",\"contentUrl\":\"https:\/\/secure.gravatar.com\/avatar\/edb90acc7752b23e1b3307ad36c14f0d?s=96&d=mm&r=g\",\"caption\":\"La R\u00e9daction\"},\"sameAs\":[\"https:\/\/universnews224.com\"],\"url\":\"https:\/\/universnews224.com\/index.php\/author\/m-camara\/\"}]}<\/script>\n<!-- \/ Yoast SEO plugin. -->","yoast_head_json":{"title":"Massacre 28 septembre: le commandant Bienvenue Lamah plac\u00e9 sous mandat de d\u00e9p\u00f4t \u00e0 la maison centrale (avocat) - UNIVERSNEWS224","robots":{"index":"index","follow":"follow","max-snippet":"max-snippet:-1","max-image-preview":"max-image-preview:large","max-video-preview":"max-video-preview:-1"},"canonical":"https:\/\/universnews224.com\/index.php\/massacre-28-septembre-le-commandant-bienvenue-lamah-place-sous-mandat-de-depot-a-la-maison-centrale-avocat\/","og_locale":"fr_FR","og_type":"article","og_title":"Massacre 28 septembre: le commandant Bienvenue Lamah plac\u00e9 sous mandat de d\u00e9p\u00f4t \u00e0 la maison centrale (avocat) - UNIVERSNEWS224","og_description":"Cit\u00e9 par le commandant Aboubacar Sidiki Diakit\u00e9 dans l\u2019affaire du massacre du 28 septembre 2009,","og_url":"https:\/\/universnews224.com\/index.php\/massacre-28-septembre-le-commandant-bienvenue-lamah-place-sous-mandat-de-depot-a-la-maison-centrale-avocat\/","og_site_name":"UNIVERSNEWS224","article_published_time":"2022-11-22T11:23:35+00:00","og_image":[{"width":523,"height":396,"url":"https:\/\/universnews224.com\/wp-content\/uploads\/2022\/11\/D279D6B5-459F-4600-BDD2-2DD24FF35708.jpeg","type":"image\/jpeg"}],"author":"La R\u00e9daction","twitter_misc":{"\u00c9crit par":"La R\u00e9daction","Dur\u00e9e de lecture estim\u00e9e":"2 minutes"},"schema":{"@context":"https:\/\/schema.org","@graph":[{"@type":"Article","@id":"https:\/\/universnews224.com\/index.php\/massacre-28-septembre-le-commandant-bienvenue-lamah-place-sous-mandat-de-depot-a-la-maison-centrale-avocat\/#article","isPartOf":{"@id":"https:\/\/universnews224.com\/index.php\/massacre-28-septembre-le-commandant-bienvenue-lamah-place-sous-mandat-de-depot-a-la-maison-centrale-avocat\/"},"author":{"name":"La R\u00e9daction","@id":"https:\/\/universnews224.com\/#\/schema\/person\/a4b7d4f94a4716df60456a491260485e"},"headline":"Massacre 28 septembre: le commandant Bienvenue Lamah plac\u00e9 sous mandat de d\u00e9p\u00f4t \u00e0 la maison centrale (avocat)","datePublished":"2022-11-22T11:23:35+00:00","dateModified":"2022-11-22T11:23:35+00:00","mainEntityOfPage":{"@id":"https:\/\/universnews224.com\/index.php\/massacre-28-septembre-le-commandant-bienvenue-lamah-place-sous-mandat-de-depot-a-la-maison-centrale-avocat\/"},"wordCount":408,"publisher":{"@id":"https:\/\/universnews224.com\/#organization"},"keywords":["La une"],"inLanguage":"fr-FR"},{"@type":"WebPage","@id":"https:\/\/universnews224.com\/index.php\/massacre-28-septembre-le-commandant-bienvenue-lamah-place-sous-mandat-de-depot-a-la-maison-centrale-avocat\/","url":"https:\/\/universnews224.com\/index.php\/massacre-28-septembre-le-commandant-bienvenue-lamah-place-sous-mandat-de-depot-a-la-maison-centrale-avocat\/","name":"Massacre 28 septembre: le commandant Bienvenue Lamah plac\u00e9 sous mandat de d\u00e9p\u00f4t \u00e0 la maison centrale (avocat) - UNIVERSNEWS224","isPartOf":{"@id":"https:\/\/universnews224.com\/#website"},"datePublished":"2022-11-22T11:23:35+00:00","dateModified":"2022-11-22T11:23:35+00:00","inLanguage":"fr-FR","potentialAction":[{"@type":"ReadAction","target":["https:\/\/universnews224.com\/index.php\/massacre-28-septembre-le-commandant-bienvenue-lamah-place-sous-mandat-de-depot-a-la-maison-centrale-avocat\/"]}]},{"@type":"WebSite","@id":"https:\/\/universnews224.com\/#website","url":"https:\/\/universnews224.com\/","name":"UNIVERSNEWS224","description":"","publisher":{"@id":"https:\/\/universnews224.com\/#organization"},"potentialAction":[{"@type":"SearchAction","target":{"@type":"EntryPoint","urlTemplate":"https:\/\/universnews224.com\/?s={search_term_string}"},"query-input":"required name=search_term_string"}],"inLanguage":"fr-FR"},{"@type":"Organization","@id":"https:\/\/universnews224.com\/#organization","name":"UNIVERSNEWS224","url":"https:\/\/universnews224.com\/","logo":{"@type":"ImageObject","inLanguage":"fr-FR","@id":"https:\/\/universnews224.com\/#\/schema\/logo\/image\/","url":"https:\/\/universnews224.com\/wp-content\/uploads\/2022\/08\/cropped-cropped-logoban.jpg","contentUrl":"https:\/\/universnews224.com\/wp-content\/uploads\/2022\/08\/cropped-cropped-logoban.jpg","width":1080,"height":138,"caption":"UNIVERSNEWS224"},"image":{"@id":"https:\/\/universnews224.com\/#\/schema\/logo\/image\/"}},{"@type":"Person","@id":"https:\/\/universnews224.com\/#\/schema\/person\/a4b7d4f94a4716df60456a491260485e","name":"La R\u00e9daction","image":{"@type":"ImageObject","inLanguage":"fr-FR","@id":"https:\/\/universnews224.com\/#\/schema\/person\/image\/","url":"https:\/\/secure.gravatar.com\/avatar\/edb90acc7752b23e1b3307ad36c14f0d?s=96&d=mm&r=g","contentUrl":"https:\/\/secure.gravatar.com\/avatar\/edb90acc7752b23e1b3307ad36c14f0d?s=96&d=mm&r=g","caption":"La R\u00e9daction"},"sameAs":["https:\/\/universnews224.com"],"url":"https:\/\/universnews224.com\/index.php\/author\/m-camara\/"}]}},"_links":{"self":[{"href":"https:\/\/universnews224.com\/index.php\/wp-json\/wp\/v2\/posts\/2525"}],"collection":[{"href":"https:\/\/universnews224.com\/index.php\/wp-json\/wp\/v2\/posts"}],"about":[{"href":"https:\/\/universnews224.com\/index.php\/wp-json\/wp\/v2\/types\/post"}],"author":[{"embeddable":true,"href":"https:\/\/universnews224.com\/index.php\/wp-json\/wp\/v2\/users\/2"}],"replies":[{"embeddable":true,"href":"https:\/\/universnews224.com\/index.php\/wp-json\/wp\/v2\/comments?post=2525"}],"version-history":[{"count":1,"href":"https:\/\/universnews224.com\/index.php\/wp-json\/wp\/v2\/posts\/2525\/revisions"}],"predecessor-version":[{"id":2527,"href":"https:\/\/universnews224.com\/index.php\/wp-json\/wp\/v2\/posts\/2525\/revisions\/2527"}],"wp:featuredmedia":[{"embeddable":true,"href":"https:\/\/universnews224.com\/index.php\/wp-json\/wp\/v2\/media\/2526"}],"wp:attachment":[{"href":"https:\/\/universnews224.com\/index.php\/wp-json\/wp\/v2\/media?parent=2525"}],"wp:term":[{"taxonomy":"category","embeddable":true,"href":"https:\/\/universnews224.com\/index.php\/wp-json\/wp\/v2\/categories?post=2525"},{"taxonomy":"post_tag","embeddable":true,"href":"https:\/\/universnews224.com\/index.php\/wp-json\/wp\/v2\/tags?post=2525"}],"curies":[{"name":"wp","href":"https:\/\/api.w.org\/{rel}","templated":true}]}}