{"id":2592,"date":"2022-12-05T10:35:47","date_gmt":"2022-12-05T09:35:47","guid":{"rendered":"https:\/\/universnews224.com\/?p=2592"},"modified":"2022-12-05T10:35:47","modified_gmt":"2022-12-05T09:35:47","slug":"fin-du-62eme-sommet-de-la-cedeao-voici-les-decisions-prises-concernant-la-guinee-le-mali-et-le-burkina-faso","status":"publish","type":"post","link":"https:\/\/universnews224.com\/index.php\/fin-du-62eme-sommet-de-la-cedeao-voici-les-decisions-prises-concernant-la-guinee-le-mali-et-le-burkina-faso\/","title":{"rendered":"Fin du 62\u00e8me  sommet de la CEDEAO : voici les d\u00e9cisions prises concernant la Guin\u00e9e, le Mali et le Burkina Faso"},"content":{"rendered":"<p>Les dirigeants d\u2019Afrique de l\u2019Ouest ont d\u00e9cid\u00e9 dimanche \u00e0 Abuja la cr\u00e9ation d\u2019une force r\u00e9gionale vou\u00e9e \u00e0 intervenir non seulement contre le jihadisme mais aussi en cas de coup d\u2019Etat, comme la r\u00e9gion en a connu plusieurs depuis deux ans, a indiqu\u00e9 un haut responsable.<\/p>\n<p class=\"p1\">Les chefs des Etats membres de la Communaut\u00e9 \u00e9conomique des Etats d\u2019Afrique de l\u2019Ouest (C\u00e9d\u00e9ao) ou leurs repr\u00e9sentants r\u00e9unis en sommet ont aussi exig\u00e9 que la junte au pouvoir au Mali lib\u00e8re avant le 1er janvier 46 soldats ivoiriens prisonniers depuis juillet, source de graves tensions entre le Mali et la C\u00f4t\u00e9 d\u2019Ivoire, deux Etats membres, a dit \u00e0 des journalistes Omar Touray, pr\u00e9sident de la commission de la C\u00e9d\u00e9ao.<\/p>\n<p class=\"p1\">A d\u00e9faut, la C\u00e9d\u00e9ao prendra des sanctions, a dit un diplomate ouest-africain \u00e0 un correspondant de l\u2019AFP sous le couvert de l\u2019anonymat.<\/p>\n<p class=\"p1\">Le pr\u00e9sident togolais Faure Gnassingb\u00e9, qui joue les bons offices dans cette crise, se rendra au Mali pour \u00ab\u00a0exiger\u00a0\u00bb la lib\u00e9ration des soldats, a ajout\u00e9 le diplomate.<\/p>\n<p class=\"p1\">\u201cLes dirigeants de la C\u00e9d\u00e9ao ont d\u00e9cid\u00e9 de recalibrer notre architecture s\u00e9curitaire\u00a0\u00bb, a dit M. Touray. Il s\u2019agit de prendre en main leur \u00ab\u00a0propre s\u00e9curit\u00e9\u00a0\u00bb et non plus de s\u2019en remettre \u00e0 des acteurs ext\u00e9rieurs, a-t-il expliqu\u00e9.<\/p>\n<p class=\"p1\">Ils sont \u00ab\u00a0r\u00e9solus \u00e0 \u00e9tablir une force r\u00e9gionale qui interviendra en cas de besoin, qu\u2019il s\u2019agisse de s\u00e9curit\u00e9, de terrorisme ou de r\u00e9tablir l\u2019ordre constitutionnel dans des Etats membres\u00a0\u00bb, a-t-il d\u00e9clar\u00e9.<\/p>\n<p class=\"p1\">Plusieurs pays de la r\u00e9gion sont en proie \u00e0 la propagation jihadiste qui, partie du nord du Mali, a gagn\u00e9 le centre, le Burkina Faso et le Niger et s\u2019\u00e9tend vers le sud et le Golfe de Guin\u00e9e. Les arm\u00e9es nationales sont largement impuissantes et coop\u00e8rent avec des acteurs ext\u00e9rieurs, l\u2019ONU, la France ou encore la Russie.<\/p>\n<p class=\"p1\">L\u2019ins\u00e9curit\u00e9 est un facteur primordial des coups d\u2019Etat militaires qui ont secou\u00e9 la r\u00e9gion depuis 2020, au Mali, au Burkina et, pour d\u2019autres raisons, en Guin\u00e9e.<\/p>\n<p class=\"p1\">Des responsables militaires de la r\u00e9gion se r\u00e9uniront dans la deuxi\u00e8me moiti\u00e9 de janvier pour discuter des modalit\u00e9s d\u2019\u00e9tablissement de la force r\u00e9gionale, a dit M. Touray.<\/p>\n<p class=\"p1\">Les dirigeants ouest-africains ont d\u00e9cid\u00e9 pour le financement de ne pas s\u2019en remettre uniquement aux contributions volontaires qui ont d\u00e9j\u00e0 montr\u00e9 leurs limites, a-t-il dit sans plus de pr\u00e9cisions.<\/p>\n<p class=\"p1\">Ils se sont aussi pench\u00e9s sur la situation politique au Mali, au Burkina Faso et en Guin\u00e9e.<\/p>\n<p class=\"p1\">La C\u00e9d\u00e9ao, inqui\u00e8te d\u2019instabilit\u00e9 et de contagion, fait pression depuis des mois pour un retour aussi rapide que possible des civils \u00e0 la t\u00eate de ces pays, dont deux, le Mali et le Burkina, sont gravement \u00e9branl\u00e9s par la propagation jihadiste. Le Mali et le Burkina ont \u00e9t\u00e9 le th\u00e9\u00e2tre de deux putschs en l\u2019espace de moins d\u2019un an.<\/p>\n<p class=\"p1\">Les trois pays sont suspendus des organes d\u00e9cisionnels de la C\u00e9d\u00e9ao.<\/p>\n<p class=\"p1\">Les militaires se sont engag\u00e9s sous la pression \u00e0 c\u00e9der la place au bout de deux ans et d\u2019une p\u00e9riode dite de transition au cours de laquelle ils disent tous vouloir \u00ab\u00a0refonder\u00a0\u00bb leur Etat.<\/p>\n<p class=\"p1\">Les dirigeants ouest-africains ont examin\u00e9 les actes accomplis par les uns et les autres sur la voie de ce qu\u2019ils appellent un \u00ab\u00a0retour \u00e0 l\u2019ordre constitutionnel\u00a0\u00bb.<\/p>\n<p class=\"p1\">Au Mali, \u00ab\u00a0Il faut absolument que l\u2019ordre constitutionnel revienne dans les d\u00e9lais pr\u00e9vus\u00a0\u00bb, a dit M. Touray. Si les militaires maliens respectent l\u2019\u00e9ch\u00e9ance annonc\u00e9e de mars 2024 apr\u00e8s des mois de confrontation politique avec la C\u00e9d\u00e9ao et un s\u00e9v\u00e8re embargo commercial et financier aujourd\u2019hui lev\u00e9, la \u00ab\u00a0transition\u00a0\u00bb aura en fait dur\u00e9 trois ans et demi.<\/p>\n<p class=\"p1\">En Guin\u00e9e, M. Touray a press\u00e9 la junte d\u2019associer \u00ab\u00a0imm\u00e9diatement\u00a0\u00bb et \u00ab\u00a0sans exception\u00a0\u00bb les partis politiques et la soci\u00e9t\u00e9 civile au processus devant ramener les civils au pouvoir.<\/p>\n<p class=\"p1\">Les principaux partis et une bonne partie de la soci\u00e9t\u00e9 civile boycottent l\u2019offre de dialogue de la junte. \u00ab\u00a0Si ce dialogue n\u2019est pas possible en Guin\u00e9e m\u00eame, la junte doit examiner la possibilit\u00e9 qu\u2019il ait lieu dans un autre pays de la C\u00e9d\u00e9ao\u00a0\u00bb, a dit M. Touray.<\/p>\n<p class=\"p1\">Quant au Burkina, M. Touray a exprim\u00e9 \u00ab\u00a0les s\u00e9rieuses inqui\u00e9tudes\u00a0\u00bb de la C\u00e9d\u00e9ao devant l\u2019\u00e9volution s\u00e9curitaire et la crise humanitaire. Il a affirm\u00e9 la volont\u00e9 de la C\u00e9d\u00e9ao de soutenir le Burkina.<\/p>\n<p><strong>AFP<\/strong><\/p>\n","protected":false},"excerpt":{"rendered":"<p>Les dirigeants d\u2019Afrique de l\u2019Ouest ont d\u00e9cid\u00e9 dimanche \u00e0 Abuja la cr\u00e9ation d\u2019une force r\u00e9gionale<\/p>\n","protected":false},"author":2,"featured_media":0,"comment_status":"closed","ping_status":"open","sticky":false,"template":"","format":"standard","meta":[],"categories":[3,4],"tags":[229],"yoast_head":"<!-- This site is optimized with the Yoast SEO plugin v19.13 - https:\/\/yoast.com\/wordpress\/plugins\/seo\/ -->\n<title>Fin du 62\u00e8me sommet de la CEDEAO : voici les d\u00e9cisions prises concernant la Guin\u00e9e, le Mali et le Burkina Faso - UNIVERSNEWS224<\/title>\n<meta name=\"robots\" content=\"index, follow, max-snippet:-1, max-image-preview:large, max-video-preview:-1\" \/>\n<link rel=\"canonical\" href=\"https:\/\/universnews224.com\/index.php\/fin-du-62eme-sommet-de-la-cedeao-voici-les-decisions-prises-concernant-la-guinee-le-mali-et-le-burkina-faso\/\" \/>\n<meta property=\"og:locale\" content=\"fr_FR\" \/>\n<meta property=\"og:type\" content=\"article\" \/>\n<meta property=\"og:title\" content=\"Fin du 62\u00e8me sommet de la CEDEAO : voici les d\u00e9cisions prises concernant la Guin\u00e9e, le Mali et le Burkina Faso - UNIVERSNEWS224\" \/>\n<meta property=\"og:description\" content=\"Les dirigeants d\u2019Afrique de l\u2019Ouest ont d\u00e9cid\u00e9 dimanche \u00e0 Abuja la cr\u00e9ation d\u2019une force r\u00e9gionale\" \/>\n<meta property=\"og:url\" content=\"https:\/\/universnews224.com\/index.php\/fin-du-62eme-sommet-de-la-cedeao-voici-les-decisions-prises-concernant-la-guinee-le-mali-et-le-burkina-faso\/\" \/>\n<meta property=\"og:site_name\" content=\"UNIVERSNEWS224\" \/>\n<meta property=\"article:published_time\" content=\"2022-12-05T09:35:47+00:00\" \/>\n<meta name=\"author\" content=\"La R\u00e9daction\" \/>\n<meta name=\"twitter:label1\" content=\"\u00c9crit par\" \/>\n\t<meta name=\"twitter:data1\" content=\"La R\u00e9daction\" \/>\n\t<meta name=\"twitter:label2\" content=\"Dur\u00e9e de lecture estim\u00e9e\" \/>\n\t<meta name=\"twitter:data2\" content=\"4 minutes\" \/>\n<script type=\"application\/ld+json\" class=\"yoast-schema-graph\">{\"@context\":\"https:\/\/schema.org\",\"@graph\":[{\"@type\":\"Article\",\"@id\":\"https:\/\/universnews224.com\/index.php\/fin-du-62eme-sommet-de-la-cedeao-voici-les-decisions-prises-concernant-la-guinee-le-mali-et-le-burkina-faso\/#article\",\"isPartOf\":{\"@id\":\"https:\/\/universnews224.com\/index.php\/fin-du-62eme-sommet-de-la-cedeao-voici-les-decisions-prises-concernant-la-guinee-le-mali-et-le-burkina-faso\/\"},\"author\":{\"name\":\"La R\u00e9daction\",\"@id\":\"https:\/\/universnews224.com\/#\/schema\/person\/a4b7d4f94a4716df60456a491260485e\"},\"headline\":\"Fin du 62\u00e8me sommet de la CEDEAO : voici les d\u00e9cisions prises concernant la Guin\u00e9e, le Mali et le Burkina Faso\",\"datePublished\":\"2022-12-05T09:35:47+00:00\",\"dateModified\":\"2022-12-05T09:35:47+00:00\",\"mainEntityOfPage\":{\"@id\":\"https:\/\/universnews224.com\/index.php\/fin-du-62eme-sommet-de-la-cedeao-voici-les-decisions-prises-concernant-la-guinee-le-mali-et-le-burkina-faso\/\"},\"wordCount\":809,\"publisher\":{\"@id\":\"https:\/\/universnews224.com\/#organization\"},\"keywords\":[\"La une\"],\"articleSection\":[\"ACTU\",\"POLITIQUE\"],\"inLanguage\":\"fr-FR\"},{\"@type\":\"WebPage\",\"@id\":\"https:\/\/universnews224.com\/index.php\/fin-du-62eme-sommet-de-la-cedeao-voici-les-decisions-prises-concernant-la-guinee-le-mali-et-le-burkina-faso\/\",\"url\":\"https:\/\/universnews224.com\/index.php\/fin-du-62eme-sommet-de-la-cedeao-voici-les-decisions-prises-concernant-la-guinee-le-mali-et-le-burkina-faso\/\",\"name\":\"Fin du 62\u00e8me sommet de la CEDEAO : voici les d\u00e9cisions prises concernant la Guin\u00e9e, le Mali et le Burkina Faso - UNIVERSNEWS224\",\"isPartOf\":{\"@id\":\"https:\/\/universnews224.com\/#website\"},\"datePublished\":\"2022-12-05T09:35:47+00:00\",\"dateModified\":\"2022-12-05T09:35:47+00:00\",\"inLanguage\":\"fr-FR\",\"potentialAction\":[{\"@type\":\"ReadAction\",\"target\":[\"https:\/\/universnews224.com\/index.php\/fin-du-62eme-sommet-de-la-cedeao-voici-les-decisions-prises-concernant-la-guinee-le-mali-et-le-burkina-faso\/\"]}]},{\"@type\":\"WebSite\",\"@id\":\"https:\/\/universnews224.com\/#website\",\"url\":\"https:\/\/universnews224.com\/\",\"name\":\"UNIVERSNEWS224\",\"description\":\"\",\"publisher\":{\"@id\":\"https:\/\/universnews224.com\/#organization\"},\"potentialAction\":[{\"@type\":\"SearchAction\",\"target\":{\"@type\":\"EntryPoint\",\"urlTemplate\":\"https:\/\/universnews224.com\/?s={search_term_string}\"},\"query-input\":\"required name=search_term_string\"}],\"inLanguage\":\"fr-FR\"},{\"@type\":\"Organization\",\"@id\":\"https:\/\/universnews224.com\/#organization\",\"name\":\"UNIVERSNEWS224\",\"url\":\"https:\/\/universnews224.com\/\",\"logo\":{\"@type\":\"ImageObject\",\"inLanguage\":\"fr-FR\",\"@id\":\"https:\/\/universnews224.com\/#\/schema\/logo\/image\/\",\"url\":\"https:\/\/universnews224.com\/wp-content\/uploads\/2022\/08\/cropped-cropped-logoban.jpg\",\"contentUrl\":\"https:\/\/universnews224.com\/wp-content\/uploads\/2022\/08\/cropped-cropped-logoban.jpg\",\"width\":1080,\"height\":138,\"caption\":\"UNIVERSNEWS224\"},\"image\":{\"@id\":\"https:\/\/universnews224.com\/#\/schema\/logo\/image\/\"}},{\"@type\":\"Person\",\"@id\":\"https:\/\/universnews224.com\/#\/schema\/person\/a4b7d4f94a4716df60456a491260485e\",\"name\":\"La R\u00e9daction\",\"image\":{\"@type\":\"ImageObject\",\"inLanguage\":\"fr-FR\",\"@id\":\"https:\/\/universnews224.com\/#\/schema\/person\/image\/\",\"url\":\"https:\/\/secure.gravatar.com\/avatar\/edb90acc7752b23e1b3307ad36c14f0d?s=96&d=mm&r=g\",\"contentUrl\":\"https:\/\/secure.gravatar.com\/avatar\/edb90acc7752b23e1b3307ad36c14f0d?s=96&d=mm&r=g\",\"caption\":\"La R\u00e9daction\"},\"sameAs\":[\"https:\/\/universnews224.com\"],\"url\":\"https:\/\/universnews224.com\/index.php\/author\/m-camara\/\"}]}<\/script>\n<!-- \/ Yoast SEO plugin. -->","yoast_head_json":{"title":"Fin du 62\u00e8me sommet de la CEDEAO : voici les d\u00e9cisions prises concernant la Guin\u00e9e, le Mali et le Burkina Faso - UNIVERSNEWS224","robots":{"index":"index","follow":"follow","max-snippet":"max-snippet:-1","max-image-preview":"max-image-preview:large","max-video-preview":"max-video-preview:-1"},"canonical":"https:\/\/universnews224.com\/index.php\/fin-du-62eme-sommet-de-la-cedeao-voici-les-decisions-prises-concernant-la-guinee-le-mali-et-le-burkina-faso\/","og_locale":"fr_FR","og_type":"article","og_title":"Fin du 62\u00e8me sommet de la CEDEAO : voici les d\u00e9cisions prises concernant la Guin\u00e9e, le Mali et le Burkina Faso - UNIVERSNEWS224","og_description":"Les dirigeants d\u2019Afrique de l\u2019Ouest ont d\u00e9cid\u00e9 dimanche \u00e0 Abuja la cr\u00e9ation d\u2019une force r\u00e9gionale","og_url":"https:\/\/universnews224.com\/index.php\/fin-du-62eme-sommet-de-la-cedeao-voici-les-decisions-prises-concernant-la-guinee-le-mali-et-le-burkina-faso\/","og_site_name":"UNIVERSNEWS224","article_published_time":"2022-12-05T09:35:47+00:00","author":"La R\u00e9daction","twitter_misc":{"\u00c9crit par":"La R\u00e9daction","Dur\u00e9e de lecture estim\u00e9e":"4 minutes"},"schema":{"@context":"https:\/\/schema.org","@graph":[{"@type":"Article","@id":"https:\/\/universnews224.com\/index.php\/fin-du-62eme-sommet-de-la-cedeao-voici-les-decisions-prises-concernant-la-guinee-le-mali-et-le-burkina-faso\/#article","isPartOf":{"@id":"https:\/\/universnews224.com\/index.php\/fin-du-62eme-sommet-de-la-cedeao-voici-les-decisions-prises-concernant-la-guinee-le-mali-et-le-burkina-faso\/"},"author":{"name":"La R\u00e9daction","@id":"https:\/\/universnews224.com\/#\/schema\/person\/a4b7d4f94a4716df60456a491260485e"},"headline":"Fin du 62\u00e8me sommet de la CEDEAO : voici les d\u00e9cisions prises concernant la Guin\u00e9e, le Mali et le Burkina Faso","datePublished":"2022-12-05T09:35:47+00:00","dateModified":"2022-12-05T09:35:47+00:00","mainEntityOfPage":{"@id":"https:\/\/universnews224.com\/index.php\/fin-du-62eme-sommet-de-la-cedeao-voici-les-decisions-prises-concernant-la-guinee-le-mali-et-le-burkina-faso\/"},"wordCount":809,"publisher":{"@id":"https:\/\/universnews224.com\/#organization"},"keywords":["La une"],"articleSection":["ACTU","POLITIQUE"],"inLanguage":"fr-FR"},{"@type":"WebPage","@id":"https:\/\/universnews224.com\/index.php\/fin-du-62eme-sommet-de-la-cedeao-voici-les-decisions-prises-concernant-la-guinee-le-mali-et-le-burkina-faso\/","url":"https:\/\/universnews224.com\/index.php\/fin-du-62eme-sommet-de-la-cedeao-voici-les-decisions-prises-concernant-la-guinee-le-mali-et-le-burkina-faso\/","name":"Fin du 62\u00e8me sommet de la CEDEAO : voici les d\u00e9cisions prises concernant la Guin\u00e9e, le Mali et le Burkina Faso - UNIVERSNEWS224","isPartOf":{"@id":"https:\/\/universnews224.com\/#website"},"datePublished":"2022-12-05T09:35:47+00:00","dateModified":"2022-12-05T09:35:47+00:00","inLanguage":"fr-FR","potentialAction":[{"@type":"ReadAction","target":["https:\/\/universnews224.com\/index.php\/fin-du-62eme-sommet-de-la-cedeao-voici-les-decisions-prises-concernant-la-guinee-le-mali-et-le-burkina-faso\/"]}]},{"@type":"WebSite","@id":"https:\/\/universnews224.com\/#website","url":"https:\/\/universnews224.com\/","name":"UNIVERSNEWS224","description":"","publisher":{"@id":"https:\/\/universnews224.com\/#organization"},"potentialAction":[{"@type":"SearchAction","target":{"@type":"EntryPoint","urlTemplate":"https:\/\/universnews224.com\/?s={search_term_string}"},"query-input":"required name=search_term_string"}],"inLanguage":"fr-FR"},{"@type":"Organization","@id":"https:\/\/universnews224.com\/#organization","name":"UNIVERSNEWS224","url":"https:\/\/universnews224.com\/","logo":{"@type":"ImageObject","inLanguage":"fr-FR","@id":"https:\/\/universnews224.com\/#\/schema\/logo\/image\/","url":"https:\/\/universnews224.com\/wp-content\/uploads\/2022\/08\/cropped-cropped-logoban.jpg","contentUrl":"https:\/\/universnews224.com\/wp-content\/uploads\/2022\/08\/cropped-cropped-logoban.jpg","width":1080,"height":138,"caption":"UNIVERSNEWS224"},"image":{"@id":"https:\/\/universnews224.com\/#\/schema\/logo\/image\/"}},{"@type":"Person","@id":"https:\/\/universnews224.com\/#\/schema\/person\/a4b7d4f94a4716df60456a491260485e","name":"La R\u00e9daction","image":{"@type":"ImageObject","inLanguage":"fr-FR","@id":"https:\/\/universnews224.com\/#\/schema\/person\/image\/","url":"https:\/\/secure.gravatar.com\/avatar\/edb90acc7752b23e1b3307ad36c14f0d?s=96&d=mm&r=g","contentUrl":"https:\/\/secure.gravatar.com\/avatar\/edb90acc7752b23e1b3307ad36c14f0d?s=96&d=mm&r=g","caption":"La R\u00e9daction"},"sameAs":["https:\/\/universnews224.com"],"url":"https:\/\/universnews224.com\/index.php\/author\/m-camara\/"}]}},"_links":{"self":[{"href":"https:\/\/universnews224.com\/index.php\/wp-json\/wp\/v2\/posts\/2592"}],"collection":[{"href":"https:\/\/universnews224.com\/index.php\/wp-json\/wp\/v2\/posts"}],"about":[{"href":"https:\/\/universnews224.com\/index.php\/wp-json\/wp\/v2\/types\/post"}],"author":[{"embeddable":true,"href":"https:\/\/universnews224.com\/index.php\/wp-json\/wp\/v2\/users\/2"}],"replies":[{"embeddable":true,"href":"https:\/\/universnews224.com\/index.php\/wp-json\/wp\/v2\/comments?post=2592"}],"version-history":[{"count":1,"href":"https:\/\/universnews224.com\/index.php\/wp-json\/wp\/v2\/posts\/2592\/revisions"}],"predecessor-version":[{"id":2594,"href":"https:\/\/universnews224.com\/index.php\/wp-json\/wp\/v2\/posts\/2592\/revisions\/2594"}],"wp:attachment":[{"href":"https:\/\/universnews224.com\/index.php\/wp-json\/wp\/v2\/media?parent=2592"}],"wp:term":[{"taxonomy":"category","embeddable":true,"href":"https:\/\/universnews224.com\/index.php\/wp-json\/wp\/v2\/categories?post=2592"},{"taxonomy":"post_tag","embeddable":true,"href":"https:\/\/universnews224.com\/index.php\/wp-json\/wp\/v2\/tags?post=2592"}],"curies":[{"name":"wp","href":"https:\/\/api.w.org\/{rel}","templated":true}]}}