{"id":2604,"date":"2022-12-06T16:49:32","date_gmt":"2022-12-06T15:49:32","guid":{"rendered":"https:\/\/universnews224.com\/?p=2604"},"modified":"2022-12-06T16:49:32","modified_gmt":"2022-12-06T15:49:32","slug":"forum-sur-la-sante-dr-mamadou-sangare-demande-aux-secteurs-prive-a-une-collaboration-avec-la-direction-regionale","status":"publish","type":"post","link":"https:\/\/universnews224.com\/index.php\/forum-sur-la-sante-dr-mamadou-sangare-demande-aux-secteurs-prive-a-une-collaboration-avec-la-direction-regionale\/","title":{"rendered":"Forum sur la sant\u00e9 : Dr Mamadou Sangar\u00e9 demande aux secteurs priv\u00e9 \u00e0 une collaboration avec la direction r\u00e9gionale"},"content":{"rendered":"<div dir=\"ltr\">Sur l&rsquo;initiative du Minist\u00e8re de la Sant\u00e9 et de l&rsquo;Hygi\u00e8ne Publique \u00e0 travers la Direction R\u00e9gionale de la Sant\u00e9 de la Ville de Conakry, le forum sur le partenariat public priv\u00e9 sur la sant\u00e9, le responsable charg\u00e9 r\u00e9gional de soins partenaire priv\u00e9 et de la nutrition Dr Mamoudou Sangar\u00e9 a lanc\u00e9 un message aux secteurs priv\u00e9 \u00e0 l&rsquo;occasion du forum sur le partenariat public priv\u00e9 sur la sant\u00e9 urbaine dans la ville de Conakry<\/p>\n<div dir=\"ltr\">\n<div dir=\"ltr\">.<\/div>\n<div dir=\"ltr\">Le jeune Docteur \u00a0asserment\u00e9 a anim\u00e9 un panel sur la charte des structures public et priv\u00e9 pour une collaboration direct \u00e0 l&rsquo;int\u00e9r\u00eat de la population.<\/div>\n<p>\u00ab Ma pr\u00e9sentation de ce matin, \u00a0c&rsquo;est que nous avons identifi\u00e9 ensemble avec les partenaires priv\u00e9s les probl\u00e8mes, mais aussi les pistes de solutions. Objectif g\u00e9n\u00e9ral, c&rsquo;est comment am\u00e9liorer les indicateurs de performances au nouveau r\u00e9gional c&rsquo;est-\u00e0-dire \u00e0 Conakry. \u00a0Donc, nous avons dit avant notre \u00e9quipe \u00e0 la direction r\u00e9gionale, il avait un partenariat qui existait d\u00e9j\u00e0 mais qui n&rsquo;\u00e9tait pas formalis\u00e9. Et aujourd&rsquo;hui nous avons dit qu&rsquo;il faut un charte de collaboration entre ces structures, et nous qui, les engagements \u00e0 respecter non seulement le circuit de remonter des donn\u00e9es, \u00e0 garantir et \u00e0 renseigner les indicateurs de performance et qui demande la participation de tout monde pour le bien n&rsquo;\u00eatre de la population \u00bb.<\/p>\n<p>Dans la m\u00eame logique, Dr Sangar\u00e9 Mamoudou a invit\u00e9 les structures priv\u00e9es \u00e0 une collaboration avec la direction \u00a0r\u00e9gionale. \u00ab nous voulons \u00a0faire en sorte que le secteur priv\u00e9 collabore avec la direction r\u00e9gionale et pourquoi pas entendre sur les autres structures qui ne sont pas int\u00e9gr\u00e9es. Que chacun joue sa partition dans cette collaboration et que chacun se sente responsable de l&rsquo;issue de nos malade, parce que les structures priv\u00e9es et les structures public le centre d&rsquo;int\u00e9r\u00eat c&rsquo;est les malades \u00bb,a lanc\u00e9 Dr Sangar\u00e9.<\/p>\n<p>Sana Sylla.<\/p><\/div>\n<div dir=\"ltr\"><\/div>\n<p>sur la sant\u00e9 : Dr Mamadou Sangar\u00e9 demande aux secteurs priv\u00e9 \u00e0 une collaboration avec la direction r\u00e9gionale<\/p><\/div>\n<div dir=\"ltr\">\n<div dir=\"ltr\">Sur l&rsquo;initiative du Minist\u00e8re de la Sant\u00e9 et de l&rsquo;Hygi\u00e8ne Publique \u00e0 travers la Direction R\u00e9gionale de la Sant\u00e9 de la Ville de Conakry, le forum sur le partenariat public priv\u00e9 sur la sant\u00e9, le responsable charg\u00e9 r\u00e9gional de soins partenaire priv\u00e9 et de la nutrition Dr Mamoudou Sangar\u00e9 a lanc\u00e9 un message aux secteurs priv\u00e9 \u00e0 l&rsquo;occasion du forum sur le partenariat public priv\u00e9 sur la sant\u00e9 urbaine dans la ville de Conakry<\/div>\n<div dir=\"ltr\">.<\/div>\n<div dir=\"ltr\">Le jeune Docteur \u00a0asserment\u00e9 a anim\u00e9 un panel sur la charte des structures public et priv\u00e9 pour une collaboration direct \u00e0 l&rsquo;int\u00e9r\u00eat de la population.<\/div>\n<p>\u00ab Ma pr\u00e9sentation de ce matin, \u00a0c&rsquo;est que nous avons identifi\u00e9 ensemble avec les partenaires priv\u00e9s les probl\u00e8mes, mais aussi les pistes de solutions. Objectif g\u00e9n\u00e9ral, c&rsquo;est comment am\u00e9liorer les indicateurs de performances au nouveau r\u00e9gional c&rsquo;est-\u00e0-dire \u00e0 Conakry. \u00a0Donc, nous avons dit avant notre \u00e9quipe \u00e0 la direction r\u00e9gionale, il avait un partenariat qui existait d\u00e9j\u00e0 mais qui n&rsquo;\u00e9tait pas formalis\u00e9. Et aujourd&rsquo;hui nous avons dit qu&rsquo;il faut un charte de collaboration entre ces structures, et nous qui, les engagements \u00e0 respecter non seulement le circuit de remonter des donn\u00e9es, \u00e0 garantir et \u00e0 renseigner les indicateurs de performance et qui demande la participation de tout monde pour le bien n&rsquo;\u00eatre de la population \u00bb.<\/p>\n<p>Dans la m\u00eame logique, Dr Sangar\u00e9 Mamoudou a invit\u00e9 les structures priv\u00e9es \u00e0 une collaboration avec la direction r\u00e9gionale. \u00ab nous voulons \u00a0faire en sorte que le secteur priv\u00e9 collabore avec la direction r\u00e9gionale et pourquoi pas entendre sur les autres structures qui ne sont pas int\u00e9gr\u00e9es. Que chacun joue sa partition dans cette collaboration et que chacun se sente responsable de l&rsquo;issue de nos malade, parce que les structures priv\u00e9es et les structures public le centre d&rsquo;int\u00e9r\u00eat c&rsquo;est les malades \u00bb,a lanc\u00e9 Dr Sangar\u00e9.<\/p>\n<p>Sana Sylla.<\/p><\/div>\n<div dir=\"ltr\"><\/div>\n","protected":false},"excerpt":{"rendered":"<p>Sur l&rsquo;initiative du Minist\u00e8re de la Sant\u00e9 et de l&rsquo;Hygi\u00e8ne Publique \u00e0 travers la Direction<\/p>\n","protected":false},"author":2,"featured_media":2605,"comment_status":"closed","ping_status":"open","sticky":false,"template":"","format":"standard","meta":[],"categories":[3,5],"tags":[229],"yoast_head":"<!-- This site is optimized with the Yoast SEO plugin v19.13 - https:\/\/yoast.com\/wordpress\/plugins\/seo\/ -->\n<title>Forum sur la sant\u00e9 : Dr Mamadou Sangar\u00e9 demande aux secteurs priv\u00e9 \u00e0 une collaboration avec la direction r\u00e9gionale - UNIVERSNEWS224<\/title>\n<meta name=\"robots\" content=\"index, follow, max-snippet:-1, max-image-preview:large, max-video-preview:-1\" \/>\n<link rel=\"canonical\" href=\"https:\/\/universnews224.com\/index.php\/forum-sur-la-sante-dr-mamadou-sangare-demande-aux-secteurs-prive-a-une-collaboration-avec-la-direction-regionale\/\" \/>\n<meta property=\"og:locale\" content=\"fr_FR\" \/>\n<meta property=\"og:type\" content=\"article\" \/>\n<meta property=\"og:title\" content=\"Forum sur la sant\u00e9 : Dr Mamadou Sangar\u00e9 demande aux secteurs priv\u00e9 \u00e0 une collaboration avec la direction r\u00e9gionale - UNIVERSNEWS224\" \/>\n<meta property=\"og:description\" content=\"Sur l&rsquo;initiative du Minist\u00e8re de la Sant\u00e9 et de l&rsquo;Hygi\u00e8ne Publique \u00e0 travers la Direction\" \/>\n<meta property=\"og:url\" content=\"https:\/\/universnews224.com\/index.php\/forum-sur-la-sante-dr-mamadou-sangare-demande-aux-secteurs-prive-a-une-collaboration-avec-la-direction-regionale\/\" \/>\n<meta property=\"og:site_name\" content=\"UNIVERSNEWS224\" \/>\n<meta property=\"article:published_time\" content=\"2022-12-06T15:49:32+00:00\" \/>\n<meta property=\"og:image\" content=\"https:\/\/universnews224.com\/wp-content\/uploads\/2022\/12\/32228EB4-C36F-4C05-9DD4-2AF8BE6867A8.jpeg\" \/>\n\t<meta property=\"og:image:width\" content=\"1024\" \/>\n\t<meta property=\"og:image:height\" content=\"576\" \/>\n\t<meta property=\"og:image:type\" content=\"image\/jpeg\" \/>\n<meta name=\"author\" content=\"La R\u00e9daction\" \/>\n<meta name=\"twitter:label1\" content=\"\u00c9crit par\" \/>\n\t<meta name=\"twitter:data1\" content=\"La R\u00e9daction\" \/>\n\t<meta name=\"twitter:label2\" content=\"Dur\u00e9e de lecture estim\u00e9e\" \/>\n\t<meta name=\"twitter:data2\" content=\"4 minutes\" \/>\n<script type=\"application\/ld+json\" class=\"yoast-schema-graph\">{\"@context\":\"https:\/\/schema.org\",\"@graph\":[{\"@type\":\"Article\",\"@id\":\"https:\/\/universnews224.com\/index.php\/forum-sur-la-sante-dr-mamadou-sangare-demande-aux-secteurs-prive-a-une-collaboration-avec-la-direction-regionale\/#article\",\"isPartOf\":{\"@id\":\"https:\/\/universnews224.com\/index.php\/forum-sur-la-sante-dr-mamadou-sangare-demande-aux-secteurs-prive-a-une-collaboration-avec-la-direction-regionale\/\"},\"author\":{\"name\":\"La R\u00e9daction\",\"@id\":\"https:\/\/universnews224.com\/#\/schema\/person\/a4b7d4f94a4716df60456a491260485e\"},\"headline\":\"Forum sur la sant\u00e9 : Dr Mamadou Sangar\u00e9 demande aux secteurs priv\u00e9 \u00e0 une collaboration avec la direction r\u00e9gionale\",\"datePublished\":\"2022-12-06T15:49:32+00:00\",\"dateModified\":\"2022-12-06T15:49:32+00:00\",\"mainEntityOfPage\":{\"@id\":\"https:\/\/universnews224.com\/index.php\/forum-sur-la-sante-dr-mamadou-sangare-demande-aux-secteurs-prive-a-une-collaboration-avec-la-direction-regionale\/\"},\"wordCount\":671,\"publisher\":{\"@id\":\"https:\/\/universnews224.com\/#organization\"},\"keywords\":[\"La une\"],\"articleSection\":[\"ACTU\",\"SOCI\u00c9T\u00c9\"],\"inLanguage\":\"fr-FR\"},{\"@type\":\"WebPage\",\"@id\":\"https:\/\/universnews224.com\/index.php\/forum-sur-la-sante-dr-mamadou-sangare-demande-aux-secteurs-prive-a-une-collaboration-avec-la-direction-regionale\/\",\"url\":\"https:\/\/universnews224.com\/index.php\/forum-sur-la-sante-dr-mamadou-sangare-demande-aux-secteurs-prive-a-une-collaboration-avec-la-direction-regionale\/\",\"name\":\"Forum sur la sant\u00e9 : Dr Mamadou Sangar\u00e9 demande aux secteurs priv\u00e9 \u00e0 une collaboration avec la direction r\u00e9gionale - UNIVERSNEWS224\",\"isPartOf\":{\"@id\":\"https:\/\/universnews224.com\/#website\"},\"datePublished\":\"2022-12-06T15:49:32+00:00\",\"dateModified\":\"2022-12-06T15:49:32+00:00\",\"inLanguage\":\"fr-FR\",\"potentialAction\":[{\"@type\":\"ReadAction\",\"target\":[\"https:\/\/universnews224.com\/index.php\/forum-sur-la-sante-dr-mamadou-sangare-demande-aux-secteurs-prive-a-une-collaboration-avec-la-direction-regionale\/\"]}]},{\"@type\":\"WebSite\",\"@id\":\"https:\/\/universnews224.com\/#website\",\"url\":\"https:\/\/universnews224.com\/\",\"name\":\"UNIVERSNEWS224\",\"description\":\"\",\"publisher\":{\"@id\":\"https:\/\/universnews224.com\/#organization\"},\"potentialAction\":[{\"@type\":\"SearchAction\",\"target\":{\"@type\":\"EntryPoint\",\"urlTemplate\":\"https:\/\/universnews224.com\/?s={search_term_string}\"},\"query-input\":\"required name=search_term_string\"}],\"inLanguage\":\"fr-FR\"},{\"@type\":\"Organization\",\"@id\":\"https:\/\/universnews224.com\/#organization\",\"name\":\"UNIVERSNEWS224\",\"url\":\"https:\/\/universnews224.com\/\",\"logo\":{\"@type\":\"ImageObject\",\"inLanguage\":\"fr-FR\",\"@id\":\"https:\/\/universnews224.com\/#\/schema\/logo\/image\/\",\"url\":\"https:\/\/universnews224.com\/wp-content\/uploads\/2022\/08\/cropped-cropped-logoban.jpg\",\"contentUrl\":\"https:\/\/universnews224.com\/wp-content\/uploads\/2022\/08\/cropped-cropped-logoban.jpg\",\"width\":1080,\"height\":138,\"caption\":\"UNIVERSNEWS224\"},\"image\":{\"@id\":\"https:\/\/universnews224.com\/#\/schema\/logo\/image\/\"}},{\"@type\":\"Person\",\"@id\":\"https:\/\/universnews224.com\/#\/schema\/person\/a4b7d4f94a4716df60456a491260485e\",\"name\":\"La R\u00e9daction\",\"image\":{\"@type\":\"ImageObject\",\"inLanguage\":\"fr-FR\",\"@id\":\"https:\/\/universnews224.com\/#\/schema\/person\/image\/\",\"url\":\"https:\/\/secure.gravatar.com\/avatar\/edb90acc7752b23e1b3307ad36c14f0d?s=96&d=mm&r=g\",\"contentUrl\":\"https:\/\/secure.gravatar.com\/avatar\/edb90acc7752b23e1b3307ad36c14f0d?s=96&d=mm&r=g\",\"caption\":\"La R\u00e9daction\"},\"sameAs\":[\"https:\/\/universnews224.com\"],\"url\":\"https:\/\/universnews224.com\/index.php\/author\/m-camara\/\"}]}<\/script>\n<!-- \/ Yoast SEO plugin. -->","yoast_head_json":{"title":"Forum sur la sant\u00e9 : Dr Mamadou Sangar\u00e9 demande aux secteurs priv\u00e9 \u00e0 une collaboration avec la direction r\u00e9gionale - UNIVERSNEWS224","robots":{"index":"index","follow":"follow","max-snippet":"max-snippet:-1","max-image-preview":"max-image-preview:large","max-video-preview":"max-video-preview:-1"},"canonical":"https:\/\/universnews224.com\/index.php\/forum-sur-la-sante-dr-mamadou-sangare-demande-aux-secteurs-prive-a-une-collaboration-avec-la-direction-regionale\/","og_locale":"fr_FR","og_type":"article","og_title":"Forum sur la sant\u00e9 : Dr Mamadou Sangar\u00e9 demande aux secteurs priv\u00e9 \u00e0 une collaboration avec la direction r\u00e9gionale - UNIVERSNEWS224","og_description":"Sur l&rsquo;initiative du Minist\u00e8re de la Sant\u00e9 et de l&rsquo;Hygi\u00e8ne Publique \u00e0 travers la Direction","og_url":"https:\/\/universnews224.com\/index.php\/forum-sur-la-sante-dr-mamadou-sangare-demande-aux-secteurs-prive-a-une-collaboration-avec-la-direction-regionale\/","og_site_name":"UNIVERSNEWS224","article_published_time":"2022-12-06T15:49:32+00:00","og_image":[{"width":1024,"height":576,"url":"https:\/\/universnews224.com\/wp-content\/uploads\/2022\/12\/32228EB4-C36F-4C05-9DD4-2AF8BE6867A8.jpeg","type":"image\/jpeg"}],"author":"La R\u00e9daction","twitter_misc":{"\u00c9crit par":"La R\u00e9daction","Dur\u00e9e de lecture estim\u00e9e":"4 minutes"},"schema":{"@context":"https:\/\/schema.org","@graph":[{"@type":"Article","@id":"https:\/\/universnews224.com\/index.php\/forum-sur-la-sante-dr-mamadou-sangare-demande-aux-secteurs-prive-a-une-collaboration-avec-la-direction-regionale\/#article","isPartOf":{"@id":"https:\/\/universnews224.com\/index.php\/forum-sur-la-sante-dr-mamadou-sangare-demande-aux-secteurs-prive-a-une-collaboration-avec-la-direction-regionale\/"},"author":{"name":"La R\u00e9daction","@id":"https:\/\/universnews224.com\/#\/schema\/person\/a4b7d4f94a4716df60456a491260485e"},"headline":"Forum sur la sant\u00e9 : Dr Mamadou Sangar\u00e9 demande aux secteurs priv\u00e9 \u00e0 une collaboration avec la direction r\u00e9gionale","datePublished":"2022-12-06T15:49:32+00:00","dateModified":"2022-12-06T15:49:32+00:00","mainEntityOfPage":{"@id":"https:\/\/universnews224.com\/index.php\/forum-sur-la-sante-dr-mamadou-sangare-demande-aux-secteurs-prive-a-une-collaboration-avec-la-direction-regionale\/"},"wordCount":671,"publisher":{"@id":"https:\/\/universnews224.com\/#organization"},"keywords":["La une"],"articleSection":["ACTU","SOCI\u00c9T\u00c9"],"inLanguage":"fr-FR"},{"@type":"WebPage","@id":"https:\/\/universnews224.com\/index.php\/forum-sur-la-sante-dr-mamadou-sangare-demande-aux-secteurs-prive-a-une-collaboration-avec-la-direction-regionale\/","url":"https:\/\/universnews224.com\/index.php\/forum-sur-la-sante-dr-mamadou-sangare-demande-aux-secteurs-prive-a-une-collaboration-avec-la-direction-regionale\/","name":"Forum sur la sant\u00e9 : Dr Mamadou Sangar\u00e9 demande aux secteurs priv\u00e9 \u00e0 une collaboration avec la direction r\u00e9gionale - UNIVERSNEWS224","isPartOf":{"@id":"https:\/\/universnews224.com\/#website"},"datePublished":"2022-12-06T15:49:32+00:00","dateModified":"2022-12-06T15:49:32+00:00","inLanguage":"fr-FR","potentialAction":[{"@type":"ReadAction","target":["https:\/\/universnews224.com\/index.php\/forum-sur-la-sante-dr-mamadou-sangare-demande-aux-secteurs-prive-a-une-collaboration-avec-la-direction-regionale\/"]}]},{"@type":"WebSite","@id":"https:\/\/universnews224.com\/#website","url":"https:\/\/universnews224.com\/","name":"UNIVERSNEWS224","description":"","publisher":{"@id":"https:\/\/universnews224.com\/#organization"},"potentialAction":[{"@type":"SearchAction","target":{"@type":"EntryPoint","urlTemplate":"https:\/\/universnews224.com\/?s={search_term_string}"},"query-input":"required name=search_term_string"}],"inLanguage":"fr-FR"},{"@type":"Organization","@id":"https:\/\/universnews224.com\/#organization","name":"UNIVERSNEWS224","url":"https:\/\/universnews224.com\/","logo":{"@type":"ImageObject","inLanguage":"fr-FR","@id":"https:\/\/universnews224.com\/#\/schema\/logo\/image\/","url":"https:\/\/universnews224.com\/wp-content\/uploads\/2022\/08\/cropped-cropped-logoban.jpg","contentUrl":"https:\/\/universnews224.com\/wp-content\/uploads\/2022\/08\/cropped-cropped-logoban.jpg","width":1080,"height":138,"caption":"UNIVERSNEWS224"},"image":{"@id":"https:\/\/universnews224.com\/#\/schema\/logo\/image\/"}},{"@type":"Person","@id":"https:\/\/universnews224.com\/#\/schema\/person\/a4b7d4f94a4716df60456a491260485e","name":"La R\u00e9daction","image":{"@type":"ImageObject","inLanguage":"fr-FR","@id":"https:\/\/universnews224.com\/#\/schema\/person\/image\/","url":"https:\/\/secure.gravatar.com\/avatar\/edb90acc7752b23e1b3307ad36c14f0d?s=96&d=mm&r=g","contentUrl":"https:\/\/secure.gravatar.com\/avatar\/edb90acc7752b23e1b3307ad36c14f0d?s=96&d=mm&r=g","caption":"La R\u00e9daction"},"sameAs":["https:\/\/universnews224.com"],"url":"https:\/\/universnews224.com\/index.php\/author\/m-camara\/"}]}},"_links":{"self":[{"href":"https:\/\/universnews224.com\/index.php\/wp-json\/wp\/v2\/posts\/2604"}],"collection":[{"href":"https:\/\/universnews224.com\/index.php\/wp-json\/wp\/v2\/posts"}],"about":[{"href":"https:\/\/universnews224.com\/index.php\/wp-json\/wp\/v2\/types\/post"}],"author":[{"embeddable":true,"href":"https:\/\/universnews224.com\/index.php\/wp-json\/wp\/v2\/users\/2"}],"replies":[{"embeddable":true,"href":"https:\/\/universnews224.com\/index.php\/wp-json\/wp\/v2\/comments?post=2604"}],"version-history":[{"count":1,"href":"https:\/\/universnews224.com\/index.php\/wp-json\/wp\/v2\/posts\/2604\/revisions"}],"predecessor-version":[{"id":2606,"href":"https:\/\/universnews224.com\/index.php\/wp-json\/wp\/v2\/posts\/2604\/revisions\/2606"}],"wp:featuredmedia":[{"embeddable":true,"href":"https:\/\/universnews224.com\/index.php\/wp-json\/wp\/v2\/media\/2605"}],"wp:attachment":[{"href":"https:\/\/universnews224.com\/index.php\/wp-json\/wp\/v2\/media?parent=2604"}],"wp:term":[{"taxonomy":"category","embeddable":true,"href":"https:\/\/universnews224.com\/index.php\/wp-json\/wp\/v2\/categories?post=2604"},{"taxonomy":"post_tag","embeddable":true,"href":"https:\/\/universnews224.com\/index.php\/wp-json\/wp\/v2\/tags?post=2604"}],"curies":[{"name":"wp","href":"https:\/\/api.w.org\/{rel}","templated":true}]}}