{"id":2633,"date":"2022-12-10T18:59:56","date_gmt":"2022-12-10T17:59:56","guid":{"rendered":"https:\/\/universnews224.com\/?p=2633"},"modified":"2022-12-10T18:59:56","modified_gmt":"2022-12-10T17:59:56","slug":"fode-balde-ufr-pour-la-credibilite-du-debat-il-est-primordial-que-ce-cadre-de-dialogue-se-tienne-dans-une-capitale-de-la-cedeao","status":"publish","type":"post","link":"https:\/\/universnews224.com\/index.php\/fode-balde-ufr-pour-la-credibilite-du-debat-il-est-primordial-que-ce-cadre-de-dialogue-se-tienne-dans-une-capitale-de-la-cedeao\/","title":{"rendered":"Fod\u00e9 Bald\u00e9 UFR : \u00abPour la cr\u00e9dibilit\u00e9 du d\u00e9bat , il est  primordial que ce cadre de dialogue se tienne dans une capitale de la CEDEAO\u00bb"},"content":{"rendered":"<p>Au terme du 62\u00e8me sommet de la CEDEAO tenu 04 d\u00e9cembre dernier \u00e0 Abuja, les chefs d\u2019Etat de la sous-r\u00e9gion Ouest-Africaine ont demand\u00e9 \u00e0 la junte au pouvoir en Guin\u00e9e, un dialogue inclusif .<\/p>\n<p>Par la m\u00eame occasion, le dirigeants de la CEDEAO ont propos\u00e9 la d\u00e9localisation du cadre de dialogue dans un pays de l\u2019espace CEDEAO.<\/p>\n<p>Au cours de son assembl\u00e9e g\u00e9n\u00e9rale tenue ce samedi, 10 d\u00e9cembre 2022 \u00e0 Matam Lido, l\u2019Union des Forces R\u00e9publicaines se dit favorable \u00e0 la d\u00e9localisation du cadre de dialogue dans la capitale d\u2019un pays de la CEDEAO.<\/p>\n<p>\u00abComme le savez le 04 de ce mois, la CEDEAO a tenu un sommet \u00e0 Abuja o\u00f9 il a \u00e9t\u00e9 essentiellement question pour ce qui concerne notre pays la Guin\u00e9e, qu\u2019un dialogue inclusif soit ouvert avec la participation de tous les acteurs politiques et sociaux. La CEDEAO invite \u00e0 ce qu\u2019on ait un dialogue inclusif avec les acteurs politiques et sociaux et le cas escient. C\u2019est-\u00e0-dire, si le CNRD par son manque de volont\u00e9 affich\u00e9e, par son incapacit\u00e9 \u00e0 conduire le dialogue f\u00e9cond et inclusif, la CEDEAO propose la d\u00e9localisation pure et simple du cadre de dialogue dans une capitale de la sous-r\u00e9gion. Et quand cette proposition a \u00e9t\u00e9 faite, on a entendu des gens dire que c\u2019est une insulte alors qu\u2019on les a vu dans toutes les capitale de la sous-r\u00e9gion, entrain de chercher le soutien pour le CNRD. Les gens qui se promen\u00e9s nuits et jours dans les capitales de la sous-r\u00e9gion ne peuvent rien nous parler sur une d\u00e9localisation du cadre de la Guin\u00e9e dans une capitale de la sous-r\u00e9gion. Je pense qu\u2019ils devraient regarder dans leurs r\u00e9troviseurs ce qu\u2019ils ont entrepris et qui n\u2019a pas march\u00e9. Ce, pourquoi aujourd\u2019hui, ils ne veulent pas permettre que Sydia Tour\u00e9, Cellou Dalein, Aliou Bah, Aboubacar Soumah soient autour de la table. Parce qu\u2019ils savent pertinemment que si ces leaders sont autour de la table, ils n\u2019ont aucun argument solide pour prouver leur bonne foi \u00e0 conduire un dialogue f\u00e9cond et inclusif. Pour la cr\u00e9dibilit\u00e9 du d\u00e9bat,pour que les leaders soient en s\u00e9curit\u00e9, il est temps, il est m\u00eame primordial que ce cadre de dialogue se tienne dans une capitale de la CEDEAO. Qu\u2019on ne vienne pas nous que c\u2019est une insulte alors que les mallettes ont \u00e9t\u00e9 aper\u00e7ues dans les h\u00f4tels\u00bb, a d\u00e9clar\u00e9 Fod\u00e9 Bald\u00e9 responsable de la communication du parti avant d\u2019inviter le gouvernement \u00e0 mettre un terme au dialogue en cours.<\/p>\n<p>\u00abLe dialogue qui est en cours actuellement n\u2019est pas dialogue. D\u2019ailleurs, on n\u2019est pas partie prenante ,voila pourquoi, nous leur invitons de mettre un terme \u00e0 ce dialogue en cours parce que c\u2019est budg\u00e9tivore. \u00c7a ne fait que faire sortir l\u2019argent de la caisse du tr\u00e9sor public, alors qu\u2019on aura pas de r\u00e9sultats\u00bb, a t-il martel\u00e9.<\/p>\n<p>Camara MD<\/p>\n","protected":false},"excerpt":{"rendered":"<p>Au terme du 62\u00e8me sommet de la CEDEAO tenu 04 d\u00e9cembre dernier \u00e0 Abuja, les<\/p>\n","protected":false},"author":2,"featured_media":2634,"comment_status":"closed","ping_status":"open","sticky":false,"template":"","format":"standard","meta":[],"categories":[3,4],"tags":[229],"yoast_head":"<!-- This site is optimized with the Yoast SEO plugin v19.13 - https:\/\/yoast.com\/wordpress\/plugins\/seo\/ -->\n<title>Fod\u00e9 Bald\u00e9 UFR : \u00abPour la cr\u00e9dibilit\u00e9 du d\u00e9bat , il est primordial que ce cadre de dialogue se tienne dans une capitale de la CEDEAO\u00bb - UNIVERSNEWS224<\/title>\n<meta name=\"robots\" content=\"index, follow, max-snippet:-1, max-image-preview:large, max-video-preview:-1\" \/>\n<link rel=\"canonical\" href=\"https:\/\/universnews224.com\/index.php\/fode-balde-ufr-pour-la-credibilite-du-debat-il-est-primordial-que-ce-cadre-de-dialogue-se-tienne-dans-une-capitale-de-la-cedeao\/\" \/>\n<meta property=\"og:locale\" content=\"fr_FR\" \/>\n<meta property=\"og:type\" content=\"article\" \/>\n<meta property=\"og:title\" content=\"Fod\u00e9 Bald\u00e9 UFR : \u00abPour la cr\u00e9dibilit\u00e9 du d\u00e9bat , il est primordial que ce cadre de dialogue se tienne dans une capitale de la CEDEAO\u00bb - UNIVERSNEWS224\" \/>\n<meta property=\"og:description\" content=\"Au terme du 62\u00e8me sommet de la CEDEAO tenu 04 d\u00e9cembre dernier \u00e0 Abuja, les\" \/>\n<meta property=\"og:url\" content=\"https:\/\/universnews224.com\/index.php\/fode-balde-ufr-pour-la-credibilite-du-debat-il-est-primordial-que-ce-cadre-de-dialogue-se-tienne-dans-une-capitale-de-la-cedeao\/\" \/>\n<meta property=\"og:site_name\" content=\"UNIVERSNEWS224\" \/>\n<meta property=\"article:published_time\" content=\"2022-12-10T17:59:56+00:00\" \/>\n<meta property=\"og:image\" content=\"https:\/\/universnews224.com\/wp-content\/uploads\/2022\/12\/6E0E8F39-77BD-4925-BCC6-1F5201952C60.jpeg\" \/>\n\t<meta property=\"og:image:width\" content=\"1032\" \/>\n\t<meta property=\"og:image:height\" content=\"774\" \/>\n\t<meta property=\"og:image:type\" content=\"image\/jpeg\" \/>\n<meta name=\"author\" content=\"La R\u00e9daction\" \/>\n<meta name=\"twitter:label1\" content=\"\u00c9crit par\" \/>\n\t<meta name=\"twitter:data1\" content=\"La R\u00e9daction\" \/>\n\t<meta name=\"twitter:label2\" content=\"Dur\u00e9e de lecture estim\u00e9e\" \/>\n\t<meta name=\"twitter:data2\" content=\"3 minutes\" \/>\n<script type=\"application\/ld+json\" class=\"yoast-schema-graph\">{\"@context\":\"https:\/\/schema.org\",\"@graph\":[{\"@type\":\"Article\",\"@id\":\"https:\/\/universnews224.com\/index.php\/fode-balde-ufr-pour-la-credibilite-du-debat-il-est-primordial-que-ce-cadre-de-dialogue-se-tienne-dans-une-capitale-de-la-cedeao\/#article\",\"isPartOf\":{\"@id\":\"https:\/\/universnews224.com\/index.php\/fode-balde-ufr-pour-la-credibilite-du-debat-il-est-primordial-que-ce-cadre-de-dialogue-se-tienne-dans-une-capitale-de-la-cedeao\/\"},\"author\":{\"name\":\"La R\u00e9daction\",\"@id\":\"https:\/\/universnews224.com\/#\/schema\/person\/a4b7d4f94a4716df60456a491260485e\"},\"headline\":\"Fod\u00e9 Bald\u00e9 UFR : \u00abPour la cr\u00e9dibilit\u00e9 du d\u00e9bat , il est primordial que ce cadre de dialogue se tienne dans une capitale de la CEDEAO\u00bb\",\"datePublished\":\"2022-12-10T17:59:56+00:00\",\"dateModified\":\"2022-12-10T17:59:56+00:00\",\"mainEntityOfPage\":{\"@id\":\"https:\/\/universnews224.com\/index.php\/fode-balde-ufr-pour-la-credibilite-du-debat-il-est-primordial-que-ce-cadre-de-dialogue-se-tienne-dans-une-capitale-de-la-cedeao\/\"},\"wordCount\":537,\"publisher\":{\"@id\":\"https:\/\/universnews224.com\/#organization\"},\"keywords\":[\"La une\"],\"articleSection\":[\"ACTU\",\"POLITIQUE\"],\"inLanguage\":\"fr-FR\"},{\"@type\":\"WebPage\",\"@id\":\"https:\/\/universnews224.com\/index.php\/fode-balde-ufr-pour-la-credibilite-du-debat-il-est-primordial-que-ce-cadre-de-dialogue-se-tienne-dans-une-capitale-de-la-cedeao\/\",\"url\":\"https:\/\/universnews224.com\/index.php\/fode-balde-ufr-pour-la-credibilite-du-debat-il-est-primordial-que-ce-cadre-de-dialogue-se-tienne-dans-une-capitale-de-la-cedeao\/\",\"name\":\"Fod\u00e9 Bald\u00e9 UFR : \u00abPour la cr\u00e9dibilit\u00e9 du d\u00e9bat , il est primordial que ce cadre de dialogue se tienne dans une capitale de la CEDEAO\u00bb - UNIVERSNEWS224\",\"isPartOf\":{\"@id\":\"https:\/\/universnews224.com\/#website\"},\"datePublished\":\"2022-12-10T17:59:56+00:00\",\"dateModified\":\"2022-12-10T17:59:56+00:00\",\"inLanguage\":\"fr-FR\",\"potentialAction\":[{\"@type\":\"ReadAction\",\"target\":[\"https:\/\/universnews224.com\/index.php\/fode-balde-ufr-pour-la-credibilite-du-debat-il-est-primordial-que-ce-cadre-de-dialogue-se-tienne-dans-une-capitale-de-la-cedeao\/\"]}]},{\"@type\":\"WebSite\",\"@id\":\"https:\/\/universnews224.com\/#website\",\"url\":\"https:\/\/universnews224.com\/\",\"name\":\"UNIVERSNEWS224\",\"description\":\"\",\"publisher\":{\"@id\":\"https:\/\/universnews224.com\/#organization\"},\"potentialAction\":[{\"@type\":\"SearchAction\",\"target\":{\"@type\":\"EntryPoint\",\"urlTemplate\":\"https:\/\/universnews224.com\/?s={search_term_string}\"},\"query-input\":\"required name=search_term_string\"}],\"inLanguage\":\"fr-FR\"},{\"@type\":\"Organization\",\"@id\":\"https:\/\/universnews224.com\/#organization\",\"name\":\"UNIVERSNEWS224\",\"url\":\"https:\/\/universnews224.com\/\",\"logo\":{\"@type\":\"ImageObject\",\"inLanguage\":\"fr-FR\",\"@id\":\"https:\/\/universnews224.com\/#\/schema\/logo\/image\/\",\"url\":\"https:\/\/universnews224.com\/wp-content\/uploads\/2022\/08\/cropped-cropped-logoban.jpg\",\"contentUrl\":\"https:\/\/universnews224.com\/wp-content\/uploads\/2022\/08\/cropped-cropped-logoban.jpg\",\"width\":1080,\"height\":138,\"caption\":\"UNIVERSNEWS224\"},\"image\":{\"@id\":\"https:\/\/universnews224.com\/#\/schema\/logo\/image\/\"}},{\"@type\":\"Person\",\"@id\":\"https:\/\/universnews224.com\/#\/schema\/person\/a4b7d4f94a4716df60456a491260485e\",\"name\":\"La R\u00e9daction\",\"image\":{\"@type\":\"ImageObject\",\"inLanguage\":\"fr-FR\",\"@id\":\"https:\/\/universnews224.com\/#\/schema\/person\/image\/\",\"url\":\"https:\/\/secure.gravatar.com\/avatar\/edb90acc7752b23e1b3307ad36c14f0d?s=96&d=mm&r=g\",\"contentUrl\":\"https:\/\/secure.gravatar.com\/avatar\/edb90acc7752b23e1b3307ad36c14f0d?s=96&d=mm&r=g\",\"caption\":\"La R\u00e9daction\"},\"sameAs\":[\"https:\/\/universnews224.com\"],\"url\":\"https:\/\/universnews224.com\/index.php\/author\/m-camara\/\"}]}<\/script>\n<!-- \/ Yoast SEO plugin. -->","yoast_head_json":{"title":"Fod\u00e9 Bald\u00e9 UFR : \u00abPour la cr\u00e9dibilit\u00e9 du d\u00e9bat , il est primordial que ce cadre de dialogue se tienne dans une capitale de la CEDEAO\u00bb - UNIVERSNEWS224","robots":{"index":"index","follow":"follow","max-snippet":"max-snippet:-1","max-image-preview":"max-image-preview:large","max-video-preview":"max-video-preview:-1"},"canonical":"https:\/\/universnews224.com\/index.php\/fode-balde-ufr-pour-la-credibilite-du-debat-il-est-primordial-que-ce-cadre-de-dialogue-se-tienne-dans-une-capitale-de-la-cedeao\/","og_locale":"fr_FR","og_type":"article","og_title":"Fod\u00e9 Bald\u00e9 UFR : \u00abPour la cr\u00e9dibilit\u00e9 du d\u00e9bat , il est primordial que ce cadre de dialogue se tienne dans une capitale de la CEDEAO\u00bb - UNIVERSNEWS224","og_description":"Au terme du 62\u00e8me sommet de la CEDEAO tenu 04 d\u00e9cembre dernier \u00e0 Abuja, les","og_url":"https:\/\/universnews224.com\/index.php\/fode-balde-ufr-pour-la-credibilite-du-debat-il-est-primordial-que-ce-cadre-de-dialogue-se-tienne-dans-une-capitale-de-la-cedeao\/","og_site_name":"UNIVERSNEWS224","article_published_time":"2022-12-10T17:59:56+00:00","og_image":[{"width":1032,"height":774,"url":"https:\/\/universnews224.com\/wp-content\/uploads\/2022\/12\/6E0E8F39-77BD-4925-BCC6-1F5201952C60.jpeg","type":"image\/jpeg"}],"author":"La R\u00e9daction","twitter_misc":{"\u00c9crit par":"La R\u00e9daction","Dur\u00e9e de lecture estim\u00e9e":"3 minutes"},"schema":{"@context":"https:\/\/schema.org","@graph":[{"@type":"Article","@id":"https:\/\/universnews224.com\/index.php\/fode-balde-ufr-pour-la-credibilite-du-debat-il-est-primordial-que-ce-cadre-de-dialogue-se-tienne-dans-une-capitale-de-la-cedeao\/#article","isPartOf":{"@id":"https:\/\/universnews224.com\/index.php\/fode-balde-ufr-pour-la-credibilite-du-debat-il-est-primordial-que-ce-cadre-de-dialogue-se-tienne-dans-une-capitale-de-la-cedeao\/"},"author":{"name":"La R\u00e9daction","@id":"https:\/\/universnews224.com\/#\/schema\/person\/a4b7d4f94a4716df60456a491260485e"},"headline":"Fod\u00e9 Bald\u00e9 UFR : \u00abPour la cr\u00e9dibilit\u00e9 du d\u00e9bat , il est primordial que ce cadre de dialogue se tienne dans une capitale de la CEDEAO\u00bb","datePublished":"2022-12-10T17:59:56+00:00","dateModified":"2022-12-10T17:59:56+00:00","mainEntityOfPage":{"@id":"https:\/\/universnews224.com\/index.php\/fode-balde-ufr-pour-la-credibilite-du-debat-il-est-primordial-que-ce-cadre-de-dialogue-se-tienne-dans-une-capitale-de-la-cedeao\/"},"wordCount":537,"publisher":{"@id":"https:\/\/universnews224.com\/#organization"},"keywords":["La une"],"articleSection":["ACTU","POLITIQUE"],"inLanguage":"fr-FR"},{"@type":"WebPage","@id":"https:\/\/universnews224.com\/index.php\/fode-balde-ufr-pour-la-credibilite-du-debat-il-est-primordial-que-ce-cadre-de-dialogue-se-tienne-dans-une-capitale-de-la-cedeao\/","url":"https:\/\/universnews224.com\/index.php\/fode-balde-ufr-pour-la-credibilite-du-debat-il-est-primordial-que-ce-cadre-de-dialogue-se-tienne-dans-une-capitale-de-la-cedeao\/","name":"Fod\u00e9 Bald\u00e9 UFR : \u00abPour la cr\u00e9dibilit\u00e9 du d\u00e9bat , il est primordial que ce cadre de dialogue se tienne dans une capitale de la CEDEAO\u00bb - UNIVERSNEWS224","isPartOf":{"@id":"https:\/\/universnews224.com\/#website"},"datePublished":"2022-12-10T17:59:56+00:00","dateModified":"2022-12-10T17:59:56+00:00","inLanguage":"fr-FR","potentialAction":[{"@type":"ReadAction","target":["https:\/\/universnews224.com\/index.php\/fode-balde-ufr-pour-la-credibilite-du-debat-il-est-primordial-que-ce-cadre-de-dialogue-se-tienne-dans-une-capitale-de-la-cedeao\/"]}]},{"@type":"WebSite","@id":"https:\/\/universnews224.com\/#website","url":"https:\/\/universnews224.com\/","name":"UNIVERSNEWS224","description":"","publisher":{"@id":"https:\/\/universnews224.com\/#organization"},"potentialAction":[{"@type":"SearchAction","target":{"@type":"EntryPoint","urlTemplate":"https:\/\/universnews224.com\/?s={search_term_string}"},"query-input":"required name=search_term_string"}],"inLanguage":"fr-FR"},{"@type":"Organization","@id":"https:\/\/universnews224.com\/#organization","name":"UNIVERSNEWS224","url":"https:\/\/universnews224.com\/","logo":{"@type":"ImageObject","inLanguage":"fr-FR","@id":"https:\/\/universnews224.com\/#\/schema\/logo\/image\/","url":"https:\/\/universnews224.com\/wp-content\/uploads\/2022\/08\/cropped-cropped-logoban.jpg","contentUrl":"https:\/\/universnews224.com\/wp-content\/uploads\/2022\/08\/cropped-cropped-logoban.jpg","width":1080,"height":138,"caption":"UNIVERSNEWS224"},"image":{"@id":"https:\/\/universnews224.com\/#\/schema\/logo\/image\/"}},{"@type":"Person","@id":"https:\/\/universnews224.com\/#\/schema\/person\/a4b7d4f94a4716df60456a491260485e","name":"La R\u00e9daction","image":{"@type":"ImageObject","inLanguage":"fr-FR","@id":"https:\/\/universnews224.com\/#\/schema\/person\/image\/","url":"https:\/\/secure.gravatar.com\/avatar\/edb90acc7752b23e1b3307ad36c14f0d?s=96&d=mm&r=g","contentUrl":"https:\/\/secure.gravatar.com\/avatar\/edb90acc7752b23e1b3307ad36c14f0d?s=96&d=mm&r=g","caption":"La R\u00e9daction"},"sameAs":["https:\/\/universnews224.com"],"url":"https:\/\/universnews224.com\/index.php\/author\/m-camara\/"}]}},"_links":{"self":[{"href":"https:\/\/universnews224.com\/index.php\/wp-json\/wp\/v2\/posts\/2633"}],"collection":[{"href":"https:\/\/universnews224.com\/index.php\/wp-json\/wp\/v2\/posts"}],"about":[{"href":"https:\/\/universnews224.com\/index.php\/wp-json\/wp\/v2\/types\/post"}],"author":[{"embeddable":true,"href":"https:\/\/universnews224.com\/index.php\/wp-json\/wp\/v2\/users\/2"}],"replies":[{"embeddable":true,"href":"https:\/\/universnews224.com\/index.php\/wp-json\/wp\/v2\/comments?post=2633"}],"version-history":[{"count":1,"href":"https:\/\/universnews224.com\/index.php\/wp-json\/wp\/v2\/posts\/2633\/revisions"}],"predecessor-version":[{"id":2635,"href":"https:\/\/universnews224.com\/index.php\/wp-json\/wp\/v2\/posts\/2633\/revisions\/2635"}],"wp:featuredmedia":[{"embeddable":true,"href":"https:\/\/universnews224.com\/index.php\/wp-json\/wp\/v2\/media\/2634"}],"wp:attachment":[{"href":"https:\/\/universnews224.com\/index.php\/wp-json\/wp\/v2\/media?parent=2633"}],"wp:term":[{"taxonomy":"category","embeddable":true,"href":"https:\/\/universnews224.com\/index.php\/wp-json\/wp\/v2\/categories?post=2633"},{"taxonomy":"post_tag","embeddable":true,"href":"https:\/\/universnews224.com\/index.php\/wp-json\/wp\/v2\/tags?post=2633"}],"curies":[{"name":"wp","href":"https:\/\/api.w.org\/{rel}","templated":true}]}}