{"id":2646,"date":"2022-12-12T22:21:54","date_gmt":"2022-12-12T21:21:54","guid":{"rendered":"https:\/\/universnews224.com\/?p=2646"},"modified":"2022-12-12T22:21:54","modified_gmt":"2022-12-12T21:21:54","slug":"guinee-4eme-edition-de-la-foire-internationale-de-conakry-officiellement-lancee","status":"publish","type":"post","link":"https:\/\/universnews224.com\/index.php\/guinee-4eme-edition-de-la-foire-internationale-de-conakry-officiellement-lancee\/","title":{"rendered":"Guin\u00e9e: 4\u00e8me \u00e9dition de  la foire internationale de Conakry officiellement lanc\u00e9e"},"content":{"rendered":"<div><strong>La ministre du commerce de l&rsquo;industrie et des Petites et moyennes entreprises, Loupou Lamah accompagn\u00e9e la gouverneur de la ville de Conakry, a proc\u00e9d\u00e9 ce lundi 12 D\u00e9cembre 2022 \u00e0 Conakry au lancement de la 4\u00e8me \u00e9dition de la foire internationale de Guin\u00e9e (FIG).<\/strong><\/div>\n<div><\/div>\n<div>C\u2019est une initiative de \u00a0la structure de production B\u00e9n\u00e9di Records et est plac\u00e9e sous le th\u00e8me prix de r\u00e9conciliation et du pardon dans une Guin\u00e9e nouvelle.<\/div>\n<div><\/div>\n<div><\/div>\n<div>Dans son allocution de bienvenue, le porte-parole de la structure B\u00e9n\u00e9di records, Ali Bangoura a indiqu\u00e9 que les objectifs de la foire internationale de Guin\u00e9e FIG, ainsi que les retomb\u00e9s des activit\u00e9s de cette foire serviront \u00e0 am\u00e9liorer le quotidien des guin\u00e9ens.<\/div>\n<div><\/div>\n<div>\u00ab C\u2019est la quatri\u00e8me ann\u00e9e cons\u00e9cutive que le label Benedi Records est en train de r\u00e9ussir son pari de faire de la destination Guin\u00e9e l\u2019un des plus grands march\u00e9s innovants de la Sous-r\u00e9gion Ouest Africaine. La Foire Internationale de Guin\u00e9e (FIG), est un espace d\u2019expositions, de promotion, de marketing, d\u2019\u00e9change et de vente des productions locales guin\u00e9ennes. Elle permet d\u2019encourager et de rassurer les investisseurs locaux et \u00e9trangers \u00e0 \u0153uvrer dans la paix et la s\u00e9r\u00e9nit\u00e9. A impulser une nouvelle dynamique dans le processus de refondation de l\u2019Etat tout en prenant en compte le contenu local \u00bb, a indiqu\u00e9 avant d&rsquo;ajouter.<\/div>\n<div><\/div>\n<div>\u00abNous appelons aux sens de patriotisme de toutes et de tous sans distinction de sexe, d\u2019ethnie, d\u2019ob\u00e9dience politique d\u2019apporter sa modeste contribution \u00e0 la r\u00e9ussite d\u2019une transition apais\u00e9e o\u00f9 qu\u2019il soit. La FIG se fixe pour objectif global am\u00e9lioration de la chaine de valeur afin d\u2019accroitre la production locale aux b\u00e9n\u00e9fices des populations. Cette 4\u00e8me Edition, nous sollicitons une plus grande responsabilit\u00e9 en termes de qualit\u00e9 et de prix en faveurs de nos visiteurs \u00bb,a fait appel le porte-parole.<\/div>\n<div><\/div>\n<div>Pour sa part, la ministre Loupou Lamah, a remerci\u00e9 \u00a0et encourag\u00e9 cette initiative de tenue de la foire dans un contexte o\u00f9 le pays est vraiment dans une transition de refondation de l&rsquo;\u00c9tat. Et il r\u00e9it\u00e8re tout son soutien pour rendre cette activit\u00e9 fiable dans sont contexte.<\/div>\n<div><\/div>\n<div><\/div>\n<div>Alass Sylla<\/div>\n","protected":false},"excerpt":{"rendered":"<p>La ministre du commerce de l&rsquo;industrie et des Petites et moyennes entreprises, Loupou Lamah accompagn\u00e9e<\/p>\n","protected":false},"author":2,"featured_media":2647,"comment_status":"closed","ping_status":"open","sticky":false,"template":"","format":"standard","meta":[],"categories":[3,17],"tags":[229],"yoast_head":"<!-- This site is optimized with the Yoast SEO plugin v19.13 - https:\/\/yoast.com\/wordpress\/plugins\/seo\/ -->\n<title>Guin\u00e9e: 4\u00e8me \u00e9dition de la foire internationale de Conakry officiellement lanc\u00e9e - UNIVERSNEWS224<\/title>\n<meta name=\"robots\" content=\"index, follow, max-snippet:-1, max-image-preview:large, max-video-preview:-1\" \/>\n<link rel=\"canonical\" href=\"https:\/\/universnews224.com\/index.php\/guinee-4eme-edition-de-la-foire-internationale-de-conakry-officiellement-lancee\/\" \/>\n<meta property=\"og:locale\" content=\"fr_FR\" \/>\n<meta property=\"og:type\" content=\"article\" \/>\n<meta property=\"og:title\" content=\"Guin\u00e9e: 4\u00e8me \u00e9dition de la foire internationale de Conakry officiellement lanc\u00e9e - UNIVERSNEWS224\" \/>\n<meta property=\"og:description\" content=\"La ministre du commerce de l&rsquo;industrie et des Petites et moyennes entreprises, Loupou Lamah accompagn\u00e9e\" \/>\n<meta property=\"og:url\" content=\"https:\/\/universnews224.com\/index.php\/guinee-4eme-edition-de-la-foire-internationale-de-conakry-officiellement-lancee\/\" \/>\n<meta property=\"og:site_name\" content=\"UNIVERSNEWS224\" \/>\n<meta property=\"article:published_time\" content=\"2022-12-12T21:21:54+00:00\" \/>\n<meta property=\"og:image\" content=\"https:\/\/universnews224.com\/wp-content\/uploads\/2022\/12\/BF0FA45B-F09B-4BA3-BA15-01CB3B8C5370.jpeg\" \/>\n\t<meta property=\"og:image:width\" content=\"1024\" \/>\n\t<meta property=\"og:image:height\" content=\"576\" \/>\n\t<meta property=\"og:image:type\" content=\"image\/jpeg\" \/>\n<meta name=\"author\" content=\"La R\u00e9daction\" \/>\n<meta name=\"twitter:label1\" content=\"\u00c9crit par\" \/>\n\t<meta name=\"twitter:data1\" content=\"La R\u00e9daction\" \/>\n\t<meta name=\"twitter:label2\" content=\"Dur\u00e9e de lecture estim\u00e9e\" \/>\n\t<meta name=\"twitter:data2\" content=\"2 minutes\" \/>\n<script type=\"application\/ld+json\" class=\"yoast-schema-graph\">{\"@context\":\"https:\/\/schema.org\",\"@graph\":[{\"@type\":\"Article\",\"@id\":\"https:\/\/universnews224.com\/index.php\/guinee-4eme-edition-de-la-foire-internationale-de-conakry-officiellement-lancee\/#article\",\"isPartOf\":{\"@id\":\"https:\/\/universnews224.com\/index.php\/guinee-4eme-edition-de-la-foire-internationale-de-conakry-officiellement-lancee\/\"},\"author\":{\"name\":\"La R\u00e9daction\",\"@id\":\"https:\/\/universnews224.com\/#\/schema\/person\/a4b7d4f94a4716df60456a491260485e\"},\"headline\":\"Guin\u00e9e: 4\u00e8me \u00e9dition de la foire internationale de Conakry officiellement lanc\u00e9e\",\"datePublished\":\"2022-12-12T21:21:54+00:00\",\"dateModified\":\"2022-12-12T21:21:54+00:00\",\"mainEntityOfPage\":{\"@id\":\"https:\/\/universnews224.com\/index.php\/guinee-4eme-edition-de-la-foire-internationale-de-conakry-officiellement-lancee\/\"},\"wordCount\":396,\"publisher\":{\"@id\":\"https:\/\/universnews224.com\/#organization\"},\"keywords\":[\"La une\"],\"articleSection\":[\"ACTU\",\"GRANDS DOSSIERS\"],\"inLanguage\":\"fr-FR\"},{\"@type\":\"WebPage\",\"@id\":\"https:\/\/universnews224.com\/index.php\/guinee-4eme-edition-de-la-foire-internationale-de-conakry-officiellement-lancee\/\",\"url\":\"https:\/\/universnews224.com\/index.php\/guinee-4eme-edition-de-la-foire-internationale-de-conakry-officiellement-lancee\/\",\"name\":\"Guin\u00e9e: 4\u00e8me \u00e9dition de la foire internationale de Conakry officiellement lanc\u00e9e - UNIVERSNEWS224\",\"isPartOf\":{\"@id\":\"https:\/\/universnews224.com\/#website\"},\"datePublished\":\"2022-12-12T21:21:54+00:00\",\"dateModified\":\"2022-12-12T21:21:54+00:00\",\"inLanguage\":\"fr-FR\",\"potentialAction\":[{\"@type\":\"ReadAction\",\"target\":[\"https:\/\/universnews224.com\/index.php\/guinee-4eme-edition-de-la-foire-internationale-de-conakry-officiellement-lancee\/\"]}]},{\"@type\":\"WebSite\",\"@id\":\"https:\/\/universnews224.com\/#website\",\"url\":\"https:\/\/universnews224.com\/\",\"name\":\"UNIVERSNEWS224\",\"description\":\"\",\"publisher\":{\"@id\":\"https:\/\/universnews224.com\/#organization\"},\"potentialAction\":[{\"@type\":\"SearchAction\",\"target\":{\"@type\":\"EntryPoint\",\"urlTemplate\":\"https:\/\/universnews224.com\/?s={search_term_string}\"},\"query-input\":\"required name=search_term_string\"}],\"inLanguage\":\"fr-FR\"},{\"@type\":\"Organization\",\"@id\":\"https:\/\/universnews224.com\/#organization\",\"name\":\"UNIVERSNEWS224\",\"url\":\"https:\/\/universnews224.com\/\",\"logo\":{\"@type\":\"ImageObject\",\"inLanguage\":\"fr-FR\",\"@id\":\"https:\/\/universnews224.com\/#\/schema\/logo\/image\/\",\"url\":\"https:\/\/universnews224.com\/wp-content\/uploads\/2022\/08\/cropped-cropped-logoban.jpg\",\"contentUrl\":\"https:\/\/universnews224.com\/wp-content\/uploads\/2022\/08\/cropped-cropped-logoban.jpg\",\"width\":1080,\"height\":138,\"caption\":\"UNIVERSNEWS224\"},\"image\":{\"@id\":\"https:\/\/universnews224.com\/#\/schema\/logo\/image\/\"}},{\"@type\":\"Person\",\"@id\":\"https:\/\/universnews224.com\/#\/schema\/person\/a4b7d4f94a4716df60456a491260485e\",\"name\":\"La R\u00e9daction\",\"image\":{\"@type\":\"ImageObject\",\"inLanguage\":\"fr-FR\",\"@id\":\"https:\/\/universnews224.com\/#\/schema\/person\/image\/\",\"url\":\"https:\/\/secure.gravatar.com\/avatar\/edb90acc7752b23e1b3307ad36c14f0d?s=96&d=mm&r=g\",\"contentUrl\":\"https:\/\/secure.gravatar.com\/avatar\/edb90acc7752b23e1b3307ad36c14f0d?s=96&d=mm&r=g\",\"caption\":\"La R\u00e9daction\"},\"sameAs\":[\"https:\/\/universnews224.com\"],\"url\":\"https:\/\/universnews224.com\/index.php\/author\/m-camara\/\"}]}<\/script>\n<!-- \/ Yoast SEO plugin. -->","yoast_head_json":{"title":"Guin\u00e9e: 4\u00e8me \u00e9dition de la foire internationale de Conakry officiellement lanc\u00e9e - UNIVERSNEWS224","robots":{"index":"index","follow":"follow","max-snippet":"max-snippet:-1","max-image-preview":"max-image-preview:large","max-video-preview":"max-video-preview:-1"},"canonical":"https:\/\/universnews224.com\/index.php\/guinee-4eme-edition-de-la-foire-internationale-de-conakry-officiellement-lancee\/","og_locale":"fr_FR","og_type":"article","og_title":"Guin\u00e9e: 4\u00e8me \u00e9dition de la foire internationale de Conakry officiellement lanc\u00e9e - UNIVERSNEWS224","og_description":"La ministre du commerce de l&rsquo;industrie et des Petites et moyennes entreprises, Loupou Lamah accompagn\u00e9e","og_url":"https:\/\/universnews224.com\/index.php\/guinee-4eme-edition-de-la-foire-internationale-de-conakry-officiellement-lancee\/","og_site_name":"UNIVERSNEWS224","article_published_time":"2022-12-12T21:21:54+00:00","og_image":[{"width":1024,"height":576,"url":"https:\/\/universnews224.com\/wp-content\/uploads\/2022\/12\/BF0FA45B-F09B-4BA3-BA15-01CB3B8C5370.jpeg","type":"image\/jpeg"}],"author":"La R\u00e9daction","twitter_misc":{"\u00c9crit par":"La R\u00e9daction","Dur\u00e9e de lecture estim\u00e9e":"2 minutes"},"schema":{"@context":"https:\/\/schema.org","@graph":[{"@type":"Article","@id":"https:\/\/universnews224.com\/index.php\/guinee-4eme-edition-de-la-foire-internationale-de-conakry-officiellement-lancee\/#article","isPartOf":{"@id":"https:\/\/universnews224.com\/index.php\/guinee-4eme-edition-de-la-foire-internationale-de-conakry-officiellement-lancee\/"},"author":{"name":"La R\u00e9daction","@id":"https:\/\/universnews224.com\/#\/schema\/person\/a4b7d4f94a4716df60456a491260485e"},"headline":"Guin\u00e9e: 4\u00e8me \u00e9dition de la foire internationale de Conakry officiellement lanc\u00e9e","datePublished":"2022-12-12T21:21:54+00:00","dateModified":"2022-12-12T21:21:54+00:00","mainEntityOfPage":{"@id":"https:\/\/universnews224.com\/index.php\/guinee-4eme-edition-de-la-foire-internationale-de-conakry-officiellement-lancee\/"},"wordCount":396,"publisher":{"@id":"https:\/\/universnews224.com\/#organization"},"keywords":["La une"],"articleSection":["ACTU","GRANDS DOSSIERS"],"inLanguage":"fr-FR"},{"@type":"WebPage","@id":"https:\/\/universnews224.com\/index.php\/guinee-4eme-edition-de-la-foire-internationale-de-conakry-officiellement-lancee\/","url":"https:\/\/universnews224.com\/index.php\/guinee-4eme-edition-de-la-foire-internationale-de-conakry-officiellement-lancee\/","name":"Guin\u00e9e: 4\u00e8me \u00e9dition de la foire internationale de Conakry officiellement lanc\u00e9e - UNIVERSNEWS224","isPartOf":{"@id":"https:\/\/universnews224.com\/#website"},"datePublished":"2022-12-12T21:21:54+00:00","dateModified":"2022-12-12T21:21:54+00:00","inLanguage":"fr-FR","potentialAction":[{"@type":"ReadAction","target":["https:\/\/universnews224.com\/index.php\/guinee-4eme-edition-de-la-foire-internationale-de-conakry-officiellement-lancee\/"]}]},{"@type":"WebSite","@id":"https:\/\/universnews224.com\/#website","url":"https:\/\/universnews224.com\/","name":"UNIVERSNEWS224","description":"","publisher":{"@id":"https:\/\/universnews224.com\/#organization"},"potentialAction":[{"@type":"SearchAction","target":{"@type":"EntryPoint","urlTemplate":"https:\/\/universnews224.com\/?s={search_term_string}"},"query-input":"required name=search_term_string"}],"inLanguage":"fr-FR"},{"@type":"Organization","@id":"https:\/\/universnews224.com\/#organization","name":"UNIVERSNEWS224","url":"https:\/\/universnews224.com\/","logo":{"@type":"ImageObject","inLanguage":"fr-FR","@id":"https:\/\/universnews224.com\/#\/schema\/logo\/image\/","url":"https:\/\/universnews224.com\/wp-content\/uploads\/2022\/08\/cropped-cropped-logoban.jpg","contentUrl":"https:\/\/universnews224.com\/wp-content\/uploads\/2022\/08\/cropped-cropped-logoban.jpg","width":1080,"height":138,"caption":"UNIVERSNEWS224"},"image":{"@id":"https:\/\/universnews224.com\/#\/schema\/logo\/image\/"}},{"@type":"Person","@id":"https:\/\/universnews224.com\/#\/schema\/person\/a4b7d4f94a4716df60456a491260485e","name":"La R\u00e9daction","image":{"@type":"ImageObject","inLanguage":"fr-FR","@id":"https:\/\/universnews224.com\/#\/schema\/person\/image\/","url":"https:\/\/secure.gravatar.com\/avatar\/edb90acc7752b23e1b3307ad36c14f0d?s=96&d=mm&r=g","contentUrl":"https:\/\/secure.gravatar.com\/avatar\/edb90acc7752b23e1b3307ad36c14f0d?s=96&d=mm&r=g","caption":"La R\u00e9daction"},"sameAs":["https:\/\/universnews224.com"],"url":"https:\/\/universnews224.com\/index.php\/author\/m-camara\/"}]}},"_links":{"self":[{"href":"https:\/\/universnews224.com\/index.php\/wp-json\/wp\/v2\/posts\/2646"}],"collection":[{"href":"https:\/\/universnews224.com\/index.php\/wp-json\/wp\/v2\/posts"}],"about":[{"href":"https:\/\/universnews224.com\/index.php\/wp-json\/wp\/v2\/types\/post"}],"author":[{"embeddable":true,"href":"https:\/\/universnews224.com\/index.php\/wp-json\/wp\/v2\/users\/2"}],"replies":[{"embeddable":true,"href":"https:\/\/universnews224.com\/index.php\/wp-json\/wp\/v2\/comments?post=2646"}],"version-history":[{"count":1,"href":"https:\/\/universnews224.com\/index.php\/wp-json\/wp\/v2\/posts\/2646\/revisions"}],"predecessor-version":[{"id":2648,"href":"https:\/\/universnews224.com\/index.php\/wp-json\/wp\/v2\/posts\/2646\/revisions\/2648"}],"wp:featuredmedia":[{"embeddable":true,"href":"https:\/\/universnews224.com\/index.php\/wp-json\/wp\/v2\/media\/2647"}],"wp:attachment":[{"href":"https:\/\/universnews224.com\/index.php\/wp-json\/wp\/v2\/media?parent=2646"}],"wp:term":[{"taxonomy":"category","embeddable":true,"href":"https:\/\/universnews224.com\/index.php\/wp-json\/wp\/v2\/categories?post=2646"},{"taxonomy":"post_tag","embeddable":true,"href":"https:\/\/universnews224.com\/index.php\/wp-json\/wp\/v2\/tags?post=2646"}],"curies":[{"name":"wp","href":"https:\/\/api.w.org\/{rel}","templated":true}]}}