{"id":2664,"date":"2022-12-15T14:34:31","date_gmt":"2022-12-15T13:34:31","guid":{"rendered":"https:\/\/universnews224.com\/?p=2664"},"modified":"2022-12-15T14:34:31","modified_gmt":"2022-12-15T13:34:31","slug":"guinee-le-fonds-de-solidarite-africain-fsa-lance-officiellement-ses-activites","status":"publish","type":"post","link":"https:\/\/universnews224.com\/index.php\/guinee-le-fonds-de-solidarite-africain-fsa-lance-officiellement-ses-activites\/","title":{"rendered":"Guin\u00e9e : le Fonds de Solidarit\u00e9 Africain (FSA) lance officiellement ses activit\u00e9s"},"content":{"rendered":"<p><strong>C&rsquo;est \u00e0 l\u2019occasion d\u2019une c\u00e9r\u00e9monie organis\u00e9e le mercredi 14 d\u00e9cembre dernier \u00a0par la chambre nationale d&rsquo;agriculture de Guin\u00e9e pour lancer officiellement leurs activit\u00e9s du Fonds de Solidarit\u00e9 Africain (FSA). Une signature d&rsquo;accord cadre de partenariat vissant \u00e0 am\u00e9liorer les conditions de travail des ruraux, ce, \u00e0 travers ses techniques d&rsquo;intervention, en facilitant le financement des projets agricoles et autres activit\u00e9s g\u00e9n\u00e9ratrices de revenus.<\/strong><\/p>\n<p>Pr\u00e9sent \u00e0 cette c\u00e9r\u00e9monie de lancement, le secr\u00e9taire g\u00e9n\u00e9ral de la chambre nationale d&rsquo;agriculture, Ousmane B\u00e9r\u00e9t\u00e9 a tout d&rsquo;abord remercier et f\u00e9licit\u00e9 les diff\u00e9rentes participants de la rencontre. Avant de d\u00e9velopper le r\u00f4le de son institution.<\/p>\n<p>\u00ab La chambre nationale d&rsquo;agriculture en temps que institution qui sert de l&rsquo;interface entre le monde rural et les pouvoirs publics, est tr\u00e8s fier de signer cet accord cadre dans la mesure o\u00f9 cet accompagnement va directement aux entreprises rurales qui oeuvrent pour le d\u00e9veloppement du monde rural. Puis que, nous constatons depuis des ann\u00e9es que les jeunes s&rsquo;int\u00e9ressent de plus en plus \u00e0 l&rsquo;agriculture, et cet accord cadre est une porte d&rsquo;entrer pour que tout ceci soit d\u00e9velopper \u00bb, a indiqu\u00e9 le S\/G Ousmane B\u00e9r\u00e9t\u00e9.<\/p>\n<p>Abordant le contenu de cet accord, Ousmane B\u00e9r\u00e9t\u00e9 a pr\u00e9cis\u00e9 : \u00a0\u00ab Il s&rsquo;agit de l&rsquo;accompagnement du monde rural, des financements, des garanties et toutes les initiatives qui rentrent dans le cadre de l&rsquo;\u00e9panouissement des ruraux. On rentre dans une nouvelle \u00e8re, on quitte la daba et on rentre dans la sph\u00e8re des finances. Le minist\u00e8re de tutelle a mis d\u00e9j\u00e0 en place le fonds de d\u00e9veloppement de l&rsquo;agriculture, ce fonds de solidarit\u00e9 africain vient en appui \u00e0 toutes ces initiatives. Je pense que cela aura un impact positif sur le d\u00e9veloppement agricole de notre pays \u00bb, a d\u00e9clar\u00e9.<\/p>\n<p>A rappeler que la mission de cette rencontre est de contribuer au d\u00e9veloppement \u00e9conomique et au progr\u00e8s social de ses \u00c9tats membres africains, en facilitant, \u00e0 travers ses techniques d\u2019intervention, l\u2019acc\u00e8s aux ressources financi\u00e8res n\u00e9cessaires \u00e0 la r\u00e9alisation des projets d\u2019investissement et des autres activit\u00e9s g\u00e9n\u00e9ratrices de revenus.<\/p>\n<p>Sana Sylla<\/p>\n","protected":false},"excerpt":{"rendered":"<p>C&rsquo;est \u00e0 l\u2019occasion d\u2019une c\u00e9r\u00e9monie organis\u00e9e le mercredi 14 d\u00e9cembre dernier \u00a0par la chambre nationale<\/p>\n","protected":false},"author":2,"featured_media":2665,"comment_status":"closed","ping_status":"open","sticky":false,"template":"","format":"standard","meta":[],"categories":[3,5],"tags":[229],"yoast_head":"<!-- This site is optimized with the Yoast SEO plugin v19.13 - https:\/\/yoast.com\/wordpress\/plugins\/seo\/ -->\n<title>Guin\u00e9e : le Fonds de Solidarit\u00e9 Africain (FSA) lance officiellement ses activit\u00e9s - UNIVERSNEWS224<\/title>\n<meta name=\"robots\" content=\"index, follow, max-snippet:-1, max-image-preview:large, max-video-preview:-1\" \/>\n<link rel=\"canonical\" href=\"https:\/\/universnews224.com\/index.php\/guinee-le-fonds-de-solidarite-africain-fsa-lance-officiellement-ses-activites\/\" \/>\n<meta property=\"og:locale\" content=\"fr_FR\" \/>\n<meta property=\"og:type\" content=\"article\" \/>\n<meta property=\"og:title\" content=\"Guin\u00e9e : le Fonds de Solidarit\u00e9 Africain (FSA) lance officiellement ses activit\u00e9s - UNIVERSNEWS224\" \/>\n<meta property=\"og:description\" content=\"C&rsquo;est \u00e0 l\u2019occasion d\u2019une c\u00e9r\u00e9monie organis\u00e9e le mercredi 14 d\u00e9cembre dernier \u00a0par la chambre nationale\" \/>\n<meta property=\"og:url\" content=\"https:\/\/universnews224.com\/index.php\/guinee-le-fonds-de-solidarite-africain-fsa-lance-officiellement-ses-activites\/\" \/>\n<meta property=\"og:site_name\" content=\"UNIVERSNEWS224\" \/>\n<meta property=\"article:published_time\" content=\"2022-12-15T13:34:31+00:00\" \/>\n<meta property=\"og:image\" content=\"https:\/\/universnews224.com\/wp-content\/uploads\/2022\/12\/8A608B34-2A3B-40FE-B382-698E62B34F65.jpeg\" \/>\n\t<meta property=\"og:image:width\" content=\"1080\" \/>\n\t<meta property=\"og:image:height\" content=\"810\" \/>\n\t<meta property=\"og:image:type\" content=\"image\/jpeg\" \/>\n<meta name=\"author\" content=\"La R\u00e9daction\" \/>\n<meta name=\"twitter:label1\" content=\"\u00c9crit par\" \/>\n\t<meta name=\"twitter:data1\" content=\"La R\u00e9daction\" \/>\n\t<meta name=\"twitter:label2\" content=\"Dur\u00e9e de lecture estim\u00e9e\" \/>\n\t<meta name=\"twitter:data2\" content=\"2 minutes\" \/>\n<script type=\"application\/ld+json\" class=\"yoast-schema-graph\">{\"@context\":\"https:\/\/schema.org\",\"@graph\":[{\"@type\":\"Article\",\"@id\":\"https:\/\/universnews224.com\/index.php\/guinee-le-fonds-de-solidarite-africain-fsa-lance-officiellement-ses-activites\/#article\",\"isPartOf\":{\"@id\":\"https:\/\/universnews224.com\/index.php\/guinee-le-fonds-de-solidarite-africain-fsa-lance-officiellement-ses-activites\/\"},\"author\":{\"name\":\"La R\u00e9daction\",\"@id\":\"https:\/\/universnews224.com\/#\/schema\/person\/a4b7d4f94a4716df60456a491260485e\"},\"headline\":\"Guin\u00e9e : le Fonds de Solidarit\u00e9 Africain (FSA) lance officiellement ses activit\u00e9s\",\"datePublished\":\"2022-12-15T13:34:31+00:00\",\"dateModified\":\"2022-12-15T13:34:31+00:00\",\"mainEntityOfPage\":{\"@id\":\"https:\/\/universnews224.com\/index.php\/guinee-le-fonds-de-solidarite-africain-fsa-lance-officiellement-ses-activites\/\"},\"wordCount\":387,\"publisher\":{\"@id\":\"https:\/\/universnews224.com\/#organization\"},\"keywords\":[\"La une\"],\"articleSection\":[\"ACTU\",\"SOCI\u00c9T\u00c9\"],\"inLanguage\":\"fr-FR\"},{\"@type\":\"WebPage\",\"@id\":\"https:\/\/universnews224.com\/index.php\/guinee-le-fonds-de-solidarite-africain-fsa-lance-officiellement-ses-activites\/\",\"url\":\"https:\/\/universnews224.com\/index.php\/guinee-le-fonds-de-solidarite-africain-fsa-lance-officiellement-ses-activites\/\",\"name\":\"Guin\u00e9e : le Fonds de Solidarit\u00e9 Africain (FSA) lance officiellement ses activit\u00e9s - UNIVERSNEWS224\",\"isPartOf\":{\"@id\":\"https:\/\/universnews224.com\/#website\"},\"datePublished\":\"2022-12-15T13:34:31+00:00\",\"dateModified\":\"2022-12-15T13:34:31+00:00\",\"inLanguage\":\"fr-FR\",\"potentialAction\":[{\"@type\":\"ReadAction\",\"target\":[\"https:\/\/universnews224.com\/index.php\/guinee-le-fonds-de-solidarite-africain-fsa-lance-officiellement-ses-activites\/\"]}]},{\"@type\":\"WebSite\",\"@id\":\"https:\/\/universnews224.com\/#website\",\"url\":\"https:\/\/universnews224.com\/\",\"name\":\"UNIVERSNEWS224\",\"description\":\"\",\"publisher\":{\"@id\":\"https:\/\/universnews224.com\/#organization\"},\"potentialAction\":[{\"@type\":\"SearchAction\",\"target\":{\"@type\":\"EntryPoint\",\"urlTemplate\":\"https:\/\/universnews224.com\/?s={search_term_string}\"},\"query-input\":\"required name=search_term_string\"}],\"inLanguage\":\"fr-FR\"},{\"@type\":\"Organization\",\"@id\":\"https:\/\/universnews224.com\/#organization\",\"name\":\"UNIVERSNEWS224\",\"url\":\"https:\/\/universnews224.com\/\",\"logo\":{\"@type\":\"ImageObject\",\"inLanguage\":\"fr-FR\",\"@id\":\"https:\/\/universnews224.com\/#\/schema\/logo\/image\/\",\"url\":\"https:\/\/universnews224.com\/wp-content\/uploads\/2022\/08\/cropped-cropped-logoban.jpg\",\"contentUrl\":\"https:\/\/universnews224.com\/wp-content\/uploads\/2022\/08\/cropped-cropped-logoban.jpg\",\"width\":1080,\"height\":138,\"caption\":\"UNIVERSNEWS224\"},\"image\":{\"@id\":\"https:\/\/universnews224.com\/#\/schema\/logo\/image\/\"}},{\"@type\":\"Person\",\"@id\":\"https:\/\/universnews224.com\/#\/schema\/person\/a4b7d4f94a4716df60456a491260485e\",\"name\":\"La R\u00e9daction\",\"image\":{\"@type\":\"ImageObject\",\"inLanguage\":\"fr-FR\",\"@id\":\"https:\/\/universnews224.com\/#\/schema\/person\/image\/\",\"url\":\"https:\/\/secure.gravatar.com\/avatar\/edb90acc7752b23e1b3307ad36c14f0d?s=96&d=mm&r=g\",\"contentUrl\":\"https:\/\/secure.gravatar.com\/avatar\/edb90acc7752b23e1b3307ad36c14f0d?s=96&d=mm&r=g\",\"caption\":\"La R\u00e9daction\"},\"sameAs\":[\"https:\/\/universnews224.com\"],\"url\":\"https:\/\/universnews224.com\/index.php\/author\/m-camara\/\"}]}<\/script>\n<!-- \/ Yoast SEO plugin. -->","yoast_head_json":{"title":"Guin\u00e9e : le Fonds de Solidarit\u00e9 Africain (FSA) lance officiellement ses activit\u00e9s - UNIVERSNEWS224","robots":{"index":"index","follow":"follow","max-snippet":"max-snippet:-1","max-image-preview":"max-image-preview:large","max-video-preview":"max-video-preview:-1"},"canonical":"https:\/\/universnews224.com\/index.php\/guinee-le-fonds-de-solidarite-africain-fsa-lance-officiellement-ses-activites\/","og_locale":"fr_FR","og_type":"article","og_title":"Guin\u00e9e : le Fonds de Solidarit\u00e9 Africain (FSA) lance officiellement ses activit\u00e9s - UNIVERSNEWS224","og_description":"C&rsquo;est \u00e0 l\u2019occasion d\u2019une c\u00e9r\u00e9monie organis\u00e9e le mercredi 14 d\u00e9cembre dernier \u00a0par la chambre nationale","og_url":"https:\/\/universnews224.com\/index.php\/guinee-le-fonds-de-solidarite-africain-fsa-lance-officiellement-ses-activites\/","og_site_name":"UNIVERSNEWS224","article_published_time":"2022-12-15T13:34:31+00:00","og_image":[{"width":1080,"height":810,"url":"https:\/\/universnews224.com\/wp-content\/uploads\/2022\/12\/8A608B34-2A3B-40FE-B382-698E62B34F65.jpeg","type":"image\/jpeg"}],"author":"La R\u00e9daction","twitter_misc":{"\u00c9crit par":"La R\u00e9daction","Dur\u00e9e de lecture estim\u00e9e":"2 minutes"},"schema":{"@context":"https:\/\/schema.org","@graph":[{"@type":"Article","@id":"https:\/\/universnews224.com\/index.php\/guinee-le-fonds-de-solidarite-africain-fsa-lance-officiellement-ses-activites\/#article","isPartOf":{"@id":"https:\/\/universnews224.com\/index.php\/guinee-le-fonds-de-solidarite-africain-fsa-lance-officiellement-ses-activites\/"},"author":{"name":"La R\u00e9daction","@id":"https:\/\/universnews224.com\/#\/schema\/person\/a4b7d4f94a4716df60456a491260485e"},"headline":"Guin\u00e9e : le Fonds de Solidarit\u00e9 Africain (FSA) lance officiellement ses activit\u00e9s","datePublished":"2022-12-15T13:34:31+00:00","dateModified":"2022-12-15T13:34:31+00:00","mainEntityOfPage":{"@id":"https:\/\/universnews224.com\/index.php\/guinee-le-fonds-de-solidarite-africain-fsa-lance-officiellement-ses-activites\/"},"wordCount":387,"publisher":{"@id":"https:\/\/universnews224.com\/#organization"},"keywords":["La une"],"articleSection":["ACTU","SOCI\u00c9T\u00c9"],"inLanguage":"fr-FR"},{"@type":"WebPage","@id":"https:\/\/universnews224.com\/index.php\/guinee-le-fonds-de-solidarite-africain-fsa-lance-officiellement-ses-activites\/","url":"https:\/\/universnews224.com\/index.php\/guinee-le-fonds-de-solidarite-africain-fsa-lance-officiellement-ses-activites\/","name":"Guin\u00e9e : le Fonds de Solidarit\u00e9 Africain (FSA) lance officiellement ses activit\u00e9s - UNIVERSNEWS224","isPartOf":{"@id":"https:\/\/universnews224.com\/#website"},"datePublished":"2022-12-15T13:34:31+00:00","dateModified":"2022-12-15T13:34:31+00:00","inLanguage":"fr-FR","potentialAction":[{"@type":"ReadAction","target":["https:\/\/universnews224.com\/index.php\/guinee-le-fonds-de-solidarite-africain-fsa-lance-officiellement-ses-activites\/"]}]},{"@type":"WebSite","@id":"https:\/\/universnews224.com\/#website","url":"https:\/\/universnews224.com\/","name":"UNIVERSNEWS224","description":"","publisher":{"@id":"https:\/\/universnews224.com\/#organization"},"potentialAction":[{"@type":"SearchAction","target":{"@type":"EntryPoint","urlTemplate":"https:\/\/universnews224.com\/?s={search_term_string}"},"query-input":"required name=search_term_string"}],"inLanguage":"fr-FR"},{"@type":"Organization","@id":"https:\/\/universnews224.com\/#organization","name":"UNIVERSNEWS224","url":"https:\/\/universnews224.com\/","logo":{"@type":"ImageObject","inLanguage":"fr-FR","@id":"https:\/\/universnews224.com\/#\/schema\/logo\/image\/","url":"https:\/\/universnews224.com\/wp-content\/uploads\/2022\/08\/cropped-cropped-logoban.jpg","contentUrl":"https:\/\/universnews224.com\/wp-content\/uploads\/2022\/08\/cropped-cropped-logoban.jpg","width":1080,"height":138,"caption":"UNIVERSNEWS224"},"image":{"@id":"https:\/\/universnews224.com\/#\/schema\/logo\/image\/"}},{"@type":"Person","@id":"https:\/\/universnews224.com\/#\/schema\/person\/a4b7d4f94a4716df60456a491260485e","name":"La R\u00e9daction","image":{"@type":"ImageObject","inLanguage":"fr-FR","@id":"https:\/\/universnews224.com\/#\/schema\/person\/image\/","url":"https:\/\/secure.gravatar.com\/avatar\/edb90acc7752b23e1b3307ad36c14f0d?s=96&d=mm&r=g","contentUrl":"https:\/\/secure.gravatar.com\/avatar\/edb90acc7752b23e1b3307ad36c14f0d?s=96&d=mm&r=g","caption":"La R\u00e9daction"},"sameAs":["https:\/\/universnews224.com"],"url":"https:\/\/universnews224.com\/index.php\/author\/m-camara\/"}]}},"_links":{"self":[{"href":"https:\/\/universnews224.com\/index.php\/wp-json\/wp\/v2\/posts\/2664"}],"collection":[{"href":"https:\/\/universnews224.com\/index.php\/wp-json\/wp\/v2\/posts"}],"about":[{"href":"https:\/\/universnews224.com\/index.php\/wp-json\/wp\/v2\/types\/post"}],"author":[{"embeddable":true,"href":"https:\/\/universnews224.com\/index.php\/wp-json\/wp\/v2\/users\/2"}],"replies":[{"embeddable":true,"href":"https:\/\/universnews224.com\/index.php\/wp-json\/wp\/v2\/comments?post=2664"}],"version-history":[{"count":1,"href":"https:\/\/universnews224.com\/index.php\/wp-json\/wp\/v2\/posts\/2664\/revisions"}],"predecessor-version":[{"id":2666,"href":"https:\/\/universnews224.com\/index.php\/wp-json\/wp\/v2\/posts\/2664\/revisions\/2666"}],"wp:featuredmedia":[{"embeddable":true,"href":"https:\/\/universnews224.com\/index.php\/wp-json\/wp\/v2\/media\/2665"}],"wp:attachment":[{"href":"https:\/\/universnews224.com\/index.php\/wp-json\/wp\/v2\/media?parent=2664"}],"wp:term":[{"taxonomy":"category","embeddable":true,"href":"https:\/\/universnews224.com\/index.php\/wp-json\/wp\/v2\/categories?post=2664"},{"taxonomy":"post_tag","embeddable":true,"href":"https:\/\/universnews224.com\/index.php\/wp-json\/wp\/v2\/tags?post=2664"}],"curies":[{"name":"wp","href":"https:\/\/api.w.org\/{rel}","templated":true}]}}