{"id":2671,"date":"2022-12-20T13:36:29","date_gmt":"2022-12-20T12:36:29","guid":{"rendered":"https:\/\/universnews224.com\/?p=2671"},"modified":"2022-12-20T13:36:29","modified_gmt":"2022-12-20T12:36:29","slug":"guinee-le-rapport-du-dialogue-inclusif-inter-guineen-sera-remis-au-president-de-la-transition-ce-mercredi","status":"publish","type":"post","link":"https:\/\/universnews224.com\/index.php\/guinee-le-rapport-du-dialogue-inclusif-inter-guineen-sera-remis-au-president-de-la-transition-ce-mercredi\/","title":{"rendered":"Guin\u00e9e : le rapport du dialogue inclusif inter-guin\u00e9en sera remis au pr\u00e9sident de la transition ce mercredi"},"content":{"rendered":"<p>Le Premier Ministre, Chef du Gouvernement, Dr Bernard GOUMOU, et le groupe des facilitatrices nationales du cadre du dialogue inclusif inter-guin\u00e9en ont le plaisir d\u2019annoncer au peuple de Guin\u00e9e et \u00e0 la communaut\u00e9 internationale que les travaux th\u00e9matiques du dialogue prennent fin ce mardi 20 d\u00e9cembre 2022 \u00e0 Conakry.<\/p>\n<p>Sur proposition des facilitatrices, les r\u00e9solutions des d\u00e9bats en p\u00e9pini\u00e8re seront pr\u00e9sent\u00e9es et remises le mercredi 21 d\u00e9cembre \u00e0 son Excellence Monsieur le Pr\u00e9sident du CNRD, Pr\u00e9sident de la Transition, Chef de l\u2019\u00c9tat, Chef Supr\u00eame des arm\u00e9es, le Colonel Mamadi DOUMBOUYA.<\/p>\n<p>La c\u00e9r\u00e9monie se d\u00e9roulera au Palais Mohamed V \u00e0 10H00 GMT.<\/p>\n<div class=\"jeg_ad jeg_ad_article jnews_content_inline_ads \">\n<div class=\"ads-wrapper align-center \">\n<div class=\"ads_code\"><ins class=\"adsbygoogle\" data-ad-client=\"ca-pub-1870189416508001\" data-ad-slot=\"5141807392\" data-ad-format=\"auto\" data-full-width-responsive=\"true\"><\/ins>Sont convi\u00e9es \u00e0 prendre part \u00e0 cette c\u00e9r\u00e9monie, les personnalit\u00e9s ci-apr\u00e8s :<\/p>\n<p>\u2013 Mesdames et Messieurs les membres du CNRD ;<\/p>\n<p>\u2013 Monsieur le Pr\u00e9sident du CNT ;<\/p>\n<p>\u2013 Monsieur le Pr\u00e9sident de la Cour Supr\u00eame ;<\/p>\n<p>\u2013 Monsieur le Pr\u00e9sident de la Cour des Comptes ;<\/p>\n<p>\u2013 Monsieur le Pr\u00e9sident de la Haute Autorit\u00e9 de la Communication ;<\/p>\n<p>\u2013 Monsieur le Grand Chancelier des Ordres Nationaux de Guin\u00e9e ;<\/p>\n<p>\u2013 Monsieur le ministre Secr\u00e9taire G\u00e9n\u00e9ral \u00e0 la Pr\u00e9sidence de la R\u00e9publique ;<\/p>\n<p>\u2013 Monsieur le ministre Directeur de Cabinet \u00e0 la Pr\u00e9sidence de la r\u00e9publique ;<\/p>\n<p>\u2013 Mesdames et Messieurs les membres du Gouvernements ;<\/p>\n<p>\u2013 Monsieur le m\u00e9diateur de la CEDEAO aupr\u00e8s de la Guin\u00e9e ;<\/p>\n<p>\u2013 Mesdames et Messieurs les Chefs des Missions Diplomatiques et les Repr\u00e9sentants des Organisations Internationales ;<\/p>\n<p>\u2013 Monsieur le Chef d\u2019\u00c9tat-major G\u00e9n\u00e9ral des Arm\u00e9es ;<\/p>\n<p>\u2013 Monsieur le Haut Commandant de la Gendarmerie Nationale, Directeur de la Justice Militaire;<\/p>\n<p>\u2013 Messieurs les Chefs des \u00c9tats-majors des Arm\u00e9es de Terre, Air et Mer ;<\/p>\n<p>\u2013 Messieurs les Directeurs G\u00e9n\u00e9raux de la Police, de la Douane et des Conservateurs de la Nature ;<\/p>\n<p>\u2013 Mesdames et messieurs les conseillers \u00e0 la Pr\u00e9sidence ;<\/p>\n<p>\u2013 Mesdames et messieurs les membres du cabinet du Premier ministre ;<\/p>\n<p>\u2013 Mesdames et Messieurs les Secr\u00e9taires G\u00e9n\u00e9raux, chefs de cabinet des d\u00e9partements minist\u00e9riels ;<\/p>\n<p>\u2013 Mesdames et Messieurs les repr\u00e9sentant des partis et coalitions politiques ;<\/p>\n<p>\u2013 Mesdames et messieurs les repr\u00e9sentants des organisations et coalitions de soci\u00e9t\u00e9 civile ;<\/p>\n<p>\u2013 Madame la Gouverneure de la ville de Conakry ;<\/p>\n<p>\u2013 Messieurs les maires des six (6) Communes de la ville de Conakry ;<\/p>\n<p>\u2013 Le grand Iman de la mosqu\u00e9e Fay\u00e7al de Conakry ;<\/p>\n<p>\u2013 Monseigneur l\u2019Archev\u00eaque de Conakry ;<\/p>\n<p>\u2013 Mesdames et messieurs les repr\u00e9sentants des coordinations r\u00e9gionales ;<\/p>\n<p>\u2013 Messieurs les secr\u00e9taires g\u00e9n\u00e9raux des organisations syndicales ;<\/p>\n<p>\u2013 Mesdames et messieurs les repr\u00e9sentants des associations de presse et des m\u00e9dias.<\/p>\n<p>En souhaitant la pr\u00e9sence de tous, le Premier ministre et le groupe des facilitatrices r\u00e9affirment leur volont\u00e9 de conf\u00e9rer aux r\u00e9solutions du cadre de dialogue inclusif un caract\u00e8re effectif au b\u00e9n\u00e9fice du peuple de Guin\u00e9e.<\/p>\n<p>Conakry le 19 d\u00e9cembre 2022<\/p>\n<p><strong>Le Service de communication de la Primature<\/strong><\/p>\n<\/div>\n<\/div>\n<\/div>\n","protected":false},"excerpt":{"rendered":"<p>Le Premier Ministre, Chef du Gouvernement, Dr Bernard GOUMOU, et le groupe des facilitatrices nationales<\/p>\n","protected":false},"author":2,"featured_media":2672,"comment_status":"closed","ping_status":"open","sticky":false,"template":"","format":"standard","meta":[],"categories":[3,4],"tags":[229],"yoast_head":"<!-- This site is optimized with the Yoast SEO plugin v19.13 - https:\/\/yoast.com\/wordpress\/plugins\/seo\/ -->\n<title>Guin\u00e9e : le rapport du dialogue inclusif inter-guin\u00e9en sera remis au pr\u00e9sident de la transition ce mercredi - UNIVERSNEWS224<\/title>\n<meta name=\"robots\" content=\"index, follow, max-snippet:-1, max-image-preview:large, max-video-preview:-1\" \/>\n<link rel=\"canonical\" href=\"https:\/\/universnews224.com\/index.php\/guinee-le-rapport-du-dialogue-inclusif-inter-guineen-sera-remis-au-president-de-la-transition-ce-mercredi\/\" \/>\n<meta property=\"og:locale\" content=\"fr_FR\" \/>\n<meta property=\"og:type\" content=\"article\" \/>\n<meta property=\"og:title\" content=\"Guin\u00e9e : le rapport du dialogue inclusif inter-guin\u00e9en sera remis au pr\u00e9sident de la transition ce mercredi - UNIVERSNEWS224\" \/>\n<meta property=\"og:description\" content=\"Le Premier Ministre, Chef du Gouvernement, Dr Bernard GOUMOU, et le groupe des facilitatrices nationales\" \/>\n<meta property=\"og:url\" content=\"https:\/\/universnews224.com\/index.php\/guinee-le-rapport-du-dialogue-inclusif-inter-guineen-sera-remis-au-president-de-la-transition-ce-mercredi\/\" \/>\n<meta property=\"og:site_name\" content=\"UNIVERSNEWS224\" \/>\n<meta property=\"article:published_time\" content=\"2022-12-20T12:36:29+00:00\" \/>\n<meta property=\"og:image\" content=\"https:\/\/universnews224.com\/wp-content\/uploads\/2022\/12\/ECEB428A-52DE-4970-9101-2010F0BB812B.png\" \/>\n\t<meta property=\"og:image:width\" content=\"1256\" \/>\n\t<meta property=\"og:image:height\" content=\"628\" \/>\n\t<meta property=\"og:image:type\" content=\"image\/png\" \/>\n<meta name=\"author\" content=\"La R\u00e9daction\" \/>\n<meta name=\"twitter:label1\" content=\"\u00c9crit par\" \/>\n\t<meta name=\"twitter:data1\" content=\"La R\u00e9daction\" \/>\n\t<meta name=\"twitter:label2\" content=\"Dur\u00e9e de lecture estim\u00e9e\" \/>\n\t<meta name=\"twitter:data2\" content=\"3 minutes\" \/>\n<script type=\"application\/ld+json\" class=\"yoast-schema-graph\">{\"@context\":\"https:\/\/schema.org\",\"@graph\":[{\"@type\":\"Article\",\"@id\":\"https:\/\/universnews224.com\/index.php\/guinee-le-rapport-du-dialogue-inclusif-inter-guineen-sera-remis-au-president-de-la-transition-ce-mercredi\/#article\",\"isPartOf\":{\"@id\":\"https:\/\/universnews224.com\/index.php\/guinee-le-rapport-du-dialogue-inclusif-inter-guineen-sera-remis-au-president-de-la-transition-ce-mercredi\/\"},\"author\":{\"name\":\"La R\u00e9daction\",\"@id\":\"https:\/\/universnews224.com\/#\/schema\/person\/a4b7d4f94a4716df60456a491260485e\"},\"headline\":\"Guin\u00e9e : le rapport du dialogue inclusif inter-guin\u00e9en sera remis au pr\u00e9sident de la transition ce mercredi\",\"datePublished\":\"2022-12-20T12:36:29+00:00\",\"dateModified\":\"2022-12-20T12:36:29+00:00\",\"mainEntityOfPage\":{\"@id\":\"https:\/\/universnews224.com\/index.php\/guinee-le-rapport-du-dialogue-inclusif-inter-guineen-sera-remis-au-president-de-la-transition-ce-mercredi\/\"},\"wordCount\":501,\"publisher\":{\"@id\":\"https:\/\/universnews224.com\/#organization\"},\"keywords\":[\"La une\"],\"articleSection\":[\"ACTU\",\"POLITIQUE\"],\"inLanguage\":\"fr-FR\"},{\"@type\":\"WebPage\",\"@id\":\"https:\/\/universnews224.com\/index.php\/guinee-le-rapport-du-dialogue-inclusif-inter-guineen-sera-remis-au-president-de-la-transition-ce-mercredi\/\",\"url\":\"https:\/\/universnews224.com\/index.php\/guinee-le-rapport-du-dialogue-inclusif-inter-guineen-sera-remis-au-president-de-la-transition-ce-mercredi\/\",\"name\":\"Guin\u00e9e : le rapport du dialogue inclusif inter-guin\u00e9en sera remis au pr\u00e9sident de la transition ce mercredi - UNIVERSNEWS224\",\"isPartOf\":{\"@id\":\"https:\/\/universnews224.com\/#website\"},\"datePublished\":\"2022-12-20T12:36:29+00:00\",\"dateModified\":\"2022-12-20T12:36:29+00:00\",\"inLanguage\":\"fr-FR\",\"potentialAction\":[{\"@type\":\"ReadAction\",\"target\":[\"https:\/\/universnews224.com\/index.php\/guinee-le-rapport-du-dialogue-inclusif-inter-guineen-sera-remis-au-president-de-la-transition-ce-mercredi\/\"]}]},{\"@type\":\"WebSite\",\"@id\":\"https:\/\/universnews224.com\/#website\",\"url\":\"https:\/\/universnews224.com\/\",\"name\":\"UNIVERSNEWS224\",\"description\":\"\",\"publisher\":{\"@id\":\"https:\/\/universnews224.com\/#organization\"},\"potentialAction\":[{\"@type\":\"SearchAction\",\"target\":{\"@type\":\"EntryPoint\",\"urlTemplate\":\"https:\/\/universnews224.com\/?s={search_term_string}\"},\"query-input\":\"required name=search_term_string\"}],\"inLanguage\":\"fr-FR\"},{\"@type\":\"Organization\",\"@id\":\"https:\/\/universnews224.com\/#organization\",\"name\":\"UNIVERSNEWS224\",\"url\":\"https:\/\/universnews224.com\/\",\"logo\":{\"@type\":\"ImageObject\",\"inLanguage\":\"fr-FR\",\"@id\":\"https:\/\/universnews224.com\/#\/schema\/logo\/image\/\",\"url\":\"https:\/\/universnews224.com\/wp-content\/uploads\/2022\/08\/cropped-cropped-logoban.jpg\",\"contentUrl\":\"https:\/\/universnews224.com\/wp-content\/uploads\/2022\/08\/cropped-cropped-logoban.jpg\",\"width\":1080,\"height\":138,\"caption\":\"UNIVERSNEWS224\"},\"image\":{\"@id\":\"https:\/\/universnews224.com\/#\/schema\/logo\/image\/\"}},{\"@type\":\"Person\",\"@id\":\"https:\/\/universnews224.com\/#\/schema\/person\/a4b7d4f94a4716df60456a491260485e\",\"name\":\"La R\u00e9daction\",\"image\":{\"@type\":\"ImageObject\",\"inLanguage\":\"fr-FR\",\"@id\":\"https:\/\/universnews224.com\/#\/schema\/person\/image\/\",\"url\":\"https:\/\/secure.gravatar.com\/avatar\/edb90acc7752b23e1b3307ad36c14f0d?s=96&d=mm&r=g\",\"contentUrl\":\"https:\/\/secure.gravatar.com\/avatar\/edb90acc7752b23e1b3307ad36c14f0d?s=96&d=mm&r=g\",\"caption\":\"La R\u00e9daction\"},\"sameAs\":[\"https:\/\/universnews224.com\"],\"url\":\"https:\/\/universnews224.com\/index.php\/author\/m-camara\/\"}]}<\/script>\n<!-- \/ Yoast SEO plugin. -->","yoast_head_json":{"title":"Guin\u00e9e : le rapport du dialogue inclusif inter-guin\u00e9en sera remis au pr\u00e9sident de la transition ce mercredi - UNIVERSNEWS224","robots":{"index":"index","follow":"follow","max-snippet":"max-snippet:-1","max-image-preview":"max-image-preview:large","max-video-preview":"max-video-preview:-1"},"canonical":"https:\/\/universnews224.com\/index.php\/guinee-le-rapport-du-dialogue-inclusif-inter-guineen-sera-remis-au-president-de-la-transition-ce-mercredi\/","og_locale":"fr_FR","og_type":"article","og_title":"Guin\u00e9e : le rapport du dialogue inclusif inter-guin\u00e9en sera remis au pr\u00e9sident de la transition ce mercredi - UNIVERSNEWS224","og_description":"Le Premier Ministre, Chef du Gouvernement, Dr Bernard GOUMOU, et le groupe des facilitatrices nationales","og_url":"https:\/\/universnews224.com\/index.php\/guinee-le-rapport-du-dialogue-inclusif-inter-guineen-sera-remis-au-president-de-la-transition-ce-mercredi\/","og_site_name":"UNIVERSNEWS224","article_published_time":"2022-12-20T12:36:29+00:00","og_image":[{"width":1256,"height":628,"url":"https:\/\/universnews224.com\/wp-content\/uploads\/2022\/12\/ECEB428A-52DE-4970-9101-2010F0BB812B.png","type":"image\/png"}],"author":"La R\u00e9daction","twitter_misc":{"\u00c9crit par":"La R\u00e9daction","Dur\u00e9e de lecture estim\u00e9e":"3 minutes"},"schema":{"@context":"https:\/\/schema.org","@graph":[{"@type":"Article","@id":"https:\/\/universnews224.com\/index.php\/guinee-le-rapport-du-dialogue-inclusif-inter-guineen-sera-remis-au-president-de-la-transition-ce-mercredi\/#article","isPartOf":{"@id":"https:\/\/universnews224.com\/index.php\/guinee-le-rapport-du-dialogue-inclusif-inter-guineen-sera-remis-au-president-de-la-transition-ce-mercredi\/"},"author":{"name":"La R\u00e9daction","@id":"https:\/\/universnews224.com\/#\/schema\/person\/a4b7d4f94a4716df60456a491260485e"},"headline":"Guin\u00e9e : le rapport du dialogue inclusif inter-guin\u00e9en sera remis au pr\u00e9sident de la transition ce mercredi","datePublished":"2022-12-20T12:36:29+00:00","dateModified":"2022-12-20T12:36:29+00:00","mainEntityOfPage":{"@id":"https:\/\/universnews224.com\/index.php\/guinee-le-rapport-du-dialogue-inclusif-inter-guineen-sera-remis-au-president-de-la-transition-ce-mercredi\/"},"wordCount":501,"publisher":{"@id":"https:\/\/universnews224.com\/#organization"},"keywords":["La une"],"articleSection":["ACTU","POLITIQUE"],"inLanguage":"fr-FR"},{"@type":"WebPage","@id":"https:\/\/universnews224.com\/index.php\/guinee-le-rapport-du-dialogue-inclusif-inter-guineen-sera-remis-au-president-de-la-transition-ce-mercredi\/","url":"https:\/\/universnews224.com\/index.php\/guinee-le-rapport-du-dialogue-inclusif-inter-guineen-sera-remis-au-president-de-la-transition-ce-mercredi\/","name":"Guin\u00e9e : le rapport du dialogue inclusif inter-guin\u00e9en sera remis au pr\u00e9sident de la transition ce mercredi - UNIVERSNEWS224","isPartOf":{"@id":"https:\/\/universnews224.com\/#website"},"datePublished":"2022-12-20T12:36:29+00:00","dateModified":"2022-12-20T12:36:29+00:00","inLanguage":"fr-FR","potentialAction":[{"@type":"ReadAction","target":["https:\/\/universnews224.com\/index.php\/guinee-le-rapport-du-dialogue-inclusif-inter-guineen-sera-remis-au-president-de-la-transition-ce-mercredi\/"]}]},{"@type":"WebSite","@id":"https:\/\/universnews224.com\/#website","url":"https:\/\/universnews224.com\/","name":"UNIVERSNEWS224","description":"","publisher":{"@id":"https:\/\/universnews224.com\/#organization"},"potentialAction":[{"@type":"SearchAction","target":{"@type":"EntryPoint","urlTemplate":"https:\/\/universnews224.com\/?s={search_term_string}"},"query-input":"required name=search_term_string"}],"inLanguage":"fr-FR"},{"@type":"Organization","@id":"https:\/\/universnews224.com\/#organization","name":"UNIVERSNEWS224","url":"https:\/\/universnews224.com\/","logo":{"@type":"ImageObject","inLanguage":"fr-FR","@id":"https:\/\/universnews224.com\/#\/schema\/logo\/image\/","url":"https:\/\/universnews224.com\/wp-content\/uploads\/2022\/08\/cropped-cropped-logoban.jpg","contentUrl":"https:\/\/universnews224.com\/wp-content\/uploads\/2022\/08\/cropped-cropped-logoban.jpg","width":1080,"height":138,"caption":"UNIVERSNEWS224"},"image":{"@id":"https:\/\/universnews224.com\/#\/schema\/logo\/image\/"}},{"@type":"Person","@id":"https:\/\/universnews224.com\/#\/schema\/person\/a4b7d4f94a4716df60456a491260485e","name":"La R\u00e9daction","image":{"@type":"ImageObject","inLanguage":"fr-FR","@id":"https:\/\/universnews224.com\/#\/schema\/person\/image\/","url":"https:\/\/secure.gravatar.com\/avatar\/edb90acc7752b23e1b3307ad36c14f0d?s=96&d=mm&r=g","contentUrl":"https:\/\/secure.gravatar.com\/avatar\/edb90acc7752b23e1b3307ad36c14f0d?s=96&d=mm&r=g","caption":"La R\u00e9daction"},"sameAs":["https:\/\/universnews224.com"],"url":"https:\/\/universnews224.com\/index.php\/author\/m-camara\/"}]}},"_links":{"self":[{"href":"https:\/\/universnews224.com\/index.php\/wp-json\/wp\/v2\/posts\/2671"}],"collection":[{"href":"https:\/\/universnews224.com\/index.php\/wp-json\/wp\/v2\/posts"}],"about":[{"href":"https:\/\/universnews224.com\/index.php\/wp-json\/wp\/v2\/types\/post"}],"author":[{"embeddable":true,"href":"https:\/\/universnews224.com\/index.php\/wp-json\/wp\/v2\/users\/2"}],"replies":[{"embeddable":true,"href":"https:\/\/universnews224.com\/index.php\/wp-json\/wp\/v2\/comments?post=2671"}],"version-history":[{"count":1,"href":"https:\/\/universnews224.com\/index.php\/wp-json\/wp\/v2\/posts\/2671\/revisions"}],"predecessor-version":[{"id":2673,"href":"https:\/\/universnews224.com\/index.php\/wp-json\/wp\/v2\/posts\/2671\/revisions\/2673"}],"wp:featuredmedia":[{"embeddable":true,"href":"https:\/\/universnews224.com\/index.php\/wp-json\/wp\/v2\/media\/2672"}],"wp:attachment":[{"href":"https:\/\/universnews224.com\/index.php\/wp-json\/wp\/v2\/media?parent=2671"}],"wp:term":[{"taxonomy":"category","embeddable":true,"href":"https:\/\/universnews224.com\/index.php\/wp-json\/wp\/v2\/categories?post=2671"},{"taxonomy":"post_tag","embeddable":true,"href":"https:\/\/universnews224.com\/index.php\/wp-json\/wp\/v2\/tags?post=2671"}],"curies":[{"name":"wp","href":"https:\/\/api.w.org\/{rel}","templated":true}]}}