{"id":2716,"date":"2023-01-04T00:14:09","date_gmt":"2023-01-03T23:14:09","guid":{"rendered":"https:\/\/universnews224.com\/?p=2716"},"modified":"2023-01-04T00:14:09","modified_gmt":"2023-01-03T23:14:09","slug":"retour-de-cellou-ca-dependra-de-sa-decision-personnelle-ufdg","status":"publish","type":"post","link":"https:\/\/universnews224.com\/index.php\/retour-de-cellou-ca-dependra-de-sa-decision-personnelle-ufdg\/","title":{"rendered":"Retour de Cellou : \u00ab \u00e7a d\u00e9pendra de sa d\u00e9cision personnelle \u00bb (UFDG)"},"content":{"rendered":"<p>Depuis plusieurs mois maintenant, Cellou Dalein Diallo, pr\u00e9sident de l\u2019UFDG s\u00e9journe \u00e0 l\u2019\u00e9tranger en raison, entre autres, des soucis qu\u2019il a avec la justice guin\u00e9enne, dans plusieurs affaires dont celle portant sur la vente de l\u2019avion Air-Guin\u00e9e.<\/p>\n<p>&nbsp;<\/p>\n<p>\u00c0 quand son retour ? Au sein de son parti l\u2019Union des Forces D\u00e9mocratiques de Guin\u00e9e (UFDG), les cadres restent prudent sur la question.<\/p>\n<p>&nbsp;<\/p>\n<p>Ce mardi 3 janvier, dans un entretien qu\u2019il a accord\u00e9 \u00e0 notre r\u00e9daction, Kal\u00e9modou Yansan\u00e9, un des vice-pr\u00e9sidents de l\u2019UFDG a soutenu que le retour de son pr\u00e9sident est une d\u00e9cision personnelle.<\/p>\n<p>&nbsp;<\/p>\n<p>\u00ab En ce qui concerne le retour au pays du Pr\u00e9sident Cellou \u00e7a d\u00e9pendra de sa d\u00e9cision personnelle. Vous savez tout de m\u00eame, comme moi, qu\u2019il a des probl\u00e8mes avec la justice ce n\u2019est pas cach\u00e9. On a ras\u00e9 sa maison et \u00e9rig\u00e9 \u00e0 la place, en quelques mois, une grande \u00e9cole pendant que le dossier relatif \u00e0 sa plainte contre l\u2019\u00c9tat est pendant devant les tribunaux depuis un an.\u00a0Vous savez \u00e9galement qu\u2019on tend \u00e0 lui coller un dossier vieux de 20 ans sur la privatisation d\u2019une compagnie Air-Guin\u00e9e avec un seul avion vieux de 21 ans. Je pense que sa d\u00e9cision de retour sera fonction de la confiance qu\u2019il aura ou pas, en la justice. Pour l\u2019avoir pratiqu\u00e9, je sais qu\u2019il est totalement innocent et qu\u2019il sera en mesure de le prouver \u00bb, a-t-il lanc\u00e9.<\/p>\n<p>Mosaiqueguin\u00e9e<\/p>\n","protected":false},"excerpt":{"rendered":"<p>Depuis plusieurs mois maintenant, Cellou Dalein Diallo, pr\u00e9sident de l\u2019UFDG s\u00e9journe \u00e0 l\u2019\u00e9tranger en raison,<\/p>\n","protected":false},"author":2,"featured_media":2668,"comment_status":"closed","ping_status":"open","sticky":false,"template":"","format":"standard","meta":[],"categories":[3,4],"tags":[229],"yoast_head":"<!-- This site is optimized with the Yoast SEO plugin v19.13 - https:\/\/yoast.com\/wordpress\/plugins\/seo\/ -->\n<title>Retour de Cellou : \u00ab \u00e7a d\u00e9pendra de sa d\u00e9cision personnelle \u00bb (UFDG) - UNIVERSNEWS224<\/title>\n<meta name=\"robots\" content=\"index, follow, max-snippet:-1, max-image-preview:large, max-video-preview:-1\" \/>\n<link rel=\"canonical\" href=\"https:\/\/universnews224.com\/index.php\/retour-de-cellou-ca-dependra-de-sa-decision-personnelle-ufdg\/\" \/>\n<meta property=\"og:locale\" content=\"fr_FR\" \/>\n<meta property=\"og:type\" content=\"article\" \/>\n<meta property=\"og:title\" content=\"Retour de Cellou : \u00ab \u00e7a d\u00e9pendra de sa d\u00e9cision personnelle \u00bb (UFDG) - UNIVERSNEWS224\" \/>\n<meta property=\"og:description\" content=\"Depuis plusieurs mois maintenant, Cellou Dalein Diallo, pr\u00e9sident de l\u2019UFDG s\u00e9journe \u00e0 l\u2019\u00e9tranger en raison,\" \/>\n<meta property=\"og:url\" content=\"https:\/\/universnews224.com\/index.php\/retour-de-cellou-ca-dependra-de-sa-decision-personnelle-ufdg\/\" \/>\n<meta property=\"og:site_name\" content=\"UNIVERSNEWS224\" \/>\n<meta property=\"article:published_time\" content=\"2023-01-03T23:14:09+00:00\" \/>\n<meta property=\"og:image\" content=\"https:\/\/universnews224.com\/wp-content\/uploads\/2022\/12\/3D10F67B-6BDA-4AE8-9E0E-F206D2971316.jpeg\" \/>\n\t<meta property=\"og:image:width\" content=\"1024\" \/>\n\t<meta property=\"og:image:height\" content=\"768\" \/>\n\t<meta property=\"og:image:type\" content=\"image\/jpeg\" \/>\n<meta name=\"author\" content=\"La R\u00e9daction\" \/>\n<meta name=\"twitter:label1\" content=\"\u00c9crit par\" \/>\n\t<meta name=\"twitter:data1\" content=\"La R\u00e9daction\" \/>\n\t<meta name=\"twitter:label2\" content=\"Dur\u00e9e de lecture estim\u00e9e\" \/>\n\t<meta name=\"twitter:data2\" content=\"2 minutes\" \/>\n<script type=\"application\/ld+json\" class=\"yoast-schema-graph\">{\"@context\":\"https:\/\/schema.org\",\"@graph\":[{\"@type\":\"Article\",\"@id\":\"https:\/\/universnews224.com\/index.php\/retour-de-cellou-ca-dependra-de-sa-decision-personnelle-ufdg\/#article\",\"isPartOf\":{\"@id\":\"https:\/\/universnews224.com\/index.php\/retour-de-cellou-ca-dependra-de-sa-decision-personnelle-ufdg\/\"},\"author\":{\"name\":\"La R\u00e9daction\",\"@id\":\"https:\/\/universnews224.com\/#\/schema\/person\/a4b7d4f94a4716df60456a491260485e\"},\"headline\":\"Retour de Cellou : \u00ab \u00e7a d\u00e9pendra de sa d\u00e9cision personnelle \u00bb (UFDG)\",\"datePublished\":\"2023-01-03T23:14:09+00:00\",\"dateModified\":\"2023-01-03T23:14:09+00:00\",\"mainEntityOfPage\":{\"@id\":\"https:\/\/universnews224.com\/index.php\/retour-de-cellou-ca-dependra-de-sa-decision-personnelle-ufdg\/\"},\"wordCount\":269,\"publisher\":{\"@id\":\"https:\/\/universnews224.com\/#organization\"},\"keywords\":[\"La une\"],\"articleSection\":[\"ACTU\",\"POLITIQUE\"],\"inLanguage\":\"fr-FR\"},{\"@type\":\"WebPage\",\"@id\":\"https:\/\/universnews224.com\/index.php\/retour-de-cellou-ca-dependra-de-sa-decision-personnelle-ufdg\/\",\"url\":\"https:\/\/universnews224.com\/index.php\/retour-de-cellou-ca-dependra-de-sa-decision-personnelle-ufdg\/\",\"name\":\"Retour de Cellou : \u00ab \u00e7a d\u00e9pendra de sa d\u00e9cision personnelle \u00bb (UFDG) - UNIVERSNEWS224\",\"isPartOf\":{\"@id\":\"https:\/\/universnews224.com\/#website\"},\"datePublished\":\"2023-01-03T23:14:09+00:00\",\"dateModified\":\"2023-01-03T23:14:09+00:00\",\"inLanguage\":\"fr-FR\",\"potentialAction\":[{\"@type\":\"ReadAction\",\"target\":[\"https:\/\/universnews224.com\/index.php\/retour-de-cellou-ca-dependra-de-sa-decision-personnelle-ufdg\/\"]}]},{\"@type\":\"WebSite\",\"@id\":\"https:\/\/universnews224.com\/#website\",\"url\":\"https:\/\/universnews224.com\/\",\"name\":\"UNIVERSNEWS224\",\"description\":\"\",\"publisher\":{\"@id\":\"https:\/\/universnews224.com\/#organization\"},\"potentialAction\":[{\"@type\":\"SearchAction\",\"target\":{\"@type\":\"EntryPoint\",\"urlTemplate\":\"https:\/\/universnews224.com\/?s={search_term_string}\"},\"query-input\":\"required name=search_term_string\"}],\"inLanguage\":\"fr-FR\"},{\"@type\":\"Organization\",\"@id\":\"https:\/\/universnews224.com\/#organization\",\"name\":\"UNIVERSNEWS224\",\"url\":\"https:\/\/universnews224.com\/\",\"logo\":{\"@type\":\"ImageObject\",\"inLanguage\":\"fr-FR\",\"@id\":\"https:\/\/universnews224.com\/#\/schema\/logo\/image\/\",\"url\":\"https:\/\/universnews224.com\/wp-content\/uploads\/2022\/08\/cropped-cropped-logoban.jpg\",\"contentUrl\":\"https:\/\/universnews224.com\/wp-content\/uploads\/2022\/08\/cropped-cropped-logoban.jpg\",\"width\":1080,\"height\":138,\"caption\":\"UNIVERSNEWS224\"},\"image\":{\"@id\":\"https:\/\/universnews224.com\/#\/schema\/logo\/image\/\"}},{\"@type\":\"Person\",\"@id\":\"https:\/\/universnews224.com\/#\/schema\/person\/a4b7d4f94a4716df60456a491260485e\",\"name\":\"La R\u00e9daction\",\"image\":{\"@type\":\"ImageObject\",\"inLanguage\":\"fr-FR\",\"@id\":\"https:\/\/universnews224.com\/#\/schema\/person\/image\/\",\"url\":\"https:\/\/secure.gravatar.com\/avatar\/edb90acc7752b23e1b3307ad36c14f0d?s=96&d=mm&r=g\",\"contentUrl\":\"https:\/\/secure.gravatar.com\/avatar\/edb90acc7752b23e1b3307ad36c14f0d?s=96&d=mm&r=g\",\"caption\":\"La R\u00e9daction\"},\"sameAs\":[\"https:\/\/universnews224.com\"],\"url\":\"https:\/\/universnews224.com\/index.php\/author\/m-camara\/\"}]}<\/script>\n<!-- \/ Yoast SEO plugin. -->","yoast_head_json":{"title":"Retour de Cellou : \u00ab \u00e7a d\u00e9pendra de sa d\u00e9cision personnelle \u00bb (UFDG) - UNIVERSNEWS224","robots":{"index":"index","follow":"follow","max-snippet":"max-snippet:-1","max-image-preview":"max-image-preview:large","max-video-preview":"max-video-preview:-1"},"canonical":"https:\/\/universnews224.com\/index.php\/retour-de-cellou-ca-dependra-de-sa-decision-personnelle-ufdg\/","og_locale":"fr_FR","og_type":"article","og_title":"Retour de Cellou : \u00ab \u00e7a d\u00e9pendra de sa d\u00e9cision personnelle \u00bb (UFDG) - UNIVERSNEWS224","og_description":"Depuis plusieurs mois maintenant, Cellou Dalein Diallo, pr\u00e9sident de l\u2019UFDG s\u00e9journe \u00e0 l\u2019\u00e9tranger en raison,","og_url":"https:\/\/universnews224.com\/index.php\/retour-de-cellou-ca-dependra-de-sa-decision-personnelle-ufdg\/","og_site_name":"UNIVERSNEWS224","article_published_time":"2023-01-03T23:14:09+00:00","og_image":[{"width":1024,"height":768,"url":"https:\/\/universnews224.com\/wp-content\/uploads\/2022\/12\/3D10F67B-6BDA-4AE8-9E0E-F206D2971316.jpeg","type":"image\/jpeg"}],"author":"La R\u00e9daction","twitter_misc":{"\u00c9crit par":"La R\u00e9daction","Dur\u00e9e de lecture estim\u00e9e":"2 minutes"},"schema":{"@context":"https:\/\/schema.org","@graph":[{"@type":"Article","@id":"https:\/\/universnews224.com\/index.php\/retour-de-cellou-ca-dependra-de-sa-decision-personnelle-ufdg\/#article","isPartOf":{"@id":"https:\/\/universnews224.com\/index.php\/retour-de-cellou-ca-dependra-de-sa-decision-personnelle-ufdg\/"},"author":{"name":"La R\u00e9daction","@id":"https:\/\/universnews224.com\/#\/schema\/person\/a4b7d4f94a4716df60456a491260485e"},"headline":"Retour de Cellou : \u00ab \u00e7a d\u00e9pendra de sa d\u00e9cision personnelle \u00bb (UFDG)","datePublished":"2023-01-03T23:14:09+00:00","dateModified":"2023-01-03T23:14:09+00:00","mainEntityOfPage":{"@id":"https:\/\/universnews224.com\/index.php\/retour-de-cellou-ca-dependra-de-sa-decision-personnelle-ufdg\/"},"wordCount":269,"publisher":{"@id":"https:\/\/universnews224.com\/#organization"},"keywords":["La une"],"articleSection":["ACTU","POLITIQUE"],"inLanguage":"fr-FR"},{"@type":"WebPage","@id":"https:\/\/universnews224.com\/index.php\/retour-de-cellou-ca-dependra-de-sa-decision-personnelle-ufdg\/","url":"https:\/\/universnews224.com\/index.php\/retour-de-cellou-ca-dependra-de-sa-decision-personnelle-ufdg\/","name":"Retour de Cellou : \u00ab \u00e7a d\u00e9pendra de sa d\u00e9cision personnelle \u00bb (UFDG) - UNIVERSNEWS224","isPartOf":{"@id":"https:\/\/universnews224.com\/#website"},"datePublished":"2023-01-03T23:14:09+00:00","dateModified":"2023-01-03T23:14:09+00:00","inLanguage":"fr-FR","potentialAction":[{"@type":"ReadAction","target":["https:\/\/universnews224.com\/index.php\/retour-de-cellou-ca-dependra-de-sa-decision-personnelle-ufdg\/"]}]},{"@type":"WebSite","@id":"https:\/\/universnews224.com\/#website","url":"https:\/\/universnews224.com\/","name":"UNIVERSNEWS224","description":"","publisher":{"@id":"https:\/\/universnews224.com\/#organization"},"potentialAction":[{"@type":"SearchAction","target":{"@type":"EntryPoint","urlTemplate":"https:\/\/universnews224.com\/?s={search_term_string}"},"query-input":"required name=search_term_string"}],"inLanguage":"fr-FR"},{"@type":"Organization","@id":"https:\/\/universnews224.com\/#organization","name":"UNIVERSNEWS224","url":"https:\/\/universnews224.com\/","logo":{"@type":"ImageObject","inLanguage":"fr-FR","@id":"https:\/\/universnews224.com\/#\/schema\/logo\/image\/","url":"https:\/\/universnews224.com\/wp-content\/uploads\/2022\/08\/cropped-cropped-logoban.jpg","contentUrl":"https:\/\/universnews224.com\/wp-content\/uploads\/2022\/08\/cropped-cropped-logoban.jpg","width":1080,"height":138,"caption":"UNIVERSNEWS224"},"image":{"@id":"https:\/\/universnews224.com\/#\/schema\/logo\/image\/"}},{"@type":"Person","@id":"https:\/\/universnews224.com\/#\/schema\/person\/a4b7d4f94a4716df60456a491260485e","name":"La R\u00e9daction","image":{"@type":"ImageObject","inLanguage":"fr-FR","@id":"https:\/\/universnews224.com\/#\/schema\/person\/image\/","url":"https:\/\/secure.gravatar.com\/avatar\/edb90acc7752b23e1b3307ad36c14f0d?s=96&d=mm&r=g","contentUrl":"https:\/\/secure.gravatar.com\/avatar\/edb90acc7752b23e1b3307ad36c14f0d?s=96&d=mm&r=g","caption":"La R\u00e9daction"},"sameAs":["https:\/\/universnews224.com"],"url":"https:\/\/universnews224.com\/index.php\/author\/m-camara\/"}]}},"_links":{"self":[{"href":"https:\/\/universnews224.com\/index.php\/wp-json\/wp\/v2\/posts\/2716"}],"collection":[{"href":"https:\/\/universnews224.com\/index.php\/wp-json\/wp\/v2\/posts"}],"about":[{"href":"https:\/\/universnews224.com\/index.php\/wp-json\/wp\/v2\/types\/post"}],"author":[{"embeddable":true,"href":"https:\/\/universnews224.com\/index.php\/wp-json\/wp\/v2\/users\/2"}],"replies":[{"embeddable":true,"href":"https:\/\/universnews224.com\/index.php\/wp-json\/wp\/v2\/comments?post=2716"}],"version-history":[{"count":1,"href":"https:\/\/universnews224.com\/index.php\/wp-json\/wp\/v2\/posts\/2716\/revisions"}],"predecessor-version":[{"id":2717,"href":"https:\/\/universnews224.com\/index.php\/wp-json\/wp\/v2\/posts\/2716\/revisions\/2717"}],"wp:featuredmedia":[{"embeddable":true,"href":"https:\/\/universnews224.com\/index.php\/wp-json\/wp\/v2\/media\/2668"}],"wp:attachment":[{"href":"https:\/\/universnews224.com\/index.php\/wp-json\/wp\/v2\/media?parent=2716"}],"wp:term":[{"taxonomy":"category","embeddable":true,"href":"https:\/\/universnews224.com\/index.php\/wp-json\/wp\/v2\/categories?post=2716"},{"taxonomy":"post_tag","embeddable":true,"href":"https:\/\/universnews224.com\/index.php\/wp-json\/wp\/v2\/tags?post=2716"}],"curies":[{"name":"wp","href":"https:\/\/api.w.org\/{rel}","templated":true}]}}