{"id":2734,"date":"2023-01-06T22:18:49","date_gmt":"2023-01-06T21:18:49","guid":{"rendered":"https:\/\/universnews224.com\/?p=2734"},"modified":"2023-01-06T22:18:49","modified_gmt":"2023-01-06T21:18:49","slug":"mali-le-colonel-assimi-goita-accorde-la-grace-aux-49-soldats-ivoiriens","status":"publish","type":"post","link":"https:\/\/universnews224.com\/index.php\/mali-le-colonel-assimi-goita-accorde-la-grace-aux-49-soldats-ivoiriens\/","title":{"rendered":"Mali : Le Colonel Assimi Go\u00efta accorde la gr\u00e2ce aux 49 soldats ivoiriens"},"content":{"rendered":"<p>Le ministre d\u2019\u00c9tat ministre de l\u2019Administration Territoriale et de la D\u00e9centralisation, Porte-parole du Gouvernement Malien a dans communiqu\u00e9 lu ce vendredi soir \u00e0 l\u2019ORTM, annonc\u00e9 que le pr\u00e9sident de la transition le Colonel Assimi Go\u00efta a graci\u00e9 les\u00a049 soldats ivoiriens arr\u00eat\u00e9s et jug\u00e9s au Mali.<\/p>\n<p>Communiqu\u00e9<\/p>\n<p>Par D\u00e9cret n\u00b0 <a href=\"tel:2023-0002\">2023-0002<\/a>\/PT-RM du06 janvier 2023, SE le Colonel Assimi GO\u00cfTA, Pr\u00e9sident de la Transition, Chef de l\u2019Etat a accord\u00e9 sa gr\u00e2ce avec remise totale de peines aux 49 ivoiriens condamn\u00e9s par la justice malienne\u00a0pour les infractions suivantes :crimes d\u2019attentat et de complot contre le\u00a0Gouvernement;atteinte \u00e0 la s\u00fbret\u00e9 ext\u00e9rieure de l\u2019Etat;d\u00e9tention, port et transport d\u2019armes et de munitions de guerre ou de d\u00e9fense<\/p>\n<div class=\"jeg_ad jeg_ad_article jnews_content_inline_3_ads  \">\n<div class=\"ads-wrapper align-center \"><\/div>\n<\/div>\n<p>intentionnellement en relation avec une entreprise individuelle et collective<\/p>\n<p>ayant pour but de troubler l\u2019ordre public par l\u2019intimidation ou la terreur.<\/p>\n<p>En cette circonstance, le Gouvernement de la Transition et le Peuple malien<\/p>\n<p>remercient SE le Colonel Assimi GO\u00cfTA,pour ce geste qui d\u00e9montre une fois\u00a0de plus son attachement \u00e0 la paix, au dialogue, au panafricanisme, \u00e0 la pr\u00e9servation des relations fraternelles et s\u00e9culaires avec les pays de la r\u00e9gion, en particulier celles entre le Mali et la C\u00f4te d\u2019Ivoire. En outre, cette mesure de gr\u00e2ce prise en toute ind\u00e9pendance, symbolise le souci de SE le Colonel Assimi GO\u00cfTA, Pr\u00e9sident de la Transition, Chef de l\u2019Etat \u00e0 promouvoir la bonne gouvernance, dans le cadre de la Refondation du Mali, \u00e0 travers le respect de l\u2019ind\u00e9pendance de la Justice et la noning\u00e9rence de l\u2019Ex\u00e9cutif dans les affaires judiciaires.<\/p>\n<p>La mesure de gr\u00e2ce prise par le Pr\u00e9sident de la Transition, vient ainsi conforter la dynamique cr\u00e9\u00e9e suite \u00e0 la signature \u00e0 Bamako, le 22 D\u00e9cembre 2022, du M\u00e9morandum d\u2019entente relatif \u00e0 la promotion de la paix et au renforcement des relations d\u2019amiti\u00e9, de fraternit\u00e9 et de bon voisinage entre la R\u00e9publique du Mali et la R\u00e9publique de C\u00f4te d\u2019Ivoire.<\/p>\n<p>A cet \u00e9gard, le Gouvernement de la Transition renouvelle sa profonde reconnaissance au Pr\u00e9sident de la R\u00e9publique Togolaise SEM. Faure Essozimna GNASSINGBE, pour ses efforts inlassables et son engagement constant pour le dialogue et la paix dans la r\u00e9gion.<\/p>\n<p>Dans la gestion de cette affaire, qui \u00e9tait bilat\u00e9rale depuis sa survenue jusqu\u2019\u00e0 son d\u00e9nouement, le Gouvernement de la Transition a \u00e9t\u00e9 indign\u00e9 par l\u2019attitude partiale de certains responsables contre notre pays.<\/p>\n<p>Le cas le plus r\u00e9cent est la position agressive du Pr\u00e9sident en exercice de la CEDEAO, SE M. UmaroSissoco Embalo, qui apr\u00e8s avoir \u00e9chou\u00e9 lamentablement \u00e0 porter atteinte \u00e0 l\u2019honneur du Mali devant les instances internationales, vient d\u2019opposer un ultimatum au Gouvernement de la Transition concernant la lib\u00e9ration des ivoiriens.<\/p>\n<p>Le Gouvernement de la Transition voudrait faire remarquer \u00e0 SEM. Embalo, que depuis, le 14 janvier 2022, le Mali ne figure plus sur la liste des pays intimidables et a d\u00e9finitivement retrouv\u00e9 sa souverainet\u00e9.<\/p>\n<p>En effet, \u00e0 cette date m\u00e9morable, le Peuple malien s\u2019est mobilis\u00e9 massivement pour d\u00e9noncer les sanctions ill\u00e9gales, ill\u00e9gitimes et inhumaines\u00a0de la CEDEAO et de l\u2019UEMOA contre le Mali. Depuis plus de 10 ans, faisant face seul au terrorisme, sans ces organisations r\u00e9gionales, le Mali a surv\u00e9cu \u00e0 ces sanctions et le sentiment patriotique du Peuple malien s\u2019est\u00a0\u00a0\u00a0\u00a0\u00a0\u00a0\u00a0\u00a0substantiellement renforc\u00e9.<\/p>\n<p>Aussi, dans l\u2019int\u00e9r\u00eat des Peuples Ouest africains, notamment leur s\u00e9curit\u00e9 et leur bien-\u00eatre, le Gouvernement de la Transition invite respectueusement SE<\/p>\n<p>M. Embalo, \u00e0 donner des ultimatums aux groupes terroristes qui constituent la plus grande menace en Afrique de l\u2019Ouest, ainsi qu\u2019\u00e0 canaliser ses efforts dans l\u2019\u00e9radication de la pauvret\u00e9dans la r\u00e9gion. C\u2019est en celaqu\u2019ilfera \u0153uvre utile et rendra service aux Peuples de la CEDEAO, les seuls que nous devons tous servir.<\/p>\n<p>Que Dieu b\u00e9nisse le Mali et pr\u00e9serve les Maliens!<\/p>\n<p>Bamako, le 06 janvier 2023<\/p>\n<p>Le Ministre d\u2019Etat, Ministre de l\u2019Administration territoriale et de la D\u00e9centralisation,<\/p>\n<p>Porte-parole du Gouvernement,<\/p>\n<p>Colonel Abdoulaye MAIGA<\/p>\n<p>Chevalier de l\u2019Ordre National<\/p>\n","protected":false},"excerpt":{"rendered":"<p>Le ministre d\u2019\u00c9tat ministre de l\u2019Administration Territoriale et de la D\u00e9centralisation, Porte-parole du Gouvernement Malien<\/p>\n","protected":false},"author":2,"featured_media":2735,"comment_status":"closed","ping_status":"open","sticky":false,"template":"","format":"standard","meta":[],"categories":[3],"tags":[229],"yoast_head":"<!-- This site is optimized with the Yoast SEO plugin v19.13 - https:\/\/yoast.com\/wordpress\/plugins\/seo\/ -->\n<title>Mali : Le Colonel Assimi Go\u00efta accorde la gr\u00e2ce aux 49 soldats ivoiriens - UNIVERSNEWS224<\/title>\n<meta name=\"robots\" content=\"index, follow, max-snippet:-1, max-image-preview:large, max-video-preview:-1\" \/>\n<link rel=\"canonical\" href=\"https:\/\/universnews224.com\/index.php\/mali-le-colonel-assimi-goita-accorde-la-grace-aux-49-soldats-ivoiriens\/\" \/>\n<meta property=\"og:locale\" content=\"fr_FR\" \/>\n<meta property=\"og:type\" content=\"article\" \/>\n<meta property=\"og:title\" content=\"Mali : Le Colonel Assimi Go\u00efta accorde la gr\u00e2ce aux 49 soldats ivoiriens - UNIVERSNEWS224\" \/>\n<meta property=\"og:description\" content=\"Le ministre d\u2019\u00c9tat ministre de l\u2019Administration Territoriale et de la D\u00e9centralisation, Porte-parole du Gouvernement Malien\" \/>\n<meta property=\"og:url\" content=\"https:\/\/universnews224.com\/index.php\/mali-le-colonel-assimi-goita-accorde-la-grace-aux-49-soldats-ivoiriens\/\" \/>\n<meta property=\"og:site_name\" content=\"UNIVERSNEWS224\" \/>\n<meta property=\"article:published_time\" content=\"2023-01-06T21:18:49+00:00\" \/>\n<meta property=\"og:image\" content=\"https:\/\/universnews224.com\/wp-content\/uploads\/2023\/01\/988E8299-B31E-48D8-B399-1926282EF7AD.jpeg\" \/>\n\t<meta property=\"og:image:width\" content=\"720\" \/>\n\t<meta property=\"og:image:height\" content=\"480\" \/>\n\t<meta property=\"og:image:type\" content=\"image\/jpeg\" \/>\n<meta name=\"author\" content=\"La R\u00e9daction\" \/>\n<meta name=\"twitter:label1\" content=\"\u00c9crit par\" \/>\n\t<meta name=\"twitter:data1\" content=\"La R\u00e9daction\" \/>\n\t<meta name=\"twitter:label2\" content=\"Dur\u00e9e de lecture estim\u00e9e\" \/>\n\t<meta name=\"twitter:data2\" content=\"4 minutes\" \/>\n<script type=\"application\/ld+json\" class=\"yoast-schema-graph\">{\"@context\":\"https:\/\/schema.org\",\"@graph\":[{\"@type\":\"Article\",\"@id\":\"https:\/\/universnews224.com\/index.php\/mali-le-colonel-assimi-goita-accorde-la-grace-aux-49-soldats-ivoiriens\/#article\",\"isPartOf\":{\"@id\":\"https:\/\/universnews224.com\/index.php\/mali-le-colonel-assimi-goita-accorde-la-grace-aux-49-soldats-ivoiriens\/\"},\"author\":{\"name\":\"La R\u00e9daction\",\"@id\":\"https:\/\/universnews224.com\/#\/schema\/person\/a4b7d4f94a4716df60456a491260485e\"},\"headline\":\"Mali : Le Colonel Assimi Go\u00efta accorde la gr\u00e2ce aux 49 soldats ivoiriens\",\"datePublished\":\"2023-01-06T21:18:49+00:00\",\"dateModified\":\"2023-01-06T21:18:49+00:00\",\"mainEntityOfPage\":{\"@id\":\"https:\/\/universnews224.com\/index.php\/mali-le-colonel-assimi-goita-accorde-la-grace-aux-49-soldats-ivoiriens\/\"},\"wordCount\":715,\"publisher\":{\"@id\":\"https:\/\/universnews224.com\/#organization\"},\"keywords\":[\"La une\"],\"articleSection\":[\"ACTU\"],\"inLanguage\":\"fr-FR\"},{\"@type\":\"WebPage\",\"@id\":\"https:\/\/universnews224.com\/index.php\/mali-le-colonel-assimi-goita-accorde-la-grace-aux-49-soldats-ivoiriens\/\",\"url\":\"https:\/\/universnews224.com\/index.php\/mali-le-colonel-assimi-goita-accorde-la-grace-aux-49-soldats-ivoiriens\/\",\"name\":\"Mali : Le Colonel Assimi Go\u00efta accorde la gr\u00e2ce aux 49 soldats ivoiriens - UNIVERSNEWS224\",\"isPartOf\":{\"@id\":\"https:\/\/universnews224.com\/#website\"},\"datePublished\":\"2023-01-06T21:18:49+00:00\",\"dateModified\":\"2023-01-06T21:18:49+00:00\",\"inLanguage\":\"fr-FR\",\"potentialAction\":[{\"@type\":\"ReadAction\",\"target\":[\"https:\/\/universnews224.com\/index.php\/mali-le-colonel-assimi-goita-accorde-la-grace-aux-49-soldats-ivoiriens\/\"]}]},{\"@type\":\"WebSite\",\"@id\":\"https:\/\/universnews224.com\/#website\",\"url\":\"https:\/\/universnews224.com\/\",\"name\":\"UNIVERSNEWS224\",\"description\":\"\",\"publisher\":{\"@id\":\"https:\/\/universnews224.com\/#organization\"},\"potentialAction\":[{\"@type\":\"SearchAction\",\"target\":{\"@type\":\"EntryPoint\",\"urlTemplate\":\"https:\/\/universnews224.com\/?s={search_term_string}\"},\"query-input\":\"required name=search_term_string\"}],\"inLanguage\":\"fr-FR\"},{\"@type\":\"Organization\",\"@id\":\"https:\/\/universnews224.com\/#organization\",\"name\":\"UNIVERSNEWS224\",\"url\":\"https:\/\/universnews224.com\/\",\"logo\":{\"@type\":\"ImageObject\",\"inLanguage\":\"fr-FR\",\"@id\":\"https:\/\/universnews224.com\/#\/schema\/logo\/image\/\",\"url\":\"https:\/\/universnews224.com\/wp-content\/uploads\/2022\/08\/cropped-cropped-logoban.jpg\",\"contentUrl\":\"https:\/\/universnews224.com\/wp-content\/uploads\/2022\/08\/cropped-cropped-logoban.jpg\",\"width\":1080,\"height\":138,\"caption\":\"UNIVERSNEWS224\"},\"image\":{\"@id\":\"https:\/\/universnews224.com\/#\/schema\/logo\/image\/\"}},{\"@type\":\"Person\",\"@id\":\"https:\/\/universnews224.com\/#\/schema\/person\/a4b7d4f94a4716df60456a491260485e\",\"name\":\"La R\u00e9daction\",\"image\":{\"@type\":\"ImageObject\",\"inLanguage\":\"fr-FR\",\"@id\":\"https:\/\/universnews224.com\/#\/schema\/person\/image\/\",\"url\":\"https:\/\/secure.gravatar.com\/avatar\/edb90acc7752b23e1b3307ad36c14f0d?s=96&d=mm&r=g\",\"contentUrl\":\"https:\/\/secure.gravatar.com\/avatar\/edb90acc7752b23e1b3307ad36c14f0d?s=96&d=mm&r=g\",\"caption\":\"La R\u00e9daction\"},\"sameAs\":[\"https:\/\/universnews224.com\"],\"url\":\"https:\/\/universnews224.com\/index.php\/author\/m-camara\/\"}]}<\/script>\n<!-- \/ Yoast SEO plugin. -->","yoast_head_json":{"title":"Mali : Le Colonel Assimi Go\u00efta accorde la gr\u00e2ce aux 49 soldats ivoiriens - UNIVERSNEWS224","robots":{"index":"index","follow":"follow","max-snippet":"max-snippet:-1","max-image-preview":"max-image-preview:large","max-video-preview":"max-video-preview:-1"},"canonical":"https:\/\/universnews224.com\/index.php\/mali-le-colonel-assimi-goita-accorde-la-grace-aux-49-soldats-ivoiriens\/","og_locale":"fr_FR","og_type":"article","og_title":"Mali : Le Colonel Assimi Go\u00efta accorde la gr\u00e2ce aux 49 soldats ivoiriens - UNIVERSNEWS224","og_description":"Le ministre d\u2019\u00c9tat ministre de l\u2019Administration Territoriale et de la D\u00e9centralisation, Porte-parole du Gouvernement Malien","og_url":"https:\/\/universnews224.com\/index.php\/mali-le-colonel-assimi-goita-accorde-la-grace-aux-49-soldats-ivoiriens\/","og_site_name":"UNIVERSNEWS224","article_published_time":"2023-01-06T21:18:49+00:00","og_image":[{"width":720,"height":480,"url":"https:\/\/universnews224.com\/wp-content\/uploads\/2023\/01\/988E8299-B31E-48D8-B399-1926282EF7AD.jpeg","type":"image\/jpeg"}],"author":"La R\u00e9daction","twitter_misc":{"\u00c9crit par":"La R\u00e9daction","Dur\u00e9e de lecture estim\u00e9e":"4 minutes"},"schema":{"@context":"https:\/\/schema.org","@graph":[{"@type":"Article","@id":"https:\/\/universnews224.com\/index.php\/mali-le-colonel-assimi-goita-accorde-la-grace-aux-49-soldats-ivoiriens\/#article","isPartOf":{"@id":"https:\/\/universnews224.com\/index.php\/mali-le-colonel-assimi-goita-accorde-la-grace-aux-49-soldats-ivoiriens\/"},"author":{"name":"La R\u00e9daction","@id":"https:\/\/universnews224.com\/#\/schema\/person\/a4b7d4f94a4716df60456a491260485e"},"headline":"Mali : Le Colonel Assimi Go\u00efta accorde la gr\u00e2ce aux 49 soldats ivoiriens","datePublished":"2023-01-06T21:18:49+00:00","dateModified":"2023-01-06T21:18:49+00:00","mainEntityOfPage":{"@id":"https:\/\/universnews224.com\/index.php\/mali-le-colonel-assimi-goita-accorde-la-grace-aux-49-soldats-ivoiriens\/"},"wordCount":715,"publisher":{"@id":"https:\/\/universnews224.com\/#organization"},"keywords":["La une"],"articleSection":["ACTU"],"inLanguage":"fr-FR"},{"@type":"WebPage","@id":"https:\/\/universnews224.com\/index.php\/mali-le-colonel-assimi-goita-accorde-la-grace-aux-49-soldats-ivoiriens\/","url":"https:\/\/universnews224.com\/index.php\/mali-le-colonel-assimi-goita-accorde-la-grace-aux-49-soldats-ivoiriens\/","name":"Mali : Le Colonel Assimi Go\u00efta accorde la gr\u00e2ce aux 49 soldats ivoiriens - UNIVERSNEWS224","isPartOf":{"@id":"https:\/\/universnews224.com\/#website"},"datePublished":"2023-01-06T21:18:49+00:00","dateModified":"2023-01-06T21:18:49+00:00","inLanguage":"fr-FR","potentialAction":[{"@type":"ReadAction","target":["https:\/\/universnews224.com\/index.php\/mali-le-colonel-assimi-goita-accorde-la-grace-aux-49-soldats-ivoiriens\/"]}]},{"@type":"WebSite","@id":"https:\/\/universnews224.com\/#website","url":"https:\/\/universnews224.com\/","name":"UNIVERSNEWS224","description":"","publisher":{"@id":"https:\/\/universnews224.com\/#organization"},"potentialAction":[{"@type":"SearchAction","target":{"@type":"EntryPoint","urlTemplate":"https:\/\/universnews224.com\/?s={search_term_string}"},"query-input":"required name=search_term_string"}],"inLanguage":"fr-FR"},{"@type":"Organization","@id":"https:\/\/universnews224.com\/#organization","name":"UNIVERSNEWS224","url":"https:\/\/universnews224.com\/","logo":{"@type":"ImageObject","inLanguage":"fr-FR","@id":"https:\/\/universnews224.com\/#\/schema\/logo\/image\/","url":"https:\/\/universnews224.com\/wp-content\/uploads\/2022\/08\/cropped-cropped-logoban.jpg","contentUrl":"https:\/\/universnews224.com\/wp-content\/uploads\/2022\/08\/cropped-cropped-logoban.jpg","width":1080,"height":138,"caption":"UNIVERSNEWS224"},"image":{"@id":"https:\/\/universnews224.com\/#\/schema\/logo\/image\/"}},{"@type":"Person","@id":"https:\/\/universnews224.com\/#\/schema\/person\/a4b7d4f94a4716df60456a491260485e","name":"La R\u00e9daction","image":{"@type":"ImageObject","inLanguage":"fr-FR","@id":"https:\/\/universnews224.com\/#\/schema\/person\/image\/","url":"https:\/\/secure.gravatar.com\/avatar\/edb90acc7752b23e1b3307ad36c14f0d?s=96&d=mm&r=g","contentUrl":"https:\/\/secure.gravatar.com\/avatar\/edb90acc7752b23e1b3307ad36c14f0d?s=96&d=mm&r=g","caption":"La R\u00e9daction"},"sameAs":["https:\/\/universnews224.com"],"url":"https:\/\/universnews224.com\/index.php\/author\/m-camara\/"}]}},"_links":{"self":[{"href":"https:\/\/universnews224.com\/index.php\/wp-json\/wp\/v2\/posts\/2734"}],"collection":[{"href":"https:\/\/universnews224.com\/index.php\/wp-json\/wp\/v2\/posts"}],"about":[{"href":"https:\/\/universnews224.com\/index.php\/wp-json\/wp\/v2\/types\/post"}],"author":[{"embeddable":true,"href":"https:\/\/universnews224.com\/index.php\/wp-json\/wp\/v2\/users\/2"}],"replies":[{"embeddable":true,"href":"https:\/\/universnews224.com\/index.php\/wp-json\/wp\/v2\/comments?post=2734"}],"version-history":[{"count":1,"href":"https:\/\/universnews224.com\/index.php\/wp-json\/wp\/v2\/posts\/2734\/revisions"}],"predecessor-version":[{"id":2736,"href":"https:\/\/universnews224.com\/index.php\/wp-json\/wp\/v2\/posts\/2734\/revisions\/2736"}],"wp:featuredmedia":[{"embeddable":true,"href":"https:\/\/universnews224.com\/index.php\/wp-json\/wp\/v2\/media\/2735"}],"wp:attachment":[{"href":"https:\/\/universnews224.com\/index.php\/wp-json\/wp\/v2\/media?parent=2734"}],"wp:term":[{"taxonomy":"category","embeddable":true,"href":"https:\/\/universnews224.com\/index.php\/wp-json\/wp\/v2\/categories?post=2734"},{"taxonomy":"post_tag","embeddable":true,"href":"https:\/\/universnews224.com\/index.php\/wp-json\/wp\/v2\/tags?post=2734"}],"curies":[{"name":"wp","href":"https:\/\/api.w.org\/{rel}","templated":true}]}}