{"id":2737,"date":"2023-01-06T22:27:56","date_gmt":"2023-01-06T21:27:56","guid":{"rendered":"https:\/\/universnews224.com\/?p=2737"},"modified":"2023-01-06T22:27:56","modified_gmt":"2023-01-06T21:27:56","slug":"sekou-koundouno-sur-le-discours-du-colonel-mamadi-doumbouya-cest-un-discours-de-non-sens-teinte-de-mepris-et-darrogance","status":"publish","type":"post","link":"https:\/\/universnews224.com\/index.php\/sekou-koundouno-sur-le-discours-du-colonel-mamadi-doumbouya-cest-un-discours-de-non-sens-teinte-de-mepris-et-darrogance\/","title":{"rendered":"Sekou Koundouno sur le discours du Colonel Mamadi Doumbouya: \u00abC\u2019est un discours de non sens, teint\u00e9 de m\u00e9pris et d\u2019arrogance\u00bb"},"content":{"rendered":"<p>Le Responsable en Charge des Strat\u00e9gies et Planification du Front National pour la D\u00e9fense la la Constitution, Sekou Koundouno s\u2019est prononc\u00e9 sur le discours \u00e0 l\u2019occasion du nouvel an du pr\u00e9sident de la transition, Colonel Mamadi Doumbouya o\u00f9 il a fait beaucoup d\u2019annonces.<\/p>\n<p>R\u00e9gissant sur cette adresse \u00e0 la nation du colosse du palais Mohamed V chez nos confr\u00e8res de la radio Fim, Sekou Koundouno a indiqu\u00e9 que c\u2019est un discours de non sens, teint\u00e9 de m\u00e9pris et d\u2019arrogance.<\/p>\n<p>\u00ab\u00c0 ce qui concerne le discours du nouvel an du l\u00e9gionnaire Mamadi Doumbouya, c\u2019est \u00a0un discours de non sens. Il suffit de lire entre les lignes pour savoir que c\u2019est un discours teint\u00e9 d\u2019insolence, de m\u00e9pris et d\u2019arrogance, de surestimation\u00bb, a t-il martel\u00e9.<\/p>\n<p>Camara Mamadouba<br \/>\n611 46 04 10<\/p>\n","protected":false},"excerpt":{"rendered":"<p>Le Responsable en Charge des Strat\u00e9gies et Planification du Front National pour la D\u00e9fense la<\/p>\n","protected":false},"author":2,"featured_media":2505,"comment_status":"closed","ping_status":"open","sticky":false,"template":"","format":"standard","meta":[],"categories":[3,4],"tags":[229],"yoast_head":"<!-- This site is optimized with the Yoast SEO plugin v19.13 - https:\/\/yoast.com\/wordpress\/plugins\/seo\/ -->\n<title>Sekou Koundouno sur le discours du Colonel Mamadi Doumbouya: \u00abC\u2019est un discours de non sens, teint\u00e9 de m\u00e9pris et d\u2019arrogance\u00bb - UNIVERSNEWS224<\/title>\n<meta name=\"robots\" content=\"index, follow, max-snippet:-1, max-image-preview:large, max-video-preview:-1\" \/>\n<link rel=\"canonical\" href=\"https:\/\/universnews224.com\/index.php\/sekou-koundouno-sur-le-discours-du-colonel-mamadi-doumbouya-cest-un-discours-de-non-sens-teinte-de-mepris-et-darrogance\/\" \/>\n<meta property=\"og:locale\" content=\"fr_FR\" \/>\n<meta property=\"og:type\" content=\"article\" \/>\n<meta property=\"og:title\" content=\"Sekou Koundouno sur le discours du Colonel Mamadi Doumbouya: \u00abC\u2019est un discours de non sens, teint\u00e9 de m\u00e9pris et d\u2019arrogance\u00bb - UNIVERSNEWS224\" \/>\n<meta property=\"og:description\" content=\"Le Responsable en Charge des Strat\u00e9gies et Planification du Front National pour la D\u00e9fense la\" \/>\n<meta property=\"og:url\" content=\"https:\/\/universnews224.com\/index.php\/sekou-koundouno-sur-le-discours-du-colonel-mamadi-doumbouya-cest-un-discours-de-non-sens-teinte-de-mepris-et-darrogance\/\" \/>\n<meta property=\"og:site_name\" content=\"UNIVERSNEWS224\" \/>\n<meta property=\"article:published_time\" content=\"2023-01-06T21:27:56+00:00\" \/>\n<meta property=\"og:image\" content=\"https:\/\/universnews224.com\/wp-content\/uploads\/2022\/11\/4F91EACE-5965-407F-98D6-20423A8F572D.jpeg\" \/>\n\t<meta property=\"og:image:width\" content=\"960\" \/>\n\t<meta property=\"og:image:height\" content=\"640\" \/>\n\t<meta property=\"og:image:type\" content=\"image\/jpeg\" \/>\n<meta name=\"author\" content=\"La R\u00e9daction\" \/>\n<meta name=\"twitter:label1\" content=\"\u00c9crit par\" \/>\n\t<meta name=\"twitter:data1\" content=\"La R\u00e9daction\" \/>\n\t<meta name=\"twitter:label2\" content=\"Dur\u00e9e de lecture estim\u00e9e\" \/>\n\t<meta name=\"twitter:data2\" content=\"1 minute\" \/>\n<script type=\"application\/ld+json\" class=\"yoast-schema-graph\">{\"@context\":\"https:\/\/schema.org\",\"@graph\":[{\"@type\":\"Article\",\"@id\":\"https:\/\/universnews224.com\/index.php\/sekou-koundouno-sur-le-discours-du-colonel-mamadi-doumbouya-cest-un-discours-de-non-sens-teinte-de-mepris-et-darrogance\/#article\",\"isPartOf\":{\"@id\":\"https:\/\/universnews224.com\/index.php\/sekou-koundouno-sur-le-discours-du-colonel-mamadi-doumbouya-cest-un-discours-de-non-sens-teinte-de-mepris-et-darrogance\/\"},\"author\":{\"name\":\"La R\u00e9daction\",\"@id\":\"https:\/\/universnews224.com\/#\/schema\/person\/a4b7d4f94a4716df60456a491260485e\"},\"headline\":\"Sekou Koundouno sur le discours du Colonel Mamadi Doumbouya: \u00abC\u2019est un discours de non sens, teint\u00e9 de m\u00e9pris et d\u2019arrogance\u00bb\",\"datePublished\":\"2023-01-06T21:27:56+00:00\",\"dateModified\":\"2023-01-06T21:27:56+00:00\",\"mainEntityOfPage\":{\"@id\":\"https:\/\/universnews224.com\/index.php\/sekou-koundouno-sur-le-discours-du-colonel-mamadi-doumbouya-cest-un-discours-de-non-sens-teinte-de-mepris-et-darrogance\/\"},\"wordCount\":161,\"publisher\":{\"@id\":\"https:\/\/universnews224.com\/#organization\"},\"keywords\":[\"La une\"],\"articleSection\":[\"ACTU\",\"POLITIQUE\"],\"inLanguage\":\"fr-FR\"},{\"@type\":\"WebPage\",\"@id\":\"https:\/\/universnews224.com\/index.php\/sekou-koundouno-sur-le-discours-du-colonel-mamadi-doumbouya-cest-un-discours-de-non-sens-teinte-de-mepris-et-darrogance\/\",\"url\":\"https:\/\/universnews224.com\/index.php\/sekou-koundouno-sur-le-discours-du-colonel-mamadi-doumbouya-cest-un-discours-de-non-sens-teinte-de-mepris-et-darrogance\/\",\"name\":\"Sekou Koundouno sur le discours du Colonel Mamadi Doumbouya: \u00abC\u2019est un discours de non sens, teint\u00e9 de m\u00e9pris et d\u2019arrogance\u00bb - UNIVERSNEWS224\",\"isPartOf\":{\"@id\":\"https:\/\/universnews224.com\/#website\"},\"datePublished\":\"2023-01-06T21:27:56+00:00\",\"dateModified\":\"2023-01-06T21:27:56+00:00\",\"inLanguage\":\"fr-FR\",\"potentialAction\":[{\"@type\":\"ReadAction\",\"target\":[\"https:\/\/universnews224.com\/index.php\/sekou-koundouno-sur-le-discours-du-colonel-mamadi-doumbouya-cest-un-discours-de-non-sens-teinte-de-mepris-et-darrogance\/\"]}]},{\"@type\":\"WebSite\",\"@id\":\"https:\/\/universnews224.com\/#website\",\"url\":\"https:\/\/universnews224.com\/\",\"name\":\"UNIVERSNEWS224\",\"description\":\"\",\"publisher\":{\"@id\":\"https:\/\/universnews224.com\/#organization\"},\"potentialAction\":[{\"@type\":\"SearchAction\",\"target\":{\"@type\":\"EntryPoint\",\"urlTemplate\":\"https:\/\/universnews224.com\/?s={search_term_string}\"},\"query-input\":\"required name=search_term_string\"}],\"inLanguage\":\"fr-FR\"},{\"@type\":\"Organization\",\"@id\":\"https:\/\/universnews224.com\/#organization\",\"name\":\"UNIVERSNEWS224\",\"url\":\"https:\/\/universnews224.com\/\",\"logo\":{\"@type\":\"ImageObject\",\"inLanguage\":\"fr-FR\",\"@id\":\"https:\/\/universnews224.com\/#\/schema\/logo\/image\/\",\"url\":\"https:\/\/universnews224.com\/wp-content\/uploads\/2022\/08\/cropped-cropped-logoban.jpg\",\"contentUrl\":\"https:\/\/universnews224.com\/wp-content\/uploads\/2022\/08\/cropped-cropped-logoban.jpg\",\"width\":1080,\"height\":138,\"caption\":\"UNIVERSNEWS224\"},\"image\":{\"@id\":\"https:\/\/universnews224.com\/#\/schema\/logo\/image\/\"}},{\"@type\":\"Person\",\"@id\":\"https:\/\/universnews224.com\/#\/schema\/person\/a4b7d4f94a4716df60456a491260485e\",\"name\":\"La R\u00e9daction\",\"image\":{\"@type\":\"ImageObject\",\"inLanguage\":\"fr-FR\",\"@id\":\"https:\/\/universnews224.com\/#\/schema\/person\/image\/\",\"url\":\"https:\/\/secure.gravatar.com\/avatar\/edb90acc7752b23e1b3307ad36c14f0d?s=96&d=mm&r=g\",\"contentUrl\":\"https:\/\/secure.gravatar.com\/avatar\/edb90acc7752b23e1b3307ad36c14f0d?s=96&d=mm&r=g\",\"caption\":\"La R\u00e9daction\"},\"sameAs\":[\"https:\/\/universnews224.com\"],\"url\":\"https:\/\/universnews224.com\/index.php\/author\/m-camara\/\"}]}<\/script>\n<!-- \/ Yoast SEO plugin. -->","yoast_head_json":{"title":"Sekou Koundouno sur le discours du Colonel Mamadi Doumbouya: \u00abC\u2019est un discours de non sens, teint\u00e9 de m\u00e9pris et d\u2019arrogance\u00bb - UNIVERSNEWS224","robots":{"index":"index","follow":"follow","max-snippet":"max-snippet:-1","max-image-preview":"max-image-preview:large","max-video-preview":"max-video-preview:-1"},"canonical":"https:\/\/universnews224.com\/index.php\/sekou-koundouno-sur-le-discours-du-colonel-mamadi-doumbouya-cest-un-discours-de-non-sens-teinte-de-mepris-et-darrogance\/","og_locale":"fr_FR","og_type":"article","og_title":"Sekou Koundouno sur le discours du Colonel Mamadi Doumbouya: \u00abC\u2019est un discours de non sens, teint\u00e9 de m\u00e9pris et d\u2019arrogance\u00bb - UNIVERSNEWS224","og_description":"Le Responsable en Charge des Strat\u00e9gies et Planification du Front National pour la D\u00e9fense la","og_url":"https:\/\/universnews224.com\/index.php\/sekou-koundouno-sur-le-discours-du-colonel-mamadi-doumbouya-cest-un-discours-de-non-sens-teinte-de-mepris-et-darrogance\/","og_site_name":"UNIVERSNEWS224","article_published_time":"2023-01-06T21:27:56+00:00","og_image":[{"width":960,"height":640,"url":"https:\/\/universnews224.com\/wp-content\/uploads\/2022\/11\/4F91EACE-5965-407F-98D6-20423A8F572D.jpeg","type":"image\/jpeg"}],"author":"La R\u00e9daction","twitter_misc":{"\u00c9crit par":"La R\u00e9daction","Dur\u00e9e de lecture estim\u00e9e":"1 minute"},"schema":{"@context":"https:\/\/schema.org","@graph":[{"@type":"Article","@id":"https:\/\/universnews224.com\/index.php\/sekou-koundouno-sur-le-discours-du-colonel-mamadi-doumbouya-cest-un-discours-de-non-sens-teinte-de-mepris-et-darrogance\/#article","isPartOf":{"@id":"https:\/\/universnews224.com\/index.php\/sekou-koundouno-sur-le-discours-du-colonel-mamadi-doumbouya-cest-un-discours-de-non-sens-teinte-de-mepris-et-darrogance\/"},"author":{"name":"La R\u00e9daction","@id":"https:\/\/universnews224.com\/#\/schema\/person\/a4b7d4f94a4716df60456a491260485e"},"headline":"Sekou Koundouno sur le discours du Colonel Mamadi Doumbouya: \u00abC\u2019est un discours de non sens, teint\u00e9 de m\u00e9pris et d\u2019arrogance\u00bb","datePublished":"2023-01-06T21:27:56+00:00","dateModified":"2023-01-06T21:27:56+00:00","mainEntityOfPage":{"@id":"https:\/\/universnews224.com\/index.php\/sekou-koundouno-sur-le-discours-du-colonel-mamadi-doumbouya-cest-un-discours-de-non-sens-teinte-de-mepris-et-darrogance\/"},"wordCount":161,"publisher":{"@id":"https:\/\/universnews224.com\/#organization"},"keywords":["La une"],"articleSection":["ACTU","POLITIQUE"],"inLanguage":"fr-FR"},{"@type":"WebPage","@id":"https:\/\/universnews224.com\/index.php\/sekou-koundouno-sur-le-discours-du-colonel-mamadi-doumbouya-cest-un-discours-de-non-sens-teinte-de-mepris-et-darrogance\/","url":"https:\/\/universnews224.com\/index.php\/sekou-koundouno-sur-le-discours-du-colonel-mamadi-doumbouya-cest-un-discours-de-non-sens-teinte-de-mepris-et-darrogance\/","name":"Sekou Koundouno sur le discours du Colonel Mamadi Doumbouya: \u00abC\u2019est un discours de non sens, teint\u00e9 de m\u00e9pris et d\u2019arrogance\u00bb - UNIVERSNEWS224","isPartOf":{"@id":"https:\/\/universnews224.com\/#website"},"datePublished":"2023-01-06T21:27:56+00:00","dateModified":"2023-01-06T21:27:56+00:00","inLanguage":"fr-FR","potentialAction":[{"@type":"ReadAction","target":["https:\/\/universnews224.com\/index.php\/sekou-koundouno-sur-le-discours-du-colonel-mamadi-doumbouya-cest-un-discours-de-non-sens-teinte-de-mepris-et-darrogance\/"]}]},{"@type":"WebSite","@id":"https:\/\/universnews224.com\/#website","url":"https:\/\/universnews224.com\/","name":"UNIVERSNEWS224","description":"","publisher":{"@id":"https:\/\/universnews224.com\/#organization"},"potentialAction":[{"@type":"SearchAction","target":{"@type":"EntryPoint","urlTemplate":"https:\/\/universnews224.com\/?s={search_term_string}"},"query-input":"required name=search_term_string"}],"inLanguage":"fr-FR"},{"@type":"Organization","@id":"https:\/\/universnews224.com\/#organization","name":"UNIVERSNEWS224","url":"https:\/\/universnews224.com\/","logo":{"@type":"ImageObject","inLanguage":"fr-FR","@id":"https:\/\/universnews224.com\/#\/schema\/logo\/image\/","url":"https:\/\/universnews224.com\/wp-content\/uploads\/2022\/08\/cropped-cropped-logoban.jpg","contentUrl":"https:\/\/universnews224.com\/wp-content\/uploads\/2022\/08\/cropped-cropped-logoban.jpg","width":1080,"height":138,"caption":"UNIVERSNEWS224"},"image":{"@id":"https:\/\/universnews224.com\/#\/schema\/logo\/image\/"}},{"@type":"Person","@id":"https:\/\/universnews224.com\/#\/schema\/person\/a4b7d4f94a4716df60456a491260485e","name":"La R\u00e9daction","image":{"@type":"ImageObject","inLanguage":"fr-FR","@id":"https:\/\/universnews224.com\/#\/schema\/person\/image\/","url":"https:\/\/secure.gravatar.com\/avatar\/edb90acc7752b23e1b3307ad36c14f0d?s=96&d=mm&r=g","contentUrl":"https:\/\/secure.gravatar.com\/avatar\/edb90acc7752b23e1b3307ad36c14f0d?s=96&d=mm&r=g","caption":"La R\u00e9daction"},"sameAs":["https:\/\/universnews224.com"],"url":"https:\/\/universnews224.com\/index.php\/author\/m-camara\/"}]}},"_links":{"self":[{"href":"https:\/\/universnews224.com\/index.php\/wp-json\/wp\/v2\/posts\/2737"}],"collection":[{"href":"https:\/\/universnews224.com\/index.php\/wp-json\/wp\/v2\/posts"}],"about":[{"href":"https:\/\/universnews224.com\/index.php\/wp-json\/wp\/v2\/types\/post"}],"author":[{"embeddable":true,"href":"https:\/\/universnews224.com\/index.php\/wp-json\/wp\/v2\/users\/2"}],"replies":[{"embeddable":true,"href":"https:\/\/universnews224.com\/index.php\/wp-json\/wp\/v2\/comments?post=2737"}],"version-history":[{"count":1,"href":"https:\/\/universnews224.com\/index.php\/wp-json\/wp\/v2\/posts\/2737\/revisions"}],"predecessor-version":[{"id":2738,"href":"https:\/\/universnews224.com\/index.php\/wp-json\/wp\/v2\/posts\/2737\/revisions\/2738"}],"wp:featuredmedia":[{"embeddable":true,"href":"https:\/\/universnews224.com\/index.php\/wp-json\/wp\/v2\/media\/2505"}],"wp:attachment":[{"href":"https:\/\/universnews224.com\/index.php\/wp-json\/wp\/v2\/media?parent=2737"}],"wp:term":[{"taxonomy":"category","embeddable":true,"href":"https:\/\/universnews224.com\/index.php\/wp-json\/wp\/v2\/categories?post=2737"},{"taxonomy":"post_tag","embeddable":true,"href":"https:\/\/universnews224.com\/index.php\/wp-json\/wp\/v2\/tags?post=2737"}],"curies":[{"name":"wp","href":"https:\/\/api.w.org\/{rel}","templated":true}]}}