{"id":2739,"date":"2023-01-07T13:23:54","date_gmt":"2023-01-07T12:23:54","guid":{"rendered":"https:\/\/universnews224.com\/?p=2739"},"modified":"2023-01-07T13:23:54","modified_gmt":"2023-01-07T12:23:54","slug":"cnt-dr-dansa-declare-la-guerre-a-labsenteisme-tout-travailleur-qui-va-enregistrer-plus-de-15-dabsenteisme-perdra-la-totalite-de-ses-primes","status":"publish","type":"post","link":"https:\/\/universnews224.com\/index.php\/cnt-dr-dansa-declare-la-guerre-a-labsenteisme-tout-travailleur-qui-va-enregistrer-plus-de-15-dabsenteisme-perdra-la-totalite-de-ses-primes\/","title":{"rendered":"CNT\/Dr Dansa d\u00e9clare la guerre \u00e0 l\u2019absent\u00e9isme: \u00abTout travailleur qui va enregistrer plus de 15% d\u2019absent\u00e9isme perdra la totalit\u00e9 de ses primes\u00bb."},"content":{"rendered":"<p>Les conseillers nationaux de la transition, le personnel de l\u2019administration parlementaire ainsi que les membres de son cabinet ont pr\u00e9sent\u00e9 le jeudi dernier au pr\u00e9sident Dr Dansa Kourouma leurs v\u0153ux du nouvel an.<\/p>\n<p>Une occasion que Dr Dansa Kourouma a mis \u00e0 profit pour \u00e9grener quelques r\u00e9formes qu\u2019il entend mener courant 2023, notamment l\u2019am\u00e9lioration des conditions de vie et de travail de l\u2019administration parlementaire.<\/p>\n<p>\u00ab\u00c0 l\u2019occasion du nouvel an, j\u2019ai profit\u00e9 pour annoncer devant les membres du gouvernement notamment, le ministre en charge du budget que nous allons revaloriser vos conditions de traitement\u00bb a t-il d\u00e9clar\u00e9 avant d\u2019ajouter que ces r\u00e9formes seront accompagn\u00e9es d\u2019un contr\u00f4le strict du travail rendu.<\/p>\n<p>\u00ab Mais tenez-vous bien, la revalorisation des conditions de traitement s\u2019accompagne par un contr\u00f4le strict du rendu. Chacun doit donner le meilleur de lui-m\u00eame, l\u2019absent\u00e9isme sera banni. J\u2019ai instruit le personnel de la direction des ressources humaines de me faire \u00e9tablir tous les jours la pr\u00e9sence effective des travailleurs le matin et le soir. Tout travailleur qui va enregistrer plus de 15% d\u2019absent\u00e9isme perdra la totalit\u00e9 de ses primes. Et vos primes seront utilis\u00e9es pour bonifier chaque mois les meilleurs travailleurs de toutes les directions, de toutes les divisions et de toutes sections de l\u2019administration parlementaire\u00bb, a t-il martel\u00e9.<\/p>\n<p>Camara Mamadouba<\/p>\n","protected":false},"excerpt":{"rendered":"<p>Les conseillers nationaux de la transition, le personnel de l\u2019administration parlementaire ainsi que les membres<\/p>\n","protected":false},"author":2,"featured_media":2740,"comment_status":"closed","ping_status":"open","sticky":false,"template":"","format":"standard","meta":[],"categories":[3,4],"tags":[229],"yoast_head":"<!-- This site is optimized with the Yoast SEO plugin v19.13 - https:\/\/yoast.com\/wordpress\/plugins\/seo\/ -->\n<title>CNT\/Dr Dansa d\u00e9clare la guerre \u00e0 l\u2019absent\u00e9isme: \u00abTout travailleur qui va enregistrer plus de 15% d\u2019absent\u00e9isme perdra la totalit\u00e9 de ses primes\u00bb. - UNIVERSNEWS224<\/title>\n<meta name=\"robots\" content=\"index, follow, max-snippet:-1, max-image-preview:large, max-video-preview:-1\" \/>\n<link rel=\"canonical\" href=\"https:\/\/universnews224.com\/index.php\/cnt-dr-dansa-declare-la-guerre-a-labsenteisme-tout-travailleur-qui-va-enregistrer-plus-de-15-dabsenteisme-perdra-la-totalite-de-ses-primes\/\" \/>\n<meta property=\"og:locale\" content=\"fr_FR\" \/>\n<meta property=\"og:type\" content=\"article\" \/>\n<meta property=\"og:title\" content=\"CNT\/Dr Dansa d\u00e9clare la guerre \u00e0 l\u2019absent\u00e9isme: \u00abTout travailleur qui va enregistrer plus de 15% d\u2019absent\u00e9isme perdra la totalit\u00e9 de ses primes\u00bb. - UNIVERSNEWS224\" \/>\n<meta property=\"og:description\" content=\"Les conseillers nationaux de la transition, le personnel de l\u2019administration parlementaire ainsi que les membres\" \/>\n<meta property=\"og:url\" content=\"https:\/\/universnews224.com\/index.php\/cnt-dr-dansa-declare-la-guerre-a-labsenteisme-tout-travailleur-qui-va-enregistrer-plus-de-15-dabsenteisme-perdra-la-totalite-de-ses-primes\/\" \/>\n<meta property=\"og:site_name\" content=\"UNIVERSNEWS224\" \/>\n<meta property=\"article:published_time\" content=\"2023-01-07T12:23:54+00:00\" \/>\n<meta property=\"og:image\" content=\"https:\/\/universnews224.com\/wp-content\/uploads\/2023\/01\/84EF6D5D-B299-4D77-800F-BBD97835EFEC.jpeg\" \/>\n\t<meta property=\"og:image:width\" content=\"854\" \/>\n\t<meta property=\"og:image:height\" content=\"1280\" \/>\n\t<meta property=\"og:image:type\" content=\"image\/jpeg\" \/>\n<meta name=\"author\" content=\"La R\u00e9daction\" \/>\n<meta name=\"twitter:label1\" content=\"\u00c9crit par\" \/>\n\t<meta name=\"twitter:data1\" content=\"La R\u00e9daction\" \/>\n\t<meta name=\"twitter:label2\" content=\"Dur\u00e9e de lecture estim\u00e9e\" \/>\n\t<meta name=\"twitter:data2\" content=\"2 minutes\" \/>\n<script type=\"application\/ld+json\" class=\"yoast-schema-graph\">{\"@context\":\"https:\/\/schema.org\",\"@graph\":[{\"@type\":\"Article\",\"@id\":\"https:\/\/universnews224.com\/index.php\/cnt-dr-dansa-declare-la-guerre-a-labsenteisme-tout-travailleur-qui-va-enregistrer-plus-de-15-dabsenteisme-perdra-la-totalite-de-ses-primes\/#article\",\"isPartOf\":{\"@id\":\"https:\/\/universnews224.com\/index.php\/cnt-dr-dansa-declare-la-guerre-a-labsenteisme-tout-travailleur-qui-va-enregistrer-plus-de-15-dabsenteisme-perdra-la-totalite-de-ses-primes\/\"},\"author\":{\"name\":\"La R\u00e9daction\",\"@id\":\"https:\/\/universnews224.com\/#\/schema\/person\/a4b7d4f94a4716df60456a491260485e\"},\"headline\":\"CNT\/Dr Dansa d\u00e9clare la guerre \u00e0 l\u2019absent\u00e9isme: \u00abTout travailleur qui va enregistrer plus de 15% d\u2019absent\u00e9isme perdra la totalit\u00e9 de ses primes\u00bb.\",\"datePublished\":\"2023-01-07T12:23:54+00:00\",\"dateModified\":\"2023-01-07T12:23:54+00:00\",\"mainEntityOfPage\":{\"@id\":\"https:\/\/universnews224.com\/index.php\/cnt-dr-dansa-declare-la-guerre-a-labsenteisme-tout-travailleur-qui-va-enregistrer-plus-de-15-dabsenteisme-perdra-la-totalite-de-ses-primes\/\"},\"wordCount\":259,\"publisher\":{\"@id\":\"https:\/\/universnews224.com\/#organization\"},\"keywords\":[\"La une\"],\"articleSection\":[\"ACTU\",\"POLITIQUE\"],\"inLanguage\":\"fr-FR\"},{\"@type\":\"WebPage\",\"@id\":\"https:\/\/universnews224.com\/index.php\/cnt-dr-dansa-declare-la-guerre-a-labsenteisme-tout-travailleur-qui-va-enregistrer-plus-de-15-dabsenteisme-perdra-la-totalite-de-ses-primes\/\",\"url\":\"https:\/\/universnews224.com\/index.php\/cnt-dr-dansa-declare-la-guerre-a-labsenteisme-tout-travailleur-qui-va-enregistrer-plus-de-15-dabsenteisme-perdra-la-totalite-de-ses-primes\/\",\"name\":\"CNT\/Dr Dansa d\u00e9clare la guerre \u00e0 l\u2019absent\u00e9isme: \u00abTout travailleur qui va enregistrer plus de 15% d\u2019absent\u00e9isme perdra la totalit\u00e9 de ses primes\u00bb. - UNIVERSNEWS224\",\"isPartOf\":{\"@id\":\"https:\/\/universnews224.com\/#website\"},\"datePublished\":\"2023-01-07T12:23:54+00:00\",\"dateModified\":\"2023-01-07T12:23:54+00:00\",\"inLanguage\":\"fr-FR\",\"potentialAction\":[{\"@type\":\"ReadAction\",\"target\":[\"https:\/\/universnews224.com\/index.php\/cnt-dr-dansa-declare-la-guerre-a-labsenteisme-tout-travailleur-qui-va-enregistrer-plus-de-15-dabsenteisme-perdra-la-totalite-de-ses-primes\/\"]}]},{\"@type\":\"WebSite\",\"@id\":\"https:\/\/universnews224.com\/#website\",\"url\":\"https:\/\/universnews224.com\/\",\"name\":\"UNIVERSNEWS224\",\"description\":\"\",\"publisher\":{\"@id\":\"https:\/\/universnews224.com\/#organization\"},\"potentialAction\":[{\"@type\":\"SearchAction\",\"target\":{\"@type\":\"EntryPoint\",\"urlTemplate\":\"https:\/\/universnews224.com\/?s={search_term_string}\"},\"query-input\":\"required name=search_term_string\"}],\"inLanguage\":\"fr-FR\"},{\"@type\":\"Organization\",\"@id\":\"https:\/\/universnews224.com\/#organization\",\"name\":\"UNIVERSNEWS224\",\"url\":\"https:\/\/universnews224.com\/\",\"logo\":{\"@type\":\"ImageObject\",\"inLanguage\":\"fr-FR\",\"@id\":\"https:\/\/universnews224.com\/#\/schema\/logo\/image\/\",\"url\":\"https:\/\/universnews224.com\/wp-content\/uploads\/2022\/08\/cropped-cropped-logoban.jpg\",\"contentUrl\":\"https:\/\/universnews224.com\/wp-content\/uploads\/2022\/08\/cropped-cropped-logoban.jpg\",\"width\":1080,\"height\":138,\"caption\":\"UNIVERSNEWS224\"},\"image\":{\"@id\":\"https:\/\/universnews224.com\/#\/schema\/logo\/image\/\"}},{\"@type\":\"Person\",\"@id\":\"https:\/\/universnews224.com\/#\/schema\/person\/a4b7d4f94a4716df60456a491260485e\",\"name\":\"La R\u00e9daction\",\"image\":{\"@type\":\"ImageObject\",\"inLanguage\":\"fr-FR\",\"@id\":\"https:\/\/universnews224.com\/#\/schema\/person\/image\/\",\"url\":\"https:\/\/secure.gravatar.com\/avatar\/edb90acc7752b23e1b3307ad36c14f0d?s=96&d=mm&r=g\",\"contentUrl\":\"https:\/\/secure.gravatar.com\/avatar\/edb90acc7752b23e1b3307ad36c14f0d?s=96&d=mm&r=g\",\"caption\":\"La R\u00e9daction\"},\"sameAs\":[\"https:\/\/universnews224.com\"],\"url\":\"https:\/\/universnews224.com\/index.php\/author\/m-camara\/\"}]}<\/script>\n<!-- \/ Yoast SEO plugin. -->","yoast_head_json":{"title":"CNT\/Dr Dansa d\u00e9clare la guerre \u00e0 l\u2019absent\u00e9isme: \u00abTout travailleur qui va enregistrer plus de 15% d\u2019absent\u00e9isme perdra la totalit\u00e9 de ses primes\u00bb. - UNIVERSNEWS224","robots":{"index":"index","follow":"follow","max-snippet":"max-snippet:-1","max-image-preview":"max-image-preview:large","max-video-preview":"max-video-preview:-1"},"canonical":"https:\/\/universnews224.com\/index.php\/cnt-dr-dansa-declare-la-guerre-a-labsenteisme-tout-travailleur-qui-va-enregistrer-plus-de-15-dabsenteisme-perdra-la-totalite-de-ses-primes\/","og_locale":"fr_FR","og_type":"article","og_title":"CNT\/Dr Dansa d\u00e9clare la guerre \u00e0 l\u2019absent\u00e9isme: \u00abTout travailleur qui va enregistrer plus de 15% d\u2019absent\u00e9isme perdra la totalit\u00e9 de ses primes\u00bb. - UNIVERSNEWS224","og_description":"Les conseillers nationaux de la transition, le personnel de l\u2019administration parlementaire ainsi que les membres","og_url":"https:\/\/universnews224.com\/index.php\/cnt-dr-dansa-declare-la-guerre-a-labsenteisme-tout-travailleur-qui-va-enregistrer-plus-de-15-dabsenteisme-perdra-la-totalite-de-ses-primes\/","og_site_name":"UNIVERSNEWS224","article_published_time":"2023-01-07T12:23:54+00:00","og_image":[{"width":854,"height":1280,"url":"https:\/\/universnews224.com\/wp-content\/uploads\/2023\/01\/84EF6D5D-B299-4D77-800F-BBD97835EFEC.jpeg","type":"image\/jpeg"}],"author":"La R\u00e9daction","twitter_misc":{"\u00c9crit par":"La R\u00e9daction","Dur\u00e9e de lecture estim\u00e9e":"2 minutes"},"schema":{"@context":"https:\/\/schema.org","@graph":[{"@type":"Article","@id":"https:\/\/universnews224.com\/index.php\/cnt-dr-dansa-declare-la-guerre-a-labsenteisme-tout-travailleur-qui-va-enregistrer-plus-de-15-dabsenteisme-perdra-la-totalite-de-ses-primes\/#article","isPartOf":{"@id":"https:\/\/universnews224.com\/index.php\/cnt-dr-dansa-declare-la-guerre-a-labsenteisme-tout-travailleur-qui-va-enregistrer-plus-de-15-dabsenteisme-perdra-la-totalite-de-ses-primes\/"},"author":{"name":"La R\u00e9daction","@id":"https:\/\/universnews224.com\/#\/schema\/person\/a4b7d4f94a4716df60456a491260485e"},"headline":"CNT\/Dr Dansa d\u00e9clare la guerre \u00e0 l\u2019absent\u00e9isme: \u00abTout travailleur qui va enregistrer plus de 15% d\u2019absent\u00e9isme perdra la totalit\u00e9 de ses primes\u00bb.","datePublished":"2023-01-07T12:23:54+00:00","dateModified":"2023-01-07T12:23:54+00:00","mainEntityOfPage":{"@id":"https:\/\/universnews224.com\/index.php\/cnt-dr-dansa-declare-la-guerre-a-labsenteisme-tout-travailleur-qui-va-enregistrer-plus-de-15-dabsenteisme-perdra-la-totalite-de-ses-primes\/"},"wordCount":259,"publisher":{"@id":"https:\/\/universnews224.com\/#organization"},"keywords":["La une"],"articleSection":["ACTU","POLITIQUE"],"inLanguage":"fr-FR"},{"@type":"WebPage","@id":"https:\/\/universnews224.com\/index.php\/cnt-dr-dansa-declare-la-guerre-a-labsenteisme-tout-travailleur-qui-va-enregistrer-plus-de-15-dabsenteisme-perdra-la-totalite-de-ses-primes\/","url":"https:\/\/universnews224.com\/index.php\/cnt-dr-dansa-declare-la-guerre-a-labsenteisme-tout-travailleur-qui-va-enregistrer-plus-de-15-dabsenteisme-perdra-la-totalite-de-ses-primes\/","name":"CNT\/Dr Dansa d\u00e9clare la guerre \u00e0 l\u2019absent\u00e9isme: \u00abTout travailleur qui va enregistrer plus de 15% d\u2019absent\u00e9isme perdra la totalit\u00e9 de ses primes\u00bb. - UNIVERSNEWS224","isPartOf":{"@id":"https:\/\/universnews224.com\/#website"},"datePublished":"2023-01-07T12:23:54+00:00","dateModified":"2023-01-07T12:23:54+00:00","inLanguage":"fr-FR","potentialAction":[{"@type":"ReadAction","target":["https:\/\/universnews224.com\/index.php\/cnt-dr-dansa-declare-la-guerre-a-labsenteisme-tout-travailleur-qui-va-enregistrer-plus-de-15-dabsenteisme-perdra-la-totalite-de-ses-primes\/"]}]},{"@type":"WebSite","@id":"https:\/\/universnews224.com\/#website","url":"https:\/\/universnews224.com\/","name":"UNIVERSNEWS224","description":"","publisher":{"@id":"https:\/\/universnews224.com\/#organization"},"potentialAction":[{"@type":"SearchAction","target":{"@type":"EntryPoint","urlTemplate":"https:\/\/universnews224.com\/?s={search_term_string}"},"query-input":"required name=search_term_string"}],"inLanguage":"fr-FR"},{"@type":"Organization","@id":"https:\/\/universnews224.com\/#organization","name":"UNIVERSNEWS224","url":"https:\/\/universnews224.com\/","logo":{"@type":"ImageObject","inLanguage":"fr-FR","@id":"https:\/\/universnews224.com\/#\/schema\/logo\/image\/","url":"https:\/\/universnews224.com\/wp-content\/uploads\/2022\/08\/cropped-cropped-logoban.jpg","contentUrl":"https:\/\/universnews224.com\/wp-content\/uploads\/2022\/08\/cropped-cropped-logoban.jpg","width":1080,"height":138,"caption":"UNIVERSNEWS224"},"image":{"@id":"https:\/\/universnews224.com\/#\/schema\/logo\/image\/"}},{"@type":"Person","@id":"https:\/\/universnews224.com\/#\/schema\/person\/a4b7d4f94a4716df60456a491260485e","name":"La R\u00e9daction","image":{"@type":"ImageObject","inLanguage":"fr-FR","@id":"https:\/\/universnews224.com\/#\/schema\/person\/image\/","url":"https:\/\/secure.gravatar.com\/avatar\/edb90acc7752b23e1b3307ad36c14f0d?s=96&d=mm&r=g","contentUrl":"https:\/\/secure.gravatar.com\/avatar\/edb90acc7752b23e1b3307ad36c14f0d?s=96&d=mm&r=g","caption":"La R\u00e9daction"},"sameAs":["https:\/\/universnews224.com"],"url":"https:\/\/universnews224.com\/index.php\/author\/m-camara\/"}]}},"_links":{"self":[{"href":"https:\/\/universnews224.com\/index.php\/wp-json\/wp\/v2\/posts\/2739"}],"collection":[{"href":"https:\/\/universnews224.com\/index.php\/wp-json\/wp\/v2\/posts"}],"about":[{"href":"https:\/\/universnews224.com\/index.php\/wp-json\/wp\/v2\/types\/post"}],"author":[{"embeddable":true,"href":"https:\/\/universnews224.com\/index.php\/wp-json\/wp\/v2\/users\/2"}],"replies":[{"embeddable":true,"href":"https:\/\/universnews224.com\/index.php\/wp-json\/wp\/v2\/comments?post=2739"}],"version-history":[{"count":1,"href":"https:\/\/universnews224.com\/index.php\/wp-json\/wp\/v2\/posts\/2739\/revisions"}],"predecessor-version":[{"id":2741,"href":"https:\/\/universnews224.com\/index.php\/wp-json\/wp\/v2\/posts\/2739\/revisions\/2741"}],"wp:featuredmedia":[{"embeddable":true,"href":"https:\/\/universnews224.com\/index.php\/wp-json\/wp\/v2\/media\/2740"}],"wp:attachment":[{"href":"https:\/\/universnews224.com\/index.php\/wp-json\/wp\/v2\/media?parent=2739"}],"wp:term":[{"taxonomy":"category","embeddable":true,"href":"https:\/\/universnews224.com\/index.php\/wp-json\/wp\/v2\/categories?post=2739"},{"taxonomy":"post_tag","embeddable":true,"href":"https:\/\/universnews224.com\/index.php\/wp-json\/wp\/v2\/tags?post=2739"}],"curies":[{"name":"wp","href":"https:\/\/api.w.org\/{rel}","templated":true}]}}